{"id":136008,"date":"2024-12-02T14:13:55","date_gmt":"2024-12-02T17:13:55","guid":{"rendered":"https:\/\/www.blogsoestado.com\/danielmatos\/?p=136008"},"modified":"2024-12-02T14:13:55","modified_gmt":"2024-12-02T17:13:55","slug":"colisao-frontal-deixa-dois-mortos-e-tres-feridos-na-br-222","status":"publish","type":"post","link":"https:\/\/www.blogsoestado.com\/danielmatos\/colisao-frontal-deixa-dois-mortos-e-tres-feridos-na-br-222\/","title":{"rendered":"Colis\u00e3o frontal deixa dois mortos e tr\u00eas feridos na BR-222"},"content":{"rendered":"\n<p><em><strong><span class=\"has-inline-color has-vivid-red-color\">O sinistro aconteceu entre A\u00e7ail\u00e2ndia e Bom Jesus das Selvas<\/span><\/strong><\/em><\/p>\n\n\n\n<div class=\"wp-block-image\"><figure class=\"aligncenter size-large\"><a href=\"https:\/\/www.blogsoestado.com\/danielmatos\/files\/2024\/12\/Screenshot_20241202-1415562.png\"><img decoding=\"async\" src=\"https:\/\/www.blogsoestado.com\/danielmatos\/files\/2024\/12\/Screenshot_20241202-1415562.png\" alt=\"\" class=\"wp-image-136014\"\/><\/a><figcaption>Colis\u00e3o entre VW Vietus e HB20, na BR-222, em A\u00e7ail\u00e2ndia, teve o saldo sangrento de duas mortes<\/figcaption><\/figure><\/div>\n\n\n\n<p>Um violento choque entre dois autom\u00f3veis, um Virtus e um HB20, que trafegavam em sentido oposto deixou feridos e mortos na BR-222, em A\u00e7ail\u00e2ndia, no oeste do estado do Maranh\u00e3o.<\/p>\n\n\n\n<p><strong>O acidente<\/strong><\/p>\n\n\n\n<p>As informa\u00e7\u00f5es iniciais d\u00e3o conta que por volta de 09h40min desta segunda-feira (02.dez.2024), no km 653 da BR-222, em uma curva aberta, um autom\u00f3vel modelo VW\/Virtus CL AD, cinza, do munic\u00edpio de Itumbiara\/GO, teria invadido a pista contr\u00e1ria e colidido de frente com outro passeio marca e modelo Hyundai\/HB20S 10M Vision, branco, placas de Imperatriz\/MA. As duas v\u00edtimas que foram \u00e0 \u00f3bito ocupavam o HB20. Os ocupantes do mesmo ficaram presos nas ferragens e foram retirados em seguida.<\/p>\n\n\n\n<div class=\"wp-block-image\"><figure class=\"aligncenter size-large\"><a href=\"https:\/\/www.blogsoestado.com\/danielmatos\/files\/2024\/12\/Screenshot_20241202-1417372.png\"><img decoding=\"async\" src=\"https:\/\/www.blogsoestado.com\/danielmatos\/files\/2024\/12\/Screenshot_20241202-1417372.png\" alt=\"\" class=\"wp-image-136015\"\/><\/a><figcaption>O Hyundai HB20 ficou destro\u00e7ado ap\u00f3s a colis\u00e3o frontal, que resultou na morte dos seus dois ocupantes <\/figcaption><\/figure><\/div>\n\n\n\n<p>Ainda n\u00e3o foram divulgadas informa\u00e7\u00f5es sobre as v\u00edtimas.<\/p>\n\n\n\n<p>Os ve\u00edculos permaneceram sobre a pista de rolamento e no acostamento e deixaram o tr\u00e2nsito lento no local.<\/p>\n\n\n\n<div class=\"wp-block-image\"><figure class=\"aligncenter size-large\"><a href=\"https:\/\/www.blogsoestado.com\/danielmatos\/files\/2024\/12\/Screenshot_20241202-1422282.png\"><img decoding=\"async\" src=\"https:\/\/www.blogsoestado.com\/danielmatos\/files\/2024\/12\/Screenshot_20241202-1422282.png\" alt=\"\" class=\"wp-image-136016\"\/><\/a><figcaption>O VW Virtus tamb\u00e9m ficou destru\u00eddo com a viol\u00eancia do acidente<\/figcaption><\/figure><\/div>\n\n\n\n<p>A grave ocorr\u00eancia foi atendida por uma equipe da PRF em A\u00e7ail\u00e2ndia.<\/p>\n","protected":false},"excerpt":{"rendered":"<p>O sinistro aconteceu entre A\u00e7ail\u00e2ndia e Bom Jesus das Selvas Um violento choque entre dois autom\u00f3veis, um Virtus e um [&hellip;]<\/p>\n","protected":false},"author":0,"featured_media":0,"comment_status":"open","ping_status":"open","sticky":false,"template":"","format":"standard","meta":{"site-sidebar-layout":"default","site-content-layout":"","ast-site-content-layout":"default","site-content-style":"default","site-sidebar-style":"default","ast-global-header-display":"","ast-banner-title-visibility":"","ast-main-header-display":"","ast-hfb-above-header-display":"","ast-hfb-below-header-display":"","ast-hfb-mobile-header-display":"","site-post-title":"","ast-breadcrumbs-content":"","ast-featured-img":"","footer-sml-layout":"","ast-disable-related-posts":"","theme-transparent-header-meta":"","adv-header-id-meta":"","stick-header-meta":"","header-above-stick-meta":"","header-main-stick-meta":"","header-below-stick-meta":"","astra-migrate-meta-layouts":"default","ast-page-background-enabled":"default","ast-page-background-meta":{"desktop":{"background-color":"var(--ast-global-color-5)","background-image":"","background-repeat":"repeat","background-position":"center center","background-size":"auto","background-attachment":"scroll","background-type":"","background-media":"","overlay-type":"","overlay-color":"","overlay-opacity":"","overlay-gradient":""},"tablet":{"background-color":"","background-image":"","background-repeat":"repeat","background-position":"center center","background-size":"auto","background-attachment":"scroll","background-type":"","background-media":"","overlay-type":"","overlay-color":"","overlay-opacity":"","overlay-gradient":""},"mobile":{"background-color":"","background-image":"","background-repeat":"repeat","background-position":"center center","background-size":"auto","background-attachment":"scroll","background-type":"","background-media":"","overlay-type":"","overlay-color":"","overlay-opacity":"","overlay-gradient":""}},"ast-content-background-meta":{"desktop":{"background-color":"var(--ast-global-color-4)","background-image":"","background-repeat":"repeat","background-position":"center center","background-size":"auto","background-attachment":"scroll","background-type":"","background-media":"","overlay-type":"","overlay-color":"","overlay-opacity":"","overlay-gradient":""},"tablet":{"background-color":"var(--ast-global-color-4)","background-image":"","background-repeat":"repeat","background-position":"center center","background-size":"auto","background-attachment":"scroll","background-type":"","background-media":"","overlay-type":"","overlay-color":"","overlay-opacity":"","overlay-gradient":""},"mobile":{"background-color":"var(--ast-global-color-4)","background-image":"","background-repeat":"repeat","background-position":"center center","background-size":"auto","background-attachment":"scroll","background-type":"","background-media":"","overlay-type":"","overlay-color":"","overlay-opacity":"","overlay-gradient":""}},"footnotes":""},"categories":[1],"tags":[],"class_list":["post-136008","post","type-post","status-publish","format-standard","hentry","category-sem-categoria"],"yoast_head":"<!-- This site is optimized with the Yoast SEO plugin v26.6 - https:\/\/yoast.com\/wordpress\/plugins\/seo\/ -->\n<title>Colis\u00e3o frontal deixa dois mortos e tr\u00eas feridos na BR-222 - Daniel Matos<\/title>\n<meta name=\"robots\" content=\"index, follow, max-snippet:-1, max-image-preview:large, max-video-preview:-1\" \/>\n<link rel=\"canonical\" href=\"https:\/\/www.blogsoestado.com\/danielmatos\/colisao-frontal-deixa-dois-mortos-e-tres-feridos-na-br-222\/\" \/>\n<meta property=\"og:locale\" content=\"pt_BR\" \/>\n<meta property=\"og:type\" content=\"article\" \/>\n<meta property=\"og:title\" content=\"Colis\u00e3o frontal deixa dois mortos e tr\u00eas feridos na BR-222 - Daniel Matos\" \/>\n<meta property=\"og:description\" content=\"O sinistro aconteceu entre A\u00e7ail\u00e2ndia e Bom Jesus das Selvas Um violento choque entre dois autom\u00f3veis, um Virtus e um [&hellip;]\" \/>\n<meta property=\"og:url\" content=\"https:\/\/www.blogsoestado.com\/danielmatos\/colisao-frontal-deixa-dois-mortos-e-tres-feridos-na-br-222\/\" \/>\n<meta property=\"og:site_name\" content=\"Daniel Matos\" \/>\n<meta property=\"article:published_time\" content=\"2024-12-02T17:13:55+00:00\" \/>\n<meta property=\"og:image\" content=\"https:\/\/www.blogsoestado.com\/danielmatos\/files\/2024\/12\/Screenshot_20241202-1415562.png\" \/>\n<meta name=\"twitter:card\" content=\"summary_large_image\" \/>\n<meta name=\"twitter:label1\" content=\"Est. tempo de leitura\" \/>\n\t<meta name=\"twitter:data1\" content=\"2 minutos\" \/>\n<script type=\"application\/ld+json\" class=\"yoast-schema-graph\">{\"@context\":\"https:\/\/schema.org\",\"@graph\":[{\"@type\":\"WebPage\",\"@id\":\"https:\/\/www.blogsoestado.com\/danielmatos\/colisao-frontal-deixa-dois-mortos-e-tres-feridos-na-br-222\/\",\"url\":\"https:\/\/www.blogsoestado.com\/danielmatos\/colisao-frontal-deixa-dois-mortos-e-tres-feridos-na-br-222\/\",\"name\":\"Colis\u00e3o frontal deixa dois mortos e tr\u00eas feridos na BR-222 - Daniel Matos\",\"isPartOf\":{\"@id\":\"https:\/\/www.blogsoestado.com\/danielmatos\/#website\"},\"primaryImageOfPage\":{\"@id\":\"https:\/\/www.blogsoestado.com\/danielmatos\/colisao-frontal-deixa-dois-mortos-e-tres-feridos-na-br-222\/#primaryimage\"},\"image\":{\"@id\":\"https:\/\/www.blogsoestado.com\/danielmatos\/colisao-frontal-deixa-dois-mortos-e-tres-feridos-na-br-222\/#primaryimage\"},\"thumbnailUrl\":\"https:\/\/www.blogsoestado.com\/danielmatos\/files\/2024\/12\/Screenshot_20241202-1415562.png\",\"datePublished\":\"2024-12-02T17:13:55+00:00\",\"author\":{\"@id\":\"\"},\"breadcrumb\":{\"@id\":\"https:\/\/www.blogsoestado.com\/danielmatos\/colisao-frontal-deixa-dois-mortos-e-tres-feridos-na-br-222\/#breadcrumb\"},\"inLanguage\":\"pt-BR\",\"potentialAction\":[{\"@type\":\"ReadAction\",\"target\":[\"https:\/\/www.blogsoestado.com\/danielmatos\/colisao-frontal-deixa-dois-mortos-e-tres-feridos-na-br-222\/\"]}]},{\"@type\":\"ImageObject\",\"inLanguage\":\"pt-BR\",\"@id\":\"https:\/\/www.blogsoestado.com\/danielmatos\/colisao-frontal-deixa-dois-mortos-e-tres-feridos-na-br-222\/#primaryimage\",\"url\":\"https:\/\/www.blogsoestado.com\/danielmatos\/files\/2024\/12\/Screenshot_20241202-1415562.png\",\"contentUrl\":\"https:\/\/www.blogsoestado.com\/danielmatos\/files\/2024\/12\/Screenshot_20241202-1415562.png\"},{\"@type\":\"BreadcrumbList\",\"@id\":\"https:\/\/www.blogsoestado.com\/danielmatos\/colisao-frontal-deixa-dois-mortos-e-tres-feridos-na-br-222\/#breadcrumb\",\"itemListElement\":[{\"@type\":\"ListItem\",\"position\":1,\"name\":\"In\u00edcio\",\"item\":\"https:\/\/www.blogsoestado.com\/danielmatos\/\"},{\"@type\":\"ListItem\",\"position\":2,\"name\":\"Colis\u00e3o frontal deixa dois mortos e tr\u00eas feridos na BR-222\"}]},{\"@type\":\"WebSite\",\"@id\":\"https:\/\/www.blogsoestado.com\/danielmatos\/#website\",\"url\":\"https:\/\/www.blogsoestado.com\/danielmatos\/\",\"name\":\"Daniel Matos\",\"description\":\"\",\"potentialAction\":[{\"@type\":\"SearchAction\",\"target\":{\"@type\":\"EntryPoint\",\"urlTemplate\":\"https:\/\/www.blogsoestado.com\/danielmatos\/?s={search_term_string}\"},\"query-input\":{\"@type\":\"PropertyValueSpecification\",\"valueRequired\":true,\"valueName\":\"search_term_string\"}}],\"inLanguage\":\"pt-BR\"}]}<\/script>\n<!-- \/ Yoast SEO plugin. -->","yoast_head_json":{"title":"Colis\u00e3o frontal deixa dois mortos e tr\u00eas feridos na BR-222 - Daniel Matos","robots":{"index":"index","follow":"follow","max-snippet":"max-snippet:-1","max-image-preview":"max-image-preview:large","max-video-preview":"max-video-preview:-1"},"canonical":"https:\/\/www.blogsoestado.com\/danielmatos\/colisao-frontal-deixa-dois-mortos-e-tres-feridos-na-br-222\/","og_locale":"pt_BR","og_type":"article","og_title":"Colis\u00e3o frontal deixa dois mortos e tr\u00eas feridos na BR-222 - Daniel Matos","og_description":"O sinistro aconteceu entre A\u00e7ail\u00e2ndia e Bom Jesus das Selvas Um violento choque entre dois autom\u00f3veis, um Virtus e um [&hellip;]","og_url":"https:\/\/www.blogsoestado.com\/danielmatos\/colisao-frontal-deixa-dois-mortos-e-tres-feridos-na-br-222\/","og_site_name":"Daniel Matos","article_published_time":"2024-12-02T17:13:55+00:00","og_image":[{"url":"https:\/\/www.blogsoestado.com\/danielmatos\/files\/2024\/12\/Screenshot_20241202-1415562.png","type":"","width":"","height":""}],"twitter_card":"summary_large_image","twitter_misc":{"Est. tempo de leitura":"2 minutos"},"schema":{"@context":"https:\/\/schema.org","@graph":[{"@type":"WebPage","@id":"https:\/\/www.blogsoestado.com\/danielmatos\/colisao-frontal-deixa-dois-mortos-e-tres-feridos-na-br-222\/","url":"https:\/\/www.blogsoestado.com\/danielmatos\/colisao-frontal-deixa-dois-mortos-e-tres-feridos-na-br-222\/","name":"Colis\u00e3o frontal deixa dois mortos e tr\u00eas feridos na BR-222 - Daniel Matos","isPartOf":{"@id":"https:\/\/www.blogsoestado.com\/danielmatos\/#website"},"primaryImageOfPage":{"@id":"https:\/\/www.blogsoestado.com\/danielmatos\/colisao-frontal-deixa-dois-mortos-e-tres-feridos-na-br-222\/#primaryimage"},"image":{"@id":"https:\/\/www.blogsoestado.com\/danielmatos\/colisao-frontal-deixa-dois-mortos-e-tres-feridos-na-br-222\/#primaryimage"},"thumbnailUrl":"https:\/\/www.blogsoestado.com\/danielmatos\/files\/2024\/12\/Screenshot_20241202-1415562.png","datePublished":"2024-12-02T17:13:55+00:00","author":{"@id":""},"breadcrumb":{"@id":"https:\/\/www.blogsoestado.com\/danielmatos\/colisao-frontal-deixa-dois-mortos-e-tres-feridos-na-br-222\/#breadcrumb"},"inLanguage":"pt-BR","potentialAction":[{"@type":"ReadAction","target":["https:\/\/www.blogsoestado.com\/danielmatos\/colisao-frontal-deixa-dois-mortos-e-tres-feridos-na-br-222\/"]}]},{"@type":"ImageObject","inLanguage":"pt-BR","@id":"https:\/\/www.blogsoestado.com\/danielmatos\/colisao-frontal-deixa-dois-mortos-e-tres-feridos-na-br-222\/#primaryimage","url":"https:\/\/www.blogsoestado.com\/danielmatos\/files\/2024\/12\/Screenshot_20241202-1415562.png","contentUrl":"https:\/\/www.blogsoestado.com\/danielmatos\/files\/2024\/12\/Screenshot_20241202-1415562.png"},{"@type":"BreadcrumbList","@id":"https:\/\/www.blogsoestado.com\/danielmatos\/colisao-frontal-deixa-dois-mortos-e-tres-feridos-na-br-222\/#breadcrumb","itemListElement":[{"@type":"ListItem","position":1,"name":"In\u00edcio","item":"https:\/\/www.blogsoestado.com\/danielmatos\/"},{"@type":"ListItem","position":2,"name":"Colis\u00e3o frontal deixa dois mortos e tr\u00eas feridos na BR-222"}]},{"@type":"WebSite","@id":"https:\/\/www.blogsoestado.com\/danielmatos\/#website","url":"https:\/\/www.blogsoestado.com\/danielmatos\/","name":"Daniel Matos","description":"","potentialAction":[{"@type":"SearchAction","target":{"@type":"EntryPoint","urlTemplate":"https:\/\/www.blogsoestado.com\/danielmatos\/?s={search_term_string}"},"query-input":{"@type":"PropertyValueSpecification","valueRequired":true,"valueName":"search_term_string"}}],"inLanguage":"pt-BR"}]}},"jetpack_featured_media_url":"","_links":{"self":[{"href":"https:\/\/www.blogsoestado.com\/danielmatos\/wp-json\/wp\/v2\/posts\/136008","targetHints":{"allow":["GET"]}}],"collection":[{"href":"https:\/\/www.blogsoestado.com\/danielmatos\/wp-json\/wp\/v2\/posts"}],"about":[{"href":"https:\/\/www.blogsoestado.com\/danielmatos\/wp-json\/wp\/v2\/types\/post"}],"replies":[{"embeddable":true,"href":"https:\/\/www.blogsoestado.com\/danielmatos\/wp-json\/wp\/v2\/comments?post=136008"}],"version-history":[{"count":0,"href":"https:\/\/www.blogsoestado.com\/danielmatos\/wp-json\/wp\/v2\/posts\/136008\/revisions"}],"wp:attachment":[{"href":"https:\/\/www.blogsoestado.com\/danielmatos\/wp-json\/wp\/v2\/media?parent=136008"}],"wp:term":[{"taxonomy":"category","embeddable":true,"href":"https:\/\/www.blogsoestado.com\/danielmatos\/wp-json\/wp\/v2\/categories?post=136008"},{"taxonomy":"post_tag","embeddable":true,"href":"https:\/\/www.blogsoestado.com\/danielmatos\/wp-json\/wp\/v2\/tags?post=136008"}],"curies":[{"name":"wp","href":"https:\/\/api.w.org\/{rel}","templated":true}]}}