{"id":136040,"date":"2024-12-02T20:42:59","date_gmt":"2024-12-02T23:42:59","guid":{"rendered":"https:\/\/www.blogsoestado.com\/danielmatos\/?p=136040"},"modified":"2024-12-02T20:42:59","modified_gmt":"2024-12-02T23:42:59","slug":"natal-deve-movimentar-r-166-milhoes-no-comercio-de-sao-luis","status":"publish","type":"post","link":"https:\/\/www.blogsoestado.com\/danielmatos\/natal-deve-movimentar-r-166-milhoes-no-comercio-de-sao-luis\/","title":{"rendered":"Natal deve movimentar R$ 166 milh\u00f5es no com\u00e9rcio de S\u00e3o Lu\u00eds"},"content":{"rendered":"\n<p><em><strong><span class=\"has-inline-color has-vivid-red-color\">Pesquisa da Fecom\u00e9rcio-MA indica que 300 mil consumidores pretendem comprar presentes, com destaque para roupas, brinquedos e acess\u00f3rios<\/span><\/strong><\/em><\/p>\n\n\n\n<div class=\"wp-block-image\"><figure class=\"aligncenter size-large\"><a href=\"https:\/\/www.blogsoestado.com\/danielmatos\/files\/2024\/12\/Screenshot_20241202-2053412.png\"><img decoding=\"async\" src=\"https:\/\/www.blogsoestado.com\/danielmatos\/files\/2024\/12\/Screenshot_20241202-2053412.png\" alt=\"\" class=\"wp-image-136043\"\/><\/a><figcaption>Rua Grande, principal via do.com\u00e9rcio de S\u00e3o Lu\u00eds, deve registrar novamente movimenta\u00e7\u00e3o intensa para compras de fim de ano<\/figcaption><\/figure><\/div>\n\n\n\n<p>O Natal deve injetar R$ 166,4 milh\u00f5es no com\u00e9rcio de S\u00e3o Lu\u00eds, segundo a Pesquisa de Inten\u00e7\u00e3o de Consumo para a data comemorativa, realizada pela Federa\u00e7\u00e3o do Com\u00e9rcio de Bens, Servi\u00e7os e Turismo do Estado do Maranh\u00e3o (Fecom\u00e9rcio-MA). A data, que se consolida como a mais importante do calend\u00e1rio comercial, conta com 300 mil consumidores decididos a realizar compras (37,9%). H\u00e1 destaque tamb\u00e9m para o p\u00fablico indeciso (28,9%), que alcan\u00e7a 256,7 mil ludovicenses e podem adicionar at\u00e9 R$ 126,8 milh\u00f5es ao volume financeiro total do per\u00edodo.<\/p>\n\n\n\n<p>O cen\u00e1rio revela grandes oportunidades para o empresariado, com um gasto m\u00e9dio estimado de R$ 554 por consumidor. Os itens mais procurados s\u00e3o roupas e acess\u00f3rios (61,7%), seguidos de brinquedos (46,5%), sapatos, carteiras, cintos e bolsas (43,4%) e perfumaria\/cosm\u00e9ticos (33,3%). A prefer\u00eancia por itens pr\u00e1ticos e com apelo emocional reflete o esp\u00edrito natalino, mas tamb\u00e9m a busca por presentes acess\u00edveis e significativos.<\/p>\n\n\n\n<p>O presidente da Fecom\u00e9rcio-MA, Maur\u00edcio Feij\u00f3, destaca o potencial da data para os lojistas. \u201cO Natal \u00e9 uma data estrat\u00e9gica que impulsiona o faturamento e o fortalecimento das empresas. Com promo\u00e7\u00f5es atrativas e boas condi\u00e7\u00f5es de pagamento, \u00e9 poss\u00edvel captar o p\u00fablico indeciso e elevar a lucratividade. Para o empresariado, \u00e9 um momento de apostar em inova\u00e7\u00e3o e planejamento para atender \u00e0s expectativas dos consumidores\u201d, ressaltou o presidente Maur\u00edcio Feij\u00f3.<\/p>\n\n\n\n<p><strong>Perfil do consumidor e locais de compra<\/strong><\/p>\n\n\n\n<p>Entre os perfis de consumidores, os homens apresentam maior inten\u00e7\u00e3o de compra (42,3%), enquanto consumidores com ensino superior t\u00eam menor propens\u00e3o (12,2%), o que evidencia a necessidade de a\u00e7\u00f5es promocionais direcionadas a diferentes perfis.<\/p>\n\n\n\n<p>A Rua Grande (63,3%) e os shoppings (55,8%) lideram as prefer\u00eancias por locais de compra, mas o crescimento de lojas de bairro (53,3%) reflete a busca por conveni\u00eancia e novas oportunidades para o varejo descentralizado.<\/p>\n\n\n\n<p>O comportamento de compra tamb\u00e9m reflete um consumidor mais estrat\u00e9gico. Cerca de 75,7% s\u00e3o atra\u00eddos por promo\u00e7\u00f5es, seguidos pelos pre\u00e7os competitivos (63,5%). A combina\u00e7\u00e3o desses fatores com uma oferta diversificada pode ser decisiva para converter inten\u00e7\u00f5es de compra em vendas.<\/p>\n\n\n\n<p><strong>Formas de pagamento<\/strong><\/p>\n\n\n\n<p>No campo financeiro, o cart\u00e3o de cr\u00e9dito predomina como a principal modalidade (53,8%), seguido por dinheiro ou PIX (47,2%), e cart\u00e3o de d\u00e9bito (34,4%).<\/p>\n\n\n\n<p>A an\u00e1lise do parcelamento mostra que a maioria dos consumidores prefere dividir suas compras em prazos intermedi\u00e1rios, com destaque para 4 parcelas (22%), 5 parcelas (17,3%) e 6 parcelas (16,4%), demonstrando o equil\u00edbrio entre flexibilidade financeira e controle do or\u00e7amento.<\/p>\n\n\n\n<p>O uso crescente do PIX reflete uma mudan\u00e7a nos h\u00e1bitos de consumo e a ades\u00e3o a solu\u00e7\u00f5es tecnol\u00f3gicas. Para os empres\u00e1rios, oferecer uma variedade de formas de pagamento, com condi\u00e7\u00f5es especiais tanto \u00e0 vista quanto a prazo, pode ser a chave para atrair mais clientes e impulsionar as vendas.<\/p>\n\n\n\n<p>A maioria dos consumidores (74%) prefere comemorar o Natal em casa, refor\u00e7ando a tend\u00eancia de celebra\u00e7\u00f5es familiares. Um pequeno percentual planeja celebrar fora, em igrejas (1,8%), restaurantes (0,2%) ou viagens (3,9%). Esse comportamento impacta o mercado, aumentando a demanda por produtos voltados ao ambiente dom\u00e9stico, como alimentos, bebidas, decora\u00e7\u00e3o e presentes, essenciais para atender a esse p\u00fablico.<\/p>\n\n\n\n<p><strong>Metodologia<\/strong><\/p>\n\n\n\n<p>A pesquisa ocorreu entre 7 e 10 de novembro de 2024, em \u00e1reas comerciais de S\u00e3o Lu\u00eds, com 700 participantes representando consumidores acima de 18 anos, popula\u00e7\u00e3o estimada em 791.768 pessoas pelo Censo de 2022. O estudo tem 3,2% de margem de erro e 95% de confian\u00e7a.<\/p>\n","protected":false},"excerpt":{"rendered":"<p>Pesquisa da Fecom\u00e9rcio-MA indica que 300 mil consumidores pretendem comprar presentes, com destaque para roupas, brinquedos e acess\u00f3rios O Natal [&hellip;]<\/p>\n","protected":false},"author":0,"featured_media":0,"comment_status":"open","ping_status":"open","sticky":false,"template":"","format":"standard","meta":{"site-sidebar-layout":"default","site-content-layout":"","ast-site-content-layout":"default","site-content-style":"default","site-sidebar-style":"default","ast-global-header-display":"","ast-banner-title-visibility":"","ast-main-header-display":"","ast-hfb-above-header-display":"","ast-hfb-below-header-display":"","ast-hfb-mobile-header-display":"","site-post-title":"","ast-breadcrumbs-content":"","ast-featured-img":"","footer-sml-layout":"","ast-disable-related-posts":"","theme-transparent-header-meta":"","adv-header-id-meta":"","stick-header-meta":"","header-above-stick-meta":"","header-main-stick-meta":"","header-below-stick-meta":"","astra-migrate-meta-layouts":"default","ast-page-background-enabled":"default","ast-page-background-meta":{"desktop":{"background-color":"var(--ast-global-color-5)","background-image":"","background-repeat":"repeat","background-position":"center center","background-size":"auto","background-attachment":"scroll","background-type":"","background-media":"","overlay-type":"","overlay-color":"","overlay-opacity":"","overlay-gradient":""},"tablet":{"background-color":"","background-image":"","background-repeat":"repeat","background-position":"center center","background-size":"auto","background-attachment":"scroll","background-type":"","background-media":"","overlay-type":"","overlay-color":"","overlay-opacity":"","overlay-gradient":""},"mobile":{"background-color":"","background-image":"","background-repeat":"repeat","background-position":"center center","background-size":"auto","background-attachment":"scroll","background-type":"","background-media":"","overlay-type":"","overlay-color":"","overlay-opacity":"","overlay-gradient":""}},"ast-content-background-meta":{"desktop":{"background-color":"var(--ast-global-color-4)","background-image":"","background-repeat":"repeat","background-position":"center center","background-size":"auto","background-attachment":"scroll","background-type":"","background-media":"","overlay-type":"","overlay-color":"","overlay-opacity":"","overlay-gradient":""},"tablet":{"background-color":"var(--ast-global-color-4)","background-image":"","background-repeat":"repeat","background-position":"center center","background-size":"auto","background-attachment":"scroll","background-type":"","background-media":"","overlay-type":"","overlay-color":"","overlay-opacity":"","overlay-gradient":""},"mobile":{"background-color":"var(--ast-global-color-4)","background-image":"","background-repeat":"repeat","background-position":"center center","background-size":"auto","background-attachment":"scroll","background-type":"","background-media":"","overlay-type":"","overlay-color":"","overlay-opacity":"","overlay-gradient":""}},"footnotes":""},"categories":[1],"tags":[],"class_list":["post-136040","post","type-post","status-publish","format-standard","hentry","category-sem-categoria"],"yoast_head":"<!-- This site is optimized with the Yoast SEO plugin v26.6 - https:\/\/yoast.com\/wordpress\/plugins\/seo\/ -->\n<title>Natal deve movimentar R$ 166 milh\u00f5es no com\u00e9rcio de S\u00e3o Lu\u00eds - Daniel Matos<\/title>\n<meta name=\"robots\" content=\"index, follow, max-snippet:-1, max-image-preview:large, max-video-preview:-1\" \/>\n<link rel=\"canonical\" href=\"https:\/\/www.blogsoestado.com\/danielmatos\/natal-deve-movimentar-r-166-milhoes-no-comercio-de-sao-luis\/\" \/>\n<meta property=\"og:locale\" content=\"pt_BR\" \/>\n<meta property=\"og:type\" content=\"article\" \/>\n<meta property=\"og:title\" content=\"Natal deve movimentar R$ 166 milh\u00f5es no com\u00e9rcio de S\u00e3o Lu\u00eds - Daniel Matos\" \/>\n<meta property=\"og:description\" content=\"Pesquisa da Fecom\u00e9rcio-MA indica que 300 mil consumidores pretendem comprar presentes, com destaque para roupas, brinquedos e acess\u00f3rios O Natal [&hellip;]\" \/>\n<meta property=\"og:url\" content=\"https:\/\/www.blogsoestado.com\/danielmatos\/natal-deve-movimentar-r-166-milhoes-no-comercio-de-sao-luis\/\" \/>\n<meta property=\"og:site_name\" content=\"Daniel Matos\" \/>\n<meta property=\"article:published_time\" content=\"2024-12-02T23:42:59+00:00\" \/>\n<meta property=\"og:image\" content=\"https:\/\/www.blogsoestado.com\/danielmatos\/files\/2024\/12\/Screenshot_20241202-2053412.png\" \/>\n<meta name=\"twitter:card\" content=\"summary_large_image\" \/>\n<meta name=\"twitter:label1\" content=\"Est. tempo de leitura\" \/>\n\t<meta name=\"twitter:data1\" content=\"3 minutos\" \/>\n<script type=\"application\/ld+json\" class=\"yoast-schema-graph\">{\"@context\":\"https:\/\/schema.org\",\"@graph\":[{\"@type\":\"WebPage\",\"@id\":\"https:\/\/www.blogsoestado.com\/danielmatos\/natal-deve-movimentar-r-166-milhoes-no-comercio-de-sao-luis\/\",\"url\":\"https:\/\/www.blogsoestado.com\/danielmatos\/natal-deve-movimentar-r-166-milhoes-no-comercio-de-sao-luis\/\",\"name\":\"Natal deve movimentar R$ 166 milh\u00f5es no com\u00e9rcio de S\u00e3o Lu\u00eds - Daniel Matos\",\"isPartOf\":{\"@id\":\"https:\/\/www.blogsoestado.com\/danielmatos\/#website\"},\"primaryImageOfPage\":{\"@id\":\"https:\/\/www.blogsoestado.com\/danielmatos\/natal-deve-movimentar-r-166-milhoes-no-comercio-de-sao-luis\/#primaryimage\"},\"image\":{\"@id\":\"https:\/\/www.blogsoestado.com\/danielmatos\/natal-deve-movimentar-r-166-milhoes-no-comercio-de-sao-luis\/#primaryimage\"},\"thumbnailUrl\":\"https:\/\/www.blogsoestado.com\/danielmatos\/files\/2024\/12\/Screenshot_20241202-2053412.png\",\"datePublished\":\"2024-12-02T23:42:59+00:00\",\"author\":{\"@id\":\"\"},\"breadcrumb\":{\"@id\":\"https:\/\/www.blogsoestado.com\/danielmatos\/natal-deve-movimentar-r-166-milhoes-no-comercio-de-sao-luis\/#breadcrumb\"},\"inLanguage\":\"pt-BR\",\"potentialAction\":[{\"@type\":\"ReadAction\",\"target\":[\"https:\/\/www.blogsoestado.com\/danielmatos\/natal-deve-movimentar-r-166-milhoes-no-comercio-de-sao-luis\/\"]}]},{\"@type\":\"ImageObject\",\"inLanguage\":\"pt-BR\",\"@id\":\"https:\/\/www.blogsoestado.com\/danielmatos\/natal-deve-movimentar-r-166-milhoes-no-comercio-de-sao-luis\/#primaryimage\",\"url\":\"https:\/\/www.blogsoestado.com\/danielmatos\/files\/2024\/12\/Screenshot_20241202-2053412.png\",\"contentUrl\":\"https:\/\/www.blogsoestado.com\/danielmatos\/files\/2024\/12\/Screenshot_20241202-2053412.png\"},{\"@type\":\"BreadcrumbList\",\"@id\":\"https:\/\/www.blogsoestado.com\/danielmatos\/natal-deve-movimentar-r-166-milhoes-no-comercio-de-sao-luis\/#breadcrumb\",\"itemListElement\":[{\"@type\":\"ListItem\",\"position\":1,\"name\":\"In\u00edcio\",\"item\":\"https:\/\/www.blogsoestado.com\/danielmatos\/\"},{\"@type\":\"ListItem\",\"position\":2,\"name\":\"Natal deve movimentar R$ 166 milh\u00f5es no com\u00e9rcio de S\u00e3o Lu\u00eds\"}]},{\"@type\":\"WebSite\",\"@id\":\"https:\/\/www.blogsoestado.com\/danielmatos\/#website\",\"url\":\"https:\/\/www.blogsoestado.com\/danielmatos\/\",\"name\":\"Daniel Matos\",\"description\":\"\",\"potentialAction\":[{\"@type\":\"SearchAction\",\"target\":{\"@type\":\"EntryPoint\",\"urlTemplate\":\"https:\/\/www.blogsoestado.com\/danielmatos\/?s={search_term_string}\"},\"query-input\":{\"@type\":\"PropertyValueSpecification\",\"valueRequired\":true,\"valueName\":\"search_term_string\"}}],\"inLanguage\":\"pt-BR\"}]}<\/script>\n<!-- \/ Yoast SEO plugin. -->","yoast_head_json":{"title":"Natal deve movimentar R$ 166 milh\u00f5es no com\u00e9rcio de S\u00e3o Lu\u00eds - Daniel Matos","robots":{"index":"index","follow":"follow","max-snippet":"max-snippet:-1","max-image-preview":"max-image-preview:large","max-video-preview":"max-video-preview:-1"},"canonical":"https:\/\/www.blogsoestado.com\/danielmatos\/natal-deve-movimentar-r-166-milhoes-no-comercio-de-sao-luis\/","og_locale":"pt_BR","og_type":"article","og_title":"Natal deve movimentar R$ 166 milh\u00f5es no com\u00e9rcio de S\u00e3o Lu\u00eds - Daniel Matos","og_description":"Pesquisa da Fecom\u00e9rcio-MA indica que 300 mil consumidores pretendem comprar presentes, com destaque para roupas, brinquedos e acess\u00f3rios O Natal [&hellip;]","og_url":"https:\/\/www.blogsoestado.com\/danielmatos\/natal-deve-movimentar-r-166-milhoes-no-comercio-de-sao-luis\/","og_site_name":"Daniel Matos","article_published_time":"2024-12-02T23:42:59+00:00","og_image":[{"url":"https:\/\/www.blogsoestado.com\/danielmatos\/files\/2024\/12\/Screenshot_20241202-2053412.png","type":"","width":"","height":""}],"twitter_card":"summary_large_image","twitter_misc":{"Est. tempo de leitura":"3 minutos"},"schema":{"@context":"https:\/\/schema.org","@graph":[{"@type":"WebPage","@id":"https:\/\/www.blogsoestado.com\/danielmatos\/natal-deve-movimentar-r-166-milhoes-no-comercio-de-sao-luis\/","url":"https:\/\/www.blogsoestado.com\/danielmatos\/natal-deve-movimentar-r-166-milhoes-no-comercio-de-sao-luis\/","name":"Natal deve movimentar R$ 166 milh\u00f5es no com\u00e9rcio de S\u00e3o Lu\u00eds - Daniel Matos","isPartOf":{"@id":"https:\/\/www.blogsoestado.com\/danielmatos\/#website"},"primaryImageOfPage":{"@id":"https:\/\/www.blogsoestado.com\/danielmatos\/natal-deve-movimentar-r-166-milhoes-no-comercio-de-sao-luis\/#primaryimage"},"image":{"@id":"https:\/\/www.blogsoestado.com\/danielmatos\/natal-deve-movimentar-r-166-milhoes-no-comercio-de-sao-luis\/#primaryimage"},"thumbnailUrl":"https:\/\/www.blogsoestado.com\/danielmatos\/files\/2024\/12\/Screenshot_20241202-2053412.png","datePublished":"2024-12-02T23:42:59+00:00","author":{"@id":""},"breadcrumb":{"@id":"https:\/\/www.blogsoestado.com\/danielmatos\/natal-deve-movimentar-r-166-milhoes-no-comercio-de-sao-luis\/#breadcrumb"},"inLanguage":"pt-BR","potentialAction":[{"@type":"ReadAction","target":["https:\/\/www.blogsoestado.com\/danielmatos\/natal-deve-movimentar-r-166-milhoes-no-comercio-de-sao-luis\/"]}]},{"@type":"ImageObject","inLanguage":"pt-BR","@id":"https:\/\/www.blogsoestado.com\/danielmatos\/natal-deve-movimentar-r-166-milhoes-no-comercio-de-sao-luis\/#primaryimage","url":"https:\/\/www.blogsoestado.com\/danielmatos\/files\/2024\/12\/Screenshot_20241202-2053412.png","contentUrl":"https:\/\/www.blogsoestado.com\/danielmatos\/files\/2024\/12\/Screenshot_20241202-2053412.png"},{"@type":"BreadcrumbList","@id":"https:\/\/www.blogsoestado.com\/danielmatos\/natal-deve-movimentar-r-166-milhoes-no-comercio-de-sao-luis\/#breadcrumb","itemListElement":[{"@type":"ListItem","position":1,"name":"In\u00edcio","item":"https:\/\/www.blogsoestado.com\/danielmatos\/"},{"@type":"ListItem","position":2,"name":"Natal deve movimentar R$ 166 milh\u00f5es no com\u00e9rcio de S\u00e3o Lu\u00eds"}]},{"@type":"WebSite","@id":"https:\/\/www.blogsoestado.com\/danielmatos\/#website","url":"https:\/\/www.blogsoestado.com\/danielmatos\/","name":"Daniel Matos","description":"","potentialAction":[{"@type":"SearchAction","target":{"@type":"EntryPoint","urlTemplate":"https:\/\/www.blogsoestado.com\/danielmatos\/?s={search_term_string}"},"query-input":{"@type":"PropertyValueSpecification","valueRequired":true,"valueName":"search_term_string"}}],"inLanguage":"pt-BR"}]}},"jetpack_featured_media_url":"","_links":{"self":[{"href":"https:\/\/www.blogsoestado.com\/danielmatos\/wp-json\/wp\/v2\/posts\/136040","targetHints":{"allow":["GET"]}}],"collection":[{"href":"https:\/\/www.blogsoestado.com\/danielmatos\/wp-json\/wp\/v2\/posts"}],"about":[{"href":"https:\/\/www.blogsoestado.com\/danielmatos\/wp-json\/wp\/v2\/types\/post"}],"replies":[{"embeddable":true,"href":"https:\/\/www.blogsoestado.com\/danielmatos\/wp-json\/wp\/v2\/comments?post=136040"}],"version-history":[{"count":0,"href":"https:\/\/www.blogsoestado.com\/danielmatos\/wp-json\/wp\/v2\/posts\/136040\/revisions"}],"wp:attachment":[{"href":"https:\/\/www.blogsoestado.com\/danielmatos\/wp-json\/wp\/v2\/media?parent=136040"}],"wp:term":[{"taxonomy":"category","embeddable":true,"href":"https:\/\/www.blogsoestado.com\/danielmatos\/wp-json\/wp\/v2\/categories?post=136040"},{"taxonomy":"post_tag","embeddable":true,"href":"https:\/\/www.blogsoestado.com\/danielmatos\/wp-json\/wp\/v2\/tags?post=136040"}],"curies":[{"name":"wp","href":"https:\/\/api.w.org\/{rel}","templated":true}]}}