{"id":138780,"date":"2025-01-30T12:58:08","date_gmt":"2025-01-30T15:58:08","guid":{"rendered":"https:\/\/www.blogsoestado.com\/danielmatos\/?p=138780"},"modified":"2025-01-30T12:58:08","modified_gmt":"2025-01-30T15:58:08","slug":"padre-claudio-bombieri-lanca-livro-pai-nosso-e-ressignifica-a-oracao-como-projeto-de-vida","status":"publish","type":"post","link":"https:\/\/www.blogsoestado.com\/danielmatos\/padre-claudio-bombieri-lanca-livro-pai-nosso-e-ressignifica-a-oracao-como-projeto-de-vida\/","title":{"rendered":"Padre Claudio Bombieri lan\u00e7a livro \u201cPai Nosso\u201d e ressignifica a ora\u00e7\u00e3o como projeto de vida"},"content":{"rendered":"\n<p><strong><span class=\"has-inline-color has-vivid-red-color\">A obra ser\u00e1 lan\u00e7ada nesta quinta-feira (30), \u00e0s 19h, na Livraria Amei, no S\u00e3o Lu\u00eds Shopping. Com 46 p\u00e1ginas, o livro traz reflex\u00f5es profundas sobre a ora\u00e7\u00e3o crist\u00e3 mais conhecida no mundo e seus impactos na sociedade contempor\u00e2nea<\/span><\/strong><\/p>\n\n\n\n<div class=\"wp-block-image\"><figure class=\"aligncenter size-large\"><a href=\"https:\/\/www.blogsoestado.com\/danielmatos\/files\/2025\/01\/1001523543-scaled.jpg\"><img decoding=\"async\" src=\"https:\/\/www.blogsoestado.com\/danielmatos\/files\/2025\/01\/1001523543-658x1024.jpg\" alt=\"\" class=\"wp-image-138781\"\/><\/a><figcaption>O padre Claudio Bombieri, um italiano que, ap\u00f3s se ordenar sacerdote em 1982, veio ao Maranh\u00e3o para exercer seu minist\u00e9rio. Desde ent\u00e3o, por op\u00e7\u00e3o, dedica-se \u00e0s comunidades ind\u00edgenas e eclesiais de Piqui\u00e1, em A\u00e7ail\u00e2ndia<\/figcaption><\/figure><\/div>\n\n\n\n<p>\u201cTudo que ele faz ou fala \u00e9 com entusiasmo e paix\u00e3o\u201d. A frase de Dom Frei Jos\u00e9 Belis\u00e1rio, arcebispo em\u00e9rito de S\u00e3o Lu\u00eds do Maranh\u00e3o, reflete a ess\u00eancia do Padre Claudio Bombieri, um italiano que, ap\u00f3s se ordenar sacerdote em 1982, veio ao Maranh\u00e3o para exercer seu minist\u00e9rio. Desde ent\u00e3o, por op\u00e7\u00e3o, dedica-se \u00e0s comunidades ind\u00edgenas e eclesiais de Piqui\u00e1, em A\u00e7ail\u00e2ndia. Nesta quinta-feira (30), Padre Claudio lan\u00e7ar\u00e1 Pai Nosso, um livreto de 46 p\u00e1ginas que re\u00fane reflex\u00f5es sobre a ora\u00e7\u00e3o crist\u00e3 mais conhecida, destacando sua relev\u00e2ncia espiritual e social. O evento ser\u00e1 na Associa\u00e7\u00e3o Maranhense de Escritores Independentes (Amei), no S\u00e3o Lu\u00eds Shopping.<\/p>\n\n\n\n<p>Publicado pela editora SLZ em 2024, o livro nasceu a partir de artigos publicados no Jornal do Maranh\u00e3o, ve\u00edculo da arquidiocese do estado. A apresenta\u00e7\u00e3o da obra \u00e9 assinada por Dom Belis\u00e1rio, que destaca a profundidade do autor. O \u00edndice da obra inclui: apresenta\u00e7\u00e3o, \u201cMateus 6,9\u201d, \u201cque est\u00e1s no c\u00e9u\u201d, \u201csantificado seja o vosso nome\u201d, \u201cvenha a n\u00f3s a vossa realeza\u201d, \u201cseja realizada a vossa vontade aqui na terra, bem como no c\u00e9u\u201d, \u201co alimento nosso de cada dia d\u00e1-nos hoje\u201d, \u201ccancela as nossas d\u00edvidas, pois n\u00f3s as cancelamos aos nossos devedores\u201d, \u201ce n\u00e3o nos deixeis sucumbir perante a grande prova\u201d, \u201clibertai-nos do mal\u201d, \u201ccom adorardes n\u00e3o useis de muitas palavras\u201d e \u201cAm\u00e9m\u201d. Cada cap\u00edtulo aborda uma frase extra\u00edda da ora\u00e7\u00e3o Pai Nosso.<\/p>\n\n\n\n<p>O desenvolvimento do projeto re\u00fane trechos impactantes que destacam a figura de Deus Pai e a certeza de que a ora\u00e7\u00e3o vive e comunica-se com mente, cora\u00e7\u00e3o e esp\u00edrito humano. Para o autor, a ora\u00e7\u00e3o transcende a repeti\u00e7\u00e3o mec\u00e2nica. A obra traz pontos-chave, como o de Deus ser Pai na plenitude dessa fun\u00e7\u00e3o. \u201cJesus traz uma vis\u00e3o mais acolhedora e pr\u00f3xima, quase como um \u2018papai\u2019, uma forma mais carinhosa e \u00edntima. A palavra Ab\u00e1, usada por Jesus, refor\u00e7a essa ideia de proximidade, sendo uma das primeiras palavras labiais que uma crian\u00e7a aprende a pronunciar. Essa conex\u00e3o com a inf\u00e2ncia e com a ideia de cuidado, carinho e prote\u00e7\u00e3o \u00e9 uma maneira de tornar Deus mais acess\u00edvel e compreens\u00edvel para as pessoas\u201d, declara Claudio Bombieri.<\/p>\n\n\n\n<p>O autor destaca que o c\u00e9u n\u00e3o \u00e9 literalmente um plano f\u00edsico, mas o \u201ctrono\u201d de Deus. Ele explica que o c\u00e9u n\u00e3o \u00e9 um lugar distante e inacess\u00edvel, mas representa a autoridade divina sobre a terra. O reino de Deus, segundo Cl\u00e1udio, \u00e9 uma proposta de gest\u00e3o que vai al\u00e9m dos reinos humanos, como o de C\u00e9sar Augusto ou Herodes. Ele afirma que \u00e9 um reino que busca justi\u00e7a para os marginalizados, os pobres e os invis\u00edveis.<\/p>\n\n\n\n<p>Outro ponto-chave \u00e9 a ora\u00e7\u00e3o como uma proposta de transforma\u00e7\u00e3o social. \u201cO Pai Nosso n\u00e3o \u00e9 apenas uma ora\u00e7\u00e3o de peti\u00e7\u00e3o, mas tamb\u00e9m uma proposta de transforma\u00e7\u00e3o social. Ao pedir \u2018Venha a n\u00f3s o vosso reino\u2019, os fi\u00e9is est\u00e3o, de certa forma, se comprometendo com a constru\u00e7\u00e3o de um mundo mais justo e igualit\u00e1rio, onde a vontade de Deus seja feita n\u00e3o apenas no c\u00e9u, mas tamb\u00e9m na terra, atrav\u00e9s das a\u00e7\u00f5es humanas\u201d, afirma Claudio.<\/p>\n\n\n\n<div class=\"wp-block-image\"><figure class=\"aligncenter size-large\"><a href=\"https:\/\/www.blogsoestado.com\/danielmatos\/files\/2025\/01\/1001523547-scaled.jpg\"><img decoding=\"async\" src=\"https:\/\/www.blogsoestado.com\/danielmatos\/files\/2025\/01\/1001523547-768x1024.jpg\" alt=\"\" class=\"wp-image-138782\"\/><\/a><figcaption>Um dos pontos-chave da obra \u00e9 a ora\u00e7\u00e3o como uma proposta de transforma\u00e7\u00e3o social<\/figcaption><\/figure><\/div>\n\n\n\n<p>Para quem est\u00e1 curioso pela obra, alguns trechos literais do livro destacam reflex\u00f5es como: \u201cA mais conhecida ora\u00e7\u00e3o do Pai Nosso n\u00e3o \u00e9 uma ora\u00e7\u00e3o, nenhuma reza a ser repetida mecanicamente. Jesus resistiu \u00e0 ideia de oferecer aos Seus seguidores uma ora\u00e7\u00e3o espec\u00edfica, pelo simples motivo de que o Pai j\u00e1 conhece as nossas necessidades antes mesmo de pedir (Mt 6,7-8). O Pai Nosso \u00e9 uma declara\u00e7\u00e3o de inten\u00e7\u00f5es e compromissos dos seguidores de Jesus com Deus Pai, para transformar uma na\u00e7\u00e3o numa fam\u00edlia planet\u00e1ria solid\u00e1ria.\u201d<\/p>\n\n\n\n<p>O livro tamb\u00e9m traz a refer\u00eancia b\u00edblica de que Deus \u00e9 a semelhan\u00e7a de Jesus, como est\u00e1 escrito: \u201c\u2018Quem me viu, viu o Pai\u2019 (Jo 14,9). \u00c9 por isso que podemos dizer que n\u00e3o \u00e9 Jesus que \u00e9 igual a Deus, e, sim, que Deus \u00e9 como Jesus. Se o Deus Invis\u00edvel pudesse ser visto, Ele agiria como Jesus: um Pai Pastor compassivo e misericordioso, principalmente com os pequeninos, feridos e desgarrados.\u201d<\/p>\n\n\n\n<p>Outro trecho afirma: \u201cJesus, na ora\u00e7\u00e3o do Pai Nosso, incorporou para si e para o seu grupo a cren\u00e7a-convic\u00e7\u00e3o de que o Pai est\u00e1 no c\u00e9u, porque \u2018\u00e9 o trono de Deus\u2019 (Is 66,1). O objetivo central de Jesus sempre foi a constru\u00e7\u00e3o do Reino de Deus aqui na Terra. Ele acreditava que, se os homens assumissem as mesmas posturas do Pai, livres de suas ambi\u00e7\u00f5es terrenas, o Reino de Deus se tornaria poss\u00edvel.\u201d<\/p>\n\n\n\n<p><strong>Qual a li\u00e7\u00e3o dessa obra?<\/strong><\/p>\n\n\n\n<p>Padre Claudio Bombieri traduziu em livro o que ele prega h\u00e1 mais de quatro d\u00e9cadas como mission\u00e1rio: o Pai Nosso, ora\u00e7\u00e3o ensinada por Jesus, n\u00e3o foi concebido como uma f\u00f3rmula ritual\u00edstica, mas como uma declara\u00e7\u00e3o de inten\u00e7\u00f5es e compromissos que desafia os crist\u00e3os a viverem de maneira \u00edntegra e alinhada com os valores do Reino de Deus.<\/p>\n\n\n\n<p>\u201cAo olhar para o mundo de hoje, a ess\u00eancia do Pai Nosso dialoga com crises contempor\u00e2neas, como a desigualdade social, a viol\u00eancia e a desconex\u00e3o humana. Quando Jesus afirma que o Pai j\u00e1 conhece nossas necessidades antes mesmo de pedirmos, Ele nos convida a ir al\u00e9m da s\u00faplica individual e enxergar a ora\u00e7\u00e3o como um ato de alinhamento com a vontade divina\u201d, afirma Claudio, que complementa: \u201cO Pai Nosso \u00e9 um projeto de vida\u201d.&nbsp;<\/p>\n","protected":false},"excerpt":{"rendered":"<p>A obra ser\u00e1 lan\u00e7ada nesta quinta-feira (30), \u00e0s 19h, na Livraria Amei, no S\u00e3o Lu\u00eds Shopping. Com 46 p\u00e1ginas, o [&hellip;]<\/p>\n","protected":false},"author":0,"featured_media":0,"comment_status":"open","ping_status":"open","sticky":false,"template":"","format":"standard","meta":{"site-sidebar-layout":"default","site-content-layout":"","ast-site-content-layout":"default","site-content-style":"default","site-sidebar-style":"default","ast-global-header-display":"","ast-banner-title-visibility":"","ast-main-header-display":"","ast-hfb-above-header-display":"","ast-hfb-below-header-display":"","ast-hfb-mobile-header-display":"","site-post-title":"","ast-breadcrumbs-content":"","ast-featured-img":"","footer-sml-layout":"","ast-disable-related-posts":"","theme-transparent-header-meta":"","adv-header-id-meta":"","stick-header-meta":"","header-above-stick-meta":"","header-main-stick-meta":"","header-below-stick-meta":"","astra-migrate-meta-layouts":"default","ast-page-background-enabled":"default","ast-page-background-meta":{"desktop":{"background-color":"var(--ast-global-color-5)","background-image":"","background-repeat":"repeat","background-position":"center center","background-size":"auto","background-attachment":"scroll","background-type":"","background-media":"","overlay-type":"","overlay-color":"","overlay-opacity":"","overlay-gradient":""},"tablet":{"background-color":"","background-image":"","background-repeat":"repeat","background-position":"center center","background-size":"auto","background-attachment":"scroll","background-type":"","background-media":"","overlay-type":"","overlay-color":"","overlay-opacity":"","overlay-gradient":""},"mobile":{"background-color":"","background-image":"","background-repeat":"repeat","background-position":"center center","background-size":"auto","background-attachment":"scroll","background-type":"","background-media":"","overlay-type":"","overlay-color":"","overlay-opacity":"","overlay-gradient":""}},"ast-content-background-meta":{"desktop":{"background-color":"var(--ast-global-color-4)","background-image":"","background-repeat":"repeat","background-position":"center center","background-size":"auto","background-attachment":"scroll","background-type":"","background-media":"","overlay-type":"","overlay-color":"","overlay-opacity":"","overlay-gradient":""},"tablet":{"background-color":"var(--ast-global-color-4)","background-image":"","background-repeat":"repeat","background-position":"center center","background-size":"auto","background-attachment":"scroll","background-type":"","background-media":"","overlay-type":"","overlay-color":"","overlay-opacity":"","overlay-gradient":""},"mobile":{"background-color":"var(--ast-global-color-4)","background-image":"","background-repeat":"repeat","background-position":"center center","background-size":"auto","background-attachment":"scroll","background-type":"","background-media":"","overlay-type":"","overlay-color":"","overlay-opacity":"","overlay-gradient":""}},"footnotes":""},"categories":[1],"tags":[],"class_list":["post-138780","post","type-post","status-publish","format-standard","hentry","category-sem-categoria"],"yoast_head":"<!-- This site is optimized with the Yoast SEO plugin v26.6 - https:\/\/yoast.com\/wordpress\/plugins\/seo\/ -->\n<title>Padre Claudio Bombieri lan\u00e7a livro \u201cPai Nosso\u201d e ressignifica a ora\u00e7\u00e3o como projeto de vida - Daniel Matos<\/title>\n<meta name=\"robots\" content=\"index, follow, max-snippet:-1, max-image-preview:large, max-video-preview:-1\" \/>\n<link rel=\"canonical\" href=\"https:\/\/www.blogsoestado.com\/danielmatos\/padre-claudio-bombieri-lanca-livro-pai-nosso-e-ressignifica-a-oracao-como-projeto-de-vida\/\" \/>\n<meta property=\"og:locale\" content=\"pt_BR\" \/>\n<meta property=\"og:type\" content=\"article\" \/>\n<meta property=\"og:title\" content=\"Padre Claudio Bombieri lan\u00e7a livro \u201cPai Nosso\u201d e ressignifica a ora\u00e7\u00e3o como projeto de vida - Daniel Matos\" \/>\n<meta property=\"og:description\" content=\"A obra ser\u00e1 lan\u00e7ada nesta quinta-feira (30), \u00e0s 19h, na Livraria Amei, no S\u00e3o Lu\u00eds Shopping. Com 46 p\u00e1ginas, o [&hellip;]\" \/>\n<meta property=\"og:url\" content=\"https:\/\/www.blogsoestado.com\/danielmatos\/padre-claudio-bombieri-lanca-livro-pai-nosso-e-ressignifica-a-oracao-como-projeto-de-vida\/\" \/>\n<meta property=\"og:site_name\" content=\"Daniel Matos\" \/>\n<meta property=\"article:published_time\" content=\"2025-01-30T15:58:08+00:00\" \/>\n<meta property=\"og:image\" content=\"https:\/\/www.blogsoestado.com\/danielmatos\/files\/2025\/01\/1001523543-658x1024.jpg\" \/>\n<meta name=\"twitter:card\" content=\"summary_large_image\" \/>\n<meta name=\"twitter:label1\" content=\"Est. tempo de leitura\" \/>\n\t<meta name=\"twitter:data1\" content=\"5 minutos\" \/>\n<script type=\"application\/ld+json\" class=\"yoast-schema-graph\">{\"@context\":\"https:\/\/schema.org\",\"@graph\":[{\"@type\":\"WebPage\",\"@id\":\"https:\/\/www.blogsoestado.com\/danielmatos\/padre-claudio-bombieri-lanca-livro-pai-nosso-e-ressignifica-a-oracao-como-projeto-de-vida\/\",\"url\":\"https:\/\/www.blogsoestado.com\/danielmatos\/padre-claudio-bombieri-lanca-livro-pai-nosso-e-ressignifica-a-oracao-como-projeto-de-vida\/\",\"name\":\"Padre Claudio Bombieri lan\u00e7a livro \u201cPai Nosso\u201d e ressignifica a ora\u00e7\u00e3o como projeto de vida - Daniel Matos\",\"isPartOf\":{\"@id\":\"https:\/\/www.blogsoestado.com\/danielmatos\/#website\"},\"primaryImageOfPage\":{\"@id\":\"https:\/\/www.blogsoestado.com\/danielmatos\/padre-claudio-bombieri-lanca-livro-pai-nosso-e-ressignifica-a-oracao-como-projeto-de-vida\/#primaryimage\"},\"image\":{\"@id\":\"https:\/\/www.blogsoestado.com\/danielmatos\/padre-claudio-bombieri-lanca-livro-pai-nosso-e-ressignifica-a-oracao-como-projeto-de-vida\/#primaryimage\"},\"thumbnailUrl\":\"https:\/\/www.blogsoestado.com\/danielmatos\/files\/2025\/01\/1001523543-658x1024.jpg\",\"datePublished\":\"2025-01-30T15:58:08+00:00\",\"author\":{\"@id\":\"\"},\"breadcrumb\":{\"@id\":\"https:\/\/www.blogsoestado.com\/danielmatos\/padre-claudio-bombieri-lanca-livro-pai-nosso-e-ressignifica-a-oracao-como-projeto-de-vida\/#breadcrumb\"},\"inLanguage\":\"pt-BR\",\"potentialAction\":[{\"@type\":\"ReadAction\",\"target\":[\"https:\/\/www.blogsoestado.com\/danielmatos\/padre-claudio-bombieri-lanca-livro-pai-nosso-e-ressignifica-a-oracao-como-projeto-de-vida\/\"]}]},{\"@type\":\"ImageObject\",\"inLanguage\":\"pt-BR\",\"@id\":\"https:\/\/www.blogsoestado.com\/danielmatos\/padre-claudio-bombieri-lanca-livro-pai-nosso-e-ressignifica-a-oracao-como-projeto-de-vida\/#primaryimage\",\"url\":\"https:\/\/www.blogsoestado.com\/danielmatos\/files\/2025\/01\/1001523543-658x1024.jpg\",\"contentUrl\":\"https:\/\/www.blogsoestado.com\/danielmatos\/files\/2025\/01\/1001523543-658x1024.jpg\"},{\"@type\":\"BreadcrumbList\",\"@id\":\"https:\/\/www.blogsoestado.com\/danielmatos\/padre-claudio-bombieri-lanca-livro-pai-nosso-e-ressignifica-a-oracao-como-projeto-de-vida\/#breadcrumb\",\"itemListElement\":[{\"@type\":\"ListItem\",\"position\":1,\"name\":\"In\u00edcio\",\"item\":\"https:\/\/www.blogsoestado.com\/danielmatos\/\"},{\"@type\":\"ListItem\",\"position\":2,\"name\":\"Padre Claudio Bombieri lan\u00e7a livro \u201cPai Nosso\u201d e ressignifica a ora\u00e7\u00e3o como projeto de vida\"}]},{\"@type\":\"WebSite\",\"@id\":\"https:\/\/www.blogsoestado.com\/danielmatos\/#website\",\"url\":\"https:\/\/www.blogsoestado.com\/danielmatos\/\",\"name\":\"Daniel Matos\",\"description\":\"\",\"potentialAction\":[{\"@type\":\"SearchAction\",\"target\":{\"@type\":\"EntryPoint\",\"urlTemplate\":\"https:\/\/www.blogsoestado.com\/danielmatos\/?s={search_term_string}\"},\"query-input\":{\"@type\":\"PropertyValueSpecification\",\"valueRequired\":true,\"valueName\":\"search_term_string\"}}],\"inLanguage\":\"pt-BR\"}]}<\/script>\n<!-- \/ Yoast SEO plugin. -->","yoast_head_json":{"title":"Padre Claudio Bombieri lan\u00e7a livro \u201cPai Nosso\u201d e ressignifica a ora\u00e7\u00e3o como projeto de vida - Daniel Matos","robots":{"index":"index","follow":"follow","max-snippet":"max-snippet:-1","max-image-preview":"max-image-preview:large","max-video-preview":"max-video-preview:-1"},"canonical":"https:\/\/www.blogsoestado.com\/danielmatos\/padre-claudio-bombieri-lanca-livro-pai-nosso-e-ressignifica-a-oracao-como-projeto-de-vida\/","og_locale":"pt_BR","og_type":"article","og_title":"Padre Claudio Bombieri lan\u00e7a livro \u201cPai Nosso\u201d e ressignifica a ora\u00e7\u00e3o como projeto de vida - Daniel Matos","og_description":"A obra ser\u00e1 lan\u00e7ada nesta quinta-feira (30), \u00e0s 19h, na Livraria Amei, no S\u00e3o Lu\u00eds Shopping. Com 46 p\u00e1ginas, o [&hellip;]","og_url":"https:\/\/www.blogsoestado.com\/danielmatos\/padre-claudio-bombieri-lanca-livro-pai-nosso-e-ressignifica-a-oracao-como-projeto-de-vida\/","og_site_name":"Daniel Matos","article_published_time":"2025-01-30T15:58:08+00:00","og_image":[{"url":"https:\/\/www.blogsoestado.com\/danielmatos\/files\/2025\/01\/1001523543-658x1024.jpg","type":"","width":"","height":""}],"twitter_card":"summary_large_image","twitter_misc":{"Est. tempo de leitura":"5 minutos"},"schema":{"@context":"https:\/\/schema.org","@graph":[{"@type":"WebPage","@id":"https:\/\/www.blogsoestado.com\/danielmatos\/padre-claudio-bombieri-lanca-livro-pai-nosso-e-ressignifica-a-oracao-como-projeto-de-vida\/","url":"https:\/\/www.blogsoestado.com\/danielmatos\/padre-claudio-bombieri-lanca-livro-pai-nosso-e-ressignifica-a-oracao-como-projeto-de-vida\/","name":"Padre Claudio Bombieri lan\u00e7a livro \u201cPai Nosso\u201d e ressignifica a ora\u00e7\u00e3o como projeto de vida - Daniel Matos","isPartOf":{"@id":"https:\/\/www.blogsoestado.com\/danielmatos\/#website"},"primaryImageOfPage":{"@id":"https:\/\/www.blogsoestado.com\/danielmatos\/padre-claudio-bombieri-lanca-livro-pai-nosso-e-ressignifica-a-oracao-como-projeto-de-vida\/#primaryimage"},"image":{"@id":"https:\/\/www.blogsoestado.com\/danielmatos\/padre-claudio-bombieri-lanca-livro-pai-nosso-e-ressignifica-a-oracao-como-projeto-de-vida\/#primaryimage"},"thumbnailUrl":"https:\/\/www.blogsoestado.com\/danielmatos\/files\/2025\/01\/1001523543-658x1024.jpg","datePublished":"2025-01-30T15:58:08+00:00","author":{"@id":""},"breadcrumb":{"@id":"https:\/\/www.blogsoestado.com\/danielmatos\/padre-claudio-bombieri-lanca-livro-pai-nosso-e-ressignifica-a-oracao-como-projeto-de-vida\/#breadcrumb"},"inLanguage":"pt-BR","potentialAction":[{"@type":"ReadAction","target":["https:\/\/www.blogsoestado.com\/danielmatos\/padre-claudio-bombieri-lanca-livro-pai-nosso-e-ressignifica-a-oracao-como-projeto-de-vida\/"]}]},{"@type":"ImageObject","inLanguage":"pt-BR","@id":"https:\/\/www.blogsoestado.com\/danielmatos\/padre-claudio-bombieri-lanca-livro-pai-nosso-e-ressignifica-a-oracao-como-projeto-de-vida\/#primaryimage","url":"https:\/\/www.blogsoestado.com\/danielmatos\/files\/2025\/01\/1001523543-658x1024.jpg","contentUrl":"https:\/\/www.blogsoestado.com\/danielmatos\/files\/2025\/01\/1001523543-658x1024.jpg"},{"@type":"BreadcrumbList","@id":"https:\/\/www.blogsoestado.com\/danielmatos\/padre-claudio-bombieri-lanca-livro-pai-nosso-e-ressignifica-a-oracao-como-projeto-de-vida\/#breadcrumb","itemListElement":[{"@type":"ListItem","position":1,"name":"In\u00edcio","item":"https:\/\/www.blogsoestado.com\/danielmatos\/"},{"@type":"ListItem","position":2,"name":"Padre Claudio Bombieri lan\u00e7a livro \u201cPai Nosso\u201d e ressignifica a ora\u00e7\u00e3o como projeto de vida"}]},{"@type":"WebSite","@id":"https:\/\/www.blogsoestado.com\/danielmatos\/#website","url":"https:\/\/www.blogsoestado.com\/danielmatos\/","name":"Daniel Matos","description":"","potentialAction":[{"@type":"SearchAction","target":{"@type":"EntryPoint","urlTemplate":"https:\/\/www.blogsoestado.com\/danielmatos\/?s={search_term_string}"},"query-input":{"@type":"PropertyValueSpecification","valueRequired":true,"valueName":"search_term_string"}}],"inLanguage":"pt-BR"}]}},"jetpack_featured_media_url":"","_links":{"self":[{"href":"https:\/\/www.blogsoestado.com\/danielmatos\/wp-json\/wp\/v2\/posts\/138780","targetHints":{"allow":["GET"]}}],"collection":[{"href":"https:\/\/www.blogsoestado.com\/danielmatos\/wp-json\/wp\/v2\/posts"}],"about":[{"href":"https:\/\/www.blogsoestado.com\/danielmatos\/wp-json\/wp\/v2\/types\/post"}],"replies":[{"embeddable":true,"href":"https:\/\/www.blogsoestado.com\/danielmatos\/wp-json\/wp\/v2\/comments?post=138780"}],"version-history":[{"count":0,"href":"https:\/\/www.blogsoestado.com\/danielmatos\/wp-json\/wp\/v2\/posts\/138780\/revisions"}],"wp:attachment":[{"href":"https:\/\/www.blogsoestado.com\/danielmatos\/wp-json\/wp\/v2\/media?parent=138780"}],"wp:term":[{"taxonomy":"category","embeddable":true,"href":"https:\/\/www.blogsoestado.com\/danielmatos\/wp-json\/wp\/v2\/categories?post=138780"},{"taxonomy":"post_tag","embeddable":true,"href":"https:\/\/www.blogsoestado.com\/danielmatos\/wp-json\/wp\/v2\/tags?post=138780"}],"curies":[{"name":"wp","href":"https:\/\/api.w.org\/{rel}","templated":true}]}}