{"id":139717,"date":"2025-02-15T17:30:00","date_gmt":"2025-02-15T20:30:00","guid":{"rendered":"https:\/\/www.blogsoestado.com\/danielmatos\/?p=139717"},"modified":"2025-02-15T17:30:00","modified_gmt":"2025-02-15T20:30:00","slug":"bicho-terra-vai-sair-em-cortejo-popular-mais-uma-vez-neste-domingo","status":"publish","type":"post","link":"https:\/\/www.blogsoestado.com\/danielmatos\/bicho-terra-vai-sair-em-cortejo-popular-mais-uma-vez-neste-domingo\/","title":{"rendered":"Bicho Terra vai sair em cortejo popular mais uma vez neste domingo"},"content":{"rendered":"\n<p><em><strong><span class=\"has-inline-color has-vivid-red-color\">Grupo cultural far\u00e1 o esquenta \u00e0s 17h30, em frente ao Beco das Minas<\/span><\/strong><\/em><\/p>\n\n\n\n<div class=\"wp-block-image\"><figure class=\"aligncenter size-large\"><a href=\"https:\/\/www.blogsoestado.com\/danielmatos\/files\/2025\/02\/Screenshot_20250215-1733232.png\"><img decoding=\"async\" src=\"https:\/\/www.blogsoestado.com\/danielmatos\/files\/2025\/02\/Screenshot_20250215-1733232.png\" alt=\"\" class=\"wp-image-139721\"\/><\/a><figcaption>Bicho Terra se prepara para mais um cortejo pelas ruas da Madre Deus<\/figcaption><\/figure><\/div>\n\n\n\n<p>O mais animado cortejo carnavalesco do Maranh\u00e3o vai novamente agitar o pr\u00e9-Carnaval de S\u00e3o Lu\u00eds. O Bicho Terra, grupo cultural concebido no Morro do Querosene (Madre Deus) pela Companhia Barrica, anunciou que sair\u00e1 \u00e0s ruas neste domingo (16), quando reunir\u00e1 foli\u00f5es de todos os cantos da cidade para cantar e dan\u00e7ar com seus diversos personagens.<\/p>\n\n\n\n<p>O cortejo, batizado de \u2018Bicho-Terra sem terra na \u00d4la Grande do Dil\u00favio\u2019, ter\u00e1 concentra\u00e7\u00e3o \u00e0s 17h30, no Beco das Minas, na Rua S\u00e3o Pantale\u00e3o (Centro). De l\u00e1, o grupo seguir\u00e1 pelo circuito de S\u00e3o Pantale\u00e3o em batucada at\u00e9 o Largo do Caro\u00e7udo, que se transformar\u00e1 na Arca de No\u00e9 para acolher a alegria que reina no pr\u00e9-Carnaval da Ilha do Amor.&nbsp;<\/p>\n\n\n\n<p>O Bicho-Terra estar\u00e1 com todos os seus m\u00fasicos, dan\u00e7arinos e os cantores In\u00e1cio Pinheiro e Roberto Brand\u00e3o, int\u00e9rpretes natos dos grandes hits compostos por Lu\u00eds Bulc\u00e3o e Z\u00e9 Pereira God\u00e3o, como \u2018Galera\u2019, \u2018Vou Passear\u2019, \u2018Costela de Ad\u00e3o\u2019, Fogo de Amor&#8217;, \u2018Gostosa\u2019, entre outros.<\/p>\n\n\n\n<p>A programa\u00e7\u00e3o de rua deste domingo integra as atividades do projeto \u2018Andan\u00e7as, Fulgores e Vivas\u2019, da Companhia Barrica, com patroc\u00ednio master do Instituto Cultural Vale, patroc\u00ednio do Laborat\u00f3rio Cedro e apoio cultural da Via Mundo Interc\u00e2mbio &amp; Turismo. A realiza\u00e7\u00e3o \u00e9 do Minist\u00e9rio da Cultura\/Governo Federal.<\/p>\n\n\n\n<p>Segundo Jos\u00e9 Pereira God\u00e3o, diretor art\u00edstico da Companhia Barrica, a programa\u00e7\u00e3o do Bicho Terra engloba participa\u00e7\u00f5es em diversos eventos, sejam eles particulares ou a convite dos poderes p\u00fablicos municipais e estaduais.<\/p>\n\n\n\n<p><strong>Programa\u00e7\u00e3o<\/strong>&nbsp;<\/p>\n\n\n\n<p>Neste s\u00e1bado (15), o grupo participar\u00e1 do evento \u2018Bumba meu Momo\u2019, do Boi de Morros, na Ch\u00e1cara Irm\u00e3o Sol, no bairro Parque das Palmeiras, bem como de um evento carnavalesco organizado por ex-estudantes do Col\u00e9gio Marista, no Casar\u00e3o Beira Dumar (Beira-Mar), e na Cidade da Alegria, iniciativa da Prefeitura de S\u00e3o Lu\u00eds, na \u00e1rea da Praia Grande.<\/p>\n\n\n\n<p>Por outro lado, o grupo n\u00e3o dispensa seus tradicionais cortejos populares pelas ruas da capital maranhense, quando atrai grande p\u00fablico e proporciona algumas horas de descontra\u00e7\u00e3o e compromisso apenas com o prazer de se divertir da maneira mais simples, relembrando os velhos carnavais de rua.<\/p>\n\n\n\n<p>\u201cN\u00f3s iremos reunir toda a nossa bicharada, o Bicho da Mata, o Primata, o Felino, o Bicho d&#8217;\u00c1gua, o Maranhanguara, o Bicho Luz, o Amor de Bicho, o Areia, o Bicho Ovo, a Primavera, o Bicho Ju\u00e7ara, o Buriti, o Louva Deus, o Bicho Mam\u00e3e, e o bando dos bichinhos desnudados, p\u00f3s a \u00d4la Grande do Dil\u00favio, na busca da terra perdida e devastada, para mostrar que o Carnaval de rua persiste e n\u00e3o pode acabar&#8221;, diz Jos\u00e9 Pereira God\u00e3o.<\/p>\n\n\n\n<p>O diretor art\u00edstico da Companhia Barrica acrescenta que o cortejo re\u00fane o povo cantando, dan\u00e7ando e sendo feliz da maneira mais espont\u00e2nea poss\u00edvel. &#8220;Todo mundo entrando na onda do nosso Bicho, formando um mar de foli\u00f5es. \u00c9 a nossa Peleja e Folia do dia a dia pela exist\u00eancia, resist\u00eancia, crescimento e valoriza\u00e7\u00e3o da cultura popular maranhense&#8221;, finaliza, acrescentando que, no cortejo do Bicho Terra, s\u00f3 n\u00e3o vai quem j\u00e1 morreu.<\/p>\n","protected":false},"excerpt":{"rendered":"<p>Grupo cultural far\u00e1 o esquenta \u00e0s 17h30, em frente ao Beco das Minas O mais animado cortejo carnavalesco do Maranh\u00e3o [&hellip;]<\/p>\n","protected":false},"author":0,"featured_media":0,"comment_status":"open","ping_status":"open","sticky":false,"template":"","format":"standard","meta":{"site-sidebar-layout":"default","site-content-layout":"","ast-site-content-layout":"default","site-content-style":"default","site-sidebar-style":"default","ast-global-header-display":"","ast-banner-title-visibility":"","ast-main-header-display":"","ast-hfb-above-header-display":"","ast-hfb-below-header-display":"","ast-hfb-mobile-header-display":"","site-post-title":"","ast-breadcrumbs-content":"","ast-featured-img":"","footer-sml-layout":"","ast-disable-related-posts":"","theme-transparent-header-meta":"","adv-header-id-meta":"","stick-header-meta":"","header-above-stick-meta":"","header-main-stick-meta":"","header-below-stick-meta":"","astra-migrate-meta-layouts":"default","ast-page-background-enabled":"default","ast-page-background-meta":{"desktop":{"background-color":"var(--ast-global-color-5)","background-image":"","background-repeat":"repeat","background-position":"center center","background-size":"auto","background-attachment":"scroll","background-type":"","background-media":"","overlay-type":"","overlay-color":"","overlay-opacity":"","overlay-gradient":""},"tablet":{"background-color":"","background-image":"","background-repeat":"repeat","background-position":"center center","background-size":"auto","background-attachment":"scroll","background-type":"","background-media":"","overlay-type":"","overlay-color":"","overlay-opacity":"","overlay-gradient":""},"mobile":{"background-color":"","background-image":"","background-repeat":"repeat","background-position":"center center","background-size":"auto","background-attachment":"scroll","background-type":"","background-media":"","overlay-type":"","overlay-color":"","overlay-opacity":"","overlay-gradient":""}},"ast-content-background-meta":{"desktop":{"background-color":"var(--ast-global-color-4)","background-image":"","background-repeat":"repeat","background-position":"center center","background-size":"auto","background-attachment":"scroll","background-type":"","background-media":"","overlay-type":"","overlay-color":"","overlay-opacity":"","overlay-gradient":""},"tablet":{"background-color":"var(--ast-global-color-4)","background-image":"","background-repeat":"repeat","background-position":"center center","background-size":"auto","background-attachment":"scroll","background-type":"","background-media":"","overlay-type":"","overlay-color":"","overlay-opacity":"","overlay-gradient":""},"mobile":{"background-color":"var(--ast-global-color-4)","background-image":"","background-repeat":"repeat","background-position":"center center","background-size":"auto","background-attachment":"scroll","background-type":"","background-media":"","overlay-type":"","overlay-color":"","overlay-opacity":"","overlay-gradient":""}},"footnotes":""},"categories":[1],"tags":[],"class_list":["post-139717","post","type-post","status-publish","format-standard","hentry","category-sem-categoria"],"yoast_head":"<!-- This site is optimized with the Yoast SEO plugin v26.6 - https:\/\/yoast.com\/wordpress\/plugins\/seo\/ -->\n<title>Bicho Terra vai sair em cortejo popular mais uma vez neste domingo - Daniel Matos<\/title>\n<meta name=\"robots\" content=\"index, follow, max-snippet:-1, max-image-preview:large, max-video-preview:-1\" \/>\n<link rel=\"canonical\" href=\"https:\/\/www.blogsoestado.com\/danielmatos\/bicho-terra-vai-sair-em-cortejo-popular-mais-uma-vez-neste-domingo\/\" \/>\n<meta property=\"og:locale\" content=\"pt_BR\" \/>\n<meta property=\"og:type\" content=\"article\" \/>\n<meta property=\"og:title\" content=\"Bicho Terra vai sair em cortejo popular mais uma vez neste domingo - Daniel Matos\" \/>\n<meta property=\"og:description\" content=\"Grupo cultural far\u00e1 o esquenta \u00e0s 17h30, em frente ao Beco das Minas O mais animado cortejo carnavalesco do Maranh\u00e3o [&hellip;]\" \/>\n<meta property=\"og:url\" content=\"https:\/\/www.blogsoestado.com\/danielmatos\/bicho-terra-vai-sair-em-cortejo-popular-mais-uma-vez-neste-domingo\/\" \/>\n<meta property=\"og:site_name\" content=\"Daniel Matos\" \/>\n<meta property=\"article:published_time\" content=\"2025-02-15T20:30:00+00:00\" \/>\n<meta property=\"og:image\" content=\"https:\/\/www.blogsoestado.com\/danielmatos\/files\/2025\/02\/Screenshot_20250215-1733232.png\" \/>\n<meta name=\"twitter:card\" content=\"summary_large_image\" \/>\n<meta name=\"twitter:label1\" content=\"Est. tempo de leitura\" \/>\n\t<meta name=\"twitter:data1\" content=\"3 minutos\" \/>\n<script type=\"application\/ld+json\" class=\"yoast-schema-graph\">{\"@context\":\"https:\/\/schema.org\",\"@graph\":[{\"@type\":\"WebPage\",\"@id\":\"https:\/\/www.blogsoestado.com\/danielmatos\/bicho-terra-vai-sair-em-cortejo-popular-mais-uma-vez-neste-domingo\/\",\"url\":\"https:\/\/www.blogsoestado.com\/danielmatos\/bicho-terra-vai-sair-em-cortejo-popular-mais-uma-vez-neste-domingo\/\",\"name\":\"Bicho Terra vai sair em cortejo popular mais uma vez neste domingo - Daniel Matos\",\"isPartOf\":{\"@id\":\"https:\/\/www.blogsoestado.com\/danielmatos\/#website\"},\"primaryImageOfPage\":{\"@id\":\"https:\/\/www.blogsoestado.com\/danielmatos\/bicho-terra-vai-sair-em-cortejo-popular-mais-uma-vez-neste-domingo\/#primaryimage\"},\"image\":{\"@id\":\"https:\/\/www.blogsoestado.com\/danielmatos\/bicho-terra-vai-sair-em-cortejo-popular-mais-uma-vez-neste-domingo\/#primaryimage\"},\"thumbnailUrl\":\"https:\/\/www.blogsoestado.com\/danielmatos\/files\/2025\/02\/Screenshot_20250215-1733232.png\",\"datePublished\":\"2025-02-15T20:30:00+00:00\",\"author\":{\"@id\":\"\"},\"breadcrumb\":{\"@id\":\"https:\/\/www.blogsoestado.com\/danielmatos\/bicho-terra-vai-sair-em-cortejo-popular-mais-uma-vez-neste-domingo\/#breadcrumb\"},\"inLanguage\":\"pt-BR\",\"potentialAction\":[{\"@type\":\"ReadAction\",\"target\":[\"https:\/\/www.blogsoestado.com\/danielmatos\/bicho-terra-vai-sair-em-cortejo-popular-mais-uma-vez-neste-domingo\/\"]}]},{\"@type\":\"ImageObject\",\"inLanguage\":\"pt-BR\",\"@id\":\"https:\/\/www.blogsoestado.com\/danielmatos\/bicho-terra-vai-sair-em-cortejo-popular-mais-uma-vez-neste-domingo\/#primaryimage\",\"url\":\"https:\/\/www.blogsoestado.com\/danielmatos\/files\/2025\/02\/Screenshot_20250215-1733232.png\",\"contentUrl\":\"https:\/\/www.blogsoestado.com\/danielmatos\/files\/2025\/02\/Screenshot_20250215-1733232.png\"},{\"@type\":\"BreadcrumbList\",\"@id\":\"https:\/\/www.blogsoestado.com\/danielmatos\/bicho-terra-vai-sair-em-cortejo-popular-mais-uma-vez-neste-domingo\/#breadcrumb\",\"itemListElement\":[{\"@type\":\"ListItem\",\"position\":1,\"name\":\"In\u00edcio\",\"item\":\"https:\/\/www.blogsoestado.com\/danielmatos\/\"},{\"@type\":\"ListItem\",\"position\":2,\"name\":\"Bicho Terra vai sair em cortejo popular mais uma vez neste domingo\"}]},{\"@type\":\"WebSite\",\"@id\":\"https:\/\/www.blogsoestado.com\/danielmatos\/#website\",\"url\":\"https:\/\/www.blogsoestado.com\/danielmatos\/\",\"name\":\"Daniel Matos\",\"description\":\"\",\"potentialAction\":[{\"@type\":\"SearchAction\",\"target\":{\"@type\":\"EntryPoint\",\"urlTemplate\":\"https:\/\/www.blogsoestado.com\/danielmatos\/?s={search_term_string}\"},\"query-input\":{\"@type\":\"PropertyValueSpecification\",\"valueRequired\":true,\"valueName\":\"search_term_string\"}}],\"inLanguage\":\"pt-BR\"}]}<\/script>\n<!-- \/ Yoast SEO plugin. -->","yoast_head_json":{"title":"Bicho Terra vai sair em cortejo popular mais uma vez neste domingo - Daniel Matos","robots":{"index":"index","follow":"follow","max-snippet":"max-snippet:-1","max-image-preview":"max-image-preview:large","max-video-preview":"max-video-preview:-1"},"canonical":"https:\/\/www.blogsoestado.com\/danielmatos\/bicho-terra-vai-sair-em-cortejo-popular-mais-uma-vez-neste-domingo\/","og_locale":"pt_BR","og_type":"article","og_title":"Bicho Terra vai sair em cortejo popular mais uma vez neste domingo - Daniel Matos","og_description":"Grupo cultural far\u00e1 o esquenta \u00e0s 17h30, em frente ao Beco das Minas O mais animado cortejo carnavalesco do Maranh\u00e3o [&hellip;]","og_url":"https:\/\/www.blogsoestado.com\/danielmatos\/bicho-terra-vai-sair-em-cortejo-popular-mais-uma-vez-neste-domingo\/","og_site_name":"Daniel Matos","article_published_time":"2025-02-15T20:30:00+00:00","og_image":[{"url":"https:\/\/www.blogsoestado.com\/danielmatos\/files\/2025\/02\/Screenshot_20250215-1733232.png","type":"","width":"","height":""}],"twitter_card":"summary_large_image","twitter_misc":{"Est. tempo de leitura":"3 minutos"},"schema":{"@context":"https:\/\/schema.org","@graph":[{"@type":"WebPage","@id":"https:\/\/www.blogsoestado.com\/danielmatos\/bicho-terra-vai-sair-em-cortejo-popular-mais-uma-vez-neste-domingo\/","url":"https:\/\/www.blogsoestado.com\/danielmatos\/bicho-terra-vai-sair-em-cortejo-popular-mais-uma-vez-neste-domingo\/","name":"Bicho Terra vai sair em cortejo popular mais uma vez neste domingo - Daniel Matos","isPartOf":{"@id":"https:\/\/www.blogsoestado.com\/danielmatos\/#website"},"primaryImageOfPage":{"@id":"https:\/\/www.blogsoestado.com\/danielmatos\/bicho-terra-vai-sair-em-cortejo-popular-mais-uma-vez-neste-domingo\/#primaryimage"},"image":{"@id":"https:\/\/www.blogsoestado.com\/danielmatos\/bicho-terra-vai-sair-em-cortejo-popular-mais-uma-vez-neste-domingo\/#primaryimage"},"thumbnailUrl":"https:\/\/www.blogsoestado.com\/danielmatos\/files\/2025\/02\/Screenshot_20250215-1733232.png","datePublished":"2025-02-15T20:30:00+00:00","author":{"@id":""},"breadcrumb":{"@id":"https:\/\/www.blogsoestado.com\/danielmatos\/bicho-terra-vai-sair-em-cortejo-popular-mais-uma-vez-neste-domingo\/#breadcrumb"},"inLanguage":"pt-BR","potentialAction":[{"@type":"ReadAction","target":["https:\/\/www.blogsoestado.com\/danielmatos\/bicho-terra-vai-sair-em-cortejo-popular-mais-uma-vez-neste-domingo\/"]}]},{"@type":"ImageObject","inLanguage":"pt-BR","@id":"https:\/\/www.blogsoestado.com\/danielmatos\/bicho-terra-vai-sair-em-cortejo-popular-mais-uma-vez-neste-domingo\/#primaryimage","url":"https:\/\/www.blogsoestado.com\/danielmatos\/files\/2025\/02\/Screenshot_20250215-1733232.png","contentUrl":"https:\/\/www.blogsoestado.com\/danielmatos\/files\/2025\/02\/Screenshot_20250215-1733232.png"},{"@type":"BreadcrumbList","@id":"https:\/\/www.blogsoestado.com\/danielmatos\/bicho-terra-vai-sair-em-cortejo-popular-mais-uma-vez-neste-domingo\/#breadcrumb","itemListElement":[{"@type":"ListItem","position":1,"name":"In\u00edcio","item":"https:\/\/www.blogsoestado.com\/danielmatos\/"},{"@type":"ListItem","position":2,"name":"Bicho Terra vai sair em cortejo popular mais uma vez neste domingo"}]},{"@type":"WebSite","@id":"https:\/\/www.blogsoestado.com\/danielmatos\/#website","url":"https:\/\/www.blogsoestado.com\/danielmatos\/","name":"Daniel Matos","description":"","potentialAction":[{"@type":"SearchAction","target":{"@type":"EntryPoint","urlTemplate":"https:\/\/www.blogsoestado.com\/danielmatos\/?s={search_term_string}"},"query-input":{"@type":"PropertyValueSpecification","valueRequired":true,"valueName":"search_term_string"}}],"inLanguage":"pt-BR"}]}},"jetpack_featured_media_url":"","_links":{"self":[{"href":"https:\/\/www.blogsoestado.com\/danielmatos\/wp-json\/wp\/v2\/posts\/139717","targetHints":{"allow":["GET"]}}],"collection":[{"href":"https:\/\/www.blogsoestado.com\/danielmatos\/wp-json\/wp\/v2\/posts"}],"about":[{"href":"https:\/\/www.blogsoestado.com\/danielmatos\/wp-json\/wp\/v2\/types\/post"}],"replies":[{"embeddable":true,"href":"https:\/\/www.blogsoestado.com\/danielmatos\/wp-json\/wp\/v2\/comments?post=139717"}],"version-history":[{"count":0,"href":"https:\/\/www.blogsoestado.com\/danielmatos\/wp-json\/wp\/v2\/posts\/139717\/revisions"}],"wp:attachment":[{"href":"https:\/\/www.blogsoestado.com\/danielmatos\/wp-json\/wp\/v2\/media?parent=139717"}],"wp:term":[{"taxonomy":"category","embeddable":true,"href":"https:\/\/www.blogsoestado.com\/danielmatos\/wp-json\/wp\/v2\/categories?post=139717"},{"taxonomy":"post_tag","embeddable":true,"href":"https:\/\/www.blogsoestado.com\/danielmatos\/wp-json\/wp\/v2\/tags?post=139717"}],"curies":[{"name":"wp","href":"https:\/\/api.w.org\/{rel}","templated":true}]}}