{"id":139729,"date":"2025-02-16T13:50:00","date_gmt":"2025-02-16T16:50:00","guid":{"rendered":"https:\/\/www.blogsoestado.com\/danielmatos\/?p=139729"},"modified":"2025-02-16T13:50:00","modified_gmt":"2025-02-16T16:50:00","slug":"vencedores-da-corrida-da-alema-celebram-iniciativa-da-casa-em-favor-do-esporte","status":"publish","type":"post","link":"https:\/\/www.blogsoestado.com\/danielmatos\/vencedores-da-corrida-da-alema-celebram-iniciativa-da-casa-em-favor-do-esporte\/","title":{"rendered":"Vencedores da corrida da Alema celebram iniciativa da Casa em favor do esporte"},"content":{"rendered":"\n<p><strong><span class=\"has-inline-color has-vivid-red-color\">Corredores foram agraciados com premia\u00e7\u00e3o, trof\u00e9us e medalhas. Corrida reuniu cerca de 3 mil pessoas em seis categorias com vencedores em primeiro, segundo e terceiro lugares \u00a0<\/span><\/strong><\/p>\n\n\n\n<div class=\"wp-block-image\"><figure class=\"aligncenter size-large\"><a href=\"https:\/\/www.blogsoestado.com\/danielmatos\/files\/2025\/02\/Screenshot_20250216-1354202.png\"><img decoding=\"async\" src=\"https:\/\/www.blogsoestado.com\/danielmatos\/files\/2025\/02\/Screenshot_20250216-1354202.png\" alt=\"\" class=\"wp-image-139736\"\/><\/a><figcaption>Iracema premia vencedora da categoria 10km feminino<\/figcaption><\/figure><\/div>\n\n\n\n<p>Um dia de festa e celebra\u00e7\u00e3o ao esporte. Assim foi a \u2018Corrida \u2013 Alema 190 anos\u2019, que deu in\u00edcio \u00e0s comemora\u00e7\u00f5es de anivers\u00e1rio da Casa do Povo. Com cerca de 3 mil participantes, o evento reuniu atletas profissionais e amadores que competiram pelas premia\u00e7\u00f5es, trof\u00e9us e medalha. As crian\u00e7as tamb\u00e9m participaram e receberam brinquedos.<\/p>\n\n\n\n<p>Foram premiadas as categorias PcD, 6 km (masculino, feminino e 50 mais), 10 km (masculino e feminino), servidor (masculino e feminino), master (masculino e feminino) e kids.<\/p>\n\n\n\n<div class=\"wp-block-image\"><figure class=\"aligncenter size-large\"><a href=\"https:\/\/www.blogsoestado.com\/danielmatos\/files\/2025\/02\/Screenshot_20250216-1356112.png\"><img decoding=\"async\" src=\"https:\/\/www.blogsoestado.com\/danielmatos\/files\/2025\/02\/Screenshot_20250216-1356112.png\" alt=\"\" class=\"wp-image-139737\"\/><\/a><figcaption>A corrida premiu, tamb\u00e9m, pessoas com defici\u00eancia, nas tr\u00eas primeiras coloca\u00e7\u00f5es<\/figcaption><\/figure><\/div>\n\n\n\n<p>Os vencedores de cada categoria receberam R$ 3 mil; R$ 2 mil; e R$ 1mil e trof\u00e9us. Al\u00e9m disso, todos receberam medalhas que puderam ser personalizadas com seus nomes.<\/p>\n\n\n\n<p>Vencedor da categoria 10 quil\u00f4metros, Josimar da Concei\u00e7\u00e3o Silva exaltou a iniciativa da Assembleia Legislativa em promover a corrida.<\/p>\n\n\n\n<div class=\"wp-block-image\"><figure class=\"aligncenter size-large\"><a href=\"https:\/\/www.blogsoestado.com\/danielmatos\/files\/2025\/02\/Screenshot_20250216-1358152.png\"><img decoding=\"async\" src=\"https:\/\/www.blogsoestado.com\/danielmatos\/files\/2025\/02\/Screenshot_20250216-1358152.png\" alt=\"\" class=\"wp-image-139738\"\/><\/a><figcaption>Vencedores da Corrida Alema na categoria 6km masculino<\/figcaption><\/figure><\/div>\n\n\n\n<p>&#8220;Queria agradecer \u00e0 Assembleia por ter aberto as portas para um esporte que vem crescendo muito no Maranh\u00e3o, em S\u00e3o Lu\u00eds e no interior. Estou muito feliz por vencer a prova que foi muito bem-organizada\u201d, disse o atleta.<\/p>\n\n\n\n<p>O mesmo sentimento foi compartilhado pela vencedora dos 6 quil\u00f4metros, Karolainy Facundo. \u201cFoi uma corrida pensada para os esportistas, mas tamb\u00e9m para quem corre esporadicamente. Uma iniciativa que incentiva as pessoas a serem melhores a cada dia, por meio do esporte. Inclusive, aquelas que n\u00e3o praticam atividades f\u00edsicas, se sentem estimuladas\u201d, enfatizou a vencedora.<\/p>\n\n\n\n<div class=\"wp-block-image\"><figure class=\"aligncenter size-large\"><a href=\"https:\/\/www.blogsoestado.com\/danielmatos\/files\/2025\/02\/Screenshot_20250216-1400462.png\"><img decoding=\"async\" src=\"https:\/\/www.blogsoestado.com\/danielmatos\/files\/2025\/02\/Screenshot_20250216-1400462.png\" alt=\"\" class=\"wp-image-139739\"\/><\/a><figcaption>Evento tamb\u00e9m premiou servidores da Assembleia que cruzaram a linha de chegada<\/figcaption><\/figure><\/div>\n\n\n\n<p><strong>Servidores<\/strong><\/p>\n\n\n\n<p>A \u2018Corrida \u2013 Alema 190 anos\u2019 tamb\u00e9m incentivou os servidores a participarem, em uma categoria espec\u00edfica. No masculino, o grande vencedor da prova foi o cinegrafista da TV Assembleia, Antonio C\u00e9sar Azevedo Leal, conhecido como Acerola.<\/p>\n\n\n\n<p>\u201cCom a corrida, a Assembleia incentiva muita gente \u00e0 pr\u00e1tica esportiva. Foram mais de 3 mil inscri\u00e7\u00f5es e correr aqui com a galera do servi\u00e7o \u00e9 bom para a gente se confraternizar tamb\u00e9m. Vencer \u00e9 uma sensa\u00e7\u00e3o boa. \u00c9 uma consequ\u00eancia do trabalho que fa\u00e7o para cuidar da sa\u00fade, na verdade\u201d, festejou o servidor.<\/p>\n\n\n\n<p>Na categoria PCD, o vencedor foi Valdir Sim\u00e3o de Sousa, que \u00e9 cadeirante. Ele destacou o car\u00e1ter inclusivo da corrida e elogiou a Assembleia Legislativa pelo trabalho realizado.<\/p>\n\n\n\n<p>\u201cEu tenho uma quest\u00e3o muito s\u00e9ria a respeito da inclus\u00e3o. Porque algumas pessoas falam s\u00f3 na teoria, porque na pr\u00e1tica a gente n\u00e3o v\u00ea isso. Mas aqui a inclus\u00e3o foi feita, de fato, com uma premia\u00e7\u00e3o sendo de acordo para todo mundo. E essa \u00e9 uma briga da gente, ent\u00e3o a Assembleia est\u00e1 de parab\u00e9ns\u201d, disse Valdir Sim\u00e3o.<\/p>\n\n\n\n<p><strong>Veja abaixo a lista dos vencedores<\/strong><\/p>\n\n\n\n<p><strong>Categoria PCD<\/strong><\/p>\n\n\n\n<p>\u2013 Valdir Sim\u00e3o de Sousa<\/p>\n\n\n\n<p>\u2013 Rodrigo Costa dos Santos<\/p>\n\n\n\n<p>\u2013 Andre Bianco Gomes Goulart Coelho<\/p>\n\n\n\n<p><strong>Categoria PCD Visual<\/strong><\/p>\n\n\n\n<p>\u2013 Antonio Carlos Cavalcante Neves &nbsp;<\/p>\n\n\n\n<p>&nbsp;Categoria 6 quil\u00f4metros (masculino)<\/p>\n\n\n\n<p>\u2013 Kleiton da Silva Sousa<\/p>\n\n\n\n<p>\u2013 Werison Rodrigues<\/p>\n\n\n\n<p>\u2013 Nonato Mota<\/p>\n\n\n\n<p><strong>Categoria 6 quil\u00f4metros (feminino)<\/strong><\/p>\n\n\n\n<p>\u2013 Erislany do Nascimento Fonseca<\/p>\n\n\n\n<p>\u2013 Theandra de Jesus Costa<\/p>\n\n\n\n<p>\u2013 Karolainy Facundo<\/p>\n\n\n\n<p><strong>Categoria 10 quil\u00f4metros (masculino)<\/strong><\/p>\n\n\n\n<p>\u2013 Josimar da Concei\u00e7\u00e3o Silva<\/p>\n\n\n\n<p>\u2013 Eric Adriano Silva Santos<\/p>\n\n\n\n<p>\u2013 Robenilson dos Santos Vale Muniz<\/p>\n\n\n\n<p>Categoria 10 quil\u00f4metros (feminino)<\/p>\n\n\n\n<p>\u2013 Dilma Raimunda Braga Cantanhede<\/p>\n\n\n\n<p>\u2013 Gesselma Andrade Mendes<\/p>\n\n\n\n<p>\u2013 Clereiane Dias da Silva<\/p>\n\n\n\n<p><strong>Categoria Servidor (feminino)<\/strong><\/p>\n\n\n\n<p>\u2013 Ana Clara Fialho Alencar Fa\u00e7anha<\/p>\n\n\n\n<p>\u2013 Naiana Ara\u00fajo Torres<\/p>\n\n\n\n<p>\u2013 Kadja Nobel Sousa Braga<\/p>\n\n\n\n<p><strong>Categoria Servidor (masculino)<\/strong><\/p>\n\n\n\n<p>\u2013 Antonio C\u00e9sar Azevedo Leal<\/p>\n\n\n\n<p>\u2013 Francisco Anderson Santana Leit\u00e3o<\/p>\n\n\n\n<p>\u2013 Caio Carvalhal Pinheiro Carneiro<\/p>\n\n\n\n<p><strong>Categoria Master (masculino)<\/strong><\/p>\n\n\n\n<p>\u2013 Edivaldo Pereira dos Santos<\/p>\n\n\n\n<p>\u2013 Antonio Renato Cruz Nonato<\/p>\n\n\n\n<p>\u2013 Darlan Soares<\/p>\n\n\n\n<p><strong>Categoria Master (feminino)<\/strong><\/p>\n\n\n\n<p>\u2013 Elys Gardenia Rabelo Curvina<\/p>\n\n\n\n<p>\u2013 Silvera Martins<\/p>\n\n\n\n<p>\u2013 Maria Jos\u00e9 Viana Santos<\/p>\n","protected":false},"excerpt":{"rendered":"<p>Corredores foram agraciados com premia\u00e7\u00e3o, trof\u00e9us e medalhas. Corrida reuniu cerca de 3 mil pessoas em seis categorias com vencedores [&hellip;]<\/p>\n","protected":false},"author":0,"featured_media":0,"comment_status":"open","ping_status":"open","sticky":false,"template":"","format":"standard","meta":{"site-sidebar-layout":"default","site-content-layout":"","ast-site-content-layout":"default","site-content-style":"default","site-sidebar-style":"default","ast-global-header-display":"","ast-banner-title-visibility":"","ast-main-header-display":"","ast-hfb-above-header-display":"","ast-hfb-below-header-display":"","ast-hfb-mobile-header-display":"","site-post-title":"","ast-breadcrumbs-content":"","ast-featured-img":"","footer-sml-layout":"","ast-disable-related-posts":"","theme-transparent-header-meta":"","adv-header-id-meta":"","stick-header-meta":"","header-above-stick-meta":"","header-main-stick-meta":"","header-below-stick-meta":"","astra-migrate-meta-layouts":"default","ast-page-background-enabled":"default","ast-page-background-meta":{"desktop":{"background-color":"var(--ast-global-color-5)","background-image":"","background-repeat":"repeat","background-position":"center center","background-size":"auto","background-attachment":"scroll","background-type":"","background-media":"","overlay-type":"","overlay-color":"","overlay-opacity":"","overlay-gradient":""},"tablet":{"background-color":"","background-image":"","background-repeat":"repeat","background-position":"center center","background-size":"auto","background-attachment":"scroll","background-type":"","background-media":"","overlay-type":"","overlay-color":"","overlay-opacity":"","overlay-gradient":""},"mobile":{"background-color":"","background-image":"","background-repeat":"repeat","background-position":"center center","background-size":"auto","background-attachment":"scroll","background-type":"","background-media":"","overlay-type":"","overlay-color":"","overlay-opacity":"","overlay-gradient":""}},"ast-content-background-meta":{"desktop":{"background-color":"var(--ast-global-color-4)","background-image":"","background-repeat":"repeat","background-position":"center center","background-size":"auto","background-attachment":"scroll","background-type":"","background-media":"","overlay-type":"","overlay-color":"","overlay-opacity":"","overlay-gradient":""},"tablet":{"background-color":"var(--ast-global-color-4)","background-image":"","background-repeat":"repeat","background-position":"center center","background-size":"auto","background-attachment":"scroll","background-type":"","background-media":"","overlay-type":"","overlay-color":"","overlay-opacity":"","overlay-gradient":""},"mobile":{"background-color":"var(--ast-global-color-4)","background-image":"","background-repeat":"repeat","background-position":"center center","background-size":"auto","background-attachment":"scroll","background-type":"","background-media":"","overlay-type":"","overlay-color":"","overlay-opacity":"","overlay-gradient":""}},"footnotes":""},"categories":[1],"tags":[],"class_list":["post-139729","post","type-post","status-publish","format-standard","hentry","category-sem-categoria"],"yoast_head":"<!-- This site is optimized with the Yoast SEO plugin v26.6 - https:\/\/yoast.com\/wordpress\/plugins\/seo\/ -->\n<title>Vencedores da corrida da Alema celebram iniciativa da Casa em favor do esporte - Daniel Matos<\/title>\n<meta name=\"robots\" content=\"index, follow, max-snippet:-1, max-image-preview:large, max-video-preview:-1\" \/>\n<link rel=\"canonical\" href=\"https:\/\/www.blogsoestado.com\/danielmatos\/vencedores-da-corrida-da-alema-celebram-iniciativa-da-casa-em-favor-do-esporte\/\" \/>\n<meta property=\"og:locale\" content=\"pt_BR\" \/>\n<meta property=\"og:type\" content=\"article\" \/>\n<meta property=\"og:title\" content=\"Vencedores da corrida da Alema celebram iniciativa da Casa em favor do esporte - Daniel Matos\" \/>\n<meta property=\"og:description\" content=\"Corredores foram agraciados com premia\u00e7\u00e3o, trof\u00e9us e medalhas. Corrida reuniu cerca de 3 mil pessoas em seis categorias com vencedores [&hellip;]\" \/>\n<meta property=\"og:url\" content=\"https:\/\/www.blogsoestado.com\/danielmatos\/vencedores-da-corrida-da-alema-celebram-iniciativa-da-casa-em-favor-do-esporte\/\" \/>\n<meta property=\"og:site_name\" content=\"Daniel Matos\" \/>\n<meta property=\"article:published_time\" content=\"2025-02-16T16:50:00+00:00\" \/>\n<meta property=\"og:image\" content=\"https:\/\/www.blogsoestado.com\/danielmatos\/files\/2025\/02\/Screenshot_20250216-1354202.png\" \/>\n<meta name=\"twitter:card\" content=\"summary_large_image\" \/>\n<meta name=\"twitter:label1\" content=\"Est. tempo de leitura\" \/>\n\t<meta name=\"twitter:data1\" content=\"4 minutos\" \/>\n<script type=\"application\/ld+json\" class=\"yoast-schema-graph\">{\"@context\":\"https:\/\/schema.org\",\"@graph\":[{\"@type\":\"WebPage\",\"@id\":\"https:\/\/www.blogsoestado.com\/danielmatos\/vencedores-da-corrida-da-alema-celebram-iniciativa-da-casa-em-favor-do-esporte\/\",\"url\":\"https:\/\/www.blogsoestado.com\/danielmatos\/vencedores-da-corrida-da-alema-celebram-iniciativa-da-casa-em-favor-do-esporte\/\",\"name\":\"Vencedores da corrida da Alema celebram iniciativa da Casa em favor do esporte - Daniel Matos\",\"isPartOf\":{\"@id\":\"https:\/\/www.blogsoestado.com\/danielmatos\/#website\"},\"primaryImageOfPage\":{\"@id\":\"https:\/\/www.blogsoestado.com\/danielmatos\/vencedores-da-corrida-da-alema-celebram-iniciativa-da-casa-em-favor-do-esporte\/#primaryimage\"},\"image\":{\"@id\":\"https:\/\/www.blogsoestado.com\/danielmatos\/vencedores-da-corrida-da-alema-celebram-iniciativa-da-casa-em-favor-do-esporte\/#primaryimage\"},\"thumbnailUrl\":\"https:\/\/www.blogsoestado.com\/danielmatos\/files\/2025\/02\/Screenshot_20250216-1354202.png\",\"datePublished\":\"2025-02-16T16:50:00+00:00\",\"author\":{\"@id\":\"\"},\"breadcrumb\":{\"@id\":\"https:\/\/www.blogsoestado.com\/danielmatos\/vencedores-da-corrida-da-alema-celebram-iniciativa-da-casa-em-favor-do-esporte\/#breadcrumb\"},\"inLanguage\":\"pt-BR\",\"potentialAction\":[{\"@type\":\"ReadAction\",\"target\":[\"https:\/\/www.blogsoestado.com\/danielmatos\/vencedores-da-corrida-da-alema-celebram-iniciativa-da-casa-em-favor-do-esporte\/\"]}]},{\"@type\":\"ImageObject\",\"inLanguage\":\"pt-BR\",\"@id\":\"https:\/\/www.blogsoestado.com\/danielmatos\/vencedores-da-corrida-da-alema-celebram-iniciativa-da-casa-em-favor-do-esporte\/#primaryimage\",\"url\":\"https:\/\/www.blogsoestado.com\/danielmatos\/files\/2025\/02\/Screenshot_20250216-1354202.png\",\"contentUrl\":\"https:\/\/www.blogsoestado.com\/danielmatos\/files\/2025\/02\/Screenshot_20250216-1354202.png\"},{\"@type\":\"BreadcrumbList\",\"@id\":\"https:\/\/www.blogsoestado.com\/danielmatos\/vencedores-da-corrida-da-alema-celebram-iniciativa-da-casa-em-favor-do-esporte\/#breadcrumb\",\"itemListElement\":[{\"@type\":\"ListItem\",\"position\":1,\"name\":\"In\u00edcio\",\"item\":\"https:\/\/www.blogsoestado.com\/danielmatos\/\"},{\"@type\":\"ListItem\",\"position\":2,\"name\":\"Vencedores da corrida da Alema celebram iniciativa da Casa em favor do esporte\"}]},{\"@type\":\"WebSite\",\"@id\":\"https:\/\/www.blogsoestado.com\/danielmatos\/#website\",\"url\":\"https:\/\/www.blogsoestado.com\/danielmatos\/\",\"name\":\"Daniel Matos\",\"description\":\"\",\"potentialAction\":[{\"@type\":\"SearchAction\",\"target\":{\"@type\":\"EntryPoint\",\"urlTemplate\":\"https:\/\/www.blogsoestado.com\/danielmatos\/?s={search_term_string}\"},\"query-input\":{\"@type\":\"PropertyValueSpecification\",\"valueRequired\":true,\"valueName\":\"search_term_string\"}}],\"inLanguage\":\"pt-BR\"}]}<\/script>\n<!-- \/ Yoast SEO plugin. -->","yoast_head_json":{"title":"Vencedores da corrida da Alema celebram iniciativa da Casa em favor do esporte - Daniel Matos","robots":{"index":"index","follow":"follow","max-snippet":"max-snippet:-1","max-image-preview":"max-image-preview:large","max-video-preview":"max-video-preview:-1"},"canonical":"https:\/\/www.blogsoestado.com\/danielmatos\/vencedores-da-corrida-da-alema-celebram-iniciativa-da-casa-em-favor-do-esporte\/","og_locale":"pt_BR","og_type":"article","og_title":"Vencedores da corrida da Alema celebram iniciativa da Casa em favor do esporte - Daniel Matos","og_description":"Corredores foram agraciados com premia\u00e7\u00e3o, trof\u00e9us e medalhas. Corrida reuniu cerca de 3 mil pessoas em seis categorias com vencedores [&hellip;]","og_url":"https:\/\/www.blogsoestado.com\/danielmatos\/vencedores-da-corrida-da-alema-celebram-iniciativa-da-casa-em-favor-do-esporte\/","og_site_name":"Daniel Matos","article_published_time":"2025-02-16T16:50:00+00:00","og_image":[{"url":"https:\/\/www.blogsoestado.com\/danielmatos\/files\/2025\/02\/Screenshot_20250216-1354202.png","type":"","width":"","height":""}],"twitter_card":"summary_large_image","twitter_misc":{"Est. tempo de leitura":"4 minutos"},"schema":{"@context":"https:\/\/schema.org","@graph":[{"@type":"WebPage","@id":"https:\/\/www.blogsoestado.com\/danielmatos\/vencedores-da-corrida-da-alema-celebram-iniciativa-da-casa-em-favor-do-esporte\/","url":"https:\/\/www.blogsoestado.com\/danielmatos\/vencedores-da-corrida-da-alema-celebram-iniciativa-da-casa-em-favor-do-esporte\/","name":"Vencedores da corrida da Alema celebram iniciativa da Casa em favor do esporte - Daniel Matos","isPartOf":{"@id":"https:\/\/www.blogsoestado.com\/danielmatos\/#website"},"primaryImageOfPage":{"@id":"https:\/\/www.blogsoestado.com\/danielmatos\/vencedores-da-corrida-da-alema-celebram-iniciativa-da-casa-em-favor-do-esporte\/#primaryimage"},"image":{"@id":"https:\/\/www.blogsoestado.com\/danielmatos\/vencedores-da-corrida-da-alema-celebram-iniciativa-da-casa-em-favor-do-esporte\/#primaryimage"},"thumbnailUrl":"https:\/\/www.blogsoestado.com\/danielmatos\/files\/2025\/02\/Screenshot_20250216-1354202.png","datePublished":"2025-02-16T16:50:00+00:00","author":{"@id":""},"breadcrumb":{"@id":"https:\/\/www.blogsoestado.com\/danielmatos\/vencedores-da-corrida-da-alema-celebram-iniciativa-da-casa-em-favor-do-esporte\/#breadcrumb"},"inLanguage":"pt-BR","potentialAction":[{"@type":"ReadAction","target":["https:\/\/www.blogsoestado.com\/danielmatos\/vencedores-da-corrida-da-alema-celebram-iniciativa-da-casa-em-favor-do-esporte\/"]}]},{"@type":"ImageObject","inLanguage":"pt-BR","@id":"https:\/\/www.blogsoestado.com\/danielmatos\/vencedores-da-corrida-da-alema-celebram-iniciativa-da-casa-em-favor-do-esporte\/#primaryimage","url":"https:\/\/www.blogsoestado.com\/danielmatos\/files\/2025\/02\/Screenshot_20250216-1354202.png","contentUrl":"https:\/\/www.blogsoestado.com\/danielmatos\/files\/2025\/02\/Screenshot_20250216-1354202.png"},{"@type":"BreadcrumbList","@id":"https:\/\/www.blogsoestado.com\/danielmatos\/vencedores-da-corrida-da-alema-celebram-iniciativa-da-casa-em-favor-do-esporte\/#breadcrumb","itemListElement":[{"@type":"ListItem","position":1,"name":"In\u00edcio","item":"https:\/\/www.blogsoestado.com\/danielmatos\/"},{"@type":"ListItem","position":2,"name":"Vencedores da corrida da Alema celebram iniciativa da Casa em favor do esporte"}]},{"@type":"WebSite","@id":"https:\/\/www.blogsoestado.com\/danielmatos\/#website","url":"https:\/\/www.blogsoestado.com\/danielmatos\/","name":"Daniel Matos","description":"","potentialAction":[{"@type":"SearchAction","target":{"@type":"EntryPoint","urlTemplate":"https:\/\/www.blogsoestado.com\/danielmatos\/?s={search_term_string}"},"query-input":{"@type":"PropertyValueSpecification","valueRequired":true,"valueName":"search_term_string"}}],"inLanguage":"pt-BR"}]}},"jetpack_featured_media_url":"","_links":{"self":[{"href":"https:\/\/www.blogsoestado.com\/danielmatos\/wp-json\/wp\/v2\/posts\/139729","targetHints":{"allow":["GET"]}}],"collection":[{"href":"https:\/\/www.blogsoestado.com\/danielmatos\/wp-json\/wp\/v2\/posts"}],"about":[{"href":"https:\/\/www.blogsoestado.com\/danielmatos\/wp-json\/wp\/v2\/types\/post"}],"replies":[{"embeddable":true,"href":"https:\/\/www.blogsoestado.com\/danielmatos\/wp-json\/wp\/v2\/comments?post=139729"}],"version-history":[{"count":0,"href":"https:\/\/www.blogsoestado.com\/danielmatos\/wp-json\/wp\/v2\/posts\/139729\/revisions"}],"wp:attachment":[{"href":"https:\/\/www.blogsoestado.com\/danielmatos\/wp-json\/wp\/v2\/media?parent=139729"}],"wp:term":[{"taxonomy":"category","embeddable":true,"href":"https:\/\/www.blogsoestado.com\/danielmatos\/wp-json\/wp\/v2\/categories?post=139729"},{"taxonomy":"post_tag","embeddable":true,"href":"https:\/\/www.blogsoestado.com\/danielmatos\/wp-json\/wp\/v2\/tags?post=139729"}],"curies":[{"name":"wp","href":"https:\/\/api.w.org\/{rel}","templated":true}]}}