{"id":140407,"date":"2025-02-27T20:25:28","date_gmt":"2025-02-27T23:25:28","guid":{"rendered":"https:\/\/www.blogsoestado.com\/danielmatos\/?p=140407"},"modified":"2025-04-15T15:19:05","modified_gmt":"2025-04-15T18:19:05","slug":"equatorial-maranhao-elabora-plano-operacional-para-assegurar-fornecimento-de-energia-durante-o-carnaval","status":"publish","type":"post","link":"https:\/\/www.blogsoestado.com\/danielmatos\/equatorial-maranhao-elabora-plano-operacional-para-assegurar-fornecimento-de-energia-durante-o-carnaval\/","title":{"rendered":"Equatorial Maranh\u00e3o elabora Plano Operacional para assegurar fornecimento de energia durante o Carnaval"},"content":{"rendered":"\t\t<div data-elementor-type=\"wp-post\" data-elementor-id=\"140407\" class=\"elementor elementor-140407\" data-elementor-post-type=\"post\">\n\t\t\t\t<div class=\"elementor-element elementor-element-60348e55 e-flex e-con-boxed e-con e-parent\" data-id=\"60348e55\" data-element_type=\"container\" data-e-type=\"container\">\n\t\t\t\t\t<div class=\"e-con-inner\">\n\t\t\t\t<div class=\"elementor-element elementor-element-33aa2f83 elementor-widget elementor-widget-text-editor\" data-id=\"33aa2f83\" data-element_type=\"widget\" data-e-type=\"widget\" data-widget_type=\"text-editor.default\">\n\t\t\t\t\t\t\t\t\t\n<div class=\"wp-block-image\">\n<figure class=\"alignleft size-large\"><a href=\"https:\/\/www.blogsoestado.com\/danielmatos\/files\/2025\/02\/1001743871.jpg\"><img decoding=\"async\" width=\"258\" height=\"193\" class=\"wp-image-140408\" src=\"https:\/\/www.blogsoestado.com\/danielmatos\/files\/2025\/02\/1001743871.jpg\" alt=\"\" \/><\/a>\n<figcaption>Centro de Opera\u00e7\u00f5es Integradas (COI) ter\u00e1 equipes de plant\u00e3o no Carnaval<\/figcaption>\n<\/figure>\n<\/div>\n\n<p>Para garantir que a festa e o descanso dos maranhenses ocorram com seguran\u00e7a e sem interrup\u00e7\u00f5es no fornecimento de energia, a Equatorial Maranh\u00e3o elaborou um Plano Operacional de Carnaval. A a\u00e7\u00e3o mobilizara\u0301 mais de 1.500 profissionais entre engenheiros, t\u00e9cnicos, operadores e eletricistas, que atuar\u00e3o em regime de plant\u00e3o entre os dias 28 de fevereiro e 05 de mar\u00e7o.<\/p>\n\n<p>Al\u00e9m das equipes t\u00e9cnicas, a Distribuidora contar\u00e1 com subesta\u00e7\u00e3o m\u00f3vel, caminh\u00f5es de Linha Viva (permitindo manuten\u00e7\u00e3o sem desligamento da rede) e tecnologia de comunica\u00e7\u00e3o integrada para agilizar a troca de informa\u00e7\u00f5es entre as equipes e o Centro de Opera\u00e7\u00f5es Integradas (COI).<\/p>\n\n<div class=\"wp-block-image\">\n<figure class=\"aligncenter size-large\"><a href=\"https:\/\/www.blogsoestado.com\/danielmatos\/files\/2025\/02\/1001743872.jpg\"><img fetchpriority=\"high\" decoding=\"async\" width=\"370\" height=\"663\" class=\"wp-image-140409\" src=\"https:\/\/www.blogsoestado.com\/danielmatos\/files\/2025\/02\/1001743872.jpg\" alt=\"\" srcset=\"https:\/\/www.blogsoestado.com\/danielmatos\/wp-content\/uploads\/sites\/2\/2025\/02\/1001743872.jpg 370w, https:\/\/www.blogsoestado.com\/danielmatos\/wp-content\/uploads\/sites\/2\/2025\/02\/1001743872-167x300.jpg 167w\" sizes=\"(max-width: 370px) 100vw, 370px\" \/><\/a>\n<figcaption>Equipe t\u00e9cnica estar\u00e1 de prontid\u00e3o para atender ocorr\u00eancias envolvendo a rede de energia el\u00e9trica<\/figcaption>\n<\/figure>\n<\/div>\n\n<p><strong>Monitoramento cont\u00ednuo e a\u00e7\u00f5es preventivas<\/strong><\/p>\n\n<p>As equipes estar\u00e3o posicionadas estrategicamente nos circuitos oficiais da folia, definidos pelas prefeituras e pelo Governo do Estado. Para Ivan Bazzan, Gerente de Opera\u00e7\u00f5es da Equatorial Maranh\u00e3o, o plano foi desenhado para garantir r\u00e1pida resposta em caso de ocorr\u00eancias. \u201cNosso objetivo e\u0301 assegurar o fornecimento de energia com m\u00e1xima efici\u00eancia, para que a popula\u00e7\u00e3o possa aproveitar o carnaval com seguran\u00e7a, seja em festas, em casa ou eventos religiosos\u201d, explica.<\/p>\n\n<p>Antes do in\u00edcio do Carnaval, a Distribuidora intensificou a\u00e7\u00f5es de manuten\u00e7\u00e3o preventiva, incluindo:<br \/>\u2022 Inspe\u00e7\u00e3o pr\u00e9via das redes el\u00e9tricas;<br \/>\u2022 Lavagem de componentes das subesta\u00e7\u00f5es e redes de distribui\u00e7\u00e3o;<br \/>\u2022 Substitui\u00e7\u00e3o de isoladores e instala\u00e7\u00e3o de espa\u00e7adores;<br \/>\u2022 Poda de \u00e1rvores pr\u00f3ximas a\u0300 rede el\u00e9trica, minimizando os impactos do per\u00edodo chuvoso.<\/p>\n\n<div class=\"wp-block-image\">\n<figure class=\"aligncenter size-large\"><a href=\"https:\/\/www.blogsoestado.com\/danielmatos\/files\/2025\/02\/1001743873.jpg\"><img decoding=\"async\" width=\"518\" height=\"591\" class=\"wp-image-140410\" src=\"https:\/\/www.blogsoestado.com\/danielmatos\/files\/2025\/02\/1001743873.jpg\" alt=\"\" srcset=\"https:\/\/www.blogsoestado.com\/danielmatos\/wp-content\/uploads\/sites\/2\/2025\/02\/1001743873.jpg 518w, https:\/\/www.blogsoestado.com\/danielmatos\/wp-content\/uploads\/sites\/2\/2025\/02\/1001743873-263x300.jpg 263w\" sizes=\"(max-width: 518px) 100vw, 518px\" \/><\/a>\n<figcaption>O plano foi desenhado para garantir r\u00e1pida resposta em caso de ocorr\u00eancias<\/figcaption>\n<\/figure>\n<\/div>\n\n<p><strong>Aten\u00e7\u00e3o ao tr\u00e2nsito: <\/strong>evite acidentes com a rede el\u00e9trica<br \/>A Equatorial Maranh\u00e3o refor\u00e7a a import\u00e2ncia da dire\u00e7\u00e3o segura para evitar colis\u00f5es com postes, que podem causar interrup\u00e7\u00f5es no fornecimento de energia. Em caso de acidentes envolvendo a rede el\u00e9trica, a orienta\u00e7\u00e3o e\u0301:<br \/>\u2022 N\u00e3o se aproximar de fios ca\u00eddos ou postes danificados;<br \/>\u2022 Entrar em contato com a Equatorial Maranh\u00e3o pelo 116;<br \/>\u2022 Acionar o Corpo de Bombeiros (193) ou o SAMU (192) para socorrer \u00e0s v\u00edtimas.<\/p>\n\n<p><strong>Atendimento 24h para emerg\u00eancias<\/strong><\/p>\n\n<p>Durante o Carnaval, a Equatorial Maranh\u00e3o manter\u00e1 atendimento 24 horas via WhatsApp (98) 2055-0116, com a assistente virtual Clara, al\u00e9m da Central 116 (liga\u00e7\u00e3o gratuita). Os pontos de atendimento presenciais estar\u00e3o fechados nos dias 03 e 04 de mar\u00e7o, retornando no dia 05, a partir das 13h.<\/p>\n\t\t\t\t\t\t\t\t<\/div>\n\t\t\t\t\t<\/div>\n\t\t\t\t<\/div>\n\t\t\t\t<\/div>\n\t\t","protected":false},"excerpt":{"rendered":"<p>Para garantir que a festa e o descanso dos maranhenses ocorram com seguran\u00e7a e sem interrup\u00e7\u00f5es no fornecimento de energia, [&hellip;]<\/p>\n","protected":false},"author":2,"featured_media":0,"comment_status":"open","ping_status":"open","sticky":false,"template":"","format":"standard","meta":{"site-sidebar-layout":"default","site-content-layout":"","ast-site-content-layout":"default","site-content-style":"default","site-sidebar-style":"default","ast-global-header-display":"","ast-banner-title-visibility":"","ast-main-header-display":"","ast-hfb-above-header-display":"","ast-hfb-below-header-display":"","ast-hfb-mobile-header-display":"","site-post-title":"","ast-breadcrumbs-content":"","ast-featured-img":"","footer-sml-layout":"","ast-disable-related-posts":"","theme-transparent-header-meta":"","adv-header-id-meta":"","stick-header-meta":"","header-above-stick-meta":"","header-main-stick-meta":"","header-below-stick-meta":"","astra-migrate-meta-layouts":"default","ast-page-background-enabled":"default","ast-page-background-meta":{"desktop":{"background-color":"var(--ast-global-color-5)","background-image":"","background-repeat":"repeat","background-position":"center center","background-size":"auto","background-attachment":"scroll","background-type":"","background-media":"","overlay-type":"","overlay-color":"","overlay-opacity":"","overlay-gradient":""},"tablet":{"background-color":"","background-image":"","background-repeat":"repeat","background-position":"center center","background-size":"auto","background-attachment":"scroll","background-type":"","background-media":"","overlay-type":"","overlay-color":"","overlay-opacity":"","overlay-gradient":""},"mobile":{"background-color":"","background-image":"","background-repeat":"repeat","background-position":"center center","background-size":"auto","background-attachment":"scroll","background-type":"","background-media":"","overlay-type":"","overlay-color":"","overlay-opacity":"","overlay-gradient":""}},"ast-content-background-meta":{"desktop":{"background-color":"var(--ast-global-color-4)","background-image":"","background-repeat":"repeat","background-position":"center center","background-size":"auto","background-attachment":"scroll","background-type":"","background-media":"","overlay-type":"","overlay-color":"","overlay-opacity":"","overlay-gradient":""},"tablet":{"background-color":"var(--ast-global-color-4)","background-image":"","background-repeat":"repeat","background-position":"center center","background-size":"auto","background-attachment":"scroll","background-type":"","background-media":"","overlay-type":"","overlay-color":"","overlay-opacity":"","overlay-gradient":""},"mobile":{"background-color":"var(--ast-global-color-4)","background-image":"","background-repeat":"repeat","background-position":"center center","background-size":"auto","background-attachment":"scroll","background-type":"","background-media":"","overlay-type":"","overlay-color":"","overlay-opacity":"","overlay-gradient":""}},"footnotes":""},"categories":[1],"tags":[],"class_list":["post-140407","post","type-post","status-publish","format-standard","hentry","category-sem-categoria"],"yoast_head":"<!-- This site is optimized with the Yoast SEO plugin v26.6 - https:\/\/yoast.com\/wordpress\/plugins\/seo\/ -->\n<title>Equatorial Maranh\u00e3o elabora Plano Operacional para assegurar fornecimento de energia durante o Carnaval - Daniel Matos<\/title>\n<meta name=\"robots\" content=\"index, follow, max-snippet:-1, max-image-preview:large, max-video-preview:-1\" \/>\n<link rel=\"canonical\" href=\"https:\/\/www.blogsoestado.com\/danielmatos\/equatorial-maranhao-elabora-plano-operacional-para-assegurar-fornecimento-de-energia-durante-o-carnaval\/\" \/>\n<meta property=\"og:locale\" content=\"pt_BR\" \/>\n<meta property=\"og:type\" content=\"article\" \/>\n<meta property=\"og:title\" content=\"Equatorial Maranh\u00e3o elabora Plano Operacional para assegurar fornecimento de energia durante o Carnaval - Daniel Matos\" \/>\n<meta property=\"og:description\" content=\"Para garantir que a festa e o descanso dos maranhenses ocorram com seguran\u00e7a e sem interrup\u00e7\u00f5es no fornecimento de energia, [&hellip;]\" \/>\n<meta property=\"og:url\" content=\"https:\/\/www.blogsoestado.com\/danielmatos\/equatorial-maranhao-elabora-plano-operacional-para-assegurar-fornecimento-de-energia-durante-o-carnaval\/\" \/>\n<meta property=\"og:site_name\" content=\"Daniel Matos\" \/>\n<meta property=\"article:published_time\" content=\"2025-02-27T23:25:28+00:00\" \/>\n<meta property=\"article:modified_time\" content=\"2025-04-15T18:19:05+00:00\" \/>\n<meta property=\"og:image\" content=\"https:\/\/www.blogsoestado.com\/danielmatos\/files\/2025\/02\/1001743871.jpg\" \/>\n<meta name=\"author\" content=\"Daniel Matos\" \/>\n<meta name=\"twitter:card\" content=\"summary_large_image\" \/>\n<meta name=\"twitter:label1\" content=\"Escrito por\" \/>\n\t<meta name=\"twitter:data1\" content=\"Daniel Matos\" \/>\n\t<meta name=\"twitter:label2\" content=\"Est. tempo de leitura\" \/>\n\t<meta name=\"twitter:data2\" content=\"3 minutos\" \/>\n<script type=\"application\/ld+json\" class=\"yoast-schema-graph\">{\"@context\":\"https:\/\/schema.org\",\"@graph\":[{\"@type\":\"WebPage\",\"@id\":\"https:\/\/www.blogsoestado.com\/danielmatos\/equatorial-maranhao-elabora-plano-operacional-para-assegurar-fornecimento-de-energia-durante-o-carnaval\/\",\"url\":\"https:\/\/www.blogsoestado.com\/danielmatos\/equatorial-maranhao-elabora-plano-operacional-para-assegurar-fornecimento-de-energia-durante-o-carnaval\/\",\"name\":\"Equatorial Maranh\u00e3o elabora Plano Operacional para assegurar fornecimento de energia durante o Carnaval - Daniel Matos\",\"isPartOf\":{\"@id\":\"https:\/\/www.blogsoestado.com\/danielmatos\/#website\"},\"primaryImageOfPage\":{\"@id\":\"https:\/\/www.blogsoestado.com\/danielmatos\/equatorial-maranhao-elabora-plano-operacional-para-assegurar-fornecimento-de-energia-durante-o-carnaval\/#primaryimage\"},\"image\":{\"@id\":\"https:\/\/www.blogsoestado.com\/danielmatos\/equatorial-maranhao-elabora-plano-operacional-para-assegurar-fornecimento-de-energia-durante-o-carnaval\/#primaryimage\"},\"thumbnailUrl\":\"https:\/\/www.blogsoestado.com\/danielmatos\/files\/2025\/02\/1001743871.jpg\",\"datePublished\":\"2025-02-27T23:25:28+00:00\",\"dateModified\":\"2025-04-15T18:19:05+00:00\",\"author\":{\"@id\":\"https:\/\/www.blogsoestado.com\/danielmatos\/#\/schema\/person\/9a209d407cd45631f131e1285b661bb0\"},\"breadcrumb\":{\"@id\":\"https:\/\/www.blogsoestado.com\/danielmatos\/equatorial-maranhao-elabora-plano-operacional-para-assegurar-fornecimento-de-energia-durante-o-carnaval\/#breadcrumb\"},\"inLanguage\":\"pt-BR\",\"potentialAction\":[{\"@type\":\"ReadAction\",\"target\":[\"https:\/\/www.blogsoestado.com\/danielmatos\/equatorial-maranhao-elabora-plano-operacional-para-assegurar-fornecimento-de-energia-durante-o-carnaval\/\"]}]},{\"@type\":\"ImageObject\",\"inLanguage\":\"pt-BR\",\"@id\":\"https:\/\/www.blogsoestado.com\/danielmatos\/equatorial-maranhao-elabora-plano-operacional-para-assegurar-fornecimento-de-energia-durante-o-carnaval\/#primaryimage\",\"url\":\"https:\/\/www.blogsoestado.com\/danielmatos\/files\/2025\/02\/1001743871.jpg\",\"contentUrl\":\"https:\/\/www.blogsoestado.com\/danielmatos\/files\/2025\/02\/1001743871.jpg\"},{\"@type\":\"BreadcrumbList\",\"@id\":\"https:\/\/www.blogsoestado.com\/danielmatos\/equatorial-maranhao-elabora-plano-operacional-para-assegurar-fornecimento-de-energia-durante-o-carnaval\/#breadcrumb\",\"itemListElement\":[{\"@type\":\"ListItem\",\"position\":1,\"name\":\"In\u00edcio\",\"item\":\"https:\/\/www.blogsoestado.com\/danielmatos\/\"},{\"@type\":\"ListItem\",\"position\":2,\"name\":\"Equatorial Maranh\u00e3o elabora Plano Operacional para assegurar fornecimento de energia durante o Carnaval\"}]},{\"@type\":\"WebSite\",\"@id\":\"https:\/\/www.blogsoestado.com\/danielmatos\/#website\",\"url\":\"https:\/\/www.blogsoestado.com\/danielmatos\/\",\"name\":\"Daniel Matos\",\"description\":\"\",\"potentialAction\":[{\"@type\":\"SearchAction\",\"target\":{\"@type\":\"EntryPoint\",\"urlTemplate\":\"https:\/\/www.blogsoestado.com\/danielmatos\/?s={search_term_string}\"},\"query-input\":{\"@type\":\"PropertyValueSpecification\",\"valueRequired\":true,\"valueName\":\"search_term_string\"}}],\"inLanguage\":\"pt-BR\"},{\"@type\":\"Person\",\"@id\":\"https:\/\/www.blogsoestado.com\/danielmatos\/#\/schema\/person\/9a209d407cd45631f131e1285b661bb0\",\"name\":\"Daniel Matos\",\"image\":{\"@type\":\"ImageObject\",\"inLanguage\":\"pt-BR\",\"@id\":\"https:\/\/www.blogsoestado.com\/danielmatos\/#\/schema\/person\/image\/\",\"url\":\"https:\/\/secure.gravatar.com\/avatar\/2f26c36ee355da19a257f0dfef43952a2588b324ca35d6719e859fe338ac0392?s=96&d=mm&r=g\",\"contentUrl\":\"https:\/\/secure.gravatar.com\/avatar\/2f26c36ee355da19a257f0dfef43952a2588b324ca35d6719e859fe338ac0392?s=96&d=mm&r=g\",\"caption\":\"Daniel Matos\"},\"url\":\"https:\/\/www.blogsoestado.com\/danielmatos\/author\/danielmatos\/\"}]}<\/script>\n<!-- \/ Yoast SEO plugin. -->","yoast_head_json":{"title":"Equatorial Maranh\u00e3o elabora Plano Operacional para assegurar fornecimento de energia durante o Carnaval - Daniel Matos","robots":{"index":"index","follow":"follow","max-snippet":"max-snippet:-1","max-image-preview":"max-image-preview:large","max-video-preview":"max-video-preview:-1"},"canonical":"https:\/\/www.blogsoestado.com\/danielmatos\/equatorial-maranhao-elabora-plano-operacional-para-assegurar-fornecimento-de-energia-durante-o-carnaval\/","og_locale":"pt_BR","og_type":"article","og_title":"Equatorial Maranh\u00e3o elabora Plano Operacional para assegurar fornecimento de energia durante o Carnaval - Daniel Matos","og_description":"Para garantir que a festa e o descanso dos maranhenses ocorram com seguran\u00e7a e sem interrup\u00e7\u00f5es no fornecimento de energia, [&hellip;]","og_url":"https:\/\/www.blogsoestado.com\/danielmatos\/equatorial-maranhao-elabora-plano-operacional-para-assegurar-fornecimento-de-energia-durante-o-carnaval\/","og_site_name":"Daniel Matos","article_published_time":"2025-02-27T23:25:28+00:00","article_modified_time":"2025-04-15T18:19:05+00:00","og_image":[{"url":"https:\/\/www.blogsoestado.com\/danielmatos\/files\/2025\/02\/1001743871.jpg","type":"","width":"","height":""}],"author":"Daniel Matos","twitter_card":"summary_large_image","twitter_misc":{"Escrito por":"Daniel Matos","Est. tempo de leitura":"3 minutos"},"schema":{"@context":"https:\/\/schema.org","@graph":[{"@type":"WebPage","@id":"https:\/\/www.blogsoestado.com\/danielmatos\/equatorial-maranhao-elabora-plano-operacional-para-assegurar-fornecimento-de-energia-durante-o-carnaval\/","url":"https:\/\/www.blogsoestado.com\/danielmatos\/equatorial-maranhao-elabora-plano-operacional-para-assegurar-fornecimento-de-energia-durante-o-carnaval\/","name":"Equatorial Maranh\u00e3o elabora Plano Operacional para assegurar fornecimento de energia durante o Carnaval - Daniel Matos","isPartOf":{"@id":"https:\/\/www.blogsoestado.com\/danielmatos\/#website"},"primaryImageOfPage":{"@id":"https:\/\/www.blogsoestado.com\/danielmatos\/equatorial-maranhao-elabora-plano-operacional-para-assegurar-fornecimento-de-energia-durante-o-carnaval\/#primaryimage"},"image":{"@id":"https:\/\/www.blogsoestado.com\/danielmatos\/equatorial-maranhao-elabora-plano-operacional-para-assegurar-fornecimento-de-energia-durante-o-carnaval\/#primaryimage"},"thumbnailUrl":"https:\/\/www.blogsoestado.com\/danielmatos\/files\/2025\/02\/1001743871.jpg","datePublished":"2025-02-27T23:25:28+00:00","dateModified":"2025-04-15T18:19:05+00:00","author":{"@id":"https:\/\/www.blogsoestado.com\/danielmatos\/#\/schema\/person\/9a209d407cd45631f131e1285b661bb0"},"breadcrumb":{"@id":"https:\/\/www.blogsoestado.com\/danielmatos\/equatorial-maranhao-elabora-plano-operacional-para-assegurar-fornecimento-de-energia-durante-o-carnaval\/#breadcrumb"},"inLanguage":"pt-BR","potentialAction":[{"@type":"ReadAction","target":["https:\/\/www.blogsoestado.com\/danielmatos\/equatorial-maranhao-elabora-plano-operacional-para-assegurar-fornecimento-de-energia-durante-o-carnaval\/"]}]},{"@type":"ImageObject","inLanguage":"pt-BR","@id":"https:\/\/www.blogsoestado.com\/danielmatos\/equatorial-maranhao-elabora-plano-operacional-para-assegurar-fornecimento-de-energia-durante-o-carnaval\/#primaryimage","url":"https:\/\/www.blogsoestado.com\/danielmatos\/files\/2025\/02\/1001743871.jpg","contentUrl":"https:\/\/www.blogsoestado.com\/danielmatos\/files\/2025\/02\/1001743871.jpg"},{"@type":"BreadcrumbList","@id":"https:\/\/www.blogsoestado.com\/danielmatos\/equatorial-maranhao-elabora-plano-operacional-para-assegurar-fornecimento-de-energia-durante-o-carnaval\/#breadcrumb","itemListElement":[{"@type":"ListItem","position":1,"name":"In\u00edcio","item":"https:\/\/www.blogsoestado.com\/danielmatos\/"},{"@type":"ListItem","position":2,"name":"Equatorial Maranh\u00e3o elabora Plano Operacional para assegurar fornecimento de energia durante o Carnaval"}]},{"@type":"WebSite","@id":"https:\/\/www.blogsoestado.com\/danielmatos\/#website","url":"https:\/\/www.blogsoestado.com\/danielmatos\/","name":"Daniel Matos","description":"","potentialAction":[{"@type":"SearchAction","target":{"@type":"EntryPoint","urlTemplate":"https:\/\/www.blogsoestado.com\/danielmatos\/?s={search_term_string}"},"query-input":{"@type":"PropertyValueSpecification","valueRequired":true,"valueName":"search_term_string"}}],"inLanguage":"pt-BR"},{"@type":"Person","@id":"https:\/\/www.blogsoestado.com\/danielmatos\/#\/schema\/person\/9a209d407cd45631f131e1285b661bb0","name":"Daniel Matos","image":{"@type":"ImageObject","inLanguage":"pt-BR","@id":"https:\/\/www.blogsoestado.com\/danielmatos\/#\/schema\/person\/image\/","url":"https:\/\/secure.gravatar.com\/avatar\/2f26c36ee355da19a257f0dfef43952a2588b324ca35d6719e859fe338ac0392?s=96&d=mm&r=g","contentUrl":"https:\/\/secure.gravatar.com\/avatar\/2f26c36ee355da19a257f0dfef43952a2588b324ca35d6719e859fe338ac0392?s=96&d=mm&r=g","caption":"Daniel Matos"},"url":"https:\/\/www.blogsoestado.com\/danielmatos\/author\/danielmatos\/"}]}},"jetpack_featured_media_url":"","_links":{"self":[{"href":"https:\/\/www.blogsoestado.com\/danielmatos\/wp-json\/wp\/v2\/posts\/140407","targetHints":{"allow":["GET"]}}],"collection":[{"href":"https:\/\/www.blogsoestado.com\/danielmatos\/wp-json\/wp\/v2\/posts"}],"about":[{"href":"https:\/\/www.blogsoestado.com\/danielmatos\/wp-json\/wp\/v2\/types\/post"}],"author":[{"embeddable":true,"href":"https:\/\/www.blogsoestado.com\/danielmatos\/wp-json\/wp\/v2\/users\/2"}],"replies":[{"embeddable":true,"href":"https:\/\/www.blogsoestado.com\/danielmatos\/wp-json\/wp\/v2\/comments?post=140407"}],"version-history":[{"count":7,"href":"https:\/\/www.blogsoestado.com\/danielmatos\/wp-json\/wp\/v2\/posts\/140407\/revisions"}],"predecessor-version":[{"id":140903,"href":"https:\/\/www.blogsoestado.com\/danielmatos\/wp-json\/wp\/v2\/posts\/140407\/revisions\/140903"}],"wp:attachment":[{"href":"https:\/\/www.blogsoestado.com\/danielmatos\/wp-json\/wp\/v2\/media?parent=140407"}],"wp:term":[{"taxonomy":"category","embeddable":true,"href":"https:\/\/www.blogsoestado.com\/danielmatos\/wp-json\/wp\/v2\/categories?post=140407"},{"taxonomy":"post_tag","embeddable":true,"href":"https:\/\/www.blogsoestado.com\/danielmatos\/wp-json\/wp\/v2\/tags?post=140407"}],"curies":[{"name":"wp","href":"https:\/\/api.w.org\/{rel}","templated":true}]}}