{"id":141364,"date":"2025-03-24T13:57:37","date_gmt":"2025-03-24T16:57:37","guid":{"rendered":"https:\/\/www.blogsoestado.com\/danielmatos\/?p=141364"},"modified":"2025-03-24T13:57:37","modified_gmt":"2025-03-24T16:57:37","slug":"prf-flagra-caminhoneiro-com-anfetaminas-e-cocaina-em-rodovia-federal-no-maranhao","status":"publish","type":"post","link":"https:\/\/www.blogsoestado.com\/danielmatos\/prf-flagra-caminhoneiro-com-anfetaminas-e-cocaina-em-rodovia-federal-no-maranhao\/","title":{"rendered":"PRF flagra caminhoneiro com anfetaminas e coca\u00edna em rodovia federal no Maranh\u00e3o"},"content":{"rendered":"\n<div class=\"wp-block-image\"><figure class=\"aligncenter size-large\"><a href=\"https:\/\/www.blogsoestado.com\/danielmatos\/wp-content\/uploads\/sites\/2\/2025\/03\/1001909615.png\"><img fetchpriority=\"high\" decoding=\"async\" width=\"768\" height=\"432\" src=\"https:\/\/www.blogsoestado.com\/danielmatos\/wp-content\/uploads\/sites\/2\/2025\/03\/1001909615.png\" alt=\"\" class=\"wp-image-141365\" srcset=\"https:\/\/www.blogsoestado.com\/danielmatos\/wp-content\/uploads\/sites\/2\/2025\/03\/1001909615.png 768w, https:\/\/www.blogsoestado.com\/danielmatos\/wp-content\/uploads\/sites\/2\/2025\/03\/1001909615-300x169.png 300w\" sizes=\"(max-width: 768px) 100vw, 768px\" \/><\/a><figcaption>Caminhoneiro tinha no bolso duas cartelas contendo 30 comprimidos de anfetamina do tipo Nob\u00e9sio Extra Forte, al\u00e9m de dois papelotes com subst\u00e2ncia an\u00e1loga \u00e0 coca\u00edna<\/figcaption><\/figure><\/div>\n\n\n\n<p>A Pol\u00edcia Rodovi\u00e1ria Federal (PRF) abordou, no \u00faltimo s\u00e1bado (22), um caminhoneiro transportando subst\u00e2ncias entorpecentes na BR-010, no munic\u00edpio de Porto Franco (MA). A fiscaliza\u00e7\u00e3o ocorreu por volta das 17h, no km 156 da rodovia, quando a equipe deu ordem de parada a um ve\u00edculo tracionando um semi reboque, com placas do\u00a0Maranh\u00e3o.<\/p>\n\n\n\n<p>Durante a abordagem, foi solicitado ao condutor, um homem de 28 anos, a apresenta\u00e7\u00e3o do disco do tac\u00f3grafo. A an\u00e1lise do equipamento revelou irregularidades em rela\u00e7\u00e3o ao tempo de descanso obrigat\u00f3rio para motoristas profissionais de ve\u00edculos de carga, conforme determinam as resolu\u00e7\u00f5es 525\/15 e 985\/22 do Conselho Nacional de Tr\u00e2nsito (CONTRAN).<\/p>\n\n\n\n<p>No decorrer da fiscaliza\u00e7\u00e3o, a equipe realizou uma busca pessoal no condutor e encontrou em seu bolso duas cartelas contendo 30 comprimidos de anfetamina do tipo Nob\u00e9sio Extra Forte, al\u00e9m de dois papelotes com subst\u00e2ncia an\u00e1loga \u00e0 coca\u00edna, totalizando aproximadamente 0,5 gramas da subst\u00e2ncia entorpecente.&nbsp;<\/p>\n\n\n\n<p>Questionado sobre a origem e o uso das subst\u00e2ncias, o motorista afirmou ter adquirido o material nas proximidades de um posto de combust\u00edvel na BR-010. Ele relatou que utilizava os estimulantes para se manter acordado por mais tempo e reduzir o cansa\u00e7o durante as viagens de transporte de gado.<\/p>\n\n\n\n<p>A anfetamina \u00e9 um tipo de subst\u00e2ncia psicoativa que afeta o sistema nervoso central. Ela \u00e9 conhecida por sua capacidade de inibir o sono, dando uma falsa sensa\u00e7\u00e3o de diminui\u00e7\u00e3o da fadiga, uma caracter\u00edstica que tem levado alguns motoristas a fazer uso indevido dessa subst\u00e2ncia para prolongar suas viagens. No entanto, o uso da anfetamina \u00e9 expressamente proibido pela Ag\u00eancia Nacional de Vigil\u00e2ncia Sanit\u00e1ria (ANVISA) devido aos graves riscos \u00e0 sa\u00fade e aos perigos associados \u00e0 condu\u00e7\u00e3o sob a influ\u00eancia dessa subst\u00e2ncia nociva, que v\u00e3o de preju\u00edzos \u00e0 coordena\u00e7\u00e3o motora e redu\u00e7\u00e3o da capacidade de julgamento at\u00e9 alucina\u00e7\u00f5es. A importa\u00e7\u00e3o e comercializa\u00e7\u00e3o dessa substancia \u00e9 ilegal no Brasil.<\/p>\n\n\n\n<p>Diante dos fatos, foi lavrado um Termo Circunstanciado de Ocorr\u00eancia (TCO) pelo porte de subst\u00e2ncia entorpecente para consumo pessoal, conforme previsto no artigo 28 da Lei 11.343\/06. Al\u00e9m disso, foi determinado que ele cumprisse um per\u00edodo de descanso de 11 horas ininterruptas antes de prosseguir viagem.<\/p>\n","protected":false},"excerpt":{"rendered":"<p>A Pol\u00edcia Rodovi\u00e1ria Federal (PRF) abordou, no \u00faltimo s\u00e1bado (22), um caminhoneiro transportando subst\u00e2ncias entorpecentes na BR-010, no munic\u00edpio de [&hellip;]<\/p>\n","protected":false},"author":2,"featured_media":0,"comment_status":"open","ping_status":"open","sticky":false,"template":"","format":"standard","meta":{"site-sidebar-layout":"default","site-content-layout":"","ast-site-content-layout":"default","site-content-style":"default","site-sidebar-style":"default","ast-global-header-display":"","ast-banner-title-visibility":"","ast-main-header-display":"","ast-hfb-above-header-display":"","ast-hfb-below-header-display":"","ast-hfb-mobile-header-display":"","site-post-title":"","ast-breadcrumbs-content":"","ast-featured-img":"","footer-sml-layout":"","ast-disable-related-posts":"","theme-transparent-header-meta":"","adv-header-id-meta":"","stick-header-meta":"","header-above-stick-meta":"","header-main-stick-meta":"","header-below-stick-meta":"","astra-migrate-meta-layouts":"default","ast-page-background-enabled":"default","ast-page-background-meta":{"desktop":{"background-color":"var(--ast-global-color-5)","background-image":"","background-repeat":"repeat","background-position":"center center","background-size":"auto","background-attachment":"scroll","background-type":"","background-media":"","overlay-type":"","overlay-color":"","overlay-opacity":"","overlay-gradient":""},"tablet":{"background-color":"","background-image":"","background-repeat":"repeat","background-position":"center center","background-size":"auto","background-attachment":"scroll","background-type":"","background-media":"","overlay-type":"","overlay-color":"","overlay-opacity":"","overlay-gradient":""},"mobile":{"background-color":"","background-image":"","background-repeat":"repeat","background-position":"center center","background-size":"auto","background-attachment":"scroll","background-type":"","background-media":"","overlay-type":"","overlay-color":"","overlay-opacity":"","overlay-gradient":""}},"ast-content-background-meta":{"desktop":{"background-color":"var(--ast-global-color-4)","background-image":"","background-repeat":"repeat","background-position":"center center","background-size":"auto","background-attachment":"scroll","background-type":"","background-media":"","overlay-type":"","overlay-color":"","overlay-opacity":"","overlay-gradient":""},"tablet":{"background-color":"var(--ast-global-color-4)","background-image":"","background-repeat":"repeat","background-position":"center center","background-size":"auto","background-attachment":"scroll","background-type":"","background-media":"","overlay-type":"","overlay-color":"","overlay-opacity":"","overlay-gradient":""},"mobile":{"background-color":"var(--ast-global-color-4)","background-image":"","background-repeat":"repeat","background-position":"center center","background-size":"auto","background-attachment":"scroll","background-type":"","background-media":"","overlay-type":"","overlay-color":"","overlay-opacity":"","overlay-gradient":""}},"footnotes":""},"categories":[1],"tags":[],"class_list":["post-141364","post","type-post","status-publish","format-standard","hentry","category-sem-categoria"],"yoast_head":"<!-- This site is optimized with the Yoast SEO plugin v26.6 - https:\/\/yoast.com\/wordpress\/plugins\/seo\/ -->\n<title>PRF flagra caminhoneiro com anfetaminas e coca\u00edna em rodovia federal no Maranh\u00e3o - Daniel Matos<\/title>\n<meta name=\"robots\" content=\"index, follow, max-snippet:-1, max-image-preview:large, max-video-preview:-1\" \/>\n<link rel=\"canonical\" href=\"https:\/\/www.blogsoestado.com\/danielmatos\/prf-flagra-caminhoneiro-com-anfetaminas-e-cocaina-em-rodovia-federal-no-maranhao\/\" \/>\n<meta property=\"og:locale\" content=\"pt_BR\" \/>\n<meta property=\"og:type\" content=\"article\" \/>\n<meta property=\"og:title\" content=\"PRF flagra caminhoneiro com anfetaminas e coca\u00edna em rodovia federal no Maranh\u00e3o - Daniel Matos\" \/>\n<meta property=\"og:description\" content=\"A Pol\u00edcia Rodovi\u00e1ria Federal (PRF) abordou, no \u00faltimo s\u00e1bado (22), um caminhoneiro transportando subst\u00e2ncias entorpecentes na BR-010, no munic\u00edpio de [&hellip;]\" \/>\n<meta property=\"og:url\" content=\"https:\/\/www.blogsoestado.com\/danielmatos\/prf-flagra-caminhoneiro-com-anfetaminas-e-cocaina-em-rodovia-federal-no-maranhao\/\" \/>\n<meta property=\"og:site_name\" content=\"Daniel Matos\" \/>\n<meta property=\"article:published_time\" content=\"2025-03-24T16:57:37+00:00\" \/>\n<meta property=\"og:image\" content=\"https:\/\/www.blogsoestado.com\/danielmatos\/wp-content\/uploads\/sites\/2\/2025\/03\/1001909615.png\" \/>\n<meta name=\"author\" content=\"Daniel Matos\" \/>\n<meta name=\"twitter:card\" content=\"summary_large_image\" \/>\n<meta name=\"twitter:label1\" content=\"Escrito por\" \/>\n\t<meta name=\"twitter:data1\" content=\"Daniel Matos\" \/>\n\t<meta name=\"twitter:label2\" content=\"Est. tempo de leitura\" \/>\n\t<meta name=\"twitter:data2\" content=\"2 minutos\" \/>\n<script type=\"application\/ld+json\" class=\"yoast-schema-graph\">{\"@context\":\"https:\/\/schema.org\",\"@graph\":[{\"@type\":\"WebPage\",\"@id\":\"https:\/\/www.blogsoestado.com\/danielmatos\/prf-flagra-caminhoneiro-com-anfetaminas-e-cocaina-em-rodovia-federal-no-maranhao\/\",\"url\":\"https:\/\/www.blogsoestado.com\/danielmatos\/prf-flagra-caminhoneiro-com-anfetaminas-e-cocaina-em-rodovia-federal-no-maranhao\/\",\"name\":\"PRF flagra caminhoneiro com anfetaminas e coca\u00edna em rodovia federal no Maranh\u00e3o - Daniel Matos\",\"isPartOf\":{\"@id\":\"https:\/\/www.blogsoestado.com\/danielmatos\/#website\"},\"primaryImageOfPage\":{\"@id\":\"https:\/\/www.blogsoestado.com\/danielmatos\/prf-flagra-caminhoneiro-com-anfetaminas-e-cocaina-em-rodovia-federal-no-maranhao\/#primaryimage\"},\"image\":{\"@id\":\"https:\/\/www.blogsoestado.com\/danielmatos\/prf-flagra-caminhoneiro-com-anfetaminas-e-cocaina-em-rodovia-federal-no-maranhao\/#primaryimage\"},\"thumbnailUrl\":\"https:\/\/www.blogsoestado.com\/danielmatos\/wp-content\/uploads\/sites\/2\/2025\/03\/1001909615.png\",\"datePublished\":\"2025-03-24T16:57:37+00:00\",\"author\":{\"@id\":\"https:\/\/www.blogsoestado.com\/danielmatos\/#\/schema\/person\/9a209d407cd45631f131e1285b661bb0\"},\"breadcrumb\":{\"@id\":\"https:\/\/www.blogsoestado.com\/danielmatos\/prf-flagra-caminhoneiro-com-anfetaminas-e-cocaina-em-rodovia-federal-no-maranhao\/#breadcrumb\"},\"inLanguage\":\"pt-BR\",\"potentialAction\":[{\"@type\":\"ReadAction\",\"target\":[\"https:\/\/www.blogsoestado.com\/danielmatos\/prf-flagra-caminhoneiro-com-anfetaminas-e-cocaina-em-rodovia-federal-no-maranhao\/\"]}]},{\"@type\":\"ImageObject\",\"inLanguage\":\"pt-BR\",\"@id\":\"https:\/\/www.blogsoestado.com\/danielmatos\/prf-flagra-caminhoneiro-com-anfetaminas-e-cocaina-em-rodovia-federal-no-maranhao\/#primaryimage\",\"url\":\"https:\/\/www.blogsoestado.com\/danielmatos\/wp-content\/uploads\/sites\/2\/2025\/03\/1001909615.png\",\"contentUrl\":\"https:\/\/www.blogsoestado.com\/danielmatos\/wp-content\/uploads\/sites\/2\/2025\/03\/1001909615.png\"},{\"@type\":\"BreadcrumbList\",\"@id\":\"https:\/\/www.blogsoestado.com\/danielmatos\/prf-flagra-caminhoneiro-com-anfetaminas-e-cocaina-em-rodovia-federal-no-maranhao\/#breadcrumb\",\"itemListElement\":[{\"@type\":\"ListItem\",\"position\":1,\"name\":\"In\u00edcio\",\"item\":\"https:\/\/www.blogsoestado.com\/danielmatos\/\"},{\"@type\":\"ListItem\",\"position\":2,\"name\":\"PRF flagra caminhoneiro com anfetaminas e coca\u00edna em rodovia federal no Maranh\u00e3o\"}]},{\"@type\":\"WebSite\",\"@id\":\"https:\/\/www.blogsoestado.com\/danielmatos\/#website\",\"url\":\"https:\/\/www.blogsoestado.com\/danielmatos\/\",\"name\":\"Daniel Matos\",\"description\":\"\",\"potentialAction\":[{\"@type\":\"SearchAction\",\"target\":{\"@type\":\"EntryPoint\",\"urlTemplate\":\"https:\/\/www.blogsoestado.com\/danielmatos\/?s={search_term_string}\"},\"query-input\":{\"@type\":\"PropertyValueSpecification\",\"valueRequired\":true,\"valueName\":\"search_term_string\"}}],\"inLanguage\":\"pt-BR\"},{\"@type\":\"Person\",\"@id\":\"https:\/\/www.blogsoestado.com\/danielmatos\/#\/schema\/person\/9a209d407cd45631f131e1285b661bb0\",\"name\":\"Daniel Matos\",\"image\":{\"@type\":\"ImageObject\",\"inLanguage\":\"pt-BR\",\"@id\":\"https:\/\/www.blogsoestado.com\/danielmatos\/#\/schema\/person\/image\/\",\"url\":\"https:\/\/secure.gravatar.com\/avatar\/2f26c36ee355da19a257f0dfef43952a2588b324ca35d6719e859fe338ac0392?s=96&d=mm&r=g\",\"contentUrl\":\"https:\/\/secure.gravatar.com\/avatar\/2f26c36ee355da19a257f0dfef43952a2588b324ca35d6719e859fe338ac0392?s=96&d=mm&r=g\",\"caption\":\"Daniel Matos\"},\"url\":\"https:\/\/www.blogsoestado.com\/danielmatos\/author\/danielmatos\/\"}]}<\/script>\n<!-- \/ Yoast SEO plugin. -->","yoast_head_json":{"title":"PRF flagra caminhoneiro com anfetaminas e coca\u00edna em rodovia federal no Maranh\u00e3o - Daniel Matos","robots":{"index":"index","follow":"follow","max-snippet":"max-snippet:-1","max-image-preview":"max-image-preview:large","max-video-preview":"max-video-preview:-1"},"canonical":"https:\/\/www.blogsoestado.com\/danielmatos\/prf-flagra-caminhoneiro-com-anfetaminas-e-cocaina-em-rodovia-federal-no-maranhao\/","og_locale":"pt_BR","og_type":"article","og_title":"PRF flagra caminhoneiro com anfetaminas e coca\u00edna em rodovia federal no Maranh\u00e3o - Daniel Matos","og_description":"A Pol\u00edcia Rodovi\u00e1ria Federal (PRF) abordou, no \u00faltimo s\u00e1bado (22), um caminhoneiro transportando subst\u00e2ncias entorpecentes na BR-010, no munic\u00edpio de [&hellip;]","og_url":"https:\/\/www.blogsoestado.com\/danielmatos\/prf-flagra-caminhoneiro-com-anfetaminas-e-cocaina-em-rodovia-federal-no-maranhao\/","og_site_name":"Daniel Matos","article_published_time":"2025-03-24T16:57:37+00:00","og_image":[{"url":"https:\/\/www.blogsoestado.com\/danielmatos\/wp-content\/uploads\/sites\/2\/2025\/03\/1001909615.png","type":"","width":"","height":""}],"author":"Daniel Matos","twitter_card":"summary_large_image","twitter_misc":{"Escrito por":"Daniel Matos","Est. tempo de leitura":"2 minutos"},"schema":{"@context":"https:\/\/schema.org","@graph":[{"@type":"WebPage","@id":"https:\/\/www.blogsoestado.com\/danielmatos\/prf-flagra-caminhoneiro-com-anfetaminas-e-cocaina-em-rodovia-federal-no-maranhao\/","url":"https:\/\/www.blogsoestado.com\/danielmatos\/prf-flagra-caminhoneiro-com-anfetaminas-e-cocaina-em-rodovia-federal-no-maranhao\/","name":"PRF flagra caminhoneiro com anfetaminas e coca\u00edna em rodovia federal no Maranh\u00e3o - Daniel Matos","isPartOf":{"@id":"https:\/\/www.blogsoestado.com\/danielmatos\/#website"},"primaryImageOfPage":{"@id":"https:\/\/www.blogsoestado.com\/danielmatos\/prf-flagra-caminhoneiro-com-anfetaminas-e-cocaina-em-rodovia-federal-no-maranhao\/#primaryimage"},"image":{"@id":"https:\/\/www.blogsoestado.com\/danielmatos\/prf-flagra-caminhoneiro-com-anfetaminas-e-cocaina-em-rodovia-federal-no-maranhao\/#primaryimage"},"thumbnailUrl":"https:\/\/www.blogsoestado.com\/danielmatos\/wp-content\/uploads\/sites\/2\/2025\/03\/1001909615.png","datePublished":"2025-03-24T16:57:37+00:00","author":{"@id":"https:\/\/www.blogsoestado.com\/danielmatos\/#\/schema\/person\/9a209d407cd45631f131e1285b661bb0"},"breadcrumb":{"@id":"https:\/\/www.blogsoestado.com\/danielmatos\/prf-flagra-caminhoneiro-com-anfetaminas-e-cocaina-em-rodovia-federal-no-maranhao\/#breadcrumb"},"inLanguage":"pt-BR","potentialAction":[{"@type":"ReadAction","target":["https:\/\/www.blogsoestado.com\/danielmatos\/prf-flagra-caminhoneiro-com-anfetaminas-e-cocaina-em-rodovia-federal-no-maranhao\/"]}]},{"@type":"ImageObject","inLanguage":"pt-BR","@id":"https:\/\/www.blogsoestado.com\/danielmatos\/prf-flagra-caminhoneiro-com-anfetaminas-e-cocaina-em-rodovia-federal-no-maranhao\/#primaryimage","url":"https:\/\/www.blogsoestado.com\/danielmatos\/wp-content\/uploads\/sites\/2\/2025\/03\/1001909615.png","contentUrl":"https:\/\/www.blogsoestado.com\/danielmatos\/wp-content\/uploads\/sites\/2\/2025\/03\/1001909615.png"},{"@type":"BreadcrumbList","@id":"https:\/\/www.blogsoestado.com\/danielmatos\/prf-flagra-caminhoneiro-com-anfetaminas-e-cocaina-em-rodovia-federal-no-maranhao\/#breadcrumb","itemListElement":[{"@type":"ListItem","position":1,"name":"In\u00edcio","item":"https:\/\/www.blogsoestado.com\/danielmatos\/"},{"@type":"ListItem","position":2,"name":"PRF flagra caminhoneiro com anfetaminas e coca\u00edna em rodovia federal no Maranh\u00e3o"}]},{"@type":"WebSite","@id":"https:\/\/www.blogsoestado.com\/danielmatos\/#website","url":"https:\/\/www.blogsoestado.com\/danielmatos\/","name":"Daniel Matos","description":"","potentialAction":[{"@type":"SearchAction","target":{"@type":"EntryPoint","urlTemplate":"https:\/\/www.blogsoestado.com\/danielmatos\/?s={search_term_string}"},"query-input":{"@type":"PropertyValueSpecification","valueRequired":true,"valueName":"search_term_string"}}],"inLanguage":"pt-BR"},{"@type":"Person","@id":"https:\/\/www.blogsoestado.com\/danielmatos\/#\/schema\/person\/9a209d407cd45631f131e1285b661bb0","name":"Daniel Matos","image":{"@type":"ImageObject","inLanguage":"pt-BR","@id":"https:\/\/www.blogsoestado.com\/danielmatos\/#\/schema\/person\/image\/","url":"https:\/\/secure.gravatar.com\/avatar\/2f26c36ee355da19a257f0dfef43952a2588b324ca35d6719e859fe338ac0392?s=96&d=mm&r=g","contentUrl":"https:\/\/secure.gravatar.com\/avatar\/2f26c36ee355da19a257f0dfef43952a2588b324ca35d6719e859fe338ac0392?s=96&d=mm&r=g","caption":"Daniel Matos"},"url":"https:\/\/www.blogsoestado.com\/danielmatos\/author\/danielmatos\/"}]}},"jetpack_featured_media_url":"","_links":{"self":[{"href":"https:\/\/www.blogsoestado.com\/danielmatos\/wp-json\/wp\/v2\/posts\/141364","targetHints":{"allow":["GET"]}}],"collection":[{"href":"https:\/\/www.blogsoestado.com\/danielmatos\/wp-json\/wp\/v2\/posts"}],"about":[{"href":"https:\/\/www.blogsoestado.com\/danielmatos\/wp-json\/wp\/v2\/types\/post"}],"author":[{"embeddable":true,"href":"https:\/\/www.blogsoestado.com\/danielmatos\/wp-json\/wp\/v2\/users\/2"}],"replies":[{"embeddable":true,"href":"https:\/\/www.blogsoestado.com\/danielmatos\/wp-json\/wp\/v2\/comments?post=141364"}],"version-history":[{"count":0,"href":"https:\/\/www.blogsoestado.com\/danielmatos\/wp-json\/wp\/v2\/posts\/141364\/revisions"}],"wp:attachment":[{"href":"https:\/\/www.blogsoestado.com\/danielmatos\/wp-json\/wp\/v2\/media?parent=141364"}],"wp:term":[{"taxonomy":"category","embeddable":true,"href":"https:\/\/www.blogsoestado.com\/danielmatos\/wp-json\/wp\/v2\/categories?post=141364"},{"taxonomy":"post_tag","embeddable":true,"href":"https:\/\/www.blogsoestado.com\/danielmatos\/wp-json\/wp\/v2\/tags?post=141364"}],"curies":[{"name":"wp","href":"https:\/\/api.w.org\/{rel}","templated":true}]}}