{"id":141367,"date":"2025-03-24T16:34:07","date_gmt":"2025-03-24T19:34:07","guid":{"rendered":"https:\/\/www.blogsoestado.com\/danielmatos\/?p=141367"},"modified":"2025-03-24T16:34:07","modified_gmt":"2025-03-24T19:34:07","slug":"villa-do-vinho-bistro-marcou-presenca-em-evento-de-capacitacao-ifood-empreenda","status":"publish","type":"post","link":"https:\/\/www.blogsoestado.com\/danielmatos\/villa-do-vinho-bistro-marcou-presenca-em-evento-de-capacitacao-ifood-empreenda\/","title":{"rendered":"Villa do Vinho Bistr\u00f4 marcou presen\u00e7a em evento de capacita\u00e7\u00e3o &#8220;IFood Empreenda&#8221;"},"content":{"rendered":"\n<div class=\"wp-block-image\"><figure class=\"aligncenter size-large\"><a href=\"https:\/\/www.blogsoestado.com\/danielmatos\/wp-content\/uploads\/sites\/2\/2025\/03\/Screenshot_20250324-1640052.png\"><img fetchpriority=\"high\" decoding=\"async\" width=\"720\" height=\"523\" src=\"https:\/\/www.blogsoestado.com\/danielmatos\/wp-content\/uploads\/sites\/2\/2025\/03\/Screenshot_20250324-1640052.png\" alt=\"\" class=\"wp-image-141371\" srcset=\"https:\/\/www.blogsoestado.com\/danielmatos\/wp-content\/uploads\/sites\/2\/2025\/03\/Screenshot_20250324-1640052.png 720w, https:\/\/www.blogsoestado.com\/danielmatos\/wp-content\/uploads\/sites\/2\/2025\/03\/Screenshot_20250324-1640052-300x218.png 300w\" sizes=\"(max-width: 720px) 100vw, 720px\" \/><\/a><figcaption>Ynnis Lins Cabral de Carvalho, executiva comercial de p\u00f3s-venda do IFood no Maranh\u00e3o, entre Beto Soares e Werter Band\u00eaira, da Villa do Vinho Bistr\u00f4 no evento \u201cIFood Empreenda\u201d em S\u00e3o Lu\u00eds<\/figcaption><\/figure><\/div>\n\n\n\n<p>O empres\u00e1rio Werter Band\u00eaira, propriet\u00e1rio do Villa do Vinho Bistr\u00f4, marcou presen\u00e7a no evento \u201cIFood Empreenda\u201d, realizado no Convento das Merc\u00eas em S\u00e3o Lu\u00eds.<\/p>\n\n\n\n<p>Promovido pelo IFood, o encontro reuniu donos de restaurantes e empreendedores do setor gastron\u00f4mico para um ciclo de palestras voltadas \u00e0 qualifica\u00e7\u00e3o em gest\u00e3o, com \u00eanfase em temas como contabilidade, tributos e estrat\u00e9gias de atendimento, log\u00edstica e p\u00f3s-venda.<\/p>\n\n\n\n<p>A programa\u00e7\u00e3o contou com a presen\u00e7a de Ynnis Lins Cabral de Carvalho, executiva comercial de p\u00f3s-venda do IFood no Maranh\u00e3o, que ressaltou a import\u00e2ncia de capacitar os parceiros da plataforma para os desafios do mercado atual.<\/p>\n\n\n\n<p>Para Werter Band\u00eaira, iniciativas como essa s\u00e3o fundamentais para o fortalecimento dos restaurantes locais: \u201cO evento foi excelente. Participo sempre dessas a\u00e7\u00f5es porque acredito que, quanto mais nos aperfei\u00e7oamos, melhor conseguimos implementar novas ideias e melhorar a experi\u00eancia dos nossos clientes no Villa do Vinho Bistr\u00f4\u201d, afirmou o empres\u00e1rio.<\/p>\n\n\n\n<p>Com uma trajet\u00f3ria consolidada na cena gastron\u00f4mica de S\u00e3o Lu\u00eds, a Villa do Vinho Bistr\u00f4 tem se destacado pela aten\u00e7\u00e3o aos detalhes no atendimento e pela busca constante por inova\u00e7\u00e3o. A participa\u00e7\u00e3o de Werter Band\u00eaira no \u201cIFood Empreenda\u201d refor\u00e7a o compromisso do restaurante com a excel\u00eancia na gest\u00e3o e no relacionamento com o p\u00fablico.<\/p>\n","protected":false},"excerpt":{"rendered":"<p>O empres\u00e1rio Werter Band\u00eaira, propriet\u00e1rio do Villa do Vinho Bistr\u00f4, marcou presen\u00e7a no evento \u201cIFood Empreenda\u201d, realizado no Convento das [&hellip;]<\/p>\n","protected":false},"author":2,"featured_media":0,"comment_status":"open","ping_status":"open","sticky":false,"template":"","format":"standard","meta":{"site-sidebar-layout":"default","site-content-layout":"","ast-site-content-layout":"default","site-content-style":"default","site-sidebar-style":"default","ast-global-header-display":"","ast-banner-title-visibility":"","ast-main-header-display":"","ast-hfb-above-header-display":"","ast-hfb-below-header-display":"","ast-hfb-mobile-header-display":"","site-post-title":"","ast-breadcrumbs-content":"","ast-featured-img":"","footer-sml-layout":"","ast-disable-related-posts":"","theme-transparent-header-meta":"","adv-header-id-meta":"","stick-header-meta":"","header-above-stick-meta":"","header-main-stick-meta":"","header-below-stick-meta":"","astra-migrate-meta-layouts":"default","ast-page-background-enabled":"default","ast-page-background-meta":{"desktop":{"background-color":"var(--ast-global-color-5)","background-image":"","background-repeat":"repeat","background-position":"center center","background-size":"auto","background-attachment":"scroll","background-type":"","background-media":"","overlay-type":"","overlay-color":"","overlay-opacity":"","overlay-gradient":""},"tablet":{"background-color":"","background-image":"","background-repeat":"repeat","background-position":"center center","background-size":"auto","background-attachment":"scroll","background-type":"","background-media":"","overlay-type":"","overlay-color":"","overlay-opacity":"","overlay-gradient":""},"mobile":{"background-color":"","background-image":"","background-repeat":"repeat","background-position":"center center","background-size":"auto","background-attachment":"scroll","background-type":"","background-media":"","overlay-type":"","overlay-color":"","overlay-opacity":"","overlay-gradient":""}},"ast-content-background-meta":{"desktop":{"background-color":"var(--ast-global-color-4)","background-image":"","background-repeat":"repeat","background-position":"center center","background-size":"auto","background-attachment":"scroll","background-type":"","background-media":"","overlay-type":"","overlay-color":"","overlay-opacity":"","overlay-gradient":""},"tablet":{"background-color":"var(--ast-global-color-4)","background-image":"","background-repeat":"repeat","background-position":"center center","background-size":"auto","background-attachment":"scroll","background-type":"","background-media":"","overlay-type":"","overlay-color":"","overlay-opacity":"","overlay-gradient":""},"mobile":{"background-color":"var(--ast-global-color-4)","background-image":"","background-repeat":"repeat","background-position":"center center","background-size":"auto","background-attachment":"scroll","background-type":"","background-media":"","overlay-type":"","overlay-color":"","overlay-opacity":"","overlay-gradient":""}},"footnotes":""},"categories":[1],"tags":[],"class_list":["post-141367","post","type-post","status-publish","format-standard","hentry","category-sem-categoria"],"yoast_head":"<!-- This site is optimized with the Yoast SEO plugin v26.6 - https:\/\/yoast.com\/wordpress\/plugins\/seo\/ -->\n<title>Villa do Vinho Bistr\u00f4 marcou presen\u00e7a em evento de capacita\u00e7\u00e3o &quot;IFood Empreenda&quot; - Daniel Matos<\/title>\n<meta name=\"robots\" content=\"index, follow, max-snippet:-1, max-image-preview:large, max-video-preview:-1\" \/>\n<link rel=\"canonical\" href=\"https:\/\/www.blogsoestado.com\/danielmatos\/villa-do-vinho-bistro-marcou-presenca-em-evento-de-capacitacao-ifood-empreenda\/\" \/>\n<meta property=\"og:locale\" content=\"pt_BR\" \/>\n<meta property=\"og:type\" content=\"article\" \/>\n<meta property=\"og:title\" content=\"Villa do Vinho Bistr\u00f4 marcou presen\u00e7a em evento de capacita\u00e7\u00e3o &quot;IFood Empreenda&quot; - Daniel Matos\" \/>\n<meta property=\"og:description\" content=\"O empres\u00e1rio Werter Band\u00eaira, propriet\u00e1rio do Villa do Vinho Bistr\u00f4, marcou presen\u00e7a no evento \u201cIFood Empreenda\u201d, realizado no Convento das [&hellip;]\" \/>\n<meta property=\"og:url\" content=\"https:\/\/www.blogsoestado.com\/danielmatos\/villa-do-vinho-bistro-marcou-presenca-em-evento-de-capacitacao-ifood-empreenda\/\" \/>\n<meta property=\"og:site_name\" content=\"Daniel Matos\" \/>\n<meta property=\"article:published_time\" content=\"2025-03-24T19:34:07+00:00\" \/>\n<meta property=\"og:image\" content=\"https:\/\/www.blogsoestado.com\/danielmatos\/wp-content\/uploads\/sites\/2\/2025\/03\/Screenshot_20250324-1640052.png\" \/>\n<meta name=\"author\" content=\"Daniel Matos\" \/>\n<meta name=\"twitter:card\" content=\"summary_large_image\" \/>\n<meta name=\"twitter:label1\" content=\"Escrito por\" \/>\n\t<meta name=\"twitter:data1\" content=\"Daniel Matos\" \/>\n\t<meta name=\"twitter:label2\" content=\"Est. tempo de leitura\" \/>\n\t<meta name=\"twitter:data2\" content=\"2 minutos\" \/>\n<script type=\"application\/ld+json\" class=\"yoast-schema-graph\">{\"@context\":\"https:\/\/schema.org\",\"@graph\":[{\"@type\":\"WebPage\",\"@id\":\"https:\/\/www.blogsoestado.com\/danielmatos\/villa-do-vinho-bistro-marcou-presenca-em-evento-de-capacitacao-ifood-empreenda\/\",\"url\":\"https:\/\/www.blogsoestado.com\/danielmatos\/villa-do-vinho-bistro-marcou-presenca-em-evento-de-capacitacao-ifood-empreenda\/\",\"name\":\"Villa do Vinho Bistr\u00f4 marcou presen\u00e7a em evento de capacita\u00e7\u00e3o \\\"IFood Empreenda\\\" - Daniel Matos\",\"isPartOf\":{\"@id\":\"https:\/\/www.blogsoestado.com\/danielmatos\/#website\"},\"primaryImageOfPage\":{\"@id\":\"https:\/\/www.blogsoestado.com\/danielmatos\/villa-do-vinho-bistro-marcou-presenca-em-evento-de-capacitacao-ifood-empreenda\/#primaryimage\"},\"image\":{\"@id\":\"https:\/\/www.blogsoestado.com\/danielmatos\/villa-do-vinho-bistro-marcou-presenca-em-evento-de-capacitacao-ifood-empreenda\/#primaryimage\"},\"thumbnailUrl\":\"https:\/\/www.blogsoestado.com\/danielmatos\/wp-content\/uploads\/sites\/2\/2025\/03\/Screenshot_20250324-1640052.png\",\"datePublished\":\"2025-03-24T19:34:07+00:00\",\"author\":{\"@id\":\"https:\/\/www.blogsoestado.com\/danielmatos\/#\/schema\/person\/9a209d407cd45631f131e1285b661bb0\"},\"breadcrumb\":{\"@id\":\"https:\/\/www.blogsoestado.com\/danielmatos\/villa-do-vinho-bistro-marcou-presenca-em-evento-de-capacitacao-ifood-empreenda\/#breadcrumb\"},\"inLanguage\":\"pt-BR\",\"potentialAction\":[{\"@type\":\"ReadAction\",\"target\":[\"https:\/\/www.blogsoestado.com\/danielmatos\/villa-do-vinho-bistro-marcou-presenca-em-evento-de-capacitacao-ifood-empreenda\/\"]}]},{\"@type\":\"ImageObject\",\"inLanguage\":\"pt-BR\",\"@id\":\"https:\/\/www.blogsoestado.com\/danielmatos\/villa-do-vinho-bistro-marcou-presenca-em-evento-de-capacitacao-ifood-empreenda\/#primaryimage\",\"url\":\"https:\/\/www.blogsoestado.com\/danielmatos\/wp-content\/uploads\/sites\/2\/2025\/03\/Screenshot_20250324-1640052.png\",\"contentUrl\":\"https:\/\/www.blogsoestado.com\/danielmatos\/wp-content\/uploads\/sites\/2\/2025\/03\/Screenshot_20250324-1640052.png\"},{\"@type\":\"BreadcrumbList\",\"@id\":\"https:\/\/www.blogsoestado.com\/danielmatos\/villa-do-vinho-bistro-marcou-presenca-em-evento-de-capacitacao-ifood-empreenda\/#breadcrumb\",\"itemListElement\":[{\"@type\":\"ListItem\",\"position\":1,\"name\":\"In\u00edcio\",\"item\":\"https:\/\/www.blogsoestado.com\/danielmatos\/\"},{\"@type\":\"ListItem\",\"position\":2,\"name\":\"Villa do Vinho Bistr\u00f4 marcou presen\u00e7a em evento de capacita\u00e7\u00e3o &#8220;IFood Empreenda&#8221;\"}]},{\"@type\":\"WebSite\",\"@id\":\"https:\/\/www.blogsoestado.com\/danielmatos\/#website\",\"url\":\"https:\/\/www.blogsoestado.com\/danielmatos\/\",\"name\":\"Daniel Matos\",\"description\":\"\",\"potentialAction\":[{\"@type\":\"SearchAction\",\"target\":{\"@type\":\"EntryPoint\",\"urlTemplate\":\"https:\/\/www.blogsoestado.com\/danielmatos\/?s={search_term_string}\"},\"query-input\":{\"@type\":\"PropertyValueSpecification\",\"valueRequired\":true,\"valueName\":\"search_term_string\"}}],\"inLanguage\":\"pt-BR\"},{\"@type\":\"Person\",\"@id\":\"https:\/\/www.blogsoestado.com\/danielmatos\/#\/schema\/person\/9a209d407cd45631f131e1285b661bb0\",\"name\":\"Daniel Matos\",\"image\":{\"@type\":\"ImageObject\",\"inLanguage\":\"pt-BR\",\"@id\":\"https:\/\/www.blogsoestado.com\/danielmatos\/#\/schema\/person\/image\/\",\"url\":\"https:\/\/secure.gravatar.com\/avatar\/2f26c36ee355da19a257f0dfef43952a2588b324ca35d6719e859fe338ac0392?s=96&d=mm&r=g\",\"contentUrl\":\"https:\/\/secure.gravatar.com\/avatar\/2f26c36ee355da19a257f0dfef43952a2588b324ca35d6719e859fe338ac0392?s=96&d=mm&r=g\",\"caption\":\"Daniel Matos\"},\"url\":\"https:\/\/www.blogsoestado.com\/danielmatos\/author\/danielmatos\/\"}]}<\/script>\n<!-- \/ Yoast SEO plugin. -->","yoast_head_json":{"title":"Villa do Vinho Bistr\u00f4 marcou presen\u00e7a em evento de capacita\u00e7\u00e3o \"IFood Empreenda\" - Daniel Matos","robots":{"index":"index","follow":"follow","max-snippet":"max-snippet:-1","max-image-preview":"max-image-preview:large","max-video-preview":"max-video-preview:-1"},"canonical":"https:\/\/www.blogsoestado.com\/danielmatos\/villa-do-vinho-bistro-marcou-presenca-em-evento-de-capacitacao-ifood-empreenda\/","og_locale":"pt_BR","og_type":"article","og_title":"Villa do Vinho Bistr\u00f4 marcou presen\u00e7a em evento de capacita\u00e7\u00e3o \"IFood Empreenda\" - Daniel Matos","og_description":"O empres\u00e1rio Werter Band\u00eaira, propriet\u00e1rio do Villa do Vinho Bistr\u00f4, marcou presen\u00e7a no evento \u201cIFood Empreenda\u201d, realizado no Convento das [&hellip;]","og_url":"https:\/\/www.blogsoestado.com\/danielmatos\/villa-do-vinho-bistro-marcou-presenca-em-evento-de-capacitacao-ifood-empreenda\/","og_site_name":"Daniel Matos","article_published_time":"2025-03-24T19:34:07+00:00","og_image":[{"url":"https:\/\/www.blogsoestado.com\/danielmatos\/wp-content\/uploads\/sites\/2\/2025\/03\/Screenshot_20250324-1640052.png","type":"","width":"","height":""}],"author":"Daniel Matos","twitter_card":"summary_large_image","twitter_misc":{"Escrito por":"Daniel Matos","Est. tempo de leitura":"2 minutos"},"schema":{"@context":"https:\/\/schema.org","@graph":[{"@type":"WebPage","@id":"https:\/\/www.blogsoestado.com\/danielmatos\/villa-do-vinho-bistro-marcou-presenca-em-evento-de-capacitacao-ifood-empreenda\/","url":"https:\/\/www.blogsoestado.com\/danielmatos\/villa-do-vinho-bistro-marcou-presenca-em-evento-de-capacitacao-ifood-empreenda\/","name":"Villa do Vinho Bistr\u00f4 marcou presen\u00e7a em evento de capacita\u00e7\u00e3o \"IFood Empreenda\" - Daniel Matos","isPartOf":{"@id":"https:\/\/www.blogsoestado.com\/danielmatos\/#website"},"primaryImageOfPage":{"@id":"https:\/\/www.blogsoestado.com\/danielmatos\/villa-do-vinho-bistro-marcou-presenca-em-evento-de-capacitacao-ifood-empreenda\/#primaryimage"},"image":{"@id":"https:\/\/www.blogsoestado.com\/danielmatos\/villa-do-vinho-bistro-marcou-presenca-em-evento-de-capacitacao-ifood-empreenda\/#primaryimage"},"thumbnailUrl":"https:\/\/www.blogsoestado.com\/danielmatos\/wp-content\/uploads\/sites\/2\/2025\/03\/Screenshot_20250324-1640052.png","datePublished":"2025-03-24T19:34:07+00:00","author":{"@id":"https:\/\/www.blogsoestado.com\/danielmatos\/#\/schema\/person\/9a209d407cd45631f131e1285b661bb0"},"breadcrumb":{"@id":"https:\/\/www.blogsoestado.com\/danielmatos\/villa-do-vinho-bistro-marcou-presenca-em-evento-de-capacitacao-ifood-empreenda\/#breadcrumb"},"inLanguage":"pt-BR","potentialAction":[{"@type":"ReadAction","target":["https:\/\/www.blogsoestado.com\/danielmatos\/villa-do-vinho-bistro-marcou-presenca-em-evento-de-capacitacao-ifood-empreenda\/"]}]},{"@type":"ImageObject","inLanguage":"pt-BR","@id":"https:\/\/www.blogsoestado.com\/danielmatos\/villa-do-vinho-bistro-marcou-presenca-em-evento-de-capacitacao-ifood-empreenda\/#primaryimage","url":"https:\/\/www.blogsoestado.com\/danielmatos\/wp-content\/uploads\/sites\/2\/2025\/03\/Screenshot_20250324-1640052.png","contentUrl":"https:\/\/www.blogsoestado.com\/danielmatos\/wp-content\/uploads\/sites\/2\/2025\/03\/Screenshot_20250324-1640052.png"},{"@type":"BreadcrumbList","@id":"https:\/\/www.blogsoestado.com\/danielmatos\/villa-do-vinho-bistro-marcou-presenca-em-evento-de-capacitacao-ifood-empreenda\/#breadcrumb","itemListElement":[{"@type":"ListItem","position":1,"name":"In\u00edcio","item":"https:\/\/www.blogsoestado.com\/danielmatos\/"},{"@type":"ListItem","position":2,"name":"Villa do Vinho Bistr\u00f4 marcou presen\u00e7a em evento de capacita\u00e7\u00e3o &#8220;IFood Empreenda&#8221;"}]},{"@type":"WebSite","@id":"https:\/\/www.blogsoestado.com\/danielmatos\/#website","url":"https:\/\/www.blogsoestado.com\/danielmatos\/","name":"Daniel Matos","description":"","potentialAction":[{"@type":"SearchAction","target":{"@type":"EntryPoint","urlTemplate":"https:\/\/www.blogsoestado.com\/danielmatos\/?s={search_term_string}"},"query-input":{"@type":"PropertyValueSpecification","valueRequired":true,"valueName":"search_term_string"}}],"inLanguage":"pt-BR"},{"@type":"Person","@id":"https:\/\/www.blogsoestado.com\/danielmatos\/#\/schema\/person\/9a209d407cd45631f131e1285b661bb0","name":"Daniel Matos","image":{"@type":"ImageObject","inLanguage":"pt-BR","@id":"https:\/\/www.blogsoestado.com\/danielmatos\/#\/schema\/person\/image\/","url":"https:\/\/secure.gravatar.com\/avatar\/2f26c36ee355da19a257f0dfef43952a2588b324ca35d6719e859fe338ac0392?s=96&d=mm&r=g","contentUrl":"https:\/\/secure.gravatar.com\/avatar\/2f26c36ee355da19a257f0dfef43952a2588b324ca35d6719e859fe338ac0392?s=96&d=mm&r=g","caption":"Daniel Matos"},"url":"https:\/\/www.blogsoestado.com\/danielmatos\/author\/danielmatos\/"}]}},"jetpack_featured_media_url":"","_links":{"self":[{"href":"https:\/\/www.blogsoestado.com\/danielmatos\/wp-json\/wp\/v2\/posts\/141367","targetHints":{"allow":["GET"]}}],"collection":[{"href":"https:\/\/www.blogsoestado.com\/danielmatos\/wp-json\/wp\/v2\/posts"}],"about":[{"href":"https:\/\/www.blogsoestado.com\/danielmatos\/wp-json\/wp\/v2\/types\/post"}],"author":[{"embeddable":true,"href":"https:\/\/www.blogsoestado.com\/danielmatos\/wp-json\/wp\/v2\/users\/2"}],"replies":[{"embeddable":true,"href":"https:\/\/www.blogsoestado.com\/danielmatos\/wp-json\/wp\/v2\/comments?post=141367"}],"version-history":[{"count":0,"href":"https:\/\/www.blogsoestado.com\/danielmatos\/wp-json\/wp\/v2\/posts\/141367\/revisions"}],"wp:attachment":[{"href":"https:\/\/www.blogsoestado.com\/danielmatos\/wp-json\/wp\/v2\/media?parent=141367"}],"wp:term":[{"taxonomy":"category","embeddable":true,"href":"https:\/\/www.blogsoestado.com\/danielmatos\/wp-json\/wp\/v2\/categories?post=141367"},{"taxonomy":"post_tag","embeddable":true,"href":"https:\/\/www.blogsoestado.com\/danielmatos\/wp-json\/wp\/v2\/tags?post=141367"}],"curies":[{"name":"wp","href":"https:\/\/api.w.org\/{rel}","templated":true}]}}