{"id":144206,"date":"2025-05-20T16:20:56","date_gmt":"2025-05-20T19:20:56","guid":{"rendered":"https:\/\/www.blogsoestado.com\/danielmatos\/?p=144206"},"modified":"2025-05-20T16:23:26","modified_gmt":"2025-05-20T19:23:26","slug":"filho-acusado-de-envolvimento-na-morte-do-ex-prefeito-de-barra-do-corda-nenzim-sera-julgado-nesta-quarta-feira-21","status":"publish","type":"post","link":"https:\/\/www.blogsoestado.com\/danielmatos\/filho-acusado-de-envolvimento-na-morte-do-ex-prefeito-de-barra-do-corda-nenzim-sera-julgado-nesta-quarta-feira-21\/","title":{"rendered":"Filho acusado de envolvimento na morte do ex-prefeito de Barra do Corda Nenzim ser\u00e1 julgado nesta quarta-feira (21)"},"content":{"rendered":"\n<figure class=\"wp-block-image aligncenter size-full\"><img fetchpriority=\"high\" decoding=\"async\" width=\"900\" height=\"506\" src=\"https:\/\/www.blogsoestado.com\/danielmatos\/wp-content\/uploads\/sites\/2\/2025\/05\/1002405472.jpg\" alt=\"\" class=\"wp-image-144207\" srcset=\"https:\/\/www.blogsoestado.com\/danielmatos\/wp-content\/uploads\/sites\/2\/2025\/05\/1002405472.jpg 900w, https:\/\/www.blogsoestado.com\/danielmatos\/wp-content\/uploads\/sites\/2\/2025\/05\/1002405472-300x169.jpg 300w, https:\/\/www.blogsoestado.com\/danielmatos\/wp-content\/uploads\/sites\/2\/2025\/05\/1002405472-768x432.jpg 768w\" sizes=\"(max-width: 900px) 100vw, 900px\" \/><figcaption class=\"wp-element-caption\">Mariano Filho em ato pol\u00edtico ao lado do pai, Nenzim, de cuja morte teria participado <\/figcaption><\/figure>\n\n\n\n<p>Est\u00e1 agendado <em>para esta quarta-feira, dia 21 de maio<\/em>, \u00e0s 8h30, no F\u00f3rum Des. Sarney Costa (Calhau), a sess\u00e3o de julgamento no 2\u00ba Tribunal do J\u00fari de S\u00e3o Lu\u00eds que tem como r\u00e9us Manoel Mariano de Sousa Filho (filho da v\u00edtima) e Luzivan Rodrigues da Concei\u00e7\u00e3o Nunes (autor dos disparos), <em>acusados da morte do ex-prefeito de Barra do Corda-MA<\/em> Manoel Mariano de Sousa, o Nenzim.<\/p>\n\n\n\n<p>O julgamento ser\u00e1 presidido pelo titular da 2\u00aa Vara do J\u00fari, juiz Cl\u00e9sio Coelho Cunha. V\u00e3o atuar na acusa\u00e7\u00e3o os promotores de Justi\u00e7a Washington Cantanhede e Raimundo Benedito Pinto, e o advogado Misael Mendes J\u00fanior (assistente de acusa\u00e7\u00e3o).<\/p>\n\n\n\n<p><strong>O crime<\/strong> <\/p>\n\n\n\n<p>O crime aconteceu na manh\u00e3 do dia 6 de dezembro de 2017, quando &#8216;Nenzim&#8217;&nbsp;<strong>foi assassinado com um tiro no pesco\u00e7o, na zona rural de Barra do Corda, a 341 quil\u00f4metros de S\u00e3o Lu\u00eds<\/strong>. De acordo com as investiga\u00e7\u00f5es, no dia do crime, o filho de &#8220;Nenzim&#8221;, Mariano Filho, estava junto ao pai e n\u00e3o havia mais ningu\u00e9m no local.<\/p>\n\n\n\n<p>A v\u00edtima tamb\u00e9m era pai do atual prefeito de Barra do Corda, Rigo Teles, que, finalmente, poder\u00e1 ver o irm\u00e3o mais novo sentar no banco dos r\u00e9us.<\/p>\n","protected":false},"excerpt":{"rendered":"<p>Est\u00e1 agendado para esta quarta-feira, dia 21 de maio, \u00e0s 8h30, no F\u00f3rum Des. Sarney Costa (Calhau), a sess\u00e3o de [&hellip;]<\/p>\n","protected":false},"author":2,"featured_media":0,"comment_status":"open","ping_status":"open","sticky":false,"template":"","format":"standard","meta":{"site-sidebar-layout":"default","site-content-layout":"","ast-site-content-layout":"default","site-content-style":"default","site-sidebar-style":"default","ast-global-header-display":"","ast-banner-title-visibility":"","ast-main-header-display":"","ast-hfb-above-header-display":"","ast-hfb-below-header-display":"","ast-hfb-mobile-header-display":"","site-post-title":"","ast-breadcrumbs-content":"","ast-featured-img":"","footer-sml-layout":"","ast-disable-related-posts":"","theme-transparent-header-meta":"","adv-header-id-meta":"","stick-header-meta":"","header-above-stick-meta":"","header-main-stick-meta":"","header-below-stick-meta":"","astra-migrate-meta-layouts":"default","ast-page-background-enabled":"default","ast-page-background-meta":{"desktop":{"background-color":"var(--ast-global-color-5)","background-image":"","background-repeat":"repeat","background-position":"center center","background-size":"auto","background-attachment":"scroll","background-type":"","background-media":"","overlay-type":"","overlay-color":"","overlay-opacity":"","overlay-gradient":""},"tablet":{"background-color":"","background-image":"","background-repeat":"repeat","background-position":"center center","background-size":"auto","background-attachment":"scroll","background-type":"","background-media":"","overlay-type":"","overlay-color":"","overlay-opacity":"","overlay-gradient":""},"mobile":{"background-color":"","background-image":"","background-repeat":"repeat","background-position":"center center","background-size":"auto","background-attachment":"scroll","background-type":"","background-media":"","overlay-type":"","overlay-color":"","overlay-opacity":"","overlay-gradient":""}},"ast-content-background-meta":{"desktop":{"background-color":"var(--ast-global-color-4)","background-image":"","background-repeat":"repeat","background-position":"center center","background-size":"auto","background-attachment":"scroll","background-type":"","background-media":"","overlay-type":"","overlay-color":"","overlay-opacity":"","overlay-gradient":""},"tablet":{"background-color":"var(--ast-global-color-4)","background-image":"","background-repeat":"repeat","background-position":"center center","background-size":"auto","background-attachment":"scroll","background-type":"","background-media":"","overlay-type":"","overlay-color":"","overlay-opacity":"","overlay-gradient":""},"mobile":{"background-color":"var(--ast-global-color-4)","background-image":"","background-repeat":"repeat","background-position":"center center","background-size":"auto","background-attachment":"scroll","background-type":"","background-media":"","overlay-type":"","overlay-color":"","overlay-opacity":"","overlay-gradient":""}},"footnotes":""},"categories":[1],"tags":[],"class_list":["post-144206","post","type-post","status-publish","format-standard","hentry","category-sem-categoria"],"yoast_head":"<!-- This site is optimized with the Yoast SEO plugin v26.6 - https:\/\/yoast.com\/wordpress\/plugins\/seo\/ -->\n<title>Filho acusado de envolvimento na morte do ex-prefeito de Barra do Corda Nenzim ser\u00e1 julgado nesta quarta-feira (21) - Daniel Matos<\/title>\n<meta name=\"robots\" content=\"index, follow, max-snippet:-1, max-image-preview:large, max-video-preview:-1\" \/>\n<link rel=\"canonical\" href=\"https:\/\/www.blogsoestado.com\/danielmatos\/filho-acusado-de-envolvimento-na-morte-do-ex-prefeito-de-barra-do-corda-nenzim-sera-julgado-nesta-quarta-feira-21\/\" \/>\n<meta property=\"og:locale\" content=\"pt_BR\" \/>\n<meta property=\"og:type\" content=\"article\" \/>\n<meta property=\"og:title\" content=\"Filho acusado de envolvimento na morte do ex-prefeito de Barra do Corda Nenzim ser\u00e1 julgado nesta quarta-feira (21) - Daniel Matos\" \/>\n<meta property=\"og:description\" content=\"Est\u00e1 agendado para esta quarta-feira, dia 21 de maio, \u00e0s 8h30, no F\u00f3rum Des. Sarney Costa (Calhau), a sess\u00e3o de [&hellip;]\" \/>\n<meta property=\"og:url\" content=\"https:\/\/www.blogsoestado.com\/danielmatos\/filho-acusado-de-envolvimento-na-morte-do-ex-prefeito-de-barra-do-corda-nenzim-sera-julgado-nesta-quarta-feira-21\/\" \/>\n<meta property=\"og:site_name\" content=\"Daniel Matos\" \/>\n<meta property=\"article:published_time\" content=\"2025-05-20T19:20:56+00:00\" \/>\n<meta property=\"article:modified_time\" content=\"2025-05-20T19:23:26+00:00\" \/>\n<meta property=\"og:image\" content=\"https:\/\/www.blogsoestado.com\/danielmatos\/wp-content\/uploads\/sites\/2\/2025\/05\/1002405472.jpg\" \/>\n\t<meta property=\"og:image:width\" content=\"900\" \/>\n\t<meta property=\"og:image:height\" content=\"506\" \/>\n\t<meta property=\"og:image:type\" content=\"image\/jpeg\" \/>\n<meta name=\"author\" content=\"Daniel Matos\" \/>\n<meta name=\"twitter:card\" content=\"summary_large_image\" \/>\n<meta name=\"twitter:label1\" content=\"Escrito por\" \/>\n\t<meta name=\"twitter:data1\" content=\"Daniel Matos\" \/>\n\t<meta name=\"twitter:label2\" content=\"Est. tempo de leitura\" \/>\n\t<meta name=\"twitter:data2\" content=\"2 minutos\" \/>\n<script type=\"application\/ld+json\" class=\"yoast-schema-graph\">{\"@context\":\"https:\/\/schema.org\",\"@graph\":[{\"@type\":\"WebPage\",\"@id\":\"https:\/\/www.blogsoestado.com\/danielmatos\/filho-acusado-de-envolvimento-na-morte-do-ex-prefeito-de-barra-do-corda-nenzim-sera-julgado-nesta-quarta-feira-21\/\",\"url\":\"https:\/\/www.blogsoestado.com\/danielmatos\/filho-acusado-de-envolvimento-na-morte-do-ex-prefeito-de-barra-do-corda-nenzim-sera-julgado-nesta-quarta-feira-21\/\",\"name\":\"Filho acusado de envolvimento na morte do ex-prefeito de Barra do Corda Nenzim ser\u00e1 julgado nesta quarta-feira (21) - Daniel Matos\",\"isPartOf\":{\"@id\":\"https:\/\/www.blogsoestado.com\/danielmatos\/#website\"},\"primaryImageOfPage\":{\"@id\":\"https:\/\/www.blogsoestado.com\/danielmatos\/filho-acusado-de-envolvimento-na-morte-do-ex-prefeito-de-barra-do-corda-nenzim-sera-julgado-nesta-quarta-feira-21\/#primaryimage\"},\"image\":{\"@id\":\"https:\/\/www.blogsoestado.com\/danielmatos\/filho-acusado-de-envolvimento-na-morte-do-ex-prefeito-de-barra-do-corda-nenzim-sera-julgado-nesta-quarta-feira-21\/#primaryimage\"},\"thumbnailUrl\":\"https:\/\/www.blogsoestado.com\/danielmatos\/wp-content\/uploads\/sites\/2\/2025\/05\/1002405472.jpg\",\"datePublished\":\"2025-05-20T19:20:56+00:00\",\"dateModified\":\"2025-05-20T19:23:26+00:00\",\"author\":{\"@id\":\"https:\/\/www.blogsoestado.com\/danielmatos\/#\/schema\/person\/9a209d407cd45631f131e1285b661bb0\"},\"breadcrumb\":{\"@id\":\"https:\/\/www.blogsoestado.com\/danielmatos\/filho-acusado-de-envolvimento-na-morte-do-ex-prefeito-de-barra-do-corda-nenzim-sera-julgado-nesta-quarta-feira-21\/#breadcrumb\"},\"inLanguage\":\"pt-BR\",\"potentialAction\":[{\"@type\":\"ReadAction\",\"target\":[\"https:\/\/www.blogsoestado.com\/danielmatos\/filho-acusado-de-envolvimento-na-morte-do-ex-prefeito-de-barra-do-corda-nenzim-sera-julgado-nesta-quarta-feira-21\/\"]}]},{\"@type\":\"ImageObject\",\"inLanguage\":\"pt-BR\",\"@id\":\"https:\/\/www.blogsoestado.com\/danielmatos\/filho-acusado-de-envolvimento-na-morte-do-ex-prefeito-de-barra-do-corda-nenzim-sera-julgado-nesta-quarta-feira-21\/#primaryimage\",\"url\":\"https:\/\/www.blogsoestado.com\/danielmatos\/wp-content\/uploads\/sites\/2\/2025\/05\/1002405472.jpg\",\"contentUrl\":\"https:\/\/www.blogsoestado.com\/danielmatos\/wp-content\/uploads\/sites\/2\/2025\/05\/1002405472.jpg\",\"width\":900,\"height\":506},{\"@type\":\"BreadcrumbList\",\"@id\":\"https:\/\/www.blogsoestado.com\/danielmatos\/filho-acusado-de-envolvimento-na-morte-do-ex-prefeito-de-barra-do-corda-nenzim-sera-julgado-nesta-quarta-feira-21\/#breadcrumb\",\"itemListElement\":[{\"@type\":\"ListItem\",\"position\":1,\"name\":\"In\u00edcio\",\"item\":\"https:\/\/www.blogsoestado.com\/danielmatos\/\"},{\"@type\":\"ListItem\",\"position\":2,\"name\":\"Filho acusado de envolvimento na morte do ex-prefeito de Barra do Corda Nenzim ser\u00e1 julgado nesta quarta-feira (21)\"}]},{\"@type\":\"WebSite\",\"@id\":\"https:\/\/www.blogsoestado.com\/danielmatos\/#website\",\"url\":\"https:\/\/www.blogsoestado.com\/danielmatos\/\",\"name\":\"Daniel Matos\",\"description\":\"\",\"potentialAction\":[{\"@type\":\"SearchAction\",\"target\":{\"@type\":\"EntryPoint\",\"urlTemplate\":\"https:\/\/www.blogsoestado.com\/danielmatos\/?s={search_term_string}\"},\"query-input\":{\"@type\":\"PropertyValueSpecification\",\"valueRequired\":true,\"valueName\":\"search_term_string\"}}],\"inLanguage\":\"pt-BR\"},{\"@type\":\"Person\",\"@id\":\"https:\/\/www.blogsoestado.com\/danielmatos\/#\/schema\/person\/9a209d407cd45631f131e1285b661bb0\",\"name\":\"Daniel Matos\",\"image\":{\"@type\":\"ImageObject\",\"inLanguage\":\"pt-BR\",\"@id\":\"https:\/\/www.blogsoestado.com\/danielmatos\/#\/schema\/person\/image\/\",\"url\":\"https:\/\/secure.gravatar.com\/avatar\/2f26c36ee355da19a257f0dfef43952a2588b324ca35d6719e859fe338ac0392?s=96&d=mm&r=g\",\"contentUrl\":\"https:\/\/secure.gravatar.com\/avatar\/2f26c36ee355da19a257f0dfef43952a2588b324ca35d6719e859fe338ac0392?s=96&d=mm&r=g\",\"caption\":\"Daniel Matos\"},\"url\":\"https:\/\/www.blogsoestado.com\/danielmatos\/author\/danielmatos\/\"}]}<\/script>\n<!-- \/ Yoast SEO plugin. -->","yoast_head_json":{"title":"Filho acusado de envolvimento na morte do ex-prefeito de Barra do Corda Nenzim ser\u00e1 julgado nesta quarta-feira (21) - Daniel Matos","robots":{"index":"index","follow":"follow","max-snippet":"max-snippet:-1","max-image-preview":"max-image-preview:large","max-video-preview":"max-video-preview:-1"},"canonical":"https:\/\/www.blogsoestado.com\/danielmatos\/filho-acusado-de-envolvimento-na-morte-do-ex-prefeito-de-barra-do-corda-nenzim-sera-julgado-nesta-quarta-feira-21\/","og_locale":"pt_BR","og_type":"article","og_title":"Filho acusado de envolvimento na morte do ex-prefeito de Barra do Corda Nenzim ser\u00e1 julgado nesta quarta-feira (21) - Daniel Matos","og_description":"Est\u00e1 agendado para esta quarta-feira, dia 21 de maio, \u00e0s 8h30, no F\u00f3rum Des. Sarney Costa (Calhau), a sess\u00e3o de [&hellip;]","og_url":"https:\/\/www.blogsoestado.com\/danielmatos\/filho-acusado-de-envolvimento-na-morte-do-ex-prefeito-de-barra-do-corda-nenzim-sera-julgado-nesta-quarta-feira-21\/","og_site_name":"Daniel Matos","article_published_time":"2025-05-20T19:20:56+00:00","article_modified_time":"2025-05-20T19:23:26+00:00","og_image":[{"width":900,"height":506,"url":"https:\/\/www.blogsoestado.com\/danielmatos\/wp-content\/uploads\/sites\/2\/2025\/05\/1002405472.jpg","type":"image\/jpeg"}],"author":"Daniel Matos","twitter_card":"summary_large_image","twitter_misc":{"Escrito por":"Daniel Matos","Est. tempo de leitura":"2 minutos"},"schema":{"@context":"https:\/\/schema.org","@graph":[{"@type":"WebPage","@id":"https:\/\/www.blogsoestado.com\/danielmatos\/filho-acusado-de-envolvimento-na-morte-do-ex-prefeito-de-barra-do-corda-nenzim-sera-julgado-nesta-quarta-feira-21\/","url":"https:\/\/www.blogsoestado.com\/danielmatos\/filho-acusado-de-envolvimento-na-morte-do-ex-prefeito-de-barra-do-corda-nenzim-sera-julgado-nesta-quarta-feira-21\/","name":"Filho acusado de envolvimento na morte do ex-prefeito de Barra do Corda Nenzim ser\u00e1 julgado nesta quarta-feira (21) - Daniel Matos","isPartOf":{"@id":"https:\/\/www.blogsoestado.com\/danielmatos\/#website"},"primaryImageOfPage":{"@id":"https:\/\/www.blogsoestado.com\/danielmatos\/filho-acusado-de-envolvimento-na-morte-do-ex-prefeito-de-barra-do-corda-nenzim-sera-julgado-nesta-quarta-feira-21\/#primaryimage"},"image":{"@id":"https:\/\/www.blogsoestado.com\/danielmatos\/filho-acusado-de-envolvimento-na-morte-do-ex-prefeito-de-barra-do-corda-nenzim-sera-julgado-nesta-quarta-feira-21\/#primaryimage"},"thumbnailUrl":"https:\/\/www.blogsoestado.com\/danielmatos\/wp-content\/uploads\/sites\/2\/2025\/05\/1002405472.jpg","datePublished":"2025-05-20T19:20:56+00:00","dateModified":"2025-05-20T19:23:26+00:00","author":{"@id":"https:\/\/www.blogsoestado.com\/danielmatos\/#\/schema\/person\/9a209d407cd45631f131e1285b661bb0"},"breadcrumb":{"@id":"https:\/\/www.blogsoestado.com\/danielmatos\/filho-acusado-de-envolvimento-na-morte-do-ex-prefeito-de-barra-do-corda-nenzim-sera-julgado-nesta-quarta-feira-21\/#breadcrumb"},"inLanguage":"pt-BR","potentialAction":[{"@type":"ReadAction","target":["https:\/\/www.blogsoestado.com\/danielmatos\/filho-acusado-de-envolvimento-na-morte-do-ex-prefeito-de-barra-do-corda-nenzim-sera-julgado-nesta-quarta-feira-21\/"]}]},{"@type":"ImageObject","inLanguage":"pt-BR","@id":"https:\/\/www.blogsoestado.com\/danielmatos\/filho-acusado-de-envolvimento-na-morte-do-ex-prefeito-de-barra-do-corda-nenzim-sera-julgado-nesta-quarta-feira-21\/#primaryimage","url":"https:\/\/www.blogsoestado.com\/danielmatos\/wp-content\/uploads\/sites\/2\/2025\/05\/1002405472.jpg","contentUrl":"https:\/\/www.blogsoestado.com\/danielmatos\/wp-content\/uploads\/sites\/2\/2025\/05\/1002405472.jpg","width":900,"height":506},{"@type":"BreadcrumbList","@id":"https:\/\/www.blogsoestado.com\/danielmatos\/filho-acusado-de-envolvimento-na-morte-do-ex-prefeito-de-barra-do-corda-nenzim-sera-julgado-nesta-quarta-feira-21\/#breadcrumb","itemListElement":[{"@type":"ListItem","position":1,"name":"In\u00edcio","item":"https:\/\/www.blogsoestado.com\/danielmatos\/"},{"@type":"ListItem","position":2,"name":"Filho acusado de envolvimento na morte do ex-prefeito de Barra do Corda Nenzim ser\u00e1 julgado nesta quarta-feira (21)"}]},{"@type":"WebSite","@id":"https:\/\/www.blogsoestado.com\/danielmatos\/#website","url":"https:\/\/www.blogsoestado.com\/danielmatos\/","name":"Daniel Matos","description":"","potentialAction":[{"@type":"SearchAction","target":{"@type":"EntryPoint","urlTemplate":"https:\/\/www.blogsoestado.com\/danielmatos\/?s={search_term_string}"},"query-input":{"@type":"PropertyValueSpecification","valueRequired":true,"valueName":"search_term_string"}}],"inLanguage":"pt-BR"},{"@type":"Person","@id":"https:\/\/www.blogsoestado.com\/danielmatos\/#\/schema\/person\/9a209d407cd45631f131e1285b661bb0","name":"Daniel Matos","image":{"@type":"ImageObject","inLanguage":"pt-BR","@id":"https:\/\/www.blogsoestado.com\/danielmatos\/#\/schema\/person\/image\/","url":"https:\/\/secure.gravatar.com\/avatar\/2f26c36ee355da19a257f0dfef43952a2588b324ca35d6719e859fe338ac0392?s=96&d=mm&r=g","contentUrl":"https:\/\/secure.gravatar.com\/avatar\/2f26c36ee355da19a257f0dfef43952a2588b324ca35d6719e859fe338ac0392?s=96&d=mm&r=g","caption":"Daniel Matos"},"url":"https:\/\/www.blogsoestado.com\/danielmatos\/author\/danielmatos\/"}]}},"jetpack_featured_media_url":"","_links":{"self":[{"href":"https:\/\/www.blogsoestado.com\/danielmatos\/wp-json\/wp\/v2\/posts\/144206","targetHints":{"allow":["GET"]}}],"collection":[{"href":"https:\/\/www.blogsoestado.com\/danielmatos\/wp-json\/wp\/v2\/posts"}],"about":[{"href":"https:\/\/www.blogsoestado.com\/danielmatos\/wp-json\/wp\/v2\/types\/post"}],"author":[{"embeddable":true,"href":"https:\/\/www.blogsoestado.com\/danielmatos\/wp-json\/wp\/v2\/users\/2"}],"replies":[{"embeddable":true,"href":"https:\/\/www.blogsoestado.com\/danielmatos\/wp-json\/wp\/v2\/comments?post=144206"}],"version-history":[{"count":2,"href":"https:\/\/www.blogsoestado.com\/danielmatos\/wp-json\/wp\/v2\/posts\/144206\/revisions"}],"predecessor-version":[{"id":144210,"href":"https:\/\/www.blogsoestado.com\/danielmatos\/wp-json\/wp\/v2\/posts\/144206\/revisions\/144210"}],"wp:attachment":[{"href":"https:\/\/www.blogsoestado.com\/danielmatos\/wp-json\/wp\/v2\/media?parent=144206"}],"wp:term":[{"taxonomy":"category","embeddable":true,"href":"https:\/\/www.blogsoestado.com\/danielmatos\/wp-json\/wp\/v2\/categories?post=144206"},{"taxonomy":"post_tag","embeddable":true,"href":"https:\/\/www.blogsoestado.com\/danielmatos\/wp-json\/wp\/v2\/tags?post=144206"}],"curies":[{"name":"wp","href":"https:\/\/api.w.org\/{rel}","templated":true}]}}