{"id":144307,"date":"2025-05-23T17:44:37","date_gmt":"2025-05-23T20:44:37","guid":{"rendered":"https:\/\/www.blogsoestado.com\/danielmatos\/?p=144307"},"modified":"2025-05-23T17:44:39","modified_gmt":"2025-05-23T20:44:39","slug":"mpma-cobra-medidas-de-enfrentamento-contra-sindromes-gripais-em-sao-luis","status":"publish","type":"post","link":"https:\/\/www.blogsoestado.com\/danielmatos\/mpma-cobra-medidas-de-enfrentamento-contra-sindromes-gripais-em-sao-luis\/","title":{"rendered":"MPMA cobra medidas de enfrentamento contra s\u00edndromes gripais em S\u00e3o Lu\u00eds"},"content":{"rendered":"\n<figure class=\"wp-block-image aligncenter size-large\"><img fetchpriority=\"high\" decoding=\"async\" width=\"1024\" height=\"684\" src=\"https:\/\/www.blogsoestado.com\/danielmatos\/wp-content\/uploads\/sites\/2\/2025\/05\/1002439601-1024x684.jpg\" alt=\"\" class=\"wp-image-144308\" srcset=\"https:\/\/www.blogsoestado.com\/danielmatos\/wp-content\/uploads\/sites\/2\/2025\/05\/1002439601-1024x684.jpg 1024w, https:\/\/www.blogsoestado.com\/danielmatos\/wp-content\/uploads\/sites\/2\/2025\/05\/1002439601-300x200.jpg 300w, https:\/\/www.blogsoestado.com\/danielmatos\/wp-content\/uploads\/sites\/2\/2025\/05\/1002439601-768x513.jpg 768w, https:\/\/www.blogsoestado.com\/danielmatos\/wp-content\/uploads\/sites\/2\/2025\/05\/1002439601.jpg 1500w\" sizes=\"(max-width: 1024px) 100vw, 1024px\" \/><figcaption class=\"wp-element-caption\">A titular da 2\u00aa Promotoria de Justi\u00e7a de Defesa da Sa\u00fade de S\u00e3o Lu\u00eds, Gl\u00f3ria Mafra, emitiu of\u00edcio ao secret\u00e1rio de Estado de Sa\u00fade, Tiago Fernandes, fixando prazo de 10 dias para a SES responder a solicita\u00e7\u00e3o do MPMA<\/figcaption><\/figure>\n\n\n\n<p>O Minist\u00e9rio P\u00fablico do Maranh\u00e3o emitiu of\u00edcio nesta quinta-feira, 22, notificando a Secretaria de Estado da Sa\u00fade (SES) para adotar provid\u00eancias de enfrentamento da S\u00edndrome Respirat\u00f3ria Aguda Grave (SRAG) e da S\u00edndrome Gripal (SG), considerando a superlota\u00e7\u00e3o das unidades de sa\u00fade p\u00fablica e o aumento dos casos. &nbsp;<\/p>\n\n\n\n<p>Ap\u00f3s sistematizar as informa\u00e7\u00f5es, a titular da 2\u00aa Promotoria de Justi\u00e7a de Defesa da Sa\u00fade de S\u00e3o Lu\u00eds, Gl\u00f3ria Mafra, emitiu of\u00edcio ao secret\u00e1rio de Estado de Sa\u00fade, Tiago Fernandes. Foi concedido o prazo de 10 dias para a SES responder a solicita\u00e7\u00e3o do MPMA.<\/p>\n\n\n\n<p>Na segunda-feira, 19, a Promotoria realizou reuni\u00e3o com representantes da SES, Secretaria Municipal de Sa\u00fade de S\u00e3o Lu\u00eds (Semus), Instituto Acqua e Empresa Maranhense de Servi\u00e7os Hospitalares (Emserh) para solicitar informa\u00e7\u00f5es sobre os protocolos de a\u00e7\u00f5es e planejamento dos fluxos de atendimento para combater os casos de s\u00edndromes gripais.<\/p>\n\n\n\n<p>\u201cOs rec\u00e9m-nascidos e demais crian\u00e7as, quando contaminados por s\u00edndromes gripais, t\u00eam mais riscos que as outras faixas et\u00e1rias. Essa situa\u00e7\u00e3o atesta a necessidade de elabora\u00e7\u00e3o de um plano de a\u00e7\u00e3o para o enfrentamento dessa emerg\u00eancia de sa\u00fade\u201d, explicou Gl\u00f3ria Mafra.<\/p>\n\n\n\n<p>Na manifesta\u00e7\u00e3o ministerial, a promotora de justi\u00e7a solicitou ao gestor a elabora\u00e7\u00e3o e valida\u00e7\u00e3o do Plano Estadual de Conting\u00eancia para o enfrentamento do aumento de casos de SRAG.<\/p>\n\n\n\n<figure class=\"wp-block-image aligncenter size-large\"><img decoding=\"async\" width=\"1024\" height=\"684\" src=\"https:\/\/www.blogsoestado.com\/danielmatos\/wp-content\/uploads\/sites\/2\/2025\/05\/1002439600-1024x684.jpg\" alt=\"\" class=\"wp-image-144309\" srcset=\"https:\/\/www.blogsoestado.com\/danielmatos\/wp-content\/uploads\/sites\/2\/2025\/05\/1002439600-1024x684.jpg 1024w, https:\/\/www.blogsoestado.com\/danielmatos\/wp-content\/uploads\/sites\/2\/2025\/05\/1002439600-300x200.jpg 300w, https:\/\/www.blogsoestado.com\/danielmatos\/wp-content\/uploads\/sites\/2\/2025\/05\/1002439600-768x513.jpg 768w, https:\/\/www.blogsoestado.com\/danielmatos\/wp-content\/uploads\/sites\/2\/2025\/05\/1002439600.jpg 1500w\" sizes=\"(max-width: 1024px) 100vw, 1024px\" \/><figcaption class=\"wp-element-caption\">A Promotoria realizou reuni\u00e3o com representantes da SES, Semus, Instituto Acqua e Emserh para solicitar informa\u00e7\u00f5es sobre os protocolos de a\u00e7\u00f5es e planejamento dos fluxos de atendimento para combater os casos de s\u00edndromes gripais<\/figcaption><\/figure>\n\n\n\n<p>Em rela\u00e7\u00e3o aos rec\u00e9m-nascidos, o MPMA solicitou a elabora\u00e7\u00e3o e valida\u00e7\u00e3o do fluxo de atendimento dos pacientes neonatais em Enfermaria, Unidade de Terapia Intensiva (UTI) e Unidade de Cuidados Intermedi\u00e1rios (UCI). O objetivo \u00e9 uniformizar os crit\u00e9rios admissionais em todos os hospitais da rede estadual, provid\u00eancias e crit\u00e9rios de isolamento, reduzir o per\u00edodo de espera e dispor sobre medidas de precau\u00e7\u00e3o.<\/p>\n\n\n\n<p>Tamb\u00e9m foi solicitado ao secret\u00e1rio Tiago Fernandes que providencie Nota T\u00e9cnica com orienta\u00e7\u00f5es sobre notifica\u00e7\u00e3o dos casos de SG e SRAG, de acordo com o Guia de Vigil\u00e2ncia do Minist\u00e9rio da Sa\u00fade.<\/p>\n\n\n\n<p>Igualmente foi solicitada a elabora\u00e7\u00e3o de Notas T\u00e9cnicas sobre a profilaxia com o medicamento Palivizumabe para crian\u00e7as; profilaxia e tratamento com Fosfato de Oseltamivir; e fluxograma de coleta, encaminhamento de amostras e libera\u00e7\u00e3o de resultados de exames espec\u00edficos para investiga\u00e7\u00e3o de casos suspeitos de SG e SRAG realizados na rede privada conveniada pelo SUS e no Laborat\u00f3rio Central de Sa\u00fade P\u00fablica do Maranh\u00e3o (Lacen).<\/p>\n\n\n\n<p>Gl\u00f3ria Mafra informou que, na pr\u00f3xima semana, ser\u00e1 enviada notifica\u00e7\u00e3o semelhante \u00e0 Secretaria Municipal de Sa\u00fade de S\u00e3o Lu\u00eds, de acordo com as atribui\u00e7\u00f5es municipais, assim como ser\u00e1 realizada reuni\u00e3o para tratar sobre os fluxos de atendimento a adultos e idosos.<\/p>\n","protected":false},"excerpt":{"rendered":"<p>O Minist\u00e9rio P\u00fablico do Maranh\u00e3o emitiu of\u00edcio nesta quinta-feira, 22, notificando a Secretaria de Estado da Sa\u00fade (SES) para adotar [&hellip;]<\/p>\n","protected":false},"author":2,"featured_media":0,"comment_status":"open","ping_status":"open","sticky":false,"template":"","format":"standard","meta":{"site-sidebar-layout":"default","site-content-layout":"","ast-site-content-layout":"default","site-content-style":"default","site-sidebar-style":"default","ast-global-header-display":"","ast-banner-title-visibility":"","ast-main-header-display":"","ast-hfb-above-header-display":"","ast-hfb-below-header-display":"","ast-hfb-mobile-header-display":"","site-post-title":"","ast-breadcrumbs-content":"","ast-featured-img":"","footer-sml-layout":"","ast-disable-related-posts":"","theme-transparent-header-meta":"","adv-header-id-meta":"","stick-header-meta":"","header-above-stick-meta":"","header-main-stick-meta":"","header-below-stick-meta":"","astra-migrate-meta-layouts":"default","ast-page-background-enabled":"default","ast-page-background-meta":{"desktop":{"background-color":"var(--ast-global-color-5)","background-image":"","background-repeat":"repeat","background-position":"center center","background-size":"auto","background-attachment":"scroll","background-type":"","background-media":"","overlay-type":"","overlay-color":"","overlay-opacity":"","overlay-gradient":""},"tablet":{"background-color":"","background-image":"","background-repeat":"repeat","background-position":"center center","background-size":"auto","background-attachment":"scroll","background-type":"","background-media":"","overlay-type":"","overlay-color":"","overlay-opacity":"","overlay-gradient":""},"mobile":{"background-color":"","background-image":"","background-repeat":"repeat","background-position":"center center","background-size":"auto","background-attachment":"scroll","background-type":"","background-media":"","overlay-type":"","overlay-color":"","overlay-opacity":"","overlay-gradient":""}},"ast-content-background-meta":{"desktop":{"background-color":"var(--ast-global-color-4)","background-image":"","background-repeat":"repeat","background-position":"center center","background-size":"auto","background-attachment":"scroll","background-type":"","background-media":"","overlay-type":"","overlay-color":"","overlay-opacity":"","overlay-gradient":""},"tablet":{"background-color":"var(--ast-global-color-4)","background-image":"","background-repeat":"repeat","background-position":"center center","background-size":"auto","background-attachment":"scroll","background-type":"","background-media":"","overlay-type":"","overlay-color":"","overlay-opacity":"","overlay-gradient":""},"mobile":{"background-color":"var(--ast-global-color-4)","background-image":"","background-repeat":"repeat","background-position":"center center","background-size":"auto","background-attachment":"scroll","background-type":"","background-media":"","overlay-type":"","overlay-color":"","overlay-opacity":"","overlay-gradient":""}},"footnotes":""},"categories":[1],"tags":[],"class_list":["post-144307","post","type-post","status-publish","format-standard","hentry","category-sem-categoria"],"yoast_head":"<!-- This site is optimized with the Yoast SEO plugin v26.6 - https:\/\/yoast.com\/wordpress\/plugins\/seo\/ -->\n<title>MPMA cobra medidas de enfrentamento contra s\u00edndromes gripais em S\u00e3o Lu\u00eds - Daniel Matos<\/title>\n<meta name=\"robots\" content=\"index, follow, max-snippet:-1, max-image-preview:large, max-video-preview:-1\" \/>\n<link rel=\"canonical\" href=\"https:\/\/www.blogsoestado.com\/danielmatos\/mpma-cobra-medidas-de-enfrentamento-contra-sindromes-gripais-em-sao-luis\/\" \/>\n<meta property=\"og:locale\" content=\"pt_BR\" \/>\n<meta property=\"og:type\" content=\"article\" \/>\n<meta property=\"og:title\" content=\"MPMA cobra medidas de enfrentamento contra s\u00edndromes gripais em S\u00e3o Lu\u00eds - Daniel Matos\" \/>\n<meta property=\"og:description\" content=\"O Minist\u00e9rio P\u00fablico do Maranh\u00e3o emitiu of\u00edcio nesta quinta-feira, 22, notificando a Secretaria de Estado da Sa\u00fade (SES) para adotar [&hellip;]\" \/>\n<meta property=\"og:url\" content=\"https:\/\/www.blogsoestado.com\/danielmatos\/mpma-cobra-medidas-de-enfrentamento-contra-sindromes-gripais-em-sao-luis\/\" \/>\n<meta property=\"og:site_name\" content=\"Daniel Matos\" \/>\n<meta property=\"article:published_time\" content=\"2025-05-23T20:44:37+00:00\" \/>\n<meta property=\"article:modified_time\" content=\"2025-05-23T20:44:39+00:00\" \/>\n<meta property=\"og:image\" content=\"https:\/\/www.blogsoestado.com\/danielmatos\/wp-content\/uploads\/sites\/2\/2025\/05\/1002439601.jpg\" \/>\n\t<meta property=\"og:image:width\" content=\"1500\" \/>\n\t<meta property=\"og:image:height\" content=\"1002\" \/>\n\t<meta property=\"og:image:type\" content=\"image\/jpeg\" \/>\n<meta name=\"author\" content=\"Daniel Matos\" \/>\n<meta name=\"twitter:card\" content=\"summary_large_image\" \/>\n<meta name=\"twitter:label1\" content=\"Escrito por\" \/>\n\t<meta name=\"twitter:data1\" content=\"Daniel Matos\" \/>\n\t<meta name=\"twitter:label2\" content=\"Est. tempo de leitura\" \/>\n\t<meta name=\"twitter:data2\" content=\"4 minutos\" \/>\n<script type=\"application\/ld+json\" class=\"yoast-schema-graph\">{\"@context\":\"https:\/\/schema.org\",\"@graph\":[{\"@type\":\"WebPage\",\"@id\":\"https:\/\/www.blogsoestado.com\/danielmatos\/mpma-cobra-medidas-de-enfrentamento-contra-sindromes-gripais-em-sao-luis\/\",\"url\":\"https:\/\/www.blogsoestado.com\/danielmatos\/mpma-cobra-medidas-de-enfrentamento-contra-sindromes-gripais-em-sao-luis\/\",\"name\":\"MPMA cobra medidas de enfrentamento contra s\u00edndromes gripais em S\u00e3o Lu\u00eds - Daniel Matos\",\"isPartOf\":{\"@id\":\"https:\/\/www.blogsoestado.com\/danielmatos\/#website\"},\"primaryImageOfPage\":{\"@id\":\"https:\/\/www.blogsoestado.com\/danielmatos\/mpma-cobra-medidas-de-enfrentamento-contra-sindromes-gripais-em-sao-luis\/#primaryimage\"},\"image\":{\"@id\":\"https:\/\/www.blogsoestado.com\/danielmatos\/mpma-cobra-medidas-de-enfrentamento-contra-sindromes-gripais-em-sao-luis\/#primaryimage\"},\"thumbnailUrl\":\"https:\/\/www.blogsoestado.com\/danielmatos\/wp-content\/uploads\/sites\/2\/2025\/05\/1002439601-1024x684.jpg\",\"datePublished\":\"2025-05-23T20:44:37+00:00\",\"dateModified\":\"2025-05-23T20:44:39+00:00\",\"author\":{\"@id\":\"https:\/\/www.blogsoestado.com\/danielmatos\/#\/schema\/person\/9a209d407cd45631f131e1285b661bb0\"},\"breadcrumb\":{\"@id\":\"https:\/\/www.blogsoestado.com\/danielmatos\/mpma-cobra-medidas-de-enfrentamento-contra-sindromes-gripais-em-sao-luis\/#breadcrumb\"},\"inLanguage\":\"pt-BR\",\"potentialAction\":[{\"@type\":\"ReadAction\",\"target\":[\"https:\/\/www.blogsoestado.com\/danielmatos\/mpma-cobra-medidas-de-enfrentamento-contra-sindromes-gripais-em-sao-luis\/\"]}]},{\"@type\":\"ImageObject\",\"inLanguage\":\"pt-BR\",\"@id\":\"https:\/\/www.blogsoestado.com\/danielmatos\/mpma-cobra-medidas-de-enfrentamento-contra-sindromes-gripais-em-sao-luis\/#primaryimage\",\"url\":\"https:\/\/www.blogsoestado.com\/danielmatos\/wp-content\/uploads\/sites\/2\/2025\/05\/1002439601.jpg\",\"contentUrl\":\"https:\/\/www.blogsoestado.com\/danielmatos\/wp-content\/uploads\/sites\/2\/2025\/05\/1002439601.jpg\",\"width\":1500,\"height\":1002},{\"@type\":\"BreadcrumbList\",\"@id\":\"https:\/\/www.blogsoestado.com\/danielmatos\/mpma-cobra-medidas-de-enfrentamento-contra-sindromes-gripais-em-sao-luis\/#breadcrumb\",\"itemListElement\":[{\"@type\":\"ListItem\",\"position\":1,\"name\":\"In\u00edcio\",\"item\":\"https:\/\/www.blogsoestado.com\/danielmatos\/\"},{\"@type\":\"ListItem\",\"position\":2,\"name\":\"MPMA cobra medidas de enfrentamento contra s\u00edndromes gripais em S\u00e3o Lu\u00eds\"}]},{\"@type\":\"WebSite\",\"@id\":\"https:\/\/www.blogsoestado.com\/danielmatos\/#website\",\"url\":\"https:\/\/www.blogsoestado.com\/danielmatos\/\",\"name\":\"Daniel Matos\",\"description\":\"\",\"potentialAction\":[{\"@type\":\"SearchAction\",\"target\":{\"@type\":\"EntryPoint\",\"urlTemplate\":\"https:\/\/www.blogsoestado.com\/danielmatos\/?s={search_term_string}\"},\"query-input\":{\"@type\":\"PropertyValueSpecification\",\"valueRequired\":true,\"valueName\":\"search_term_string\"}}],\"inLanguage\":\"pt-BR\"},{\"@type\":\"Person\",\"@id\":\"https:\/\/www.blogsoestado.com\/danielmatos\/#\/schema\/person\/9a209d407cd45631f131e1285b661bb0\",\"name\":\"Daniel Matos\",\"image\":{\"@type\":\"ImageObject\",\"inLanguage\":\"pt-BR\",\"@id\":\"https:\/\/www.blogsoestado.com\/danielmatos\/#\/schema\/person\/image\/\",\"url\":\"https:\/\/secure.gravatar.com\/avatar\/2f26c36ee355da19a257f0dfef43952a2588b324ca35d6719e859fe338ac0392?s=96&d=mm&r=g\",\"contentUrl\":\"https:\/\/secure.gravatar.com\/avatar\/2f26c36ee355da19a257f0dfef43952a2588b324ca35d6719e859fe338ac0392?s=96&d=mm&r=g\",\"caption\":\"Daniel Matos\"},\"url\":\"https:\/\/www.blogsoestado.com\/danielmatos\/author\/danielmatos\/\"}]}<\/script>\n<!-- \/ Yoast SEO plugin. -->","yoast_head_json":{"title":"MPMA cobra medidas de enfrentamento contra s\u00edndromes gripais em S\u00e3o Lu\u00eds - Daniel Matos","robots":{"index":"index","follow":"follow","max-snippet":"max-snippet:-1","max-image-preview":"max-image-preview:large","max-video-preview":"max-video-preview:-1"},"canonical":"https:\/\/www.blogsoestado.com\/danielmatos\/mpma-cobra-medidas-de-enfrentamento-contra-sindromes-gripais-em-sao-luis\/","og_locale":"pt_BR","og_type":"article","og_title":"MPMA cobra medidas de enfrentamento contra s\u00edndromes gripais em S\u00e3o Lu\u00eds - Daniel Matos","og_description":"O Minist\u00e9rio P\u00fablico do Maranh\u00e3o emitiu of\u00edcio nesta quinta-feira, 22, notificando a Secretaria de Estado da Sa\u00fade (SES) para adotar [&hellip;]","og_url":"https:\/\/www.blogsoestado.com\/danielmatos\/mpma-cobra-medidas-de-enfrentamento-contra-sindromes-gripais-em-sao-luis\/","og_site_name":"Daniel Matos","article_published_time":"2025-05-23T20:44:37+00:00","article_modified_time":"2025-05-23T20:44:39+00:00","og_image":[{"width":1500,"height":1002,"url":"https:\/\/www.blogsoestado.com\/danielmatos\/wp-content\/uploads\/sites\/2\/2025\/05\/1002439601.jpg","type":"image\/jpeg"}],"author":"Daniel Matos","twitter_card":"summary_large_image","twitter_misc":{"Escrito por":"Daniel Matos","Est. tempo de leitura":"4 minutos"},"schema":{"@context":"https:\/\/schema.org","@graph":[{"@type":"WebPage","@id":"https:\/\/www.blogsoestado.com\/danielmatos\/mpma-cobra-medidas-de-enfrentamento-contra-sindromes-gripais-em-sao-luis\/","url":"https:\/\/www.blogsoestado.com\/danielmatos\/mpma-cobra-medidas-de-enfrentamento-contra-sindromes-gripais-em-sao-luis\/","name":"MPMA cobra medidas de enfrentamento contra s\u00edndromes gripais em S\u00e3o Lu\u00eds - Daniel Matos","isPartOf":{"@id":"https:\/\/www.blogsoestado.com\/danielmatos\/#website"},"primaryImageOfPage":{"@id":"https:\/\/www.blogsoestado.com\/danielmatos\/mpma-cobra-medidas-de-enfrentamento-contra-sindromes-gripais-em-sao-luis\/#primaryimage"},"image":{"@id":"https:\/\/www.blogsoestado.com\/danielmatos\/mpma-cobra-medidas-de-enfrentamento-contra-sindromes-gripais-em-sao-luis\/#primaryimage"},"thumbnailUrl":"https:\/\/www.blogsoestado.com\/danielmatos\/wp-content\/uploads\/sites\/2\/2025\/05\/1002439601-1024x684.jpg","datePublished":"2025-05-23T20:44:37+00:00","dateModified":"2025-05-23T20:44:39+00:00","author":{"@id":"https:\/\/www.blogsoestado.com\/danielmatos\/#\/schema\/person\/9a209d407cd45631f131e1285b661bb0"},"breadcrumb":{"@id":"https:\/\/www.blogsoestado.com\/danielmatos\/mpma-cobra-medidas-de-enfrentamento-contra-sindromes-gripais-em-sao-luis\/#breadcrumb"},"inLanguage":"pt-BR","potentialAction":[{"@type":"ReadAction","target":["https:\/\/www.blogsoestado.com\/danielmatos\/mpma-cobra-medidas-de-enfrentamento-contra-sindromes-gripais-em-sao-luis\/"]}]},{"@type":"ImageObject","inLanguage":"pt-BR","@id":"https:\/\/www.blogsoestado.com\/danielmatos\/mpma-cobra-medidas-de-enfrentamento-contra-sindromes-gripais-em-sao-luis\/#primaryimage","url":"https:\/\/www.blogsoestado.com\/danielmatos\/wp-content\/uploads\/sites\/2\/2025\/05\/1002439601.jpg","contentUrl":"https:\/\/www.blogsoestado.com\/danielmatos\/wp-content\/uploads\/sites\/2\/2025\/05\/1002439601.jpg","width":1500,"height":1002},{"@type":"BreadcrumbList","@id":"https:\/\/www.blogsoestado.com\/danielmatos\/mpma-cobra-medidas-de-enfrentamento-contra-sindromes-gripais-em-sao-luis\/#breadcrumb","itemListElement":[{"@type":"ListItem","position":1,"name":"In\u00edcio","item":"https:\/\/www.blogsoestado.com\/danielmatos\/"},{"@type":"ListItem","position":2,"name":"MPMA cobra medidas de enfrentamento contra s\u00edndromes gripais em S\u00e3o Lu\u00eds"}]},{"@type":"WebSite","@id":"https:\/\/www.blogsoestado.com\/danielmatos\/#website","url":"https:\/\/www.blogsoestado.com\/danielmatos\/","name":"Daniel Matos","description":"","potentialAction":[{"@type":"SearchAction","target":{"@type":"EntryPoint","urlTemplate":"https:\/\/www.blogsoestado.com\/danielmatos\/?s={search_term_string}"},"query-input":{"@type":"PropertyValueSpecification","valueRequired":true,"valueName":"search_term_string"}}],"inLanguage":"pt-BR"},{"@type":"Person","@id":"https:\/\/www.blogsoestado.com\/danielmatos\/#\/schema\/person\/9a209d407cd45631f131e1285b661bb0","name":"Daniel Matos","image":{"@type":"ImageObject","inLanguage":"pt-BR","@id":"https:\/\/www.blogsoestado.com\/danielmatos\/#\/schema\/person\/image\/","url":"https:\/\/secure.gravatar.com\/avatar\/2f26c36ee355da19a257f0dfef43952a2588b324ca35d6719e859fe338ac0392?s=96&d=mm&r=g","contentUrl":"https:\/\/secure.gravatar.com\/avatar\/2f26c36ee355da19a257f0dfef43952a2588b324ca35d6719e859fe338ac0392?s=96&d=mm&r=g","caption":"Daniel Matos"},"url":"https:\/\/www.blogsoestado.com\/danielmatos\/author\/danielmatos\/"}]}},"jetpack_featured_media_url":"","_links":{"self":[{"href":"https:\/\/www.blogsoestado.com\/danielmatos\/wp-json\/wp\/v2\/posts\/144307","targetHints":{"allow":["GET"]}}],"collection":[{"href":"https:\/\/www.blogsoestado.com\/danielmatos\/wp-json\/wp\/v2\/posts"}],"about":[{"href":"https:\/\/www.blogsoestado.com\/danielmatos\/wp-json\/wp\/v2\/types\/post"}],"author":[{"embeddable":true,"href":"https:\/\/www.blogsoestado.com\/danielmatos\/wp-json\/wp\/v2\/users\/2"}],"replies":[{"embeddable":true,"href":"https:\/\/www.blogsoestado.com\/danielmatos\/wp-json\/wp\/v2\/comments?post=144307"}],"version-history":[{"count":1,"href":"https:\/\/www.blogsoestado.com\/danielmatos\/wp-json\/wp\/v2\/posts\/144307\/revisions"}],"predecessor-version":[{"id":144310,"href":"https:\/\/www.blogsoestado.com\/danielmatos\/wp-json\/wp\/v2\/posts\/144307\/revisions\/144310"}],"wp:attachment":[{"href":"https:\/\/www.blogsoestado.com\/danielmatos\/wp-json\/wp\/v2\/media?parent=144307"}],"wp:term":[{"taxonomy":"category","embeddable":true,"href":"https:\/\/www.blogsoestado.com\/danielmatos\/wp-json\/wp\/v2\/categories?post=144307"},{"taxonomy":"post_tag","embeddable":true,"href":"https:\/\/www.blogsoestado.com\/danielmatos\/wp-json\/wp\/v2\/tags?post=144307"}],"curies":[{"name":"wp","href":"https:\/\/api.w.org\/{rel}","templated":true}]}}