{"id":144713,"date":"2025-06-03T13:36:29","date_gmt":"2025-06-03T16:36:29","guid":{"rendered":"https:\/\/www.blogsoestado.com\/danielmatos\/?p=144713"},"modified":"2025-06-03T16:29:41","modified_gmt":"2025-06-03T19:29:41","slug":"ricardo-guterres-prestigia-palestra-de-ministro-do-stj-na-universidade-ceuma","status":"publish","type":"post","link":"https:\/\/www.blogsoestado.com\/danielmatos\/ricardo-guterres-prestigia-palestra-de-ministro-do-stj-na-universidade-ceuma\/","title":{"rendered":"Ricardo Guterres prestigia palestra de ministro do STJ na Universidade Ceuma"},"content":{"rendered":"\n<figure class=\"wp-block-image aligncenter size-large\"><img fetchpriority=\"high\" decoding=\"async\" width=\"1024\" height=\"700\" src=\"https:\/\/www.blogsoestado.com\/danielmatos\/wp-content\/uploads\/sites\/2\/2025\/06\/daniel_img2-1024x700.jpeg\" alt=\"\" class=\"wp-image-144745\" srcset=\"https:\/\/www.blogsoestado.com\/danielmatos\/wp-content\/uploads\/sites\/2\/2025\/06\/daniel_img2-1024x700.jpeg 1024w, https:\/\/www.blogsoestado.com\/danielmatos\/wp-content\/uploads\/sites\/2\/2025\/06\/daniel_img2-300x205.jpeg 300w, https:\/\/www.blogsoestado.com\/danielmatos\/wp-content\/uploads\/sites\/2\/2025\/06\/daniel_img2-768x525.jpeg 768w, https:\/\/www.blogsoestado.com\/danielmatos\/wp-content\/uploads\/sites\/2\/2025\/06\/daniel_img2.jpeg 1237w\" sizes=\"(max-width: 1024px) 100vw, 1024px\" \/><figcaption class=\"wp-element-caption\">Ricardo Guterres acompanhou a palestra do ministro do STJ Teodoro Santos Silva no Audit\u00f3rio Expedito Bacelar, no Campus Renascen\u00e7a, da Universidade Ceuma<\/figcaption><\/figure>\n\n\n\n<p>O ex-secret\u00e1rio de Minas e Energia e de Assuntos Estrat\u00e9gicos do Maranh\u00e3o, ex-secret\u00e1rio de Desenvolvimento Social do Distrito Federal e atualmente consultor do Grupo Educacional Ceuma, Ricardo Guterres, prestigiou a palestra proferida, nessa segunda-feira (2), pelo ministro do Superior Tribunal de Justi\u00e7a (STJ) Teodoro Santos Silva, no Audit\u00f3rio Expedito Bacelar, no Campus Renascen\u00e7a. Integrante da segunda mais alta corte judici\u00e1ria do pa\u00eds, o magistrado ministrou a aula de encerramento do primeiro semestre de 2025 do Curso de Direito da Universidade Ceuma.<\/p>\n\n\n\n<p>Guterres acompanhou a palestra do ministro Teodoro Santos Silva, cujo tema foi &#8220;Improbidade Administrativa \u00e0 Luz do STJ: Precedentes e Tend\u00eancias\u201d, ao lado do presidente do Tribunal de Justi\u00e7a do Maranh\u00e3o, desembargador Froz Sobrinho, e personalidades acad\u00eamicas, como o professor Rafael Soares da Fonseca. A aula tamb\u00e9m reuniu centenas de alunos, professores e demais profissionais que seguem carreira no Direito interessados em adquirir mais saber jur\u00eddico.<\/p>\n\n\n\n<figure class=\"wp-block-image aligncenter size-large\"><img decoding=\"async\" width=\"1024\" height=\"998\" src=\"https:\/\/www.blogsoestado.com\/danielmatos\/wp-content\/uploads\/sites\/2\/2025\/06\/daniel_img1-1024x998.jpeg\" alt=\"\" class=\"wp-image-144743\" srcset=\"https:\/\/www.blogsoestado.com\/danielmatos\/wp-content\/uploads\/sites\/2\/2025\/06\/daniel_img1-1024x998.jpeg 1024w, https:\/\/www.blogsoestado.com\/danielmatos\/wp-content\/uploads\/sites\/2\/2025\/06\/daniel_img1-300x293.jpeg 300w, https:\/\/www.blogsoestado.com\/danielmatos\/wp-content\/uploads\/sites\/2\/2025\/06\/daniel_img1-768x749.jpeg 768w, https:\/\/www.blogsoestado.com\/danielmatos\/wp-content\/uploads\/sites\/2\/2025\/06\/daniel_img1.jpeg 1080w\" sizes=\"(max-width: 1024px) 100vw, 1024px\" \/><figcaption class=\"wp-element-caption\">Ricardo Guterres com o ministro do STJ Teodoro Santos Silva, o presidente do TJMA, desembargador Froz Sobrinho e o professor Rafael Soares da Fonseca <\/figcaption><\/figure>\n\n\n\n<p>Com excelente tr\u00e2nsito nos Tr\u00eas Poderes, especialmente em \u00e2mbito federal, Ricardo Guterres exerce papel fundamental no Grupo Educacional Ceuma, viabilizando a presen\u00e7a de autoridades nacionais para dividir experi\u00eancias e conhecimento com a comunidade acad\u00eamica.<\/p>\n\n\n\n<p>Assim, contribui de forma significativa para consolidar a Universidade Ceuma como a mais conceituada institui\u00e7\u00e3o privada de ensino superior do Maranh\u00e3o e para projetar ainda mais o Grupo Educacional Ceuma em todo o pa\u00eds.<\/p>\n","protected":false},"excerpt":{"rendered":"<p>O ex-secret\u00e1rio de Minas e Energia e de Assuntos Estrat\u00e9gicos do Maranh\u00e3o, ex-secret\u00e1rio de Desenvolvimento Social do Distrito Federal e [&hellip;]<\/p>\n","protected":false},"author":2,"featured_media":0,"comment_status":"open","ping_status":"open","sticky":false,"template":"","format":"standard","meta":{"site-sidebar-layout":"default","site-content-layout":"","ast-site-content-layout":"default","site-content-style":"default","site-sidebar-style":"default","ast-global-header-display":"","ast-banner-title-visibility":"","ast-main-header-display":"","ast-hfb-above-header-display":"","ast-hfb-below-header-display":"","ast-hfb-mobile-header-display":"","site-post-title":"","ast-breadcrumbs-content":"","ast-featured-img":"","footer-sml-layout":"","ast-disable-related-posts":"","theme-transparent-header-meta":"","adv-header-id-meta":"","stick-header-meta":"","header-above-stick-meta":"","header-main-stick-meta":"","header-below-stick-meta":"","astra-migrate-meta-layouts":"default","ast-page-background-enabled":"default","ast-page-background-meta":{"desktop":{"background-color":"var(--ast-global-color-5)","background-image":"","background-repeat":"repeat","background-position":"center center","background-size":"auto","background-attachment":"scroll","background-type":"","background-media":"","overlay-type":"","overlay-color":"","overlay-opacity":"","overlay-gradient":""},"tablet":{"background-color":"","background-image":"","background-repeat":"repeat","background-position":"center center","background-size":"auto","background-attachment":"scroll","background-type":"","background-media":"","overlay-type":"","overlay-color":"","overlay-opacity":"","overlay-gradient":""},"mobile":{"background-color":"","background-image":"","background-repeat":"repeat","background-position":"center center","background-size":"auto","background-attachment":"scroll","background-type":"","background-media":"","overlay-type":"","overlay-color":"","overlay-opacity":"","overlay-gradient":""}},"ast-content-background-meta":{"desktop":{"background-color":"var(--ast-global-color-4)","background-image":"","background-repeat":"repeat","background-position":"center center","background-size":"auto","background-attachment":"scroll","background-type":"","background-media":"","overlay-type":"","overlay-color":"","overlay-opacity":"","overlay-gradient":""},"tablet":{"background-color":"var(--ast-global-color-4)","background-image":"","background-repeat":"repeat","background-position":"center center","background-size":"auto","background-attachment":"scroll","background-type":"","background-media":"","overlay-type":"","overlay-color":"","overlay-opacity":"","overlay-gradient":""},"mobile":{"background-color":"var(--ast-global-color-4)","background-image":"","background-repeat":"repeat","background-position":"center center","background-size":"auto","background-attachment":"scroll","background-type":"","background-media":"","overlay-type":"","overlay-color":"","overlay-opacity":"","overlay-gradient":""}},"footnotes":""},"categories":[1],"tags":[],"class_list":["post-144713","post","type-post","status-publish","format-standard","hentry","category-sem-categoria"],"yoast_head":"<!-- This site is optimized with the Yoast SEO plugin v26.6 - https:\/\/yoast.com\/wordpress\/plugins\/seo\/ -->\n<title>Ricardo Guterres prestigia palestra de ministro do STJ na Universidade Ceuma - Daniel Matos<\/title>\n<meta name=\"robots\" content=\"index, follow, max-snippet:-1, max-image-preview:large, max-video-preview:-1\" \/>\n<link rel=\"canonical\" href=\"https:\/\/www.blogsoestado.com\/danielmatos\/ricardo-guterres-prestigia-palestra-de-ministro-do-stj-na-universidade-ceuma\/\" \/>\n<meta property=\"og:locale\" content=\"pt_BR\" \/>\n<meta property=\"og:type\" content=\"article\" \/>\n<meta property=\"og:title\" content=\"Ricardo Guterres prestigia palestra de ministro do STJ na Universidade Ceuma - Daniel Matos\" \/>\n<meta property=\"og:description\" content=\"O ex-secret\u00e1rio de Minas e Energia e de Assuntos Estrat\u00e9gicos do Maranh\u00e3o, ex-secret\u00e1rio de Desenvolvimento Social do Distrito Federal e [&hellip;]\" \/>\n<meta property=\"og:url\" content=\"https:\/\/www.blogsoestado.com\/danielmatos\/ricardo-guterres-prestigia-palestra-de-ministro-do-stj-na-universidade-ceuma\/\" \/>\n<meta property=\"og:site_name\" content=\"Daniel Matos\" \/>\n<meta property=\"article:published_time\" content=\"2025-06-03T16:36:29+00:00\" \/>\n<meta property=\"article:modified_time\" content=\"2025-06-03T19:29:41+00:00\" \/>\n<meta name=\"author\" content=\"Daniel Matos\" \/>\n<meta name=\"twitter:card\" content=\"summary_large_image\" \/>\n<meta name=\"twitter:label1\" content=\"Escrito por\" \/>\n\t<meta name=\"twitter:data1\" content=\"Daniel Matos\" \/>\n\t<meta name=\"twitter:label2\" content=\"Est. tempo de leitura\" \/>\n\t<meta name=\"twitter:data2\" content=\"2 minutos\" \/>\n<script type=\"application\/ld+json\" class=\"yoast-schema-graph\">{\"@context\":\"https:\/\/schema.org\",\"@graph\":[{\"@type\":\"WebPage\",\"@id\":\"https:\/\/www.blogsoestado.com\/danielmatos\/ricardo-guterres-prestigia-palestra-de-ministro-do-stj-na-universidade-ceuma\/\",\"url\":\"https:\/\/www.blogsoestado.com\/danielmatos\/ricardo-guterres-prestigia-palestra-de-ministro-do-stj-na-universidade-ceuma\/\",\"name\":\"Ricardo Guterres prestigia palestra de ministro do STJ na Universidade Ceuma - Daniel Matos\",\"isPartOf\":{\"@id\":\"https:\/\/www.blogsoestado.com\/danielmatos\/#website\"},\"primaryImageOfPage\":{\"@id\":\"https:\/\/www.blogsoestado.com\/danielmatos\/ricardo-guterres-prestigia-palestra-de-ministro-do-stj-na-universidade-ceuma\/#primaryimage\"},\"image\":{\"@id\":\"https:\/\/www.blogsoestado.com\/danielmatos\/ricardo-guterres-prestigia-palestra-de-ministro-do-stj-na-universidade-ceuma\/#primaryimage\"},\"thumbnailUrl\":\"https:\/\/www.blogsoestado.com\/danielmatos\/wp-content\/uploads\/sites\/2\/2025\/06\/daniel_img2-1024x700.jpeg\",\"datePublished\":\"2025-06-03T16:36:29+00:00\",\"dateModified\":\"2025-06-03T19:29:41+00:00\",\"author\":{\"@id\":\"https:\/\/www.blogsoestado.com\/danielmatos\/#\/schema\/person\/9a209d407cd45631f131e1285b661bb0\"},\"breadcrumb\":{\"@id\":\"https:\/\/www.blogsoestado.com\/danielmatos\/ricardo-guterres-prestigia-palestra-de-ministro-do-stj-na-universidade-ceuma\/#breadcrumb\"},\"inLanguage\":\"pt-BR\",\"potentialAction\":[{\"@type\":\"ReadAction\",\"target\":[\"https:\/\/www.blogsoestado.com\/danielmatos\/ricardo-guterres-prestigia-palestra-de-ministro-do-stj-na-universidade-ceuma\/\"]}]},{\"@type\":\"ImageObject\",\"inLanguage\":\"pt-BR\",\"@id\":\"https:\/\/www.blogsoestado.com\/danielmatos\/ricardo-guterres-prestigia-palestra-de-ministro-do-stj-na-universidade-ceuma\/#primaryimage\",\"url\":\"https:\/\/www.blogsoestado.com\/danielmatos\/wp-content\/uploads\/sites\/2\/2025\/06\/daniel_img2-1024x700.jpeg\",\"contentUrl\":\"https:\/\/www.blogsoestado.com\/danielmatos\/wp-content\/uploads\/sites\/2\/2025\/06\/daniel_img2-1024x700.jpeg\"},{\"@type\":\"BreadcrumbList\",\"@id\":\"https:\/\/www.blogsoestado.com\/danielmatos\/ricardo-guterres-prestigia-palestra-de-ministro-do-stj-na-universidade-ceuma\/#breadcrumb\",\"itemListElement\":[{\"@type\":\"ListItem\",\"position\":1,\"name\":\"In\u00edcio\",\"item\":\"https:\/\/www.blogsoestado.com\/danielmatos\/\"},{\"@type\":\"ListItem\",\"position\":2,\"name\":\"Ricardo Guterres prestigia palestra de ministro do STJ na Universidade Ceuma\"}]},{\"@type\":\"WebSite\",\"@id\":\"https:\/\/www.blogsoestado.com\/danielmatos\/#website\",\"url\":\"https:\/\/www.blogsoestado.com\/danielmatos\/\",\"name\":\"Daniel Matos\",\"description\":\"\",\"potentialAction\":[{\"@type\":\"SearchAction\",\"target\":{\"@type\":\"EntryPoint\",\"urlTemplate\":\"https:\/\/www.blogsoestado.com\/danielmatos\/?s={search_term_string}\"},\"query-input\":{\"@type\":\"PropertyValueSpecification\",\"valueRequired\":true,\"valueName\":\"search_term_string\"}}],\"inLanguage\":\"pt-BR\"},{\"@type\":\"Person\",\"@id\":\"https:\/\/www.blogsoestado.com\/danielmatos\/#\/schema\/person\/9a209d407cd45631f131e1285b661bb0\",\"name\":\"Daniel Matos\",\"image\":{\"@type\":\"ImageObject\",\"inLanguage\":\"pt-BR\",\"@id\":\"https:\/\/www.blogsoestado.com\/danielmatos\/#\/schema\/person\/image\/\",\"url\":\"https:\/\/secure.gravatar.com\/avatar\/2f26c36ee355da19a257f0dfef43952a2588b324ca35d6719e859fe338ac0392?s=96&d=mm&r=g\",\"contentUrl\":\"https:\/\/secure.gravatar.com\/avatar\/2f26c36ee355da19a257f0dfef43952a2588b324ca35d6719e859fe338ac0392?s=96&d=mm&r=g\",\"caption\":\"Daniel Matos\"},\"url\":\"https:\/\/www.blogsoestado.com\/danielmatos\/author\/danielmatos\/\"}]}<\/script>\n<!-- \/ Yoast SEO plugin. -->","yoast_head_json":{"title":"Ricardo Guterres prestigia palestra de ministro do STJ na Universidade Ceuma - Daniel Matos","robots":{"index":"index","follow":"follow","max-snippet":"max-snippet:-1","max-image-preview":"max-image-preview:large","max-video-preview":"max-video-preview:-1"},"canonical":"https:\/\/www.blogsoestado.com\/danielmatos\/ricardo-guterres-prestigia-palestra-de-ministro-do-stj-na-universidade-ceuma\/","og_locale":"pt_BR","og_type":"article","og_title":"Ricardo Guterres prestigia palestra de ministro do STJ na Universidade Ceuma - Daniel Matos","og_description":"O ex-secret\u00e1rio de Minas e Energia e de Assuntos Estrat\u00e9gicos do Maranh\u00e3o, ex-secret\u00e1rio de Desenvolvimento Social do Distrito Federal e [&hellip;]","og_url":"https:\/\/www.blogsoestado.com\/danielmatos\/ricardo-guterres-prestigia-palestra-de-ministro-do-stj-na-universidade-ceuma\/","og_site_name":"Daniel Matos","article_published_time":"2025-06-03T16:36:29+00:00","article_modified_time":"2025-06-03T19:29:41+00:00","author":"Daniel Matos","twitter_card":"summary_large_image","twitter_misc":{"Escrito por":"Daniel Matos","Est. tempo de leitura":"2 minutos"},"schema":{"@context":"https:\/\/schema.org","@graph":[{"@type":"WebPage","@id":"https:\/\/www.blogsoestado.com\/danielmatos\/ricardo-guterres-prestigia-palestra-de-ministro-do-stj-na-universidade-ceuma\/","url":"https:\/\/www.blogsoestado.com\/danielmatos\/ricardo-guterres-prestigia-palestra-de-ministro-do-stj-na-universidade-ceuma\/","name":"Ricardo Guterres prestigia palestra de ministro do STJ na Universidade Ceuma - Daniel Matos","isPartOf":{"@id":"https:\/\/www.blogsoestado.com\/danielmatos\/#website"},"primaryImageOfPage":{"@id":"https:\/\/www.blogsoestado.com\/danielmatos\/ricardo-guterres-prestigia-palestra-de-ministro-do-stj-na-universidade-ceuma\/#primaryimage"},"image":{"@id":"https:\/\/www.blogsoestado.com\/danielmatos\/ricardo-guterres-prestigia-palestra-de-ministro-do-stj-na-universidade-ceuma\/#primaryimage"},"thumbnailUrl":"https:\/\/www.blogsoestado.com\/danielmatos\/wp-content\/uploads\/sites\/2\/2025\/06\/daniel_img2-1024x700.jpeg","datePublished":"2025-06-03T16:36:29+00:00","dateModified":"2025-06-03T19:29:41+00:00","author":{"@id":"https:\/\/www.blogsoestado.com\/danielmatos\/#\/schema\/person\/9a209d407cd45631f131e1285b661bb0"},"breadcrumb":{"@id":"https:\/\/www.blogsoestado.com\/danielmatos\/ricardo-guterres-prestigia-palestra-de-ministro-do-stj-na-universidade-ceuma\/#breadcrumb"},"inLanguage":"pt-BR","potentialAction":[{"@type":"ReadAction","target":["https:\/\/www.blogsoestado.com\/danielmatos\/ricardo-guterres-prestigia-palestra-de-ministro-do-stj-na-universidade-ceuma\/"]}]},{"@type":"ImageObject","inLanguage":"pt-BR","@id":"https:\/\/www.blogsoestado.com\/danielmatos\/ricardo-guterres-prestigia-palestra-de-ministro-do-stj-na-universidade-ceuma\/#primaryimage","url":"https:\/\/www.blogsoestado.com\/danielmatos\/wp-content\/uploads\/sites\/2\/2025\/06\/daniel_img2-1024x700.jpeg","contentUrl":"https:\/\/www.blogsoestado.com\/danielmatos\/wp-content\/uploads\/sites\/2\/2025\/06\/daniel_img2-1024x700.jpeg"},{"@type":"BreadcrumbList","@id":"https:\/\/www.blogsoestado.com\/danielmatos\/ricardo-guterres-prestigia-palestra-de-ministro-do-stj-na-universidade-ceuma\/#breadcrumb","itemListElement":[{"@type":"ListItem","position":1,"name":"In\u00edcio","item":"https:\/\/www.blogsoestado.com\/danielmatos\/"},{"@type":"ListItem","position":2,"name":"Ricardo Guterres prestigia palestra de ministro do STJ na Universidade Ceuma"}]},{"@type":"WebSite","@id":"https:\/\/www.blogsoestado.com\/danielmatos\/#website","url":"https:\/\/www.blogsoestado.com\/danielmatos\/","name":"Daniel Matos","description":"","potentialAction":[{"@type":"SearchAction","target":{"@type":"EntryPoint","urlTemplate":"https:\/\/www.blogsoestado.com\/danielmatos\/?s={search_term_string}"},"query-input":{"@type":"PropertyValueSpecification","valueRequired":true,"valueName":"search_term_string"}}],"inLanguage":"pt-BR"},{"@type":"Person","@id":"https:\/\/www.blogsoestado.com\/danielmatos\/#\/schema\/person\/9a209d407cd45631f131e1285b661bb0","name":"Daniel Matos","image":{"@type":"ImageObject","inLanguage":"pt-BR","@id":"https:\/\/www.blogsoestado.com\/danielmatos\/#\/schema\/person\/image\/","url":"https:\/\/secure.gravatar.com\/avatar\/2f26c36ee355da19a257f0dfef43952a2588b324ca35d6719e859fe338ac0392?s=96&d=mm&r=g","contentUrl":"https:\/\/secure.gravatar.com\/avatar\/2f26c36ee355da19a257f0dfef43952a2588b324ca35d6719e859fe338ac0392?s=96&d=mm&r=g","caption":"Daniel Matos"},"url":"https:\/\/www.blogsoestado.com\/danielmatos\/author\/danielmatos\/"}]}},"jetpack_featured_media_url":"","_links":{"self":[{"href":"https:\/\/www.blogsoestado.com\/danielmatos\/wp-json\/wp\/v2\/posts\/144713","targetHints":{"allow":["GET"]}}],"collection":[{"href":"https:\/\/www.blogsoestado.com\/danielmatos\/wp-json\/wp\/v2\/posts"}],"about":[{"href":"https:\/\/www.blogsoestado.com\/danielmatos\/wp-json\/wp\/v2\/types\/post"}],"author":[{"embeddable":true,"href":"https:\/\/www.blogsoestado.com\/danielmatos\/wp-json\/wp\/v2\/users\/2"}],"replies":[{"embeddable":true,"href":"https:\/\/www.blogsoestado.com\/danielmatos\/wp-json\/wp\/v2\/comments?post=144713"}],"version-history":[{"count":5,"href":"https:\/\/www.blogsoestado.com\/danielmatos\/wp-json\/wp\/v2\/posts\/144713\/revisions"}],"predecessor-version":[{"id":144749,"href":"https:\/\/www.blogsoestado.com\/danielmatos\/wp-json\/wp\/v2\/posts\/144713\/revisions\/144749"}],"wp:attachment":[{"href":"https:\/\/www.blogsoestado.com\/danielmatos\/wp-json\/wp\/v2\/media?parent=144713"}],"wp:term":[{"taxonomy":"category","embeddable":true,"href":"https:\/\/www.blogsoestado.com\/danielmatos\/wp-json\/wp\/v2\/categories?post=144713"},{"taxonomy":"post_tag","embeddable":true,"href":"https:\/\/www.blogsoestado.com\/danielmatos\/wp-json\/wp\/v2\/tags?post=144713"}],"curies":[{"name":"wp","href":"https:\/\/api.w.org\/{rel}","templated":true}]}}