{"id":144878,"date":"2025-06-06T14:19:20","date_gmt":"2025-06-06T17:19:20","guid":{"rendered":"https:\/\/www.blogsoestado.com\/danielmatos\/?p=144878"},"modified":"2025-06-06T14:19:21","modified_gmt":"2025-06-06T17:19:21","slug":"telefonica-vivo-beneficiara-mais-de-2-200-pessoas-no-maranhao-com-acoes-no-dia-dos-voluntarios","status":"publish","type":"post","link":"https:\/\/www.blogsoestado.com\/danielmatos\/telefonica-vivo-beneficiara-mais-de-2-200-pessoas-no-maranhao-com-acoes-no-dia-dos-voluntarios\/","title":{"rendered":"Telef\u00f4nica Vivo beneficiar\u00e1 mais de 2.200 pessoas no Maranh\u00e3o com a\u00e7\u00f5es no Dia dos Volunt\u00e1rios"},"content":{"rendered":"\n<p><em><strong><mark style=\"color:#cf2e2e\" class=\"has-inline-color\">Em S\u00e3o Lu\u00eds, as atividades acontecem na Associa\u00e7\u00e3o Frei Ant\u00f4nio Sinibaldi, e, em Imperatriz, na Escola Municipal Darcy Ribeiro<\/mark><\/strong><\/em><\/p>\n\n\n\n<figure class=\"wp-block-image aligncenter size-full\"><img fetchpriority=\"high\" decoding=\"async\" width=\"886\" height=\"590\" src=\"https:\/\/www.blogsoestado.com\/danielmatos\/wp-content\/uploads\/sites\/2\/2025\/06\/1002577233.png\" alt=\"\" class=\"wp-image-144879\" srcset=\"https:\/\/www.blogsoestado.com\/danielmatos\/wp-content\/uploads\/sites\/2\/2025\/06\/1002577233.png 886w, https:\/\/www.blogsoestado.com\/danielmatos\/wp-content\/uploads\/sites\/2\/2025\/06\/1002577233-300x200.png 300w, https:\/\/www.blogsoestado.com\/danielmatos\/wp-content\/uploads\/sites\/2\/2025\/06\/1002577233-768x511.png 768w\" sizes=\"(max-width: 886px) 100vw, 886px\" \/><figcaption class=\"wp-element-caption\"><em>A Escola Municipal Darcy Ribeiro, em Imperatriz, recebe novamente o DVT e mobilizou\u00a0<\/em><br><em>seus alunos e comunidade escolar para arrecadar res\u00edduos eletr\u00f4nicos. (<strong>Foto:<\/strong> Divulga\u00e7\u00e3o\/Vivo)<\/em><\/figcaption><\/figure>\n\n\n\n<p><strong>S\u00e3o Lu\u00eds\/MA, 06 de junho de 2025 \u2013&nbsp;<\/strong>A Vivo, por meio da Funda\u00e7\u00e3o Telef\u00f4nica Vivo promove, nesta sexta-feira, 6, o Dia dos Volunt\u00e1rios Telef\u00f4nica Vivo (DVT), que mobiliza mais de 10 mil colaboradores este ano, em 34 cidades do Brasil. Os participantes se dividem em 51 institui\u00e7\u00f5es no pa\u00eds, sendo 75% delas voltadas para educa\u00e7\u00e3o, em atividades como cria\u00e7\u00e3o ou reforma de laborat\u00f3rios de ci\u00eancias, matem\u00e1tica,&nbsp; inform\u00e1tica e rob\u00f3tica, revitaliza\u00e7\u00e3o e reformas em geral, bazar social e palestras e workshops sobre carreira, empregabilidade, inclus\u00e3o digital, sa\u00fade, bem-estar, entre outros. No total, as a\u00e7\u00f5es beneficiar\u00e3o cerca de 45 mil pessoas, entre crian\u00e7as, jovens e adultos.&nbsp;Al\u00e9m dos colaboradores, os familiares tamb\u00e9m podem participar da a\u00e7\u00e3o, o que demonstra o compromisso da companhia de estimular a cidadania, por meio de atividades que geram transforma\u00e7\u00e3o social.<\/p>\n\n\n\n<p>No Maranh\u00e3o, as atividades acontecer\u00e3o nesta sexta-feira, 6, na Associa\u00e7\u00e3o Obras Sociais Frei Ant\u00f4nio Sinibaldi, que atende a mais de 800 pessoas no contraturno. L\u00e1, de 8h30 \u00e0s 16h, os mais de 70 colaboradores da Vivo e parceiros trabalhar\u00e3o para realizar a estrutura\u00e7\u00e3o e pintura da quadra de esportes, concluir\u00e3o a mob\u00edlia das salas administrativas e consult\u00f3rio m\u00e9dico, al\u00e9m de aplica\u00e7\u00e3o de Workshops sobre Empreendedorismo, Seguran\u00e7a Cibern\u00e9tica e Mulheres de Fibra para os assistidos.<\/p>\n\n\n\n<p>J\u00e1 em Imperatriz, para n\u00e3o haver impactos no calend\u00e1rio escolar, as a\u00e7\u00f5es ser\u00e3o realizadas no s\u00e1bado, dia 7, na Escola Municipal Darcy Ribeiro, que atende a mais de 1.400 alunos desde a educa\u00e7\u00e3o regular, ensino fundamental I e II, e Educa\u00e7\u00e3o de Jovens e Adultos. A institui\u00e7\u00e3o recebe pelo 3\u00ba ano consecutivo o DVT e, em 2025, os volunt\u00e1rios da Vivo e a comunidade escolar decidiram destinar uma&nbsp;\u00e1rea ociosa da institui\u00e7\u00e3o para construir um EcoEspa\u00e7o com implanta\u00e7\u00e3o de horas de vegetais e plantas medicinais, que tamb\u00e9m abrigar\u00e1 o recebimento de materiais recicl\u00e1veis e res\u00edduos eletr\u00f4nicos. Durante o dia inteiro dedicado ao voluntariado, tamb\u00e9m ser\u00e1 conclu\u00edda a constru\u00e7\u00e3o de uma pra\u00e7a que possibilitar\u00e1 a realiza\u00e7\u00e3o de aulas ao ar livre.<\/p>\n\n\n\n<p>Em 2025, pelo segundo ano, o voluntariado ainda se uniu \u00e0 coleta de res\u00edduos eletr\u00f4nicos. O Brasil est\u00e1 entre os maiores geradores de lixo eletr\u00f4nico do mundo, conforme relat\u00f3rio The global E-waste Monitor 2024,&nbsp;da ONU, e, para ajudar o pa\u00eds a vencer este importante desafio ambiental da era digital, a Vivo vem ampliando suas a\u00e7\u00f5es de engajamento junto \u00e0 sociedade. Entre as institui\u00e7\u00f5es , que j\u00e1 participar\u00e3o do DVT, a empresa mobilizou jovens de 26 delas, sendo 24 escolas p\u00fablicas, para recolher itens como celulares, cabos, fones, teclados e monitores. Desde abril, os res\u00edduos est\u00e3o sendo arrecadados nesses pontos, por meio de uma gincana e, ao final do evento, a institui\u00e7\u00e3o que tiver o maior peso em de lixo eletr\u00f4nico, ser\u00e1 premiada com um passeio ao cinema, tanto para os jovens quanto os educadores envolvidos.&nbsp;&#8220;O engajamento com o programa de voluntariado multiplica ano ap\u00f3s ano, em todos os n\u00edveis da empresa, refor\u00e7ando a for\u00e7a da cultura colaborativa da Vivo e a nossa Paix\u00e3o P\u00farpura. Soma-se a isso o nosso compromisso ambiental, que \u00e9 potencializado nas atividades do voluntariado com a coleta do lixo eletr\u00f4nico para dar o descarte correto aos itens&#8221;, explica Marina Daineze, vice-presidente de Comunica\u00e7\u00e3o e Sustentabilidade da Vivo.<\/p>\n\n\n\n<p>Esta edi\u00e7\u00e3o contar\u00e1, ainda, com uma novidade: uma campanha de arrecada\u00e7\u00e3o de alimentos. Todos os volunt\u00e1rios inscritos no DVT, independente de suas atividades, foram convidados a levar um quilo de alimento n\u00e3o perec\u00edvel para seu local de participa\u00e7\u00e3o. Os itens arrecadados ser\u00e3o destinados para as pr\u00f3prias ONGs ou institui\u00e7\u00f5es parceiras, fortalecendo ainda mais os resultados dessa mobiliza\u00e7\u00e3o.<\/p>\n\n\n\n<p>O Programa de Voluntariado da Funda\u00e7\u00e3o Telef\u00f4nica \u00e9 hoje uma das principais iniciativas de voluntariado empresarial do mundo, administrado pela equipe da Funda\u00e7\u00e3o Telef\u00f3nica global, com sede em Madri, e promove a a\u00e7\u00e3o social das pessoas ligadas ao Grupo Telef\u00f3nica que desejam contribuir com parte de seu tempo, de suas habilidades e de seus recursos para beneficiar a comunidade e os grupos menos favorecidos. No Brasil, o principal diferencial \u00e9 a estrat\u00e9gia de gest\u00e3o do programa por meio do modelo de governan\u00e7a, que \u00e9 formado por comit\u00eas de voluntariado, que participam de todo o processo: escolha das institui\u00e7\u00f5es que ser\u00e3o beneficiadas; defini\u00e7\u00e3o e execu\u00e7\u00e3o do projeto e engajamento dos demais colaboradores. Este ano, foram formados mais de 49 comit\u00eas de voluntariado, com quase 400 membros volunt\u00e1rios, que recebem todo o suporte da Funda\u00e7\u00e3o ao longo do ano.<\/p>\n\n\n\n<p>\u201cA atua\u00e7\u00e3o da Funda\u00e7\u00e3o Telef\u00f4nica Vivo no apoio \u00e0 educa\u00e7\u00e3o p\u00fablica, especialmente no desenvolvimento de compet\u00eancias digitais para alunos e professores, se d\u00e1 de diferentes formas. O voluntariado \u00e9 uma maneira de vivenciar a realidade das escolas p\u00fablicas em diferentes regi\u00f5es do pa\u00eds, contribuir para a melhoria da infraestrutura e dialogar com os jovens, por exemplo\u201d, destaca Lia Glaz, diretora-presidente da Funda\u00e7\u00e3o Telef\u00f4nica Vivo. \u201cO trabalho dos Comit\u00eas de Voluntariado, aliado ao empenho dos educadores e gestores, \u00e9 essencial para mobilizar os jovens em causas como essa, que os tornam verdadeiros agentes de transforma\u00e7\u00e3o em suas comunidades\u201d, completa.<\/p>\n","protected":false},"excerpt":{"rendered":"<p>Em S\u00e3o Lu\u00eds, as atividades acontecem na Associa\u00e7\u00e3o Frei Ant\u00f4nio Sinibaldi, e, em Imperatriz, na Escola Municipal Darcy Ribeiro S\u00e3o [&hellip;]<\/p>\n","protected":false},"author":2,"featured_media":0,"comment_status":"open","ping_status":"open","sticky":false,"template":"","format":"standard","meta":{"site-sidebar-layout":"default","site-content-layout":"","ast-site-content-layout":"default","site-content-style":"default","site-sidebar-style":"default","ast-global-header-display":"","ast-banner-title-visibility":"","ast-main-header-display":"","ast-hfb-above-header-display":"","ast-hfb-below-header-display":"","ast-hfb-mobile-header-display":"","site-post-title":"","ast-breadcrumbs-content":"","ast-featured-img":"","footer-sml-layout":"","ast-disable-related-posts":"","theme-transparent-header-meta":"","adv-header-id-meta":"","stick-header-meta":"","header-above-stick-meta":"","header-main-stick-meta":"","header-below-stick-meta":"","astra-migrate-meta-layouts":"default","ast-page-background-enabled":"default","ast-page-background-meta":{"desktop":{"background-color":"var(--ast-global-color-5)","background-image":"","background-repeat":"repeat","background-position":"center center","background-size":"auto","background-attachment":"scroll","background-type":"","background-media":"","overlay-type":"","overlay-color":"","overlay-opacity":"","overlay-gradient":""},"tablet":{"background-color":"","background-image":"","background-repeat":"repeat","background-position":"center center","background-size":"auto","background-attachment":"scroll","background-type":"","background-media":"","overlay-type":"","overlay-color":"","overlay-opacity":"","overlay-gradient":""},"mobile":{"background-color":"","background-image":"","background-repeat":"repeat","background-position":"center center","background-size":"auto","background-attachment":"scroll","background-type":"","background-media":"","overlay-type":"","overlay-color":"","overlay-opacity":"","overlay-gradient":""}},"ast-content-background-meta":{"desktop":{"background-color":"var(--ast-global-color-4)","background-image":"","background-repeat":"repeat","background-position":"center center","background-size":"auto","background-attachment":"scroll","background-type":"","background-media":"","overlay-type":"","overlay-color":"","overlay-opacity":"","overlay-gradient":""},"tablet":{"background-color":"var(--ast-global-color-4)","background-image":"","background-repeat":"repeat","background-position":"center center","background-size":"auto","background-attachment":"scroll","background-type":"","background-media":"","overlay-type":"","overlay-color":"","overlay-opacity":"","overlay-gradient":""},"mobile":{"background-color":"var(--ast-global-color-4)","background-image":"","background-repeat":"repeat","background-position":"center center","background-size":"auto","background-attachment":"scroll","background-type":"","background-media":"","overlay-type":"","overlay-color":"","overlay-opacity":"","overlay-gradient":""}},"footnotes":""},"categories":[1],"tags":[],"class_list":["post-144878","post","type-post","status-publish","format-standard","hentry","category-sem-categoria"],"yoast_head":"<!-- This site is optimized with the Yoast SEO plugin v26.6 - https:\/\/yoast.com\/wordpress\/plugins\/seo\/ -->\n<title>Telef\u00f4nica Vivo beneficiar\u00e1 mais de 2.200 pessoas no Maranh\u00e3o com a\u00e7\u00f5es no Dia dos Volunt\u00e1rios - Daniel Matos<\/title>\n<meta name=\"robots\" content=\"index, follow, max-snippet:-1, max-image-preview:large, max-video-preview:-1\" \/>\n<link rel=\"canonical\" href=\"https:\/\/www.blogsoestado.com\/danielmatos\/telefonica-vivo-beneficiara-mais-de-2-200-pessoas-no-maranhao-com-acoes-no-dia-dos-voluntarios\/\" \/>\n<meta property=\"og:locale\" content=\"pt_BR\" \/>\n<meta property=\"og:type\" content=\"article\" \/>\n<meta property=\"og:title\" content=\"Telef\u00f4nica Vivo beneficiar\u00e1 mais de 2.200 pessoas no Maranh\u00e3o com a\u00e7\u00f5es no Dia dos Volunt\u00e1rios - Daniel Matos\" \/>\n<meta property=\"og:description\" content=\"Em S\u00e3o Lu\u00eds, as atividades acontecem na Associa\u00e7\u00e3o Frei Ant\u00f4nio Sinibaldi, e, em Imperatriz, na Escola Municipal Darcy Ribeiro S\u00e3o [&hellip;]\" \/>\n<meta property=\"og:url\" content=\"https:\/\/www.blogsoestado.com\/danielmatos\/telefonica-vivo-beneficiara-mais-de-2-200-pessoas-no-maranhao-com-acoes-no-dia-dos-voluntarios\/\" \/>\n<meta property=\"og:site_name\" content=\"Daniel Matos\" \/>\n<meta property=\"article:published_time\" content=\"2025-06-06T17:19:20+00:00\" \/>\n<meta property=\"article:modified_time\" content=\"2025-06-06T17:19:21+00:00\" \/>\n<meta property=\"og:image\" content=\"https:\/\/www.blogsoestado.com\/danielmatos\/wp-content\/uploads\/sites\/2\/2025\/06\/1002577233.png\" \/>\n\t<meta property=\"og:image:width\" content=\"886\" \/>\n\t<meta property=\"og:image:height\" content=\"590\" \/>\n\t<meta property=\"og:image:type\" content=\"image\/png\" \/>\n<meta name=\"author\" content=\"Daniel Matos\" \/>\n<meta name=\"twitter:card\" content=\"summary_large_image\" \/>\n<meta name=\"twitter:label1\" content=\"Escrito por\" \/>\n\t<meta name=\"twitter:data1\" content=\"Daniel Matos\" \/>\n\t<meta name=\"twitter:label2\" content=\"Est. tempo de leitura\" \/>\n\t<meta name=\"twitter:data2\" content=\"5 minutos\" \/>\n<script type=\"application\/ld+json\" class=\"yoast-schema-graph\">{\"@context\":\"https:\/\/schema.org\",\"@graph\":[{\"@type\":\"WebPage\",\"@id\":\"https:\/\/www.blogsoestado.com\/danielmatos\/telefonica-vivo-beneficiara-mais-de-2-200-pessoas-no-maranhao-com-acoes-no-dia-dos-voluntarios\/\",\"url\":\"https:\/\/www.blogsoestado.com\/danielmatos\/telefonica-vivo-beneficiara-mais-de-2-200-pessoas-no-maranhao-com-acoes-no-dia-dos-voluntarios\/\",\"name\":\"Telef\u00f4nica Vivo beneficiar\u00e1 mais de 2.200 pessoas no Maranh\u00e3o com a\u00e7\u00f5es no Dia dos Volunt\u00e1rios - Daniel Matos\",\"isPartOf\":{\"@id\":\"https:\/\/www.blogsoestado.com\/danielmatos\/#website\"},\"primaryImageOfPage\":{\"@id\":\"https:\/\/www.blogsoestado.com\/danielmatos\/telefonica-vivo-beneficiara-mais-de-2-200-pessoas-no-maranhao-com-acoes-no-dia-dos-voluntarios\/#primaryimage\"},\"image\":{\"@id\":\"https:\/\/www.blogsoestado.com\/danielmatos\/telefonica-vivo-beneficiara-mais-de-2-200-pessoas-no-maranhao-com-acoes-no-dia-dos-voluntarios\/#primaryimage\"},\"thumbnailUrl\":\"https:\/\/www.blogsoestado.com\/danielmatos\/wp-content\/uploads\/sites\/2\/2025\/06\/1002577233.png\",\"datePublished\":\"2025-06-06T17:19:20+00:00\",\"dateModified\":\"2025-06-06T17:19:21+00:00\",\"author\":{\"@id\":\"https:\/\/www.blogsoestado.com\/danielmatos\/#\/schema\/person\/9a209d407cd45631f131e1285b661bb0\"},\"breadcrumb\":{\"@id\":\"https:\/\/www.blogsoestado.com\/danielmatos\/telefonica-vivo-beneficiara-mais-de-2-200-pessoas-no-maranhao-com-acoes-no-dia-dos-voluntarios\/#breadcrumb\"},\"inLanguage\":\"pt-BR\",\"potentialAction\":[{\"@type\":\"ReadAction\",\"target\":[\"https:\/\/www.blogsoestado.com\/danielmatos\/telefonica-vivo-beneficiara-mais-de-2-200-pessoas-no-maranhao-com-acoes-no-dia-dos-voluntarios\/\"]}]},{\"@type\":\"ImageObject\",\"inLanguage\":\"pt-BR\",\"@id\":\"https:\/\/www.blogsoestado.com\/danielmatos\/telefonica-vivo-beneficiara-mais-de-2-200-pessoas-no-maranhao-com-acoes-no-dia-dos-voluntarios\/#primaryimage\",\"url\":\"https:\/\/www.blogsoestado.com\/danielmatos\/wp-content\/uploads\/sites\/2\/2025\/06\/1002577233.png\",\"contentUrl\":\"https:\/\/www.blogsoestado.com\/danielmatos\/wp-content\/uploads\/sites\/2\/2025\/06\/1002577233.png\",\"width\":886,\"height\":590},{\"@type\":\"BreadcrumbList\",\"@id\":\"https:\/\/www.blogsoestado.com\/danielmatos\/telefonica-vivo-beneficiara-mais-de-2-200-pessoas-no-maranhao-com-acoes-no-dia-dos-voluntarios\/#breadcrumb\",\"itemListElement\":[{\"@type\":\"ListItem\",\"position\":1,\"name\":\"In\u00edcio\",\"item\":\"https:\/\/www.blogsoestado.com\/danielmatos\/\"},{\"@type\":\"ListItem\",\"position\":2,\"name\":\"Telef\u00f4nica Vivo beneficiar\u00e1 mais de 2.200 pessoas no Maranh\u00e3o com a\u00e7\u00f5es no Dia dos Volunt\u00e1rios\"}]},{\"@type\":\"WebSite\",\"@id\":\"https:\/\/www.blogsoestado.com\/danielmatos\/#website\",\"url\":\"https:\/\/www.blogsoestado.com\/danielmatos\/\",\"name\":\"Daniel Matos\",\"description\":\"\",\"potentialAction\":[{\"@type\":\"SearchAction\",\"target\":{\"@type\":\"EntryPoint\",\"urlTemplate\":\"https:\/\/www.blogsoestado.com\/danielmatos\/?s={search_term_string}\"},\"query-input\":{\"@type\":\"PropertyValueSpecification\",\"valueRequired\":true,\"valueName\":\"search_term_string\"}}],\"inLanguage\":\"pt-BR\"},{\"@type\":\"Person\",\"@id\":\"https:\/\/www.blogsoestado.com\/danielmatos\/#\/schema\/person\/9a209d407cd45631f131e1285b661bb0\",\"name\":\"Daniel Matos\",\"image\":{\"@type\":\"ImageObject\",\"inLanguage\":\"pt-BR\",\"@id\":\"https:\/\/www.blogsoestado.com\/danielmatos\/#\/schema\/person\/image\/\",\"url\":\"https:\/\/secure.gravatar.com\/avatar\/2f26c36ee355da19a257f0dfef43952a2588b324ca35d6719e859fe338ac0392?s=96&d=mm&r=g\",\"contentUrl\":\"https:\/\/secure.gravatar.com\/avatar\/2f26c36ee355da19a257f0dfef43952a2588b324ca35d6719e859fe338ac0392?s=96&d=mm&r=g\",\"caption\":\"Daniel Matos\"},\"url\":\"https:\/\/www.blogsoestado.com\/danielmatos\/author\/danielmatos\/\"}]}<\/script>\n<!-- \/ Yoast SEO plugin. -->","yoast_head_json":{"title":"Telef\u00f4nica Vivo beneficiar\u00e1 mais de 2.200 pessoas no Maranh\u00e3o com a\u00e7\u00f5es no Dia dos Volunt\u00e1rios - Daniel Matos","robots":{"index":"index","follow":"follow","max-snippet":"max-snippet:-1","max-image-preview":"max-image-preview:large","max-video-preview":"max-video-preview:-1"},"canonical":"https:\/\/www.blogsoestado.com\/danielmatos\/telefonica-vivo-beneficiara-mais-de-2-200-pessoas-no-maranhao-com-acoes-no-dia-dos-voluntarios\/","og_locale":"pt_BR","og_type":"article","og_title":"Telef\u00f4nica Vivo beneficiar\u00e1 mais de 2.200 pessoas no Maranh\u00e3o com a\u00e7\u00f5es no Dia dos Volunt\u00e1rios - Daniel Matos","og_description":"Em S\u00e3o Lu\u00eds, as atividades acontecem na Associa\u00e7\u00e3o Frei Ant\u00f4nio Sinibaldi, e, em Imperatriz, na Escola Municipal Darcy Ribeiro S\u00e3o [&hellip;]","og_url":"https:\/\/www.blogsoestado.com\/danielmatos\/telefonica-vivo-beneficiara-mais-de-2-200-pessoas-no-maranhao-com-acoes-no-dia-dos-voluntarios\/","og_site_name":"Daniel Matos","article_published_time":"2025-06-06T17:19:20+00:00","article_modified_time":"2025-06-06T17:19:21+00:00","og_image":[{"width":886,"height":590,"url":"https:\/\/www.blogsoestado.com\/danielmatos\/wp-content\/uploads\/sites\/2\/2025\/06\/1002577233.png","type":"image\/png"}],"author":"Daniel Matos","twitter_card":"summary_large_image","twitter_misc":{"Escrito por":"Daniel Matos","Est. tempo de leitura":"5 minutos"},"schema":{"@context":"https:\/\/schema.org","@graph":[{"@type":"WebPage","@id":"https:\/\/www.blogsoestado.com\/danielmatos\/telefonica-vivo-beneficiara-mais-de-2-200-pessoas-no-maranhao-com-acoes-no-dia-dos-voluntarios\/","url":"https:\/\/www.blogsoestado.com\/danielmatos\/telefonica-vivo-beneficiara-mais-de-2-200-pessoas-no-maranhao-com-acoes-no-dia-dos-voluntarios\/","name":"Telef\u00f4nica Vivo beneficiar\u00e1 mais de 2.200 pessoas no Maranh\u00e3o com a\u00e7\u00f5es no Dia dos Volunt\u00e1rios - Daniel Matos","isPartOf":{"@id":"https:\/\/www.blogsoestado.com\/danielmatos\/#website"},"primaryImageOfPage":{"@id":"https:\/\/www.blogsoestado.com\/danielmatos\/telefonica-vivo-beneficiara-mais-de-2-200-pessoas-no-maranhao-com-acoes-no-dia-dos-voluntarios\/#primaryimage"},"image":{"@id":"https:\/\/www.blogsoestado.com\/danielmatos\/telefonica-vivo-beneficiara-mais-de-2-200-pessoas-no-maranhao-com-acoes-no-dia-dos-voluntarios\/#primaryimage"},"thumbnailUrl":"https:\/\/www.blogsoestado.com\/danielmatos\/wp-content\/uploads\/sites\/2\/2025\/06\/1002577233.png","datePublished":"2025-06-06T17:19:20+00:00","dateModified":"2025-06-06T17:19:21+00:00","author":{"@id":"https:\/\/www.blogsoestado.com\/danielmatos\/#\/schema\/person\/9a209d407cd45631f131e1285b661bb0"},"breadcrumb":{"@id":"https:\/\/www.blogsoestado.com\/danielmatos\/telefonica-vivo-beneficiara-mais-de-2-200-pessoas-no-maranhao-com-acoes-no-dia-dos-voluntarios\/#breadcrumb"},"inLanguage":"pt-BR","potentialAction":[{"@type":"ReadAction","target":["https:\/\/www.blogsoestado.com\/danielmatos\/telefonica-vivo-beneficiara-mais-de-2-200-pessoas-no-maranhao-com-acoes-no-dia-dos-voluntarios\/"]}]},{"@type":"ImageObject","inLanguage":"pt-BR","@id":"https:\/\/www.blogsoestado.com\/danielmatos\/telefonica-vivo-beneficiara-mais-de-2-200-pessoas-no-maranhao-com-acoes-no-dia-dos-voluntarios\/#primaryimage","url":"https:\/\/www.blogsoestado.com\/danielmatos\/wp-content\/uploads\/sites\/2\/2025\/06\/1002577233.png","contentUrl":"https:\/\/www.blogsoestado.com\/danielmatos\/wp-content\/uploads\/sites\/2\/2025\/06\/1002577233.png","width":886,"height":590},{"@type":"BreadcrumbList","@id":"https:\/\/www.blogsoestado.com\/danielmatos\/telefonica-vivo-beneficiara-mais-de-2-200-pessoas-no-maranhao-com-acoes-no-dia-dos-voluntarios\/#breadcrumb","itemListElement":[{"@type":"ListItem","position":1,"name":"In\u00edcio","item":"https:\/\/www.blogsoestado.com\/danielmatos\/"},{"@type":"ListItem","position":2,"name":"Telef\u00f4nica Vivo beneficiar\u00e1 mais de 2.200 pessoas no Maranh\u00e3o com a\u00e7\u00f5es no Dia dos Volunt\u00e1rios"}]},{"@type":"WebSite","@id":"https:\/\/www.blogsoestado.com\/danielmatos\/#website","url":"https:\/\/www.blogsoestado.com\/danielmatos\/","name":"Daniel Matos","description":"","potentialAction":[{"@type":"SearchAction","target":{"@type":"EntryPoint","urlTemplate":"https:\/\/www.blogsoestado.com\/danielmatos\/?s={search_term_string}"},"query-input":{"@type":"PropertyValueSpecification","valueRequired":true,"valueName":"search_term_string"}}],"inLanguage":"pt-BR"},{"@type":"Person","@id":"https:\/\/www.blogsoestado.com\/danielmatos\/#\/schema\/person\/9a209d407cd45631f131e1285b661bb0","name":"Daniel Matos","image":{"@type":"ImageObject","inLanguage":"pt-BR","@id":"https:\/\/www.blogsoestado.com\/danielmatos\/#\/schema\/person\/image\/","url":"https:\/\/secure.gravatar.com\/avatar\/2f26c36ee355da19a257f0dfef43952a2588b324ca35d6719e859fe338ac0392?s=96&d=mm&r=g","contentUrl":"https:\/\/secure.gravatar.com\/avatar\/2f26c36ee355da19a257f0dfef43952a2588b324ca35d6719e859fe338ac0392?s=96&d=mm&r=g","caption":"Daniel Matos"},"url":"https:\/\/www.blogsoestado.com\/danielmatos\/author\/danielmatos\/"}]}},"jetpack_featured_media_url":"","_links":{"self":[{"href":"https:\/\/www.blogsoestado.com\/danielmatos\/wp-json\/wp\/v2\/posts\/144878","targetHints":{"allow":["GET"]}}],"collection":[{"href":"https:\/\/www.blogsoestado.com\/danielmatos\/wp-json\/wp\/v2\/posts"}],"about":[{"href":"https:\/\/www.blogsoestado.com\/danielmatos\/wp-json\/wp\/v2\/types\/post"}],"author":[{"embeddable":true,"href":"https:\/\/www.blogsoestado.com\/danielmatos\/wp-json\/wp\/v2\/users\/2"}],"replies":[{"embeddable":true,"href":"https:\/\/www.blogsoestado.com\/danielmatos\/wp-json\/wp\/v2\/comments?post=144878"}],"version-history":[{"count":1,"href":"https:\/\/www.blogsoestado.com\/danielmatos\/wp-json\/wp\/v2\/posts\/144878\/revisions"}],"predecessor-version":[{"id":144880,"href":"https:\/\/www.blogsoestado.com\/danielmatos\/wp-json\/wp\/v2\/posts\/144878\/revisions\/144880"}],"wp:attachment":[{"href":"https:\/\/www.blogsoestado.com\/danielmatos\/wp-json\/wp\/v2\/media?parent=144878"}],"wp:term":[{"taxonomy":"category","embeddable":true,"href":"https:\/\/www.blogsoestado.com\/danielmatos\/wp-json\/wp\/v2\/categories?post=144878"},{"taxonomy":"post_tag","embeddable":true,"href":"https:\/\/www.blogsoestado.com\/danielmatos\/wp-json\/wp\/v2\/tags?post=144878"}],"curies":[{"name":"wp","href":"https:\/\/api.w.org\/{rel}","templated":true}]}}