{"id":1453,"date":"2009-10-06T11:28:49","date_gmt":"2009-10-06T14:28:49","guid":{"rendered":"https:\/\/www.blogsoestado.com\/danielmatos\/?p=1453"},"modified":"2009-10-06T11:28:49","modified_gmt":"2009-10-06T14:28:49","slug":"mp-cobra-ressarcimento-a-ex-presidente-da-camara-de-mata-roma","status":"publish","type":"post","link":"https:\/\/www.blogsoestado.com\/danielmatos\/mp-cobra-ressarcimento-a-ex-presidente-da-camara-de-mata-roma\/","title":{"rendered":"MP cobra ressarcimento a ex-presidente da C\u00e2mara de Mata Roma"},"content":{"rendered":"<p>O promotor de Justi\u00e7a titular da 1\u00aa Promotoria de Justi\u00e7a de Chapadinha, Douglas Assun\u00e7\u00e3o Nojosa, ingressou com uma A\u00e7\u00e3o Civil P\u00fablica de execu\u00e7\u00e3o for\u00e7ada contra o ex-presidente da C\u00e2mara Municipal de Mata Roma (Termo Judici\u00e1rio da Comarca), Antenor Carneiro Almeida Neto.<\/p>\n<p>O julgamento da presta\u00e7\u00e3o de contas do Legislativo municipal em 2006 pelo Tribunal de Contas do Estado (TCE) encontrou graves infra\u00e7\u00f5es \u00e0s normas legais de natureza or\u00e7ament\u00e1ria e cont\u00e1bil. Na \u00e9poca, Antenor Almeida Neto presidia a C\u00e2mara.<\/p>\n<p>Antenor Carneiro Almeida Neto foi condenado a repor ao er\u00e1rio municipal R$ 8.830,00, al\u00e9m do pagamento de multa de R$ 883,00. Ele deve pagar, ainda, multa de R$ 7.649 \u00e0 fazenda estadual. A decis\u00e3o do TCE foi publicada em outubro de 2008, mas at\u00e9 hoje o pagamento n\u00e3o foi realizado.<\/p>\n<p>Na A\u00e7\u00e3o Civil P\u00fablica, o Minist\u00e9rio P\u00fablico requer que o ressarcimento aos cofres p\u00fablicos e o pagamento das multas seja realizado em um prazo de 24 horas, por meio de dep\u00f3sito banc\u00e1rio em contas da Receita estadual e municipal. Os valores pagos dever\u00e3o contas com as atualiza\u00e7\u00f5es monet\u00e1rias e os juros legais devidos, al\u00e9m das custas processuais.<\/p>\n<p>Caso n\u00e3o haja a efetiva\u00e7\u00e3o do pagamento, o promotor de Justi\u00e7a requer que a Justi\u00e7a penhore os bens de Antenor Almeida Neto at\u00e9 o valor necess\u00e1rio para a quita\u00e7\u00e3o das d\u00edvidas.<\/p>\n","protected":false},"excerpt":{"rendered":"<p>O promotor de Justi\u00e7a titular da 1\u00aa Promotoria de Justi\u00e7a de Chapadinha, Douglas Assun\u00e7\u00e3o Nojosa, ingressou com uma A\u00e7\u00e3o Civil [&hellip;]<\/p>\n","protected":false},"author":0,"featured_media":0,"comment_status":"open","ping_status":"open","sticky":false,"template":"","format":"standard","meta":{"site-sidebar-layout":"default","site-content-layout":"","ast-site-content-layout":"default","site-content-style":"default","site-sidebar-style":"default","ast-global-header-display":"","ast-banner-title-visibility":"","ast-main-header-display":"","ast-hfb-above-header-display":"","ast-hfb-below-header-display":"","ast-hfb-mobile-header-display":"","site-post-title":"","ast-breadcrumbs-content":"","ast-featured-img":"","footer-sml-layout":"","ast-disable-related-posts":"","theme-transparent-header-meta":"","adv-header-id-meta":"","stick-header-meta":"","header-above-stick-meta":"","header-main-stick-meta":"","header-below-stick-meta":"","astra-migrate-meta-layouts":"default","ast-page-background-enabled":"default","ast-page-background-meta":{"desktop":{"background-color":"var(--ast-global-color-5)","background-image":"","background-repeat":"repeat","background-position":"center center","background-size":"auto","background-attachment":"scroll","background-type":"","background-media":"","overlay-type":"","overlay-color":"","overlay-opacity":"","overlay-gradient":""},"tablet":{"background-color":"","background-image":"","background-repeat":"repeat","background-position":"center center","background-size":"auto","background-attachment":"scroll","background-type":"","background-media":"","overlay-type":"","overlay-color":"","overlay-opacity":"","overlay-gradient":""},"mobile":{"background-color":"","background-image":"","background-repeat":"repeat","background-position":"center center","background-size":"auto","background-attachment":"scroll","background-type":"","background-media":"","overlay-type":"","overlay-color":"","overlay-opacity":"","overlay-gradient":""}},"ast-content-background-meta":{"desktop":{"background-color":"var(--ast-global-color-4)","background-image":"","background-repeat":"repeat","background-position":"center center","background-size":"auto","background-attachment":"scroll","background-type":"","background-media":"","overlay-type":"","overlay-color":"","overlay-opacity":"","overlay-gradient":""},"tablet":{"background-color":"var(--ast-global-color-4)","background-image":"","background-repeat":"repeat","background-position":"center center","background-size":"auto","background-attachment":"scroll","background-type":"","background-media":"","overlay-type":"","overlay-color":"","overlay-opacity":"","overlay-gradient":""},"mobile":{"background-color":"var(--ast-global-color-4)","background-image":"","background-repeat":"repeat","background-position":"center center","background-size":"auto","background-attachment":"scroll","background-type":"","background-media":"","overlay-type":"","overlay-color":"","overlay-opacity":"","overlay-gradient":""}},"footnotes":""},"categories":[1],"tags":[],"class_list":["post-1453","post","type-post","status-publish","format-standard","hentry","category-sem-categoria"],"yoast_head":"<!-- This site is optimized with the Yoast SEO plugin v26.6 - https:\/\/yoast.com\/wordpress\/plugins\/seo\/ -->\n<title>MP cobra ressarcimento a ex-presidente da C\u00e2mara de Mata Roma - Daniel Matos<\/title>\n<meta name=\"robots\" content=\"index, follow, max-snippet:-1, max-image-preview:large, max-video-preview:-1\" \/>\n<link rel=\"canonical\" href=\"https:\/\/www.blogsoestado.com\/danielmatos\/mp-cobra-ressarcimento-a-ex-presidente-da-camara-de-mata-roma\/\" \/>\n<meta property=\"og:locale\" content=\"pt_BR\" \/>\n<meta property=\"og:type\" content=\"article\" \/>\n<meta property=\"og:title\" content=\"MP cobra ressarcimento a ex-presidente da C\u00e2mara de Mata Roma - Daniel Matos\" \/>\n<meta property=\"og:description\" content=\"O promotor de Justi\u00e7a titular da 1\u00aa Promotoria de Justi\u00e7a de Chapadinha, Douglas Assun\u00e7\u00e3o Nojosa, ingressou com uma A\u00e7\u00e3o Civil [&hellip;]\" \/>\n<meta property=\"og:url\" content=\"https:\/\/www.blogsoestado.com\/danielmatos\/mp-cobra-ressarcimento-a-ex-presidente-da-camara-de-mata-roma\/\" \/>\n<meta property=\"og:site_name\" content=\"Daniel Matos\" \/>\n<meta property=\"article:published_time\" content=\"2009-10-06T14:28:49+00:00\" \/>\n<meta name=\"twitter:card\" content=\"summary_large_image\" \/>\n<meta name=\"twitter:label1\" content=\"Est. tempo de leitura\" \/>\n\t<meta name=\"twitter:data1\" content=\"1 minuto\" \/>\n<script type=\"application\/ld+json\" class=\"yoast-schema-graph\">{\"@context\":\"https:\/\/schema.org\",\"@graph\":[{\"@type\":\"WebPage\",\"@id\":\"https:\/\/www.blogsoestado.com\/danielmatos\/mp-cobra-ressarcimento-a-ex-presidente-da-camara-de-mata-roma\/\",\"url\":\"https:\/\/www.blogsoestado.com\/danielmatos\/mp-cobra-ressarcimento-a-ex-presidente-da-camara-de-mata-roma\/\",\"name\":\"MP cobra ressarcimento a ex-presidente da C\u00e2mara de Mata Roma - Daniel Matos\",\"isPartOf\":{\"@id\":\"https:\/\/www.blogsoestado.com\/danielmatos\/#website\"},\"datePublished\":\"2009-10-06T14:28:49+00:00\",\"author\":{\"@id\":\"\"},\"breadcrumb\":{\"@id\":\"https:\/\/www.blogsoestado.com\/danielmatos\/mp-cobra-ressarcimento-a-ex-presidente-da-camara-de-mata-roma\/#breadcrumb\"},\"inLanguage\":\"pt-BR\",\"potentialAction\":[{\"@type\":\"ReadAction\",\"target\":[\"https:\/\/www.blogsoestado.com\/danielmatos\/mp-cobra-ressarcimento-a-ex-presidente-da-camara-de-mata-roma\/\"]}]},{\"@type\":\"BreadcrumbList\",\"@id\":\"https:\/\/www.blogsoestado.com\/danielmatos\/mp-cobra-ressarcimento-a-ex-presidente-da-camara-de-mata-roma\/#breadcrumb\",\"itemListElement\":[{\"@type\":\"ListItem\",\"position\":1,\"name\":\"In\u00edcio\",\"item\":\"https:\/\/www.blogsoestado.com\/danielmatos\/\"},{\"@type\":\"ListItem\",\"position\":2,\"name\":\"MP cobra ressarcimento a ex-presidente da C\u00e2mara de Mata Roma\"}]},{\"@type\":\"WebSite\",\"@id\":\"https:\/\/www.blogsoestado.com\/danielmatos\/#website\",\"url\":\"https:\/\/www.blogsoestado.com\/danielmatos\/\",\"name\":\"Daniel Matos\",\"description\":\"\",\"potentialAction\":[{\"@type\":\"SearchAction\",\"target\":{\"@type\":\"EntryPoint\",\"urlTemplate\":\"https:\/\/www.blogsoestado.com\/danielmatos\/?s={search_term_string}\"},\"query-input\":{\"@type\":\"PropertyValueSpecification\",\"valueRequired\":true,\"valueName\":\"search_term_string\"}}],\"inLanguage\":\"pt-BR\"}]}<\/script>\n<!-- \/ Yoast SEO plugin. -->","yoast_head_json":{"title":"MP cobra ressarcimento a ex-presidente da C\u00e2mara de Mata Roma - Daniel Matos","robots":{"index":"index","follow":"follow","max-snippet":"max-snippet:-1","max-image-preview":"max-image-preview:large","max-video-preview":"max-video-preview:-1"},"canonical":"https:\/\/www.blogsoestado.com\/danielmatos\/mp-cobra-ressarcimento-a-ex-presidente-da-camara-de-mata-roma\/","og_locale":"pt_BR","og_type":"article","og_title":"MP cobra ressarcimento a ex-presidente da C\u00e2mara de Mata Roma - Daniel Matos","og_description":"O promotor de Justi\u00e7a titular da 1\u00aa Promotoria de Justi\u00e7a de Chapadinha, Douglas Assun\u00e7\u00e3o Nojosa, ingressou com uma A\u00e7\u00e3o Civil [&hellip;]","og_url":"https:\/\/www.blogsoestado.com\/danielmatos\/mp-cobra-ressarcimento-a-ex-presidente-da-camara-de-mata-roma\/","og_site_name":"Daniel Matos","article_published_time":"2009-10-06T14:28:49+00:00","twitter_card":"summary_large_image","twitter_misc":{"Est. tempo de leitura":"1 minuto"},"schema":{"@context":"https:\/\/schema.org","@graph":[{"@type":"WebPage","@id":"https:\/\/www.blogsoestado.com\/danielmatos\/mp-cobra-ressarcimento-a-ex-presidente-da-camara-de-mata-roma\/","url":"https:\/\/www.blogsoestado.com\/danielmatos\/mp-cobra-ressarcimento-a-ex-presidente-da-camara-de-mata-roma\/","name":"MP cobra ressarcimento a ex-presidente da C\u00e2mara de Mata Roma - Daniel Matos","isPartOf":{"@id":"https:\/\/www.blogsoestado.com\/danielmatos\/#website"},"datePublished":"2009-10-06T14:28:49+00:00","author":{"@id":""},"breadcrumb":{"@id":"https:\/\/www.blogsoestado.com\/danielmatos\/mp-cobra-ressarcimento-a-ex-presidente-da-camara-de-mata-roma\/#breadcrumb"},"inLanguage":"pt-BR","potentialAction":[{"@type":"ReadAction","target":["https:\/\/www.blogsoestado.com\/danielmatos\/mp-cobra-ressarcimento-a-ex-presidente-da-camara-de-mata-roma\/"]}]},{"@type":"BreadcrumbList","@id":"https:\/\/www.blogsoestado.com\/danielmatos\/mp-cobra-ressarcimento-a-ex-presidente-da-camara-de-mata-roma\/#breadcrumb","itemListElement":[{"@type":"ListItem","position":1,"name":"In\u00edcio","item":"https:\/\/www.blogsoestado.com\/danielmatos\/"},{"@type":"ListItem","position":2,"name":"MP cobra ressarcimento a ex-presidente da C\u00e2mara de Mata Roma"}]},{"@type":"WebSite","@id":"https:\/\/www.blogsoestado.com\/danielmatos\/#website","url":"https:\/\/www.blogsoestado.com\/danielmatos\/","name":"Daniel Matos","description":"","potentialAction":[{"@type":"SearchAction","target":{"@type":"EntryPoint","urlTemplate":"https:\/\/www.blogsoestado.com\/danielmatos\/?s={search_term_string}"},"query-input":{"@type":"PropertyValueSpecification","valueRequired":true,"valueName":"search_term_string"}}],"inLanguage":"pt-BR"}]}},"jetpack_featured_media_url":"","_links":{"self":[{"href":"https:\/\/www.blogsoestado.com\/danielmatos\/wp-json\/wp\/v2\/posts\/1453","targetHints":{"allow":["GET"]}}],"collection":[{"href":"https:\/\/www.blogsoestado.com\/danielmatos\/wp-json\/wp\/v2\/posts"}],"about":[{"href":"https:\/\/www.blogsoestado.com\/danielmatos\/wp-json\/wp\/v2\/types\/post"}],"replies":[{"embeddable":true,"href":"https:\/\/www.blogsoestado.com\/danielmatos\/wp-json\/wp\/v2\/comments?post=1453"}],"version-history":[{"count":0,"href":"https:\/\/www.blogsoestado.com\/danielmatos\/wp-json\/wp\/v2\/posts\/1453\/revisions"}],"wp:attachment":[{"href":"https:\/\/www.blogsoestado.com\/danielmatos\/wp-json\/wp\/v2\/media?parent=1453"}],"wp:term":[{"taxonomy":"category","embeddable":true,"href":"https:\/\/www.blogsoestado.com\/danielmatos\/wp-json\/wp\/v2\/categories?post=1453"},{"taxonomy":"post_tag","embeddable":true,"href":"https:\/\/www.blogsoestado.com\/danielmatos\/wp-json\/wp\/v2\/tags?post=1453"}],"curies":[{"name":"wp","href":"https:\/\/api.w.org\/{rel}","templated":true}]}}