{"id":1457,"date":"2009-10-06T16:38:30","date_gmt":"2009-10-06T19:38:30","guid":{"rendered":"https:\/\/www.blogsoestado.com\/danielmatos\/?p=1457"},"modified":"2009-10-06T16:38:30","modified_gmt":"2009-10-06T19:38:30","slug":"tj-nega-recurso-a-policial-condenado-no-caso-gero","status":"publish","type":"post","link":"https:\/\/www.blogsoestado.com\/danielmatos\/tj-nega-recurso-a-policial-condenado-no-caso-gero\/","title":{"rendered":"TJ nega recurso a policial condenado no caso Ger\u00f4"},"content":{"rendered":"<p><a href=\"https:\/\/www.blogsoestado.com\/danielmatos\/files\/2009\/10\/gero.jpg\"><img fetchpriority=\"high\" decoding=\"async\" class=\"alignleft size-medium wp-image-1458\" src=\"https:\/\/www.blogsoestado.com\/danielmatos\/files\/2009\/10\/gero.jpg\" alt=\"\" width=\"224\" height=\"294\" \/><\/a>A 3\u00aa C\u00e2mara Criminal do Tribunal de Justi\u00e7a, em sess\u00e3o realizada ontem (5), apreciou recurso dos policiais militares Paulo Roberto Almeida Paiva e S\u00e9rgio Henrique Mendes, inconformados com a senten\u00e7a do juiz da 7\u00aa Vara Criminal de S\u00e3o Lu\u00eds, que os condenou \u00e0 pena de 9 anos e 4 meses de reclus\u00e3o, por tortura e morte de Jeremias Pereira da Silva, o Ger\u00f4 (foto), em mar\u00e7o de 2007. Ainda na senten\u00e7a, o policial co-denunciado, Nildson Lenine Rabelo Pontes, foi absolvido das acusa\u00e7\u00f5es.<\/p>\n<p>Por unanimidade, os desembargadores negaram o pedido de Paulo Roberto Paiva, mantendo a condena\u00e7\u00e3o nos termos definidos pelo juiz, de acordo com o voto do relator, desembargador Jos\u00e9 Joaquim Figueiredo dos Anjos.<\/p>\n<p>A defesa alegou que, ao contr\u00e1rio do que foi divulgado na imprensa, os acusados n\u00e3o agrediram a v\u00edtima. Apenas utilizaram de for\u00e7a para imobiliz\u00e1-la, pois estaria resistindo furiosamente \u00e0 pris\u00e3o. Ainda sob outros argumentos, a defesa pediu a absolvi\u00e7\u00e3o, com base no artigo 386, VI, do C\u00f3digo de Processo Penal.<\/p>\n<p>Joaquim Figueiredo afirmou que a condena\u00e7\u00e3o feita pelo juiz foi suficientemente fundamentada, e a autoria do crime esteve bem demonstrada pelos documentos que compuseram o Inqu\u00e9rito Policial, com destaque para o Laudo de Exame Cadav\u00e9rico e depoimentos das testemunhas.<\/p>\n<p>Os policiais foram denunciados pelo Minist\u00e9rio P\u00fablico Estadual, com acusa\u00e7\u00f5es de terem espancado e torturado o compositor Ger\u00f4, por eles detido sob a suspeita de participa\u00e7\u00e3o em crime de roubo.<\/p>\n<p>Ger\u00f4 morreu por choque hipovol\u00eamico decorrente de trauma abdominal, com hemorragia intracavit\u00e1ria.<\/p>\n<p><strong>Desclassifica\u00e7\u00e3o <\/strong><\/p>\n<p>Com rela\u00e7\u00e3o ao policial S\u00e9rgio Henrique Mendes, o relator Joaquim Figueiredo votou pela manuten\u00e7\u00e3o da condena\u00e7\u00e3o, mas teve voto vencido pelos desembargadores Lourival Serejo (revisor do recurso) e Jos\u00e9 de Ribamar Fr\u00f3z Sobrinho, que decidiram desclassificar o crime, fixando a pena em 1 ano e 2 meses de deten\u00e7\u00e3o.<\/p>\n<p>Eles consideraram que, em rela\u00e7\u00e3o a S\u00e9rgio Mendes, o que ocorreu foi uma omiss\u00e3o, conforme demonstrado nos autos.<\/p>\n<p>O policial, que n\u00e3o estava a servi\u00e7o no momento dos fatos e, sim, na condi\u00e7\u00e3o de \u201ccarona\u201d do ve\u00edculo, n\u00e3o interveio contra a continuidade das agress\u00f5es cometidas pelos colegas.<\/p>\n<p><strong>Fonte:<\/strong> Tribunal de Justi\u00e7a do Maranh\u00e3o<\/p>\n","protected":false},"excerpt":{"rendered":"<p>A 3\u00aa C\u00e2mara Criminal do Tribunal de Justi\u00e7a, em sess\u00e3o realizada ontem (5), apreciou recurso dos policiais militares Paulo Roberto [&hellip;]<\/p>\n","protected":false},"author":0,"featured_media":0,"comment_status":"open","ping_status":"open","sticky":false,"template":"","format":"standard","meta":{"site-sidebar-layout":"default","site-content-layout":"","ast-site-content-layout":"default","site-content-style":"default","site-sidebar-style":"default","ast-global-header-display":"","ast-banner-title-visibility":"","ast-main-header-display":"","ast-hfb-above-header-display":"","ast-hfb-below-header-display":"","ast-hfb-mobile-header-display":"","site-post-title":"","ast-breadcrumbs-content":"","ast-featured-img":"","footer-sml-layout":"","ast-disable-related-posts":"","theme-transparent-header-meta":"","adv-header-id-meta":"","stick-header-meta":"","header-above-stick-meta":"","header-main-stick-meta":"","header-below-stick-meta":"","astra-migrate-meta-layouts":"default","ast-page-background-enabled":"default","ast-page-background-meta":{"desktop":{"background-color":"var(--ast-global-color-5)","background-image":"","background-repeat":"repeat","background-position":"center center","background-size":"auto","background-attachment":"scroll","background-type":"","background-media":"","overlay-type":"","overlay-color":"","overlay-opacity":"","overlay-gradient":""},"tablet":{"background-color":"","background-image":"","background-repeat":"repeat","background-position":"center center","background-size":"auto","background-attachment":"scroll","background-type":"","background-media":"","overlay-type":"","overlay-color":"","overlay-opacity":"","overlay-gradient":""},"mobile":{"background-color":"","background-image":"","background-repeat":"repeat","background-position":"center center","background-size":"auto","background-attachment":"scroll","background-type":"","background-media":"","overlay-type":"","overlay-color":"","overlay-opacity":"","overlay-gradient":""}},"ast-content-background-meta":{"desktop":{"background-color":"var(--ast-global-color-4)","background-image":"","background-repeat":"repeat","background-position":"center center","background-size":"auto","background-attachment":"scroll","background-type":"","background-media":"","overlay-type":"","overlay-color":"","overlay-opacity":"","overlay-gradient":""},"tablet":{"background-color":"var(--ast-global-color-4)","background-image":"","background-repeat":"repeat","background-position":"center center","background-size":"auto","background-attachment":"scroll","background-type":"","background-media":"","overlay-type":"","overlay-color":"","overlay-opacity":"","overlay-gradient":""},"mobile":{"background-color":"var(--ast-global-color-4)","background-image":"","background-repeat":"repeat","background-position":"center center","background-size":"auto","background-attachment":"scroll","background-type":"","background-media":"","overlay-type":"","overlay-color":"","overlay-opacity":"","overlay-gradient":""}},"footnotes":""},"categories":[1],"tags":[],"class_list":["post-1457","post","type-post","status-publish","format-standard","hentry","category-sem-categoria"],"yoast_head":"<!-- This site is optimized with the Yoast SEO plugin v26.6 - https:\/\/yoast.com\/wordpress\/plugins\/seo\/ -->\n<title>TJ nega recurso a policial condenado no caso Ger\u00f4 - Daniel Matos<\/title>\n<meta name=\"robots\" content=\"index, follow, max-snippet:-1, max-image-preview:large, max-video-preview:-1\" \/>\n<link rel=\"canonical\" href=\"https:\/\/www.blogsoestado.com\/danielmatos\/tj-nega-recurso-a-policial-condenado-no-caso-gero\/\" \/>\n<meta property=\"og:locale\" content=\"pt_BR\" \/>\n<meta property=\"og:type\" content=\"article\" \/>\n<meta property=\"og:title\" content=\"TJ nega recurso a policial condenado no caso Ger\u00f4 - Daniel Matos\" \/>\n<meta property=\"og:description\" content=\"A 3\u00aa C\u00e2mara Criminal do Tribunal de Justi\u00e7a, em sess\u00e3o realizada ontem (5), apreciou recurso dos policiais militares Paulo Roberto [&hellip;]\" \/>\n<meta property=\"og:url\" content=\"https:\/\/www.blogsoestado.com\/danielmatos\/tj-nega-recurso-a-policial-condenado-no-caso-gero\/\" \/>\n<meta property=\"og:site_name\" content=\"Daniel Matos\" \/>\n<meta property=\"article:published_time\" content=\"2009-10-06T19:38:30+00:00\" \/>\n<meta property=\"og:image\" content=\"https:\/\/www.blogsoestado.com\/danielmatos\/files\/2009\/10\/gero.jpg\" \/>\n<meta name=\"twitter:card\" content=\"summary_large_image\" \/>\n<meta name=\"twitter:label1\" content=\"Est. tempo de leitura\" \/>\n\t<meta name=\"twitter:data1\" content=\"2 minutos\" \/>\n<script type=\"application\/ld+json\" class=\"yoast-schema-graph\">{\"@context\":\"https:\/\/schema.org\",\"@graph\":[{\"@type\":\"WebPage\",\"@id\":\"https:\/\/www.blogsoestado.com\/danielmatos\/tj-nega-recurso-a-policial-condenado-no-caso-gero\/\",\"url\":\"https:\/\/www.blogsoestado.com\/danielmatos\/tj-nega-recurso-a-policial-condenado-no-caso-gero\/\",\"name\":\"TJ nega recurso a policial condenado no caso Ger\u00f4 - Daniel Matos\",\"isPartOf\":{\"@id\":\"https:\/\/www.blogsoestado.com\/danielmatos\/#website\"},\"primaryImageOfPage\":{\"@id\":\"https:\/\/www.blogsoestado.com\/danielmatos\/tj-nega-recurso-a-policial-condenado-no-caso-gero\/#primaryimage\"},\"image\":{\"@id\":\"https:\/\/www.blogsoestado.com\/danielmatos\/tj-nega-recurso-a-policial-condenado-no-caso-gero\/#primaryimage\"},\"thumbnailUrl\":\"https:\/\/www.blogsoestado.com\/danielmatos\/files\/2009\/10\/gero.jpg\",\"datePublished\":\"2009-10-06T19:38:30+00:00\",\"author\":{\"@id\":\"\"},\"breadcrumb\":{\"@id\":\"https:\/\/www.blogsoestado.com\/danielmatos\/tj-nega-recurso-a-policial-condenado-no-caso-gero\/#breadcrumb\"},\"inLanguage\":\"pt-BR\",\"potentialAction\":[{\"@type\":\"ReadAction\",\"target\":[\"https:\/\/www.blogsoestado.com\/danielmatos\/tj-nega-recurso-a-policial-condenado-no-caso-gero\/\"]}]},{\"@type\":\"ImageObject\",\"inLanguage\":\"pt-BR\",\"@id\":\"https:\/\/www.blogsoestado.com\/danielmatos\/tj-nega-recurso-a-policial-condenado-no-caso-gero\/#primaryimage\",\"url\":\"https:\/\/www.blogsoestado.com\/danielmatos\/files\/2009\/10\/gero.jpg\",\"contentUrl\":\"https:\/\/www.blogsoestado.com\/danielmatos\/files\/2009\/10\/gero.jpg\"},{\"@type\":\"BreadcrumbList\",\"@id\":\"https:\/\/www.blogsoestado.com\/danielmatos\/tj-nega-recurso-a-policial-condenado-no-caso-gero\/#breadcrumb\",\"itemListElement\":[{\"@type\":\"ListItem\",\"position\":1,\"name\":\"In\u00edcio\",\"item\":\"https:\/\/www.blogsoestado.com\/danielmatos\/\"},{\"@type\":\"ListItem\",\"position\":2,\"name\":\"TJ nega recurso a policial condenado no caso Ger\u00f4\"}]},{\"@type\":\"WebSite\",\"@id\":\"https:\/\/www.blogsoestado.com\/danielmatos\/#website\",\"url\":\"https:\/\/www.blogsoestado.com\/danielmatos\/\",\"name\":\"Daniel Matos\",\"description\":\"\",\"potentialAction\":[{\"@type\":\"SearchAction\",\"target\":{\"@type\":\"EntryPoint\",\"urlTemplate\":\"https:\/\/www.blogsoestado.com\/danielmatos\/?s={search_term_string}\"},\"query-input\":{\"@type\":\"PropertyValueSpecification\",\"valueRequired\":true,\"valueName\":\"search_term_string\"}}],\"inLanguage\":\"pt-BR\"}]}<\/script>\n<!-- \/ Yoast SEO plugin. -->","yoast_head_json":{"title":"TJ nega recurso a policial condenado no caso Ger\u00f4 - Daniel Matos","robots":{"index":"index","follow":"follow","max-snippet":"max-snippet:-1","max-image-preview":"max-image-preview:large","max-video-preview":"max-video-preview:-1"},"canonical":"https:\/\/www.blogsoestado.com\/danielmatos\/tj-nega-recurso-a-policial-condenado-no-caso-gero\/","og_locale":"pt_BR","og_type":"article","og_title":"TJ nega recurso a policial condenado no caso Ger\u00f4 - Daniel Matos","og_description":"A 3\u00aa C\u00e2mara Criminal do Tribunal de Justi\u00e7a, em sess\u00e3o realizada ontem (5), apreciou recurso dos policiais militares Paulo Roberto [&hellip;]","og_url":"https:\/\/www.blogsoestado.com\/danielmatos\/tj-nega-recurso-a-policial-condenado-no-caso-gero\/","og_site_name":"Daniel Matos","article_published_time":"2009-10-06T19:38:30+00:00","og_image":[{"url":"https:\/\/www.blogsoestado.com\/danielmatos\/files\/2009\/10\/gero.jpg","type":"","width":"","height":""}],"twitter_card":"summary_large_image","twitter_misc":{"Est. tempo de leitura":"2 minutos"},"schema":{"@context":"https:\/\/schema.org","@graph":[{"@type":"WebPage","@id":"https:\/\/www.blogsoestado.com\/danielmatos\/tj-nega-recurso-a-policial-condenado-no-caso-gero\/","url":"https:\/\/www.blogsoestado.com\/danielmatos\/tj-nega-recurso-a-policial-condenado-no-caso-gero\/","name":"TJ nega recurso a policial condenado no caso Ger\u00f4 - Daniel Matos","isPartOf":{"@id":"https:\/\/www.blogsoestado.com\/danielmatos\/#website"},"primaryImageOfPage":{"@id":"https:\/\/www.blogsoestado.com\/danielmatos\/tj-nega-recurso-a-policial-condenado-no-caso-gero\/#primaryimage"},"image":{"@id":"https:\/\/www.blogsoestado.com\/danielmatos\/tj-nega-recurso-a-policial-condenado-no-caso-gero\/#primaryimage"},"thumbnailUrl":"https:\/\/www.blogsoestado.com\/danielmatos\/files\/2009\/10\/gero.jpg","datePublished":"2009-10-06T19:38:30+00:00","author":{"@id":""},"breadcrumb":{"@id":"https:\/\/www.blogsoestado.com\/danielmatos\/tj-nega-recurso-a-policial-condenado-no-caso-gero\/#breadcrumb"},"inLanguage":"pt-BR","potentialAction":[{"@type":"ReadAction","target":["https:\/\/www.blogsoestado.com\/danielmatos\/tj-nega-recurso-a-policial-condenado-no-caso-gero\/"]}]},{"@type":"ImageObject","inLanguage":"pt-BR","@id":"https:\/\/www.blogsoestado.com\/danielmatos\/tj-nega-recurso-a-policial-condenado-no-caso-gero\/#primaryimage","url":"https:\/\/www.blogsoestado.com\/danielmatos\/files\/2009\/10\/gero.jpg","contentUrl":"https:\/\/www.blogsoestado.com\/danielmatos\/files\/2009\/10\/gero.jpg"},{"@type":"BreadcrumbList","@id":"https:\/\/www.blogsoestado.com\/danielmatos\/tj-nega-recurso-a-policial-condenado-no-caso-gero\/#breadcrumb","itemListElement":[{"@type":"ListItem","position":1,"name":"In\u00edcio","item":"https:\/\/www.blogsoestado.com\/danielmatos\/"},{"@type":"ListItem","position":2,"name":"TJ nega recurso a policial condenado no caso Ger\u00f4"}]},{"@type":"WebSite","@id":"https:\/\/www.blogsoestado.com\/danielmatos\/#website","url":"https:\/\/www.blogsoestado.com\/danielmatos\/","name":"Daniel Matos","description":"","potentialAction":[{"@type":"SearchAction","target":{"@type":"EntryPoint","urlTemplate":"https:\/\/www.blogsoestado.com\/danielmatos\/?s={search_term_string}"},"query-input":{"@type":"PropertyValueSpecification","valueRequired":true,"valueName":"search_term_string"}}],"inLanguage":"pt-BR"}]}},"jetpack_featured_media_url":"","_links":{"self":[{"href":"https:\/\/www.blogsoestado.com\/danielmatos\/wp-json\/wp\/v2\/posts\/1457","targetHints":{"allow":["GET"]}}],"collection":[{"href":"https:\/\/www.blogsoestado.com\/danielmatos\/wp-json\/wp\/v2\/posts"}],"about":[{"href":"https:\/\/www.blogsoestado.com\/danielmatos\/wp-json\/wp\/v2\/types\/post"}],"replies":[{"embeddable":true,"href":"https:\/\/www.blogsoestado.com\/danielmatos\/wp-json\/wp\/v2\/comments?post=1457"}],"version-history":[{"count":0,"href":"https:\/\/www.blogsoestado.com\/danielmatos\/wp-json\/wp\/v2\/posts\/1457\/revisions"}],"wp:attachment":[{"href":"https:\/\/www.blogsoestado.com\/danielmatos\/wp-json\/wp\/v2\/media?parent=1457"}],"wp:term":[{"taxonomy":"category","embeddable":true,"href":"https:\/\/www.blogsoestado.com\/danielmatos\/wp-json\/wp\/v2\/categories?post=1457"},{"taxonomy":"post_tag","embeddable":true,"href":"https:\/\/www.blogsoestado.com\/danielmatos\/wp-json\/wp\/v2\/tags?post=1457"}],"curies":[{"name":"wp","href":"https:\/\/api.w.org\/{rel}","templated":true}]}}