{"id":145723,"date":"2025-06-30T17:17:31","date_gmt":"2025-06-30T20:17:31","guid":{"rendered":"https:\/\/www.blogsoestado.com\/danielmatos\/?p=145723"},"modified":"2025-06-30T17:17:34","modified_gmt":"2025-06-30T20:17:34","slug":"lei-do-entao-deputado-carlos-brandao-fez-do-30-de-junho-o-dia-nacional-do-bumba-meu-boi","status":"publish","type":"post","link":"https:\/\/www.blogsoestado.com\/danielmatos\/lei-do-entao-deputado-carlos-brandao-fez-do-30-de-junho-o-dia-nacional-do-bumba-meu-boi\/","title":{"rendered":"Lei do ent\u00e3o deputado Carlos Brand\u00e3o fez do 30 de junho o Dia Nacional do Bumba Meu Boi"},"content":{"rendered":"\n<figure class=\"wp-block-image aligncenter size-full\"><img fetchpriority=\"high\" decoding=\"async\" width=\"768\" height=\"512\" src=\"https:\/\/www.blogsoestado.com\/danielmatos\/wp-content\/uploads\/sites\/2\/2025\/06\/1002802664.jpg\" alt=\"\" class=\"wp-image-145724\" srcset=\"https:\/\/www.blogsoestado.com\/danielmatos\/wp-content\/uploads\/sites\/2\/2025\/06\/1002802664.jpg 768w, https:\/\/www.blogsoestado.com\/danielmatos\/wp-content\/uploads\/sites\/2\/2025\/06\/1002802664-300x200.jpg 300w\" sizes=\"(max-width: 768px) 100vw, 768px\" \/><figcaption class=\"wp-element-caption\">O governador Carlos Brand\u00e3o e a primeira-dama, Larissa Brand\u00e3o, prestigiam apresenta\u00e7\u00e3o de bumba meu boi<\/figcaption><\/figure>\n\n\n\n<p>Apaixonado pela cultura popular maranhense, n\u00e3o \u00e9 de hoje que o governador Carlos Brand\u00e3o (PSB) trabalha para incentivar as manifesta\u00e7\u00f5es do setor no estado. Como deputado federal, \u00e9 dele a Lei n\u00b0 12.103\/2009, que instituiu o Dia Nacional do Bumba Meu Boi, comemorado hoje, 30 de junho.<\/p>\n\n\n\n<p>\u201cEssa paix\u00e3o me motivou a apresentar um projeto de lei para a institui\u00e7\u00e3o do Dia Nacional do Bumba Meu Boi, exatamente 30 de junho. \u00c0 \u00e9poca, eu era deputado federal. A ideia foi aprovada pelo Congresso e sancionada pela Presid\u00eancia da Rep\u00fablica, sob a Lei n\u00b012.103\/2009, que significa o reconhecimento da import\u00e2ncia dessa manifesta\u00e7\u00e3o popular para a cultura brasileira, considerada pelo Instituto do Patrim\u00f4nio Hist\u00f3rico e Art\u00edstico Nacional (Iphan) como \u2018Patrim\u00f4nio Cultural do Brasil\u2019\u201d, afirmou Brand\u00e3o em artigo sobre o assunto.<\/p>\n\n\n\n<p>A lei refor\u00e7a nacionalmente a relev\u00e2ncia da data, j\u00e1 marcada como Dia de S\u00e3o Mar\u00e7al e do Encontro de Bumba Meu Boi de Matraca, que re\u00fane uma multid\u00e3o no bairro Jo\u00e3o Paulo, em S\u00e3o Lu\u00eds.<\/p>\n\n\n\n<p>\u201cQuando propus a institui\u00e7\u00e3o da data comemorativa em alus\u00e3o ao Bumba Meu Boi, que ali\u00e1s \u00e9 dia de S\u00e3o Mar\u00e7al, n\u00e3o pensei apenas em homenagear a dan\u00e7a, o enredo. Pensei em valorizar as pessoas que fazem rodar essa grande m\u00e1quina. Uma m\u00e1quina de produzir beleza, alegria, satisfa\u00e7\u00e3o e hist\u00f3rias que levaremos para tantas e tantas gera\u00e7\u00f5es. Uma homenagem \u00e0queles que se dedicam em manter muito vivo esse elemento t\u00e3o forte de nossa hist\u00f3ria, de nossa cultura\u201d, assinalou o governador, que em 2025 tamb\u00e9m assegurou o ponto facultativo na data, para que todos pudessem celebrar o bumba-boi.<\/p>\n","protected":false},"excerpt":{"rendered":"<p>Apaixonado pela cultura popular maranhense, n\u00e3o \u00e9 de hoje que o governador Carlos Brand\u00e3o (PSB) trabalha para incentivar as manifesta\u00e7\u00f5es [&hellip;]<\/p>\n","protected":false},"author":2,"featured_media":0,"comment_status":"open","ping_status":"open","sticky":false,"template":"","format":"standard","meta":{"site-sidebar-layout":"default","site-content-layout":"","ast-site-content-layout":"default","site-content-style":"default","site-sidebar-style":"default","ast-global-header-display":"","ast-banner-title-visibility":"","ast-main-header-display":"","ast-hfb-above-header-display":"","ast-hfb-below-header-display":"","ast-hfb-mobile-header-display":"","site-post-title":"","ast-breadcrumbs-content":"","ast-featured-img":"","footer-sml-layout":"","ast-disable-related-posts":"","theme-transparent-header-meta":"","adv-header-id-meta":"","stick-header-meta":"","header-above-stick-meta":"","header-main-stick-meta":"","header-below-stick-meta":"","astra-migrate-meta-layouts":"default","ast-page-background-enabled":"default","ast-page-background-meta":{"desktop":{"background-color":"var(--ast-global-color-5)","background-image":"","background-repeat":"repeat","background-position":"center center","background-size":"auto","background-attachment":"scroll","background-type":"","background-media":"","overlay-type":"","overlay-color":"","overlay-opacity":"","overlay-gradient":""},"tablet":{"background-color":"","background-image":"","background-repeat":"repeat","background-position":"center center","background-size":"auto","background-attachment":"scroll","background-type":"","background-media":"","overlay-type":"","overlay-color":"","overlay-opacity":"","overlay-gradient":""},"mobile":{"background-color":"","background-image":"","background-repeat":"repeat","background-position":"center center","background-size":"auto","background-attachment":"scroll","background-type":"","background-media":"","overlay-type":"","overlay-color":"","overlay-opacity":"","overlay-gradient":""}},"ast-content-background-meta":{"desktop":{"background-color":"var(--ast-global-color-4)","background-image":"","background-repeat":"repeat","background-position":"center center","background-size":"auto","background-attachment":"scroll","background-type":"","background-media":"","overlay-type":"","overlay-color":"","overlay-opacity":"","overlay-gradient":""},"tablet":{"background-color":"var(--ast-global-color-4)","background-image":"","background-repeat":"repeat","background-position":"center center","background-size":"auto","background-attachment":"scroll","background-type":"","background-media":"","overlay-type":"","overlay-color":"","overlay-opacity":"","overlay-gradient":""},"mobile":{"background-color":"var(--ast-global-color-4)","background-image":"","background-repeat":"repeat","background-position":"center center","background-size":"auto","background-attachment":"scroll","background-type":"","background-media":"","overlay-type":"","overlay-color":"","overlay-opacity":"","overlay-gradient":""}},"footnotes":""},"categories":[1],"tags":[],"class_list":["post-145723","post","type-post","status-publish","format-standard","hentry","category-sem-categoria"],"yoast_head":"<!-- This site is optimized with the Yoast SEO plugin v26.6 - https:\/\/yoast.com\/wordpress\/plugins\/seo\/ -->\n<title>Lei do ent\u00e3o deputado Carlos Brand\u00e3o fez do 30 de junho o Dia Nacional do Bumba Meu Boi - Daniel Matos<\/title>\n<meta name=\"robots\" content=\"index, follow, max-snippet:-1, max-image-preview:large, max-video-preview:-1\" \/>\n<link rel=\"canonical\" href=\"https:\/\/www.blogsoestado.com\/danielmatos\/lei-do-entao-deputado-carlos-brandao-fez-do-30-de-junho-o-dia-nacional-do-bumba-meu-boi\/\" \/>\n<meta property=\"og:locale\" content=\"pt_BR\" \/>\n<meta property=\"og:type\" content=\"article\" \/>\n<meta property=\"og:title\" content=\"Lei do ent\u00e3o deputado Carlos Brand\u00e3o fez do 30 de junho o Dia Nacional do Bumba Meu Boi - Daniel Matos\" \/>\n<meta property=\"og:description\" content=\"Apaixonado pela cultura popular maranhense, n\u00e3o \u00e9 de hoje que o governador Carlos Brand\u00e3o (PSB) trabalha para incentivar as manifesta\u00e7\u00f5es [&hellip;]\" \/>\n<meta property=\"og:url\" content=\"https:\/\/www.blogsoestado.com\/danielmatos\/lei-do-entao-deputado-carlos-brandao-fez-do-30-de-junho-o-dia-nacional-do-bumba-meu-boi\/\" \/>\n<meta property=\"og:site_name\" content=\"Daniel Matos\" \/>\n<meta property=\"article:published_time\" content=\"2025-06-30T20:17:31+00:00\" \/>\n<meta property=\"article:modified_time\" content=\"2025-06-30T20:17:34+00:00\" \/>\n<meta property=\"og:image\" content=\"https:\/\/www.blogsoestado.com\/danielmatos\/wp-content\/uploads\/sites\/2\/2025\/06\/1002802664.jpg\" \/>\n\t<meta property=\"og:image:width\" content=\"768\" \/>\n\t<meta property=\"og:image:height\" content=\"512\" \/>\n\t<meta property=\"og:image:type\" content=\"image\/jpeg\" \/>\n<meta name=\"author\" content=\"Daniel Matos\" \/>\n<meta name=\"twitter:card\" content=\"summary_large_image\" \/>\n<meta name=\"twitter:label1\" content=\"Escrito por\" \/>\n\t<meta name=\"twitter:data1\" content=\"Daniel Matos\" \/>\n\t<meta name=\"twitter:label2\" content=\"Est. tempo de leitura\" \/>\n\t<meta name=\"twitter:data2\" content=\"2 minutos\" \/>\n<script type=\"application\/ld+json\" class=\"yoast-schema-graph\">{\"@context\":\"https:\/\/schema.org\",\"@graph\":[{\"@type\":\"WebPage\",\"@id\":\"https:\/\/www.blogsoestado.com\/danielmatos\/lei-do-entao-deputado-carlos-brandao-fez-do-30-de-junho-o-dia-nacional-do-bumba-meu-boi\/\",\"url\":\"https:\/\/www.blogsoestado.com\/danielmatos\/lei-do-entao-deputado-carlos-brandao-fez-do-30-de-junho-o-dia-nacional-do-bumba-meu-boi\/\",\"name\":\"Lei do ent\u00e3o deputado Carlos Brand\u00e3o fez do 30 de junho o Dia Nacional do Bumba Meu Boi - Daniel Matos\",\"isPartOf\":{\"@id\":\"https:\/\/www.blogsoestado.com\/danielmatos\/#website\"},\"primaryImageOfPage\":{\"@id\":\"https:\/\/www.blogsoestado.com\/danielmatos\/lei-do-entao-deputado-carlos-brandao-fez-do-30-de-junho-o-dia-nacional-do-bumba-meu-boi\/#primaryimage\"},\"image\":{\"@id\":\"https:\/\/www.blogsoestado.com\/danielmatos\/lei-do-entao-deputado-carlos-brandao-fez-do-30-de-junho-o-dia-nacional-do-bumba-meu-boi\/#primaryimage\"},\"thumbnailUrl\":\"https:\/\/www.blogsoestado.com\/danielmatos\/wp-content\/uploads\/sites\/2\/2025\/06\/1002802664.jpg\",\"datePublished\":\"2025-06-30T20:17:31+00:00\",\"dateModified\":\"2025-06-30T20:17:34+00:00\",\"author\":{\"@id\":\"https:\/\/www.blogsoestado.com\/danielmatos\/#\/schema\/person\/9a209d407cd45631f131e1285b661bb0\"},\"breadcrumb\":{\"@id\":\"https:\/\/www.blogsoestado.com\/danielmatos\/lei-do-entao-deputado-carlos-brandao-fez-do-30-de-junho-o-dia-nacional-do-bumba-meu-boi\/#breadcrumb\"},\"inLanguage\":\"pt-BR\",\"potentialAction\":[{\"@type\":\"ReadAction\",\"target\":[\"https:\/\/www.blogsoestado.com\/danielmatos\/lei-do-entao-deputado-carlos-brandao-fez-do-30-de-junho-o-dia-nacional-do-bumba-meu-boi\/\"]}]},{\"@type\":\"ImageObject\",\"inLanguage\":\"pt-BR\",\"@id\":\"https:\/\/www.blogsoestado.com\/danielmatos\/lei-do-entao-deputado-carlos-brandao-fez-do-30-de-junho-o-dia-nacional-do-bumba-meu-boi\/#primaryimage\",\"url\":\"https:\/\/www.blogsoestado.com\/danielmatos\/wp-content\/uploads\/sites\/2\/2025\/06\/1002802664.jpg\",\"contentUrl\":\"https:\/\/www.blogsoestado.com\/danielmatos\/wp-content\/uploads\/sites\/2\/2025\/06\/1002802664.jpg\",\"width\":768,\"height\":512},{\"@type\":\"BreadcrumbList\",\"@id\":\"https:\/\/www.blogsoestado.com\/danielmatos\/lei-do-entao-deputado-carlos-brandao-fez-do-30-de-junho-o-dia-nacional-do-bumba-meu-boi\/#breadcrumb\",\"itemListElement\":[{\"@type\":\"ListItem\",\"position\":1,\"name\":\"In\u00edcio\",\"item\":\"https:\/\/www.blogsoestado.com\/danielmatos\/\"},{\"@type\":\"ListItem\",\"position\":2,\"name\":\"Lei do ent\u00e3o deputado Carlos Brand\u00e3o fez do 30 de junho o Dia Nacional do Bumba Meu Boi\"}]},{\"@type\":\"WebSite\",\"@id\":\"https:\/\/www.blogsoestado.com\/danielmatos\/#website\",\"url\":\"https:\/\/www.blogsoestado.com\/danielmatos\/\",\"name\":\"Daniel Matos\",\"description\":\"\",\"potentialAction\":[{\"@type\":\"SearchAction\",\"target\":{\"@type\":\"EntryPoint\",\"urlTemplate\":\"https:\/\/www.blogsoestado.com\/danielmatos\/?s={search_term_string}\"},\"query-input\":{\"@type\":\"PropertyValueSpecification\",\"valueRequired\":true,\"valueName\":\"search_term_string\"}}],\"inLanguage\":\"pt-BR\"},{\"@type\":\"Person\",\"@id\":\"https:\/\/www.blogsoestado.com\/danielmatos\/#\/schema\/person\/9a209d407cd45631f131e1285b661bb0\",\"name\":\"Daniel Matos\",\"image\":{\"@type\":\"ImageObject\",\"inLanguage\":\"pt-BR\",\"@id\":\"https:\/\/www.blogsoestado.com\/danielmatos\/#\/schema\/person\/image\/\",\"url\":\"https:\/\/secure.gravatar.com\/avatar\/2f26c36ee355da19a257f0dfef43952a2588b324ca35d6719e859fe338ac0392?s=96&d=mm&r=g\",\"contentUrl\":\"https:\/\/secure.gravatar.com\/avatar\/2f26c36ee355da19a257f0dfef43952a2588b324ca35d6719e859fe338ac0392?s=96&d=mm&r=g\",\"caption\":\"Daniel Matos\"},\"url\":\"https:\/\/www.blogsoestado.com\/danielmatos\/author\/danielmatos\/\"}]}<\/script>\n<!-- \/ Yoast SEO plugin. -->","yoast_head_json":{"title":"Lei do ent\u00e3o deputado Carlos Brand\u00e3o fez do 30 de junho o Dia Nacional do Bumba Meu Boi - Daniel Matos","robots":{"index":"index","follow":"follow","max-snippet":"max-snippet:-1","max-image-preview":"max-image-preview:large","max-video-preview":"max-video-preview:-1"},"canonical":"https:\/\/www.blogsoestado.com\/danielmatos\/lei-do-entao-deputado-carlos-brandao-fez-do-30-de-junho-o-dia-nacional-do-bumba-meu-boi\/","og_locale":"pt_BR","og_type":"article","og_title":"Lei do ent\u00e3o deputado Carlos Brand\u00e3o fez do 30 de junho o Dia Nacional do Bumba Meu Boi - Daniel Matos","og_description":"Apaixonado pela cultura popular maranhense, n\u00e3o \u00e9 de hoje que o governador Carlos Brand\u00e3o (PSB) trabalha para incentivar as manifesta\u00e7\u00f5es [&hellip;]","og_url":"https:\/\/www.blogsoestado.com\/danielmatos\/lei-do-entao-deputado-carlos-brandao-fez-do-30-de-junho-o-dia-nacional-do-bumba-meu-boi\/","og_site_name":"Daniel Matos","article_published_time":"2025-06-30T20:17:31+00:00","article_modified_time":"2025-06-30T20:17:34+00:00","og_image":[{"width":768,"height":512,"url":"https:\/\/www.blogsoestado.com\/danielmatos\/wp-content\/uploads\/sites\/2\/2025\/06\/1002802664.jpg","type":"image\/jpeg"}],"author":"Daniel Matos","twitter_card":"summary_large_image","twitter_misc":{"Escrito por":"Daniel Matos","Est. tempo de leitura":"2 minutos"},"schema":{"@context":"https:\/\/schema.org","@graph":[{"@type":"WebPage","@id":"https:\/\/www.blogsoestado.com\/danielmatos\/lei-do-entao-deputado-carlos-brandao-fez-do-30-de-junho-o-dia-nacional-do-bumba-meu-boi\/","url":"https:\/\/www.blogsoestado.com\/danielmatos\/lei-do-entao-deputado-carlos-brandao-fez-do-30-de-junho-o-dia-nacional-do-bumba-meu-boi\/","name":"Lei do ent\u00e3o deputado Carlos Brand\u00e3o fez do 30 de junho o Dia Nacional do Bumba Meu Boi - Daniel Matos","isPartOf":{"@id":"https:\/\/www.blogsoestado.com\/danielmatos\/#website"},"primaryImageOfPage":{"@id":"https:\/\/www.blogsoestado.com\/danielmatos\/lei-do-entao-deputado-carlos-brandao-fez-do-30-de-junho-o-dia-nacional-do-bumba-meu-boi\/#primaryimage"},"image":{"@id":"https:\/\/www.blogsoestado.com\/danielmatos\/lei-do-entao-deputado-carlos-brandao-fez-do-30-de-junho-o-dia-nacional-do-bumba-meu-boi\/#primaryimage"},"thumbnailUrl":"https:\/\/www.blogsoestado.com\/danielmatos\/wp-content\/uploads\/sites\/2\/2025\/06\/1002802664.jpg","datePublished":"2025-06-30T20:17:31+00:00","dateModified":"2025-06-30T20:17:34+00:00","author":{"@id":"https:\/\/www.blogsoestado.com\/danielmatos\/#\/schema\/person\/9a209d407cd45631f131e1285b661bb0"},"breadcrumb":{"@id":"https:\/\/www.blogsoestado.com\/danielmatos\/lei-do-entao-deputado-carlos-brandao-fez-do-30-de-junho-o-dia-nacional-do-bumba-meu-boi\/#breadcrumb"},"inLanguage":"pt-BR","potentialAction":[{"@type":"ReadAction","target":["https:\/\/www.blogsoestado.com\/danielmatos\/lei-do-entao-deputado-carlos-brandao-fez-do-30-de-junho-o-dia-nacional-do-bumba-meu-boi\/"]}]},{"@type":"ImageObject","inLanguage":"pt-BR","@id":"https:\/\/www.blogsoestado.com\/danielmatos\/lei-do-entao-deputado-carlos-brandao-fez-do-30-de-junho-o-dia-nacional-do-bumba-meu-boi\/#primaryimage","url":"https:\/\/www.blogsoestado.com\/danielmatos\/wp-content\/uploads\/sites\/2\/2025\/06\/1002802664.jpg","contentUrl":"https:\/\/www.blogsoestado.com\/danielmatos\/wp-content\/uploads\/sites\/2\/2025\/06\/1002802664.jpg","width":768,"height":512},{"@type":"BreadcrumbList","@id":"https:\/\/www.blogsoestado.com\/danielmatos\/lei-do-entao-deputado-carlos-brandao-fez-do-30-de-junho-o-dia-nacional-do-bumba-meu-boi\/#breadcrumb","itemListElement":[{"@type":"ListItem","position":1,"name":"In\u00edcio","item":"https:\/\/www.blogsoestado.com\/danielmatos\/"},{"@type":"ListItem","position":2,"name":"Lei do ent\u00e3o deputado Carlos Brand\u00e3o fez do 30 de junho o Dia Nacional do Bumba Meu Boi"}]},{"@type":"WebSite","@id":"https:\/\/www.blogsoestado.com\/danielmatos\/#website","url":"https:\/\/www.blogsoestado.com\/danielmatos\/","name":"Daniel Matos","description":"","potentialAction":[{"@type":"SearchAction","target":{"@type":"EntryPoint","urlTemplate":"https:\/\/www.blogsoestado.com\/danielmatos\/?s={search_term_string}"},"query-input":{"@type":"PropertyValueSpecification","valueRequired":true,"valueName":"search_term_string"}}],"inLanguage":"pt-BR"},{"@type":"Person","@id":"https:\/\/www.blogsoestado.com\/danielmatos\/#\/schema\/person\/9a209d407cd45631f131e1285b661bb0","name":"Daniel Matos","image":{"@type":"ImageObject","inLanguage":"pt-BR","@id":"https:\/\/www.blogsoestado.com\/danielmatos\/#\/schema\/person\/image\/","url":"https:\/\/secure.gravatar.com\/avatar\/2f26c36ee355da19a257f0dfef43952a2588b324ca35d6719e859fe338ac0392?s=96&d=mm&r=g","contentUrl":"https:\/\/secure.gravatar.com\/avatar\/2f26c36ee355da19a257f0dfef43952a2588b324ca35d6719e859fe338ac0392?s=96&d=mm&r=g","caption":"Daniel Matos"},"url":"https:\/\/www.blogsoestado.com\/danielmatos\/author\/danielmatos\/"}]}},"jetpack_featured_media_url":"","_links":{"self":[{"href":"https:\/\/www.blogsoestado.com\/danielmatos\/wp-json\/wp\/v2\/posts\/145723","targetHints":{"allow":["GET"]}}],"collection":[{"href":"https:\/\/www.blogsoestado.com\/danielmatos\/wp-json\/wp\/v2\/posts"}],"about":[{"href":"https:\/\/www.blogsoestado.com\/danielmatos\/wp-json\/wp\/v2\/types\/post"}],"author":[{"embeddable":true,"href":"https:\/\/www.blogsoestado.com\/danielmatos\/wp-json\/wp\/v2\/users\/2"}],"replies":[{"embeddable":true,"href":"https:\/\/www.blogsoestado.com\/danielmatos\/wp-json\/wp\/v2\/comments?post=145723"}],"version-history":[{"count":1,"href":"https:\/\/www.blogsoestado.com\/danielmatos\/wp-json\/wp\/v2\/posts\/145723\/revisions"}],"predecessor-version":[{"id":145725,"href":"https:\/\/www.blogsoestado.com\/danielmatos\/wp-json\/wp\/v2\/posts\/145723\/revisions\/145725"}],"wp:attachment":[{"href":"https:\/\/www.blogsoestado.com\/danielmatos\/wp-json\/wp\/v2\/media?parent=145723"}],"wp:term":[{"taxonomy":"category","embeddable":true,"href":"https:\/\/www.blogsoestado.com\/danielmatos\/wp-json\/wp\/v2\/categories?post=145723"},{"taxonomy":"post_tag","embeddable":true,"href":"https:\/\/www.blogsoestado.com\/danielmatos\/wp-json\/wp\/v2\/tags?post=145723"}],"curies":[{"name":"wp","href":"https:\/\/api.w.org\/{rel}","templated":true}]}}