{"id":145793,"date":"2025-07-02T10:47:29","date_gmt":"2025-07-02T13:47:29","guid":{"rendered":"https:\/\/www.blogsoestado.com\/danielmatos\/?p=145793"},"modified":"2025-07-02T10:49:00","modified_gmt":"2025-07-02T13:49:00","slug":"fabiane-santos-destaca-diagnostico-precoce-eleva-em-mais-de-80-as-chances-de-cura-do-cancer-de-cabeca-e-pescoco","status":"publish","type":"post","link":"https:\/\/www.blogsoestado.com\/danielmatos\/fabiane-santos-destaca-diagnostico-precoce-eleva-em-mais-de-80-as-chances-de-cura-do-cancer-de-cabeca-e-pescoco\/","title":{"rendered":"Fabiane Santos destaca: diagn\u00f3stico precoce eleva em mais de 80% as chances de cura do c\u00e2ncer de cabe\u00e7a e pesco\u00e7o"},"content":{"rendered":"\n<figure class=\"wp-block-image aligncenter size-large\"><img fetchpriority=\"high\" decoding=\"async\" width=\"682\" height=\"1024\" src=\"https:\/\/www.blogsoestado.com\/danielmatos\/wp-content\/uploads\/sites\/2\/2025\/07\/1002820888-682x1024.jpg\" alt=\"\" class=\"wp-image-145794\" srcset=\"https:\/\/www.blogsoestado.com\/danielmatos\/wp-content\/uploads\/sites\/2\/2025\/07\/1002820888-682x1024.jpg 682w, https:\/\/www.blogsoestado.com\/danielmatos\/wp-content\/uploads\/sites\/2\/2025\/07\/1002820888-200x300.jpg 200w, https:\/\/www.blogsoestado.com\/danielmatos\/wp-content\/uploads\/sites\/2\/2025\/07\/1002820888-768x1152.jpg 768w, https:\/\/www.blogsoestado.com\/danielmatos\/wp-content\/uploads\/sites\/2\/2025\/07\/1002820888.jpg 853w\" sizes=\"(max-width: 682px) 100vw, 682px\" \/><figcaption class=\"wp-element-caption\">A Dra. Fabiane Santos refor\u00e7a a import\u00e2ncia do diagn\u00f3stico precoce para melhorar significativamente o progn\u00f3stico dos pacientes<\/figcaption><\/figure>\n\n\n\n<p>Em alus\u00e3o ao Julho Verde, m\u00eas dedicado \u00e0 conscientiza\u00e7\u00e3o e preven\u00e7\u00e3o do c\u00e2ncer de cabe\u00e7a e pesco\u00e7o, a cirurgi\u00e3 de cabe\u00e7a e pesco\u00e7o Dra. Fabiane Santos refor\u00e7a a import\u00e2ncia do diagn\u00f3stico precoce para melhorar significativamente o progn\u00f3stico dos pacientes. \u201cQuando identificados em est\u00e1gios iniciais, esses tumores apresentam taxas de cura superiores a 80%\u201d, afirma Dra. Fabiane.<\/p>\n\n\n\n<p>Segundo dados do Instituto Nacional de C\u00e2ncer (Inca), o Brasil registra em m\u00e9dia 15 000 novos casos anuais de c\u00e2ncer de cabe\u00e7a e pesco\u00e7o \u2013 que engloba neoplasias de boca, faringe, laringe, tireoide e gl\u00e2ndulas salivares. \u201cInfelizmente, muitos desses diagn\u00f3sticos ocorrem tardiamente, o que reduz drasticamente as chances de tratamento bem-sucedido\u201d, alerta a m\u00e9dica.<\/p>\n\n\n\n<p>As campanhas do Julho Verde t\u00eam papel fundamental na vigil\u00e2ncia epidemiol\u00f3gica, no mapeamento de \u00e1reas de maior incid\u00eancia e na mobiliza\u00e7\u00e3o de recursos para exames e tratamentos. \u201cEsse movimento salva vidas: ao divulgar sinais e sintomas pouco conhecidos, fortalecemos a rede de apoio a pacientes e impulsionamos pol\u00edticas p\u00fablicas que priorizam a preven\u00e7\u00e3o e o acesso r\u00e1pido ao diagn\u00f3stico\u201d, destaca Dra. Fabiane.<\/p>\n\n\n\n<figure class=\"wp-block-image aligncenter size-large\"><img decoding=\"async\" width=\"1024\" height=\"577\" src=\"https:\/\/www.blogsoestado.com\/danielmatos\/wp-content\/uploads\/sites\/2\/2025\/07\/1002820889-1024x577.jpg\" alt=\"\" class=\"wp-image-145795\" srcset=\"https:\/\/www.blogsoestado.com\/danielmatos\/wp-content\/uploads\/sites\/2\/2025\/07\/1002820889-1024x577.jpg 1024w, https:\/\/www.blogsoestado.com\/danielmatos\/wp-content\/uploads\/sites\/2\/2025\/07\/1002820889-300x169.jpg 300w, https:\/\/www.blogsoestado.com\/danielmatos\/wp-content\/uploads\/sites\/2\/2025\/07\/1002820889-768x432.jpg 768w, https:\/\/www.blogsoestado.com\/danielmatos\/wp-content\/uploads\/sites\/2\/2025\/07\/1002820889-1536x865.jpg 1536w, https:\/\/www.blogsoestado.com\/danielmatos\/wp-content\/uploads\/sites\/2\/2025\/07\/1002820889.jpg 1600w\" sizes=\"(max-width: 1024px) 100vw, 1024px\" \/><\/figure>\n\n\n\n<ul class=\"wp-block-list\">\n<li>Sinais e sintomas de alerta\n<ul class=\"wp-block-list\">\n<li>Ferida ou \u00falcera na boca que n\u00e3o cicatriza em at\u00e9 14 dias<\/li>\n\n\n\n<li>Rouquid\u00e3o ou altera\u00e7\u00e3o da voz por mais de 3 semanas<\/li>\n\n\n\n<li>Dor ou sensa\u00e7\u00e3o de corpo estranho ao engolir<\/li>\n\n\n\n<li>Incha\u00e7o ou n\u00f3dulo persistente no pesco\u00e7o por mais de 2 semanas<\/li>\n\n\n\n<li>Rouquid\u00e3o acompanhada de perda de peso inexplic\u00e1vel<\/li>\n<\/ul>\n<\/li>\n<\/ul>\n\n\n\n<p>H\u00e1bitos que fazem a diferen\u00e7a<br>\u201cPrevenir \u00e9, sem d\u00favida, o caminho mais eficaz. Parar de fumar, moderar o consumo de \u00e1lcool, usar protetor solar no rosto e pesco\u00e7o e vacinar-se contra o HPV \u2013 principal causa de c\u00e2ncer de orofaringe \u2013 s\u00e3o medidas que podem reduzir em at\u00e9 90% o risco de desenvolver esses tumores\u201d, orienta Dra. Fabiane Santos.<\/p>\n\n\n\n<p>Fique atento aos principais tipos<\/p>\n\n\n\n<ul class=\"wp-block-list\">\n<li>C\u00e2ncer da cavidade oral: l\u00e1bios, gengiva, c\u00e9u da boca e l\u00edngua<\/li>\n\n\n\n<li>C\u00e2ncer de faringe: regi\u00e3o da garganta por onde passam alimentos e ar<\/li>\n\n\n\n<li>C\u00e2ncer de laringe: \u00e1rea respons\u00e1vel pelas cordas vocais<\/li>\n\n\n\n<li>C\u00e2ncer de tireoide: afeta a gl\u00e2ndula que regula fun\u00e7\u00f5es card\u00edacas, metab\u00f3licas e hormonais<\/li>\n<\/ul>\n\n\n\n<p>Participe do Julho Verde: compartilhe informa\u00e7\u00f5es, marque uma consulta e incentive quem voc\u00ea ama a cuidar da sa\u00fade. A preven\u00e7\u00e3o e o diagn\u00f3stico precoce s\u00e3o a melhor forma de combater o c\u00e2ncer de cabe\u00e7a e pesco\u00e7o.<\/p>\n","protected":false},"excerpt":{"rendered":"<p>Em alus\u00e3o ao Julho Verde, m\u00eas dedicado \u00e0 conscientiza\u00e7\u00e3o e preven\u00e7\u00e3o do c\u00e2ncer de cabe\u00e7a e pesco\u00e7o, a cirurgi\u00e3 de [&hellip;]<\/p>\n","protected":false},"author":2,"featured_media":0,"comment_status":"open","ping_status":"open","sticky":false,"template":"","format":"standard","meta":{"site-sidebar-layout":"default","site-content-layout":"","ast-site-content-layout":"default","site-content-style":"default","site-sidebar-style":"default","ast-global-header-display":"","ast-banner-title-visibility":"","ast-main-header-display":"","ast-hfb-above-header-display":"","ast-hfb-below-header-display":"","ast-hfb-mobile-header-display":"","site-post-title":"","ast-breadcrumbs-content":"","ast-featured-img":"","footer-sml-layout":"","ast-disable-related-posts":"","theme-transparent-header-meta":"","adv-header-id-meta":"","stick-header-meta":"","header-above-stick-meta":"","header-main-stick-meta":"","header-below-stick-meta":"","astra-migrate-meta-layouts":"default","ast-page-background-enabled":"default","ast-page-background-meta":{"desktop":{"background-color":"var(--ast-global-color-5)","background-image":"","background-repeat":"repeat","background-position":"center center","background-size":"auto","background-attachment":"scroll","background-type":"","background-media":"","overlay-type":"","overlay-color":"","overlay-opacity":"","overlay-gradient":""},"tablet":{"background-color":"","background-image":"","background-repeat":"repeat","background-position":"center center","background-size":"auto","background-attachment":"scroll","background-type":"","background-media":"","overlay-type":"","overlay-color":"","overlay-opacity":"","overlay-gradient":""},"mobile":{"background-color":"","background-image":"","background-repeat":"repeat","background-position":"center center","background-size":"auto","background-attachment":"scroll","background-type":"","background-media":"","overlay-type":"","overlay-color":"","overlay-opacity":"","overlay-gradient":""}},"ast-content-background-meta":{"desktop":{"background-color":"var(--ast-global-color-4)","background-image":"","background-repeat":"repeat","background-position":"center center","background-size":"auto","background-attachment":"scroll","background-type":"","background-media":"","overlay-type":"","overlay-color":"","overlay-opacity":"","overlay-gradient":""},"tablet":{"background-color":"var(--ast-global-color-4)","background-image":"","background-repeat":"repeat","background-position":"center center","background-size":"auto","background-attachment":"scroll","background-type":"","background-media":"","overlay-type":"","overlay-color":"","overlay-opacity":"","overlay-gradient":""},"mobile":{"background-color":"var(--ast-global-color-4)","background-image":"","background-repeat":"repeat","background-position":"center center","background-size":"auto","background-attachment":"scroll","background-type":"","background-media":"","overlay-type":"","overlay-color":"","overlay-opacity":"","overlay-gradient":""}},"footnotes":""},"categories":[1],"tags":[],"class_list":["post-145793","post","type-post","status-publish","format-standard","hentry","category-sem-categoria"],"yoast_head":"<!-- This site is optimized with the Yoast SEO plugin v26.6 - https:\/\/yoast.com\/wordpress\/plugins\/seo\/ -->\n<title>Fabiane Santos destaca: diagn\u00f3stico precoce eleva em mais de 80% as chances de cura do c\u00e2ncer de cabe\u00e7a e pesco\u00e7o - Daniel Matos<\/title>\n<meta name=\"robots\" content=\"index, follow, max-snippet:-1, max-image-preview:large, max-video-preview:-1\" \/>\n<link rel=\"canonical\" href=\"https:\/\/www.blogsoestado.com\/danielmatos\/fabiane-santos-destaca-diagnostico-precoce-eleva-em-mais-de-80-as-chances-de-cura-do-cancer-de-cabeca-e-pescoco\/\" \/>\n<meta property=\"og:locale\" content=\"pt_BR\" \/>\n<meta property=\"og:type\" content=\"article\" \/>\n<meta property=\"og:title\" content=\"Fabiane Santos destaca: diagn\u00f3stico precoce eleva em mais de 80% as chances de cura do c\u00e2ncer de cabe\u00e7a e pesco\u00e7o - Daniel Matos\" \/>\n<meta property=\"og:description\" content=\"Em alus\u00e3o ao Julho Verde, m\u00eas dedicado \u00e0 conscientiza\u00e7\u00e3o e preven\u00e7\u00e3o do c\u00e2ncer de cabe\u00e7a e pesco\u00e7o, a cirurgi\u00e3 de [&hellip;]\" \/>\n<meta property=\"og:url\" content=\"https:\/\/www.blogsoestado.com\/danielmatos\/fabiane-santos-destaca-diagnostico-precoce-eleva-em-mais-de-80-as-chances-de-cura-do-cancer-de-cabeca-e-pescoco\/\" \/>\n<meta property=\"og:site_name\" content=\"Daniel Matos\" \/>\n<meta property=\"article:published_time\" content=\"2025-07-02T13:47:29+00:00\" \/>\n<meta property=\"article:modified_time\" content=\"2025-07-02T13:49:00+00:00\" \/>\n<meta property=\"og:image\" content=\"https:\/\/www.blogsoestado.com\/danielmatos\/wp-content\/uploads\/sites\/2\/2025\/07\/1002820888.jpg\" \/>\n\t<meta property=\"og:image:width\" content=\"853\" \/>\n\t<meta property=\"og:image:height\" content=\"1280\" \/>\n\t<meta property=\"og:image:type\" content=\"image\/jpeg\" \/>\n<meta name=\"author\" content=\"Daniel Matos\" \/>\n<meta name=\"twitter:card\" content=\"summary_large_image\" \/>\n<meta name=\"twitter:label1\" content=\"Escrito por\" \/>\n\t<meta name=\"twitter:data1\" content=\"Daniel Matos\" \/>\n\t<meta name=\"twitter:label2\" content=\"Est. tempo de leitura\" \/>\n\t<meta name=\"twitter:data2\" content=\"3 minutos\" \/>\n<script type=\"application\/ld+json\" class=\"yoast-schema-graph\">{\"@context\":\"https:\/\/schema.org\",\"@graph\":[{\"@type\":\"WebPage\",\"@id\":\"https:\/\/www.blogsoestado.com\/danielmatos\/fabiane-santos-destaca-diagnostico-precoce-eleva-em-mais-de-80-as-chances-de-cura-do-cancer-de-cabeca-e-pescoco\/\",\"url\":\"https:\/\/www.blogsoestado.com\/danielmatos\/fabiane-santos-destaca-diagnostico-precoce-eleva-em-mais-de-80-as-chances-de-cura-do-cancer-de-cabeca-e-pescoco\/\",\"name\":\"Fabiane Santos destaca: diagn\u00f3stico precoce eleva em mais de 80% as chances de cura do c\u00e2ncer de cabe\u00e7a e pesco\u00e7o - Daniel Matos\",\"isPartOf\":{\"@id\":\"https:\/\/www.blogsoestado.com\/danielmatos\/#website\"},\"primaryImageOfPage\":{\"@id\":\"https:\/\/www.blogsoestado.com\/danielmatos\/fabiane-santos-destaca-diagnostico-precoce-eleva-em-mais-de-80-as-chances-de-cura-do-cancer-de-cabeca-e-pescoco\/#primaryimage\"},\"image\":{\"@id\":\"https:\/\/www.blogsoestado.com\/danielmatos\/fabiane-santos-destaca-diagnostico-precoce-eleva-em-mais-de-80-as-chances-de-cura-do-cancer-de-cabeca-e-pescoco\/#primaryimage\"},\"thumbnailUrl\":\"https:\/\/www.blogsoestado.com\/danielmatos\/wp-content\/uploads\/sites\/2\/2025\/07\/1002820888-682x1024.jpg\",\"datePublished\":\"2025-07-02T13:47:29+00:00\",\"dateModified\":\"2025-07-02T13:49:00+00:00\",\"author\":{\"@id\":\"https:\/\/www.blogsoestado.com\/danielmatos\/#\/schema\/person\/9a209d407cd45631f131e1285b661bb0\"},\"breadcrumb\":{\"@id\":\"https:\/\/www.blogsoestado.com\/danielmatos\/fabiane-santos-destaca-diagnostico-precoce-eleva-em-mais-de-80-as-chances-de-cura-do-cancer-de-cabeca-e-pescoco\/#breadcrumb\"},\"inLanguage\":\"pt-BR\",\"potentialAction\":[{\"@type\":\"ReadAction\",\"target\":[\"https:\/\/www.blogsoestado.com\/danielmatos\/fabiane-santos-destaca-diagnostico-precoce-eleva-em-mais-de-80-as-chances-de-cura-do-cancer-de-cabeca-e-pescoco\/\"]}]},{\"@type\":\"ImageObject\",\"inLanguage\":\"pt-BR\",\"@id\":\"https:\/\/www.blogsoestado.com\/danielmatos\/fabiane-santos-destaca-diagnostico-precoce-eleva-em-mais-de-80-as-chances-de-cura-do-cancer-de-cabeca-e-pescoco\/#primaryimage\",\"url\":\"https:\/\/www.blogsoestado.com\/danielmatos\/wp-content\/uploads\/sites\/2\/2025\/07\/1002820888.jpg\",\"contentUrl\":\"https:\/\/www.blogsoestado.com\/danielmatos\/wp-content\/uploads\/sites\/2\/2025\/07\/1002820888.jpg\",\"width\":853,\"height\":1280},{\"@type\":\"BreadcrumbList\",\"@id\":\"https:\/\/www.blogsoestado.com\/danielmatos\/fabiane-santos-destaca-diagnostico-precoce-eleva-em-mais-de-80-as-chances-de-cura-do-cancer-de-cabeca-e-pescoco\/#breadcrumb\",\"itemListElement\":[{\"@type\":\"ListItem\",\"position\":1,\"name\":\"In\u00edcio\",\"item\":\"https:\/\/www.blogsoestado.com\/danielmatos\/\"},{\"@type\":\"ListItem\",\"position\":2,\"name\":\"Fabiane Santos destaca: diagn\u00f3stico precoce eleva em mais de 80% as chances de cura do c\u00e2ncer de cabe\u00e7a e pesco\u00e7o\"}]},{\"@type\":\"WebSite\",\"@id\":\"https:\/\/www.blogsoestado.com\/danielmatos\/#website\",\"url\":\"https:\/\/www.blogsoestado.com\/danielmatos\/\",\"name\":\"Daniel Matos\",\"description\":\"\",\"potentialAction\":[{\"@type\":\"SearchAction\",\"target\":{\"@type\":\"EntryPoint\",\"urlTemplate\":\"https:\/\/www.blogsoestado.com\/danielmatos\/?s={search_term_string}\"},\"query-input\":{\"@type\":\"PropertyValueSpecification\",\"valueRequired\":true,\"valueName\":\"search_term_string\"}}],\"inLanguage\":\"pt-BR\"},{\"@type\":\"Person\",\"@id\":\"https:\/\/www.blogsoestado.com\/danielmatos\/#\/schema\/person\/9a209d407cd45631f131e1285b661bb0\",\"name\":\"Daniel Matos\",\"image\":{\"@type\":\"ImageObject\",\"inLanguage\":\"pt-BR\",\"@id\":\"https:\/\/www.blogsoestado.com\/danielmatos\/#\/schema\/person\/image\/\",\"url\":\"https:\/\/secure.gravatar.com\/avatar\/2f26c36ee355da19a257f0dfef43952a2588b324ca35d6719e859fe338ac0392?s=96&d=mm&r=g\",\"contentUrl\":\"https:\/\/secure.gravatar.com\/avatar\/2f26c36ee355da19a257f0dfef43952a2588b324ca35d6719e859fe338ac0392?s=96&d=mm&r=g\",\"caption\":\"Daniel Matos\"},\"url\":\"https:\/\/www.blogsoestado.com\/danielmatos\/author\/danielmatos\/\"}]}<\/script>\n<!-- \/ Yoast SEO plugin. -->","yoast_head_json":{"title":"Fabiane Santos destaca: diagn\u00f3stico precoce eleva em mais de 80% as chances de cura do c\u00e2ncer de cabe\u00e7a e pesco\u00e7o - Daniel Matos","robots":{"index":"index","follow":"follow","max-snippet":"max-snippet:-1","max-image-preview":"max-image-preview:large","max-video-preview":"max-video-preview:-1"},"canonical":"https:\/\/www.blogsoestado.com\/danielmatos\/fabiane-santos-destaca-diagnostico-precoce-eleva-em-mais-de-80-as-chances-de-cura-do-cancer-de-cabeca-e-pescoco\/","og_locale":"pt_BR","og_type":"article","og_title":"Fabiane Santos destaca: diagn\u00f3stico precoce eleva em mais de 80% as chances de cura do c\u00e2ncer de cabe\u00e7a e pesco\u00e7o - Daniel Matos","og_description":"Em alus\u00e3o ao Julho Verde, m\u00eas dedicado \u00e0 conscientiza\u00e7\u00e3o e preven\u00e7\u00e3o do c\u00e2ncer de cabe\u00e7a e pesco\u00e7o, a cirurgi\u00e3 de [&hellip;]","og_url":"https:\/\/www.blogsoestado.com\/danielmatos\/fabiane-santos-destaca-diagnostico-precoce-eleva-em-mais-de-80-as-chances-de-cura-do-cancer-de-cabeca-e-pescoco\/","og_site_name":"Daniel Matos","article_published_time":"2025-07-02T13:47:29+00:00","article_modified_time":"2025-07-02T13:49:00+00:00","og_image":[{"width":853,"height":1280,"url":"https:\/\/www.blogsoestado.com\/danielmatos\/wp-content\/uploads\/sites\/2\/2025\/07\/1002820888.jpg","type":"image\/jpeg"}],"author":"Daniel Matos","twitter_card":"summary_large_image","twitter_misc":{"Escrito por":"Daniel Matos","Est. tempo de leitura":"3 minutos"},"schema":{"@context":"https:\/\/schema.org","@graph":[{"@type":"WebPage","@id":"https:\/\/www.blogsoestado.com\/danielmatos\/fabiane-santos-destaca-diagnostico-precoce-eleva-em-mais-de-80-as-chances-de-cura-do-cancer-de-cabeca-e-pescoco\/","url":"https:\/\/www.blogsoestado.com\/danielmatos\/fabiane-santos-destaca-diagnostico-precoce-eleva-em-mais-de-80-as-chances-de-cura-do-cancer-de-cabeca-e-pescoco\/","name":"Fabiane Santos destaca: diagn\u00f3stico precoce eleva em mais de 80% as chances de cura do c\u00e2ncer de cabe\u00e7a e pesco\u00e7o - Daniel Matos","isPartOf":{"@id":"https:\/\/www.blogsoestado.com\/danielmatos\/#website"},"primaryImageOfPage":{"@id":"https:\/\/www.blogsoestado.com\/danielmatos\/fabiane-santos-destaca-diagnostico-precoce-eleva-em-mais-de-80-as-chances-de-cura-do-cancer-de-cabeca-e-pescoco\/#primaryimage"},"image":{"@id":"https:\/\/www.blogsoestado.com\/danielmatos\/fabiane-santos-destaca-diagnostico-precoce-eleva-em-mais-de-80-as-chances-de-cura-do-cancer-de-cabeca-e-pescoco\/#primaryimage"},"thumbnailUrl":"https:\/\/www.blogsoestado.com\/danielmatos\/wp-content\/uploads\/sites\/2\/2025\/07\/1002820888-682x1024.jpg","datePublished":"2025-07-02T13:47:29+00:00","dateModified":"2025-07-02T13:49:00+00:00","author":{"@id":"https:\/\/www.blogsoestado.com\/danielmatos\/#\/schema\/person\/9a209d407cd45631f131e1285b661bb0"},"breadcrumb":{"@id":"https:\/\/www.blogsoestado.com\/danielmatos\/fabiane-santos-destaca-diagnostico-precoce-eleva-em-mais-de-80-as-chances-de-cura-do-cancer-de-cabeca-e-pescoco\/#breadcrumb"},"inLanguage":"pt-BR","potentialAction":[{"@type":"ReadAction","target":["https:\/\/www.blogsoestado.com\/danielmatos\/fabiane-santos-destaca-diagnostico-precoce-eleva-em-mais-de-80-as-chances-de-cura-do-cancer-de-cabeca-e-pescoco\/"]}]},{"@type":"ImageObject","inLanguage":"pt-BR","@id":"https:\/\/www.blogsoestado.com\/danielmatos\/fabiane-santos-destaca-diagnostico-precoce-eleva-em-mais-de-80-as-chances-de-cura-do-cancer-de-cabeca-e-pescoco\/#primaryimage","url":"https:\/\/www.blogsoestado.com\/danielmatos\/wp-content\/uploads\/sites\/2\/2025\/07\/1002820888.jpg","contentUrl":"https:\/\/www.blogsoestado.com\/danielmatos\/wp-content\/uploads\/sites\/2\/2025\/07\/1002820888.jpg","width":853,"height":1280},{"@type":"BreadcrumbList","@id":"https:\/\/www.blogsoestado.com\/danielmatos\/fabiane-santos-destaca-diagnostico-precoce-eleva-em-mais-de-80-as-chances-de-cura-do-cancer-de-cabeca-e-pescoco\/#breadcrumb","itemListElement":[{"@type":"ListItem","position":1,"name":"In\u00edcio","item":"https:\/\/www.blogsoestado.com\/danielmatos\/"},{"@type":"ListItem","position":2,"name":"Fabiane Santos destaca: diagn\u00f3stico precoce eleva em mais de 80% as chances de cura do c\u00e2ncer de cabe\u00e7a e pesco\u00e7o"}]},{"@type":"WebSite","@id":"https:\/\/www.blogsoestado.com\/danielmatos\/#website","url":"https:\/\/www.blogsoestado.com\/danielmatos\/","name":"Daniel Matos","description":"","potentialAction":[{"@type":"SearchAction","target":{"@type":"EntryPoint","urlTemplate":"https:\/\/www.blogsoestado.com\/danielmatos\/?s={search_term_string}"},"query-input":{"@type":"PropertyValueSpecification","valueRequired":true,"valueName":"search_term_string"}}],"inLanguage":"pt-BR"},{"@type":"Person","@id":"https:\/\/www.blogsoestado.com\/danielmatos\/#\/schema\/person\/9a209d407cd45631f131e1285b661bb0","name":"Daniel Matos","image":{"@type":"ImageObject","inLanguage":"pt-BR","@id":"https:\/\/www.blogsoestado.com\/danielmatos\/#\/schema\/person\/image\/","url":"https:\/\/secure.gravatar.com\/avatar\/2f26c36ee355da19a257f0dfef43952a2588b324ca35d6719e859fe338ac0392?s=96&d=mm&r=g","contentUrl":"https:\/\/secure.gravatar.com\/avatar\/2f26c36ee355da19a257f0dfef43952a2588b324ca35d6719e859fe338ac0392?s=96&d=mm&r=g","caption":"Daniel Matos"},"url":"https:\/\/www.blogsoestado.com\/danielmatos\/author\/danielmatos\/"}]}},"jetpack_featured_media_url":"","_links":{"self":[{"href":"https:\/\/www.blogsoestado.com\/danielmatos\/wp-json\/wp\/v2\/posts\/145793","targetHints":{"allow":["GET"]}}],"collection":[{"href":"https:\/\/www.blogsoestado.com\/danielmatos\/wp-json\/wp\/v2\/posts"}],"about":[{"href":"https:\/\/www.blogsoestado.com\/danielmatos\/wp-json\/wp\/v2\/types\/post"}],"author":[{"embeddable":true,"href":"https:\/\/www.blogsoestado.com\/danielmatos\/wp-json\/wp\/v2\/users\/2"}],"replies":[{"embeddable":true,"href":"https:\/\/www.blogsoestado.com\/danielmatos\/wp-json\/wp\/v2\/comments?post=145793"}],"version-history":[{"count":2,"href":"https:\/\/www.blogsoestado.com\/danielmatos\/wp-json\/wp\/v2\/posts\/145793\/revisions"}],"predecessor-version":[{"id":145797,"href":"https:\/\/www.blogsoestado.com\/danielmatos\/wp-json\/wp\/v2\/posts\/145793\/revisions\/145797"}],"wp:attachment":[{"href":"https:\/\/www.blogsoestado.com\/danielmatos\/wp-json\/wp\/v2\/media?parent=145793"}],"wp:term":[{"taxonomy":"category","embeddable":true,"href":"https:\/\/www.blogsoestado.com\/danielmatos\/wp-json\/wp\/v2\/categories?post=145793"},{"taxonomy":"post_tag","embeddable":true,"href":"https:\/\/www.blogsoestado.com\/danielmatos\/wp-json\/wp\/v2\/tags?post=145793"}],"curies":[{"name":"wp","href":"https:\/\/api.w.org\/{rel}","templated":true}]}}