{"id":145929,"date":"2025-07-05T12:07:03","date_gmt":"2025-07-05T15:07:03","guid":{"rendered":"https:\/\/www.blogsoestado.com\/danielmatos\/?p=145929"},"modified":"2025-07-05T12:07:07","modified_gmt":"2025-07-05T15:07:07","slug":"republicanos-oficializa-apoio-ao-governo-brandao-e-reforca-base-aliada-com-24-prefeitos","status":"publish","type":"post","link":"https:\/\/www.blogsoestado.com\/danielmatos\/republicanos-oficializa-apoio-ao-governo-brandao-e-reforca-base-aliada-com-24-prefeitos\/","title":{"rendered":"Republicanos oficializa apoio ao governo Brand\u00e3o e refor\u00e7a base aliada com 24 prefeitos"},"content":{"rendered":"\n<figure class=\"wp-block-image aligncenter size-large\"><img fetchpriority=\"high\" decoding=\"async\" width=\"1024\" height=\"683\" src=\"https:\/\/www.blogsoestado.com\/danielmatos\/wp-content\/uploads\/sites\/2\/2025\/07\/1002855590-1024x683.jpg\" alt=\"\" class=\"wp-image-145930\" srcset=\"https:\/\/www.blogsoestado.com\/danielmatos\/wp-content\/uploads\/sites\/2\/2025\/07\/1002855590-1024x683.jpg 1024w, https:\/\/www.blogsoestado.com\/danielmatos\/wp-content\/uploads\/sites\/2\/2025\/07\/1002855590-300x200.jpg 300w, https:\/\/www.blogsoestado.com\/danielmatos\/wp-content\/uploads\/sites\/2\/2025\/07\/1002855590-768x512.jpg 768w, https:\/\/www.blogsoestado.com\/danielmatos\/wp-content\/uploads\/sites\/2\/2025\/07\/1002855590-1536x1024.jpg 1536w, https:\/\/www.blogsoestado.com\/danielmatos\/wp-content\/uploads\/sites\/2\/2025\/07\/1002855590-2048x1366.jpg 2048w\" sizes=\"(max-width: 1024px) 100vw, 1024px\" \/><figcaption class=\"wp-element-caption\"> O secret\u00e1rio Orleans Brand\u00e3o, a presidente da Assembleia Legislativa, Iracema Vale, o governador Carlos Brand\u00e3o e o deputado federal Alu\u00edsio Mendes, presidente estadual do Republicanos<\/figcaption><\/figure>\n\n\n\n<p>O governador Carlos Brand\u00e3o (PSB) recebeu, nesta sexta-feira (4), o deputado federal Alu\u00edsio Mendes, presidente estadual do Republicanos, e mais 24 prefeitos. Durante o encontro, eles oficializaram o apoio pol\u00edtico do partido ao governador, passando a integrar oficialmente a base governista.<\/p>\n\n\n\n<p>A reuni\u00e3o tamb\u00e9m contou com a presen\u00e7a da presidente da Assembleia Legislativa, deputada Iracema Vale (PSB), e do diretor-presidente da Companhia de Desenvolvimento dos Vales do S\u00e3o Francisco e do Parna\u00edba (Codevasf), Gil Cutrim. O gesto de apoio reconhece o trabalho que vem sendo desenvolvido no estado.<\/p>\n\n\n\n<p>O governador Carlos Brand\u00e3o destacou seu contentamento com a alian\u00e7a. &#8220;Estou muito feliz com a decis\u00e3o do deputado Alu\u00edsio, uma vez que a gente sempre teve uma boa rela\u00e7\u00e3o. Agora, vamos estreitar ainda mais essa parceria, e quem ganha com isso \u00e9 o municipalismo, s\u00e3o os munic\u00edpios&#8221;, disse.<\/p>\n\n\n\n<p>O deputado Alu\u00edsio Mendes, presidente estadual do Republicanos, afirmou a import\u00e2ncia da parceria para o estado. &#8220;Temos muita certeza de que o projeto do governador Carlos Brand\u00e3o \u00e9 vitorioso e vai continuar trazendo ao Maranh\u00e3o muitos avan\u00e7os. Por isso, trazemos 24 prefeitos parceiros, que est\u00e3o agora ombreados com este grande projeto pol\u00edtico que tem transformado o estado&#8221;, declarou.<\/p>\n\n\n\n<p>Para a presidente da Assembleia Legislativa, Iracema Vale, o apoio do partido confirma o bom trabalho feito pelo governo. &#8220;Esse momento de ades\u00e3o do Republicanos ao grupo governista representa o respeito pelo trabalho que tem sido executado pelo governador. \u00c9 sinal de aprova\u00e7\u00e3o do que est\u00e1 sendo realizado e de que o estado est\u00e1 no rumo certo, e que assim deve continuar&#8221;, disse.<\/p>\n\n\n\n<figure class=\"wp-block-image aligncenter size-large\"><img decoding=\"async\" width=\"1024\" height=\"683\" src=\"https:\/\/www.blogsoestado.com\/danielmatos\/wp-content\/uploads\/sites\/2\/2025\/07\/1002855591-1024x683.jpg\" alt=\"\" class=\"wp-image-145931\" srcset=\"https:\/\/www.blogsoestado.com\/danielmatos\/wp-content\/uploads\/sites\/2\/2025\/07\/1002855591-1024x683.jpg 1024w, https:\/\/www.blogsoestado.com\/danielmatos\/wp-content\/uploads\/sites\/2\/2025\/07\/1002855591-300x200.jpg 300w, https:\/\/www.blogsoestado.com\/danielmatos\/wp-content\/uploads\/sites\/2\/2025\/07\/1002855591-768x512.jpg 768w, https:\/\/www.blogsoestado.com\/danielmatos\/wp-content\/uploads\/sites\/2\/2025\/07\/1002855591-1536x1024.jpg 1536w, https:\/\/www.blogsoestado.com\/danielmatos\/wp-content\/uploads\/sites\/2\/2025\/07\/1002855591-2048x1366.jpg 2048w\" sizes=\"(max-width: 1024px) 100vw, 1024px\" \/><\/figure>\n\n\n\n<p>O secret\u00e1rio de Estado de Assuntos Municipalistas, Orleans Brand\u00e3o, tamb\u00e9m participou do encontro. Ele tem se destacado pelo protagonismo na articula\u00e7\u00e3o entre o Estado e os munic\u00edpios, auxiliando prefeitos na execu\u00e7\u00e3o de obras, programas e projetos que beneficiam diretamente a popula\u00e7\u00e3o.<\/p>\n\n\n\n<p>&#8220;O deputado Alu\u00edsio j\u00e1 tem realizado um trabalho muito grande em todos os munic\u00edpios e a gente fica muito feliz com esse momento, para refor\u00e7armos ainda mais essa parceria&#8221;, afirmou o secret\u00e1rio.<\/p>\n\n\n\n<p>Para o prefeito de Po\u00e7\u00e3o de Pedras, Jhulio Sousa. &#8220;O governo Carlos Brand\u00e3o tem melhorado a qualidade de vida dos maranhenses. Por isso, viemos aqui, buscando a parceria do governador, da presidente da Assembleia e de todo o grupo governista&#8221;, afirmou o prefeito.<\/p>\n\n\n\n<p>Estiveram presentes os prefeitos Vinicius Vale (Barreirinhas), Nen\u00e9m (Bel\u00e1gua), Rodrigo Coelho (Benedito Leite), Andr\u00e9 Introvini (Buriti), Fernando Bermuda (Campestre), Abnadar Portela (Capinzal do Norte), Amin Quemel (Carutapera), Aldo Lopes (Cururupu), Dra. Fernanda Lima (Fortaleza dos Nogueiras), Chiquinho do Banco (Governador Eug\u00eanio Barros), Walace Azevedo (Icatu), Raimundo Zuca (Josel\u00e2ndia), Itaires Tratorz\u00e3o (Lajeado Novo), Germano Coelho (Loreto), Jhulio Sousa (Po\u00e7\u00e3o de Pedras), Dr. Ca\u00e7ula Coelho (Presidente M\u00e9dici), Cociflan Amarante (Ribamar Fiquene), Wallas Rocha (S\u00e3o Benedito do Rio Preto), Mecinho (S\u00e3o Jo\u00e3o Batista), Marcos Vin\u00edcius (S\u00e3o Jo\u00e3o do Para\u00edso), R\u00f4mulo Arruda (S\u00e3o Pedro dos Crentes), Kelson Richard (Tasso Fragoso), Ed\u00e9sio Cavalcanti (Turia\u00e7u) e Clemilton Barros (Urbano Santos). Tamb\u00e9m participou o vice-prefeito de Senador Alexandre Costa, Jair Macedo, representando o prefeito Nilo Arouche.<\/p>\n","protected":false},"excerpt":{"rendered":"<p>O governador Carlos Brand\u00e3o (PSB) recebeu, nesta sexta-feira (4), o deputado federal Alu\u00edsio Mendes, presidente estadual do Republicanos, e mais [&hellip;]<\/p>\n","protected":false},"author":2,"featured_media":0,"comment_status":"open","ping_status":"open","sticky":false,"template":"","format":"standard","meta":{"site-sidebar-layout":"default","site-content-layout":"","ast-site-content-layout":"default","site-content-style":"default","site-sidebar-style":"default","ast-global-header-display":"","ast-banner-title-visibility":"","ast-main-header-display":"","ast-hfb-above-header-display":"","ast-hfb-below-header-display":"","ast-hfb-mobile-header-display":"","site-post-title":"","ast-breadcrumbs-content":"","ast-featured-img":"","footer-sml-layout":"","ast-disable-related-posts":"","theme-transparent-header-meta":"","adv-header-id-meta":"","stick-header-meta":"","header-above-stick-meta":"","header-main-stick-meta":"","header-below-stick-meta":"","astra-migrate-meta-layouts":"default","ast-page-background-enabled":"default","ast-page-background-meta":{"desktop":{"background-color":"var(--ast-global-color-5)","background-image":"","background-repeat":"repeat","background-position":"center center","background-size":"auto","background-attachment":"scroll","background-type":"","background-media":"","overlay-type":"","overlay-color":"","overlay-opacity":"","overlay-gradient":""},"tablet":{"background-color":"","background-image":"","background-repeat":"repeat","background-position":"center center","background-size":"auto","background-attachment":"scroll","background-type":"","background-media":"","overlay-type":"","overlay-color":"","overlay-opacity":"","overlay-gradient":""},"mobile":{"background-color":"","background-image":"","background-repeat":"repeat","background-position":"center center","background-size":"auto","background-attachment":"scroll","background-type":"","background-media":"","overlay-type":"","overlay-color":"","overlay-opacity":"","overlay-gradient":""}},"ast-content-background-meta":{"desktop":{"background-color":"var(--ast-global-color-4)","background-image":"","background-repeat":"repeat","background-position":"center center","background-size":"auto","background-attachment":"scroll","background-type":"","background-media":"","overlay-type":"","overlay-color":"","overlay-opacity":"","overlay-gradient":""},"tablet":{"background-color":"var(--ast-global-color-4)","background-image":"","background-repeat":"repeat","background-position":"center center","background-size":"auto","background-attachment":"scroll","background-type":"","background-media":"","overlay-type":"","overlay-color":"","overlay-opacity":"","overlay-gradient":""},"mobile":{"background-color":"var(--ast-global-color-4)","background-image":"","background-repeat":"repeat","background-position":"center center","background-size":"auto","background-attachment":"scroll","background-type":"","background-media":"","overlay-type":"","overlay-color":"","overlay-opacity":"","overlay-gradient":""}},"footnotes":""},"categories":[1],"tags":[],"class_list":["post-145929","post","type-post","status-publish","format-standard","hentry","category-sem-categoria"],"yoast_head":"<!-- This site is optimized with the Yoast SEO plugin v26.6 - https:\/\/yoast.com\/wordpress\/plugins\/seo\/ -->\n<title>Republicanos oficializa apoio ao governo Brand\u00e3o e refor\u00e7a base aliada com 24 prefeitos - Daniel Matos<\/title>\n<meta name=\"robots\" content=\"index, follow, max-snippet:-1, max-image-preview:large, max-video-preview:-1\" \/>\n<link rel=\"canonical\" href=\"https:\/\/www.blogsoestado.com\/danielmatos\/republicanos-oficializa-apoio-ao-governo-brandao-e-reforca-base-aliada-com-24-prefeitos\/\" \/>\n<meta property=\"og:locale\" content=\"pt_BR\" \/>\n<meta property=\"og:type\" content=\"article\" \/>\n<meta property=\"og:title\" content=\"Republicanos oficializa apoio ao governo Brand\u00e3o e refor\u00e7a base aliada com 24 prefeitos - Daniel Matos\" \/>\n<meta property=\"og:description\" content=\"O governador Carlos Brand\u00e3o (PSB) recebeu, nesta sexta-feira (4), o deputado federal Alu\u00edsio Mendes, presidente estadual do Republicanos, e mais [&hellip;]\" \/>\n<meta property=\"og:url\" content=\"https:\/\/www.blogsoestado.com\/danielmatos\/republicanos-oficializa-apoio-ao-governo-brandao-e-reforca-base-aliada-com-24-prefeitos\/\" \/>\n<meta property=\"og:site_name\" content=\"Daniel Matos\" \/>\n<meta property=\"article:published_time\" content=\"2025-07-05T15:07:03+00:00\" \/>\n<meta property=\"article:modified_time\" content=\"2025-07-05T15:07:07+00:00\" \/>\n<meta property=\"og:image\" content=\"https:\/\/www.blogsoestado.com\/danielmatos\/wp-content\/uploads\/sites\/2\/2025\/07\/1002855590.jpg\" \/>\n\t<meta property=\"og:image:width\" content=\"2560\" \/>\n\t<meta property=\"og:image:height\" content=\"1707\" \/>\n\t<meta property=\"og:image:type\" content=\"image\/jpeg\" \/>\n<meta name=\"author\" content=\"Daniel Matos\" \/>\n<meta name=\"twitter:card\" content=\"summary_large_image\" \/>\n<meta name=\"twitter:label1\" content=\"Escrito por\" \/>\n\t<meta name=\"twitter:data1\" content=\"Daniel Matos\" \/>\n\t<meta name=\"twitter:label2\" content=\"Est. tempo de leitura\" \/>\n\t<meta name=\"twitter:data2\" content=\"4 minutos\" \/>\n<script type=\"application\/ld+json\" class=\"yoast-schema-graph\">{\"@context\":\"https:\/\/schema.org\",\"@graph\":[{\"@type\":\"WebPage\",\"@id\":\"https:\/\/www.blogsoestado.com\/danielmatos\/republicanos-oficializa-apoio-ao-governo-brandao-e-reforca-base-aliada-com-24-prefeitos\/\",\"url\":\"https:\/\/www.blogsoestado.com\/danielmatos\/republicanos-oficializa-apoio-ao-governo-brandao-e-reforca-base-aliada-com-24-prefeitos\/\",\"name\":\"Republicanos oficializa apoio ao governo Brand\u00e3o e refor\u00e7a base aliada com 24 prefeitos - Daniel Matos\",\"isPartOf\":{\"@id\":\"https:\/\/www.blogsoestado.com\/danielmatos\/#website\"},\"primaryImageOfPage\":{\"@id\":\"https:\/\/www.blogsoestado.com\/danielmatos\/republicanos-oficializa-apoio-ao-governo-brandao-e-reforca-base-aliada-com-24-prefeitos\/#primaryimage\"},\"image\":{\"@id\":\"https:\/\/www.blogsoestado.com\/danielmatos\/republicanos-oficializa-apoio-ao-governo-brandao-e-reforca-base-aliada-com-24-prefeitos\/#primaryimage\"},\"thumbnailUrl\":\"https:\/\/www.blogsoestado.com\/danielmatos\/wp-content\/uploads\/sites\/2\/2025\/07\/1002855590-1024x683.jpg\",\"datePublished\":\"2025-07-05T15:07:03+00:00\",\"dateModified\":\"2025-07-05T15:07:07+00:00\",\"author\":{\"@id\":\"https:\/\/www.blogsoestado.com\/danielmatos\/#\/schema\/person\/9a209d407cd45631f131e1285b661bb0\"},\"breadcrumb\":{\"@id\":\"https:\/\/www.blogsoestado.com\/danielmatos\/republicanos-oficializa-apoio-ao-governo-brandao-e-reforca-base-aliada-com-24-prefeitos\/#breadcrumb\"},\"inLanguage\":\"pt-BR\",\"potentialAction\":[{\"@type\":\"ReadAction\",\"target\":[\"https:\/\/www.blogsoestado.com\/danielmatos\/republicanos-oficializa-apoio-ao-governo-brandao-e-reforca-base-aliada-com-24-prefeitos\/\"]}]},{\"@type\":\"ImageObject\",\"inLanguage\":\"pt-BR\",\"@id\":\"https:\/\/www.blogsoestado.com\/danielmatos\/republicanos-oficializa-apoio-ao-governo-brandao-e-reforca-base-aliada-com-24-prefeitos\/#primaryimage\",\"url\":\"https:\/\/www.blogsoestado.com\/danielmatos\/wp-content\/uploads\/sites\/2\/2025\/07\/1002855590.jpg\",\"contentUrl\":\"https:\/\/www.blogsoestado.com\/danielmatos\/wp-content\/uploads\/sites\/2\/2025\/07\/1002855590.jpg\",\"width\":2560,\"height\":1707},{\"@type\":\"BreadcrumbList\",\"@id\":\"https:\/\/www.blogsoestado.com\/danielmatos\/republicanos-oficializa-apoio-ao-governo-brandao-e-reforca-base-aliada-com-24-prefeitos\/#breadcrumb\",\"itemListElement\":[{\"@type\":\"ListItem\",\"position\":1,\"name\":\"In\u00edcio\",\"item\":\"https:\/\/www.blogsoestado.com\/danielmatos\/\"},{\"@type\":\"ListItem\",\"position\":2,\"name\":\"Republicanos oficializa apoio ao governo Brand\u00e3o e refor\u00e7a base aliada com 24 prefeitos\"}]},{\"@type\":\"WebSite\",\"@id\":\"https:\/\/www.blogsoestado.com\/danielmatos\/#website\",\"url\":\"https:\/\/www.blogsoestado.com\/danielmatos\/\",\"name\":\"Daniel Matos\",\"description\":\"\",\"potentialAction\":[{\"@type\":\"SearchAction\",\"target\":{\"@type\":\"EntryPoint\",\"urlTemplate\":\"https:\/\/www.blogsoestado.com\/danielmatos\/?s={search_term_string}\"},\"query-input\":{\"@type\":\"PropertyValueSpecification\",\"valueRequired\":true,\"valueName\":\"search_term_string\"}}],\"inLanguage\":\"pt-BR\"},{\"@type\":\"Person\",\"@id\":\"https:\/\/www.blogsoestado.com\/danielmatos\/#\/schema\/person\/9a209d407cd45631f131e1285b661bb0\",\"name\":\"Daniel Matos\",\"image\":{\"@type\":\"ImageObject\",\"inLanguage\":\"pt-BR\",\"@id\":\"https:\/\/www.blogsoestado.com\/danielmatos\/#\/schema\/person\/image\/\",\"url\":\"https:\/\/secure.gravatar.com\/avatar\/2f26c36ee355da19a257f0dfef43952a2588b324ca35d6719e859fe338ac0392?s=96&d=mm&r=g\",\"contentUrl\":\"https:\/\/secure.gravatar.com\/avatar\/2f26c36ee355da19a257f0dfef43952a2588b324ca35d6719e859fe338ac0392?s=96&d=mm&r=g\",\"caption\":\"Daniel Matos\"},\"url\":\"https:\/\/www.blogsoestado.com\/danielmatos\/author\/danielmatos\/\"}]}<\/script>\n<!-- \/ Yoast SEO plugin. -->","yoast_head_json":{"title":"Republicanos oficializa apoio ao governo Brand\u00e3o e refor\u00e7a base aliada com 24 prefeitos - Daniel Matos","robots":{"index":"index","follow":"follow","max-snippet":"max-snippet:-1","max-image-preview":"max-image-preview:large","max-video-preview":"max-video-preview:-1"},"canonical":"https:\/\/www.blogsoestado.com\/danielmatos\/republicanos-oficializa-apoio-ao-governo-brandao-e-reforca-base-aliada-com-24-prefeitos\/","og_locale":"pt_BR","og_type":"article","og_title":"Republicanos oficializa apoio ao governo Brand\u00e3o e refor\u00e7a base aliada com 24 prefeitos - Daniel Matos","og_description":"O governador Carlos Brand\u00e3o (PSB) recebeu, nesta sexta-feira (4), o deputado federal Alu\u00edsio Mendes, presidente estadual do Republicanos, e mais [&hellip;]","og_url":"https:\/\/www.blogsoestado.com\/danielmatos\/republicanos-oficializa-apoio-ao-governo-brandao-e-reforca-base-aliada-com-24-prefeitos\/","og_site_name":"Daniel Matos","article_published_time":"2025-07-05T15:07:03+00:00","article_modified_time":"2025-07-05T15:07:07+00:00","og_image":[{"width":2560,"height":1707,"url":"https:\/\/www.blogsoestado.com\/danielmatos\/wp-content\/uploads\/sites\/2\/2025\/07\/1002855590.jpg","type":"image\/jpeg"}],"author":"Daniel Matos","twitter_card":"summary_large_image","twitter_misc":{"Escrito por":"Daniel Matos","Est. tempo de leitura":"4 minutos"},"schema":{"@context":"https:\/\/schema.org","@graph":[{"@type":"WebPage","@id":"https:\/\/www.blogsoestado.com\/danielmatos\/republicanos-oficializa-apoio-ao-governo-brandao-e-reforca-base-aliada-com-24-prefeitos\/","url":"https:\/\/www.blogsoestado.com\/danielmatos\/republicanos-oficializa-apoio-ao-governo-brandao-e-reforca-base-aliada-com-24-prefeitos\/","name":"Republicanos oficializa apoio ao governo Brand\u00e3o e refor\u00e7a base aliada com 24 prefeitos - Daniel Matos","isPartOf":{"@id":"https:\/\/www.blogsoestado.com\/danielmatos\/#website"},"primaryImageOfPage":{"@id":"https:\/\/www.blogsoestado.com\/danielmatos\/republicanos-oficializa-apoio-ao-governo-brandao-e-reforca-base-aliada-com-24-prefeitos\/#primaryimage"},"image":{"@id":"https:\/\/www.blogsoestado.com\/danielmatos\/republicanos-oficializa-apoio-ao-governo-brandao-e-reforca-base-aliada-com-24-prefeitos\/#primaryimage"},"thumbnailUrl":"https:\/\/www.blogsoestado.com\/danielmatos\/wp-content\/uploads\/sites\/2\/2025\/07\/1002855590-1024x683.jpg","datePublished":"2025-07-05T15:07:03+00:00","dateModified":"2025-07-05T15:07:07+00:00","author":{"@id":"https:\/\/www.blogsoestado.com\/danielmatos\/#\/schema\/person\/9a209d407cd45631f131e1285b661bb0"},"breadcrumb":{"@id":"https:\/\/www.blogsoestado.com\/danielmatos\/republicanos-oficializa-apoio-ao-governo-brandao-e-reforca-base-aliada-com-24-prefeitos\/#breadcrumb"},"inLanguage":"pt-BR","potentialAction":[{"@type":"ReadAction","target":["https:\/\/www.blogsoestado.com\/danielmatos\/republicanos-oficializa-apoio-ao-governo-brandao-e-reforca-base-aliada-com-24-prefeitos\/"]}]},{"@type":"ImageObject","inLanguage":"pt-BR","@id":"https:\/\/www.blogsoestado.com\/danielmatos\/republicanos-oficializa-apoio-ao-governo-brandao-e-reforca-base-aliada-com-24-prefeitos\/#primaryimage","url":"https:\/\/www.blogsoestado.com\/danielmatos\/wp-content\/uploads\/sites\/2\/2025\/07\/1002855590.jpg","contentUrl":"https:\/\/www.blogsoestado.com\/danielmatos\/wp-content\/uploads\/sites\/2\/2025\/07\/1002855590.jpg","width":2560,"height":1707},{"@type":"BreadcrumbList","@id":"https:\/\/www.blogsoestado.com\/danielmatos\/republicanos-oficializa-apoio-ao-governo-brandao-e-reforca-base-aliada-com-24-prefeitos\/#breadcrumb","itemListElement":[{"@type":"ListItem","position":1,"name":"In\u00edcio","item":"https:\/\/www.blogsoestado.com\/danielmatos\/"},{"@type":"ListItem","position":2,"name":"Republicanos oficializa apoio ao governo Brand\u00e3o e refor\u00e7a base aliada com 24 prefeitos"}]},{"@type":"WebSite","@id":"https:\/\/www.blogsoestado.com\/danielmatos\/#website","url":"https:\/\/www.blogsoestado.com\/danielmatos\/","name":"Daniel Matos","description":"","potentialAction":[{"@type":"SearchAction","target":{"@type":"EntryPoint","urlTemplate":"https:\/\/www.blogsoestado.com\/danielmatos\/?s={search_term_string}"},"query-input":{"@type":"PropertyValueSpecification","valueRequired":true,"valueName":"search_term_string"}}],"inLanguage":"pt-BR"},{"@type":"Person","@id":"https:\/\/www.blogsoestado.com\/danielmatos\/#\/schema\/person\/9a209d407cd45631f131e1285b661bb0","name":"Daniel Matos","image":{"@type":"ImageObject","inLanguage":"pt-BR","@id":"https:\/\/www.blogsoestado.com\/danielmatos\/#\/schema\/person\/image\/","url":"https:\/\/secure.gravatar.com\/avatar\/2f26c36ee355da19a257f0dfef43952a2588b324ca35d6719e859fe338ac0392?s=96&d=mm&r=g","contentUrl":"https:\/\/secure.gravatar.com\/avatar\/2f26c36ee355da19a257f0dfef43952a2588b324ca35d6719e859fe338ac0392?s=96&d=mm&r=g","caption":"Daniel Matos"},"url":"https:\/\/www.blogsoestado.com\/danielmatos\/author\/danielmatos\/"}]}},"jetpack_featured_media_url":"","_links":{"self":[{"href":"https:\/\/www.blogsoestado.com\/danielmatos\/wp-json\/wp\/v2\/posts\/145929","targetHints":{"allow":["GET"]}}],"collection":[{"href":"https:\/\/www.blogsoestado.com\/danielmatos\/wp-json\/wp\/v2\/posts"}],"about":[{"href":"https:\/\/www.blogsoestado.com\/danielmatos\/wp-json\/wp\/v2\/types\/post"}],"author":[{"embeddable":true,"href":"https:\/\/www.blogsoestado.com\/danielmatos\/wp-json\/wp\/v2\/users\/2"}],"replies":[{"embeddable":true,"href":"https:\/\/www.blogsoestado.com\/danielmatos\/wp-json\/wp\/v2\/comments?post=145929"}],"version-history":[{"count":1,"href":"https:\/\/www.blogsoestado.com\/danielmatos\/wp-json\/wp\/v2\/posts\/145929\/revisions"}],"predecessor-version":[{"id":145932,"href":"https:\/\/www.blogsoestado.com\/danielmatos\/wp-json\/wp\/v2\/posts\/145929\/revisions\/145932"}],"wp:attachment":[{"href":"https:\/\/www.blogsoestado.com\/danielmatos\/wp-json\/wp\/v2\/media?parent=145929"}],"wp:term":[{"taxonomy":"category","embeddable":true,"href":"https:\/\/www.blogsoestado.com\/danielmatos\/wp-json\/wp\/v2\/categories?post=145929"},{"taxonomy":"post_tag","embeddable":true,"href":"https:\/\/www.blogsoestado.com\/danielmatos\/wp-json\/wp\/v2\/tags?post=145929"}],"curies":[{"name":"wp","href":"https:\/\/api.w.org\/{rel}","templated":true}]}}