{"id":145933,"date":"2025-07-05T14:48:04","date_gmt":"2025-07-05T17:48:04","guid":{"rendered":"https:\/\/www.blogsoestado.com\/danielmatos\/?p=145933"},"modified":"2025-07-05T14:48:07","modified_gmt":"2025-07-05T17:48:07","slug":"sebrae-completa-53-anos-gerando-desenvolvimento-e-transformacoes-no-maranhao-por-meio-do-empreendedorismo","status":"publish","type":"post","link":"https:\/\/www.blogsoestado.com\/danielmatos\/sebrae-completa-53-anos-gerando-desenvolvimento-e-transformacoes-no-maranhao-por-meio-do-empreendedorismo\/","title":{"rendered":"Sebrae completa 53 anos gerando desenvolvimento e transforma\u00e7\u00f5es no Maranh\u00e3o por meio do empreendedorismo"},"content":{"rendered":"\n<p><em><strong><mark style=\"color:#cf2e2e\" class=\"has-inline-color\">Trajet\u00f3ria evidencia parcerias e relev\u00e2ncia dos pequenos neg\u00f3cios na economia maranhense. A\u00e7\u00f5es como o Transformar Juntos, se destacam ao buscar melhorias no ambiente de neg\u00f3cios estadual<\/mark><\/strong><\/em><\/p>\n\n\n\n<figure class=\"wp-block-image aligncenter size-large\"><img fetchpriority=\"high\" decoding=\"async\" width=\"1024\" height=\"568\" src=\"https:\/\/www.blogsoestado.com\/danielmatos\/wp-content\/uploads\/sites\/2\/2025\/07\/1002857090-1024x568.jpg\" alt=\"\" class=\"wp-image-145934\" srcset=\"https:\/\/www.blogsoestado.com\/danielmatos\/wp-content\/uploads\/sites\/2\/2025\/07\/1002857090-1024x568.jpg 1024w, https:\/\/www.blogsoestado.com\/danielmatos\/wp-content\/uploads\/sites\/2\/2025\/07\/1002857090-300x166.jpg 300w, https:\/\/www.blogsoestado.com\/danielmatos\/wp-content\/uploads\/sites\/2\/2025\/07\/1002857090-768x426.jpg 768w, https:\/\/www.blogsoestado.com\/danielmatos\/wp-content\/uploads\/sites\/2\/2025\/07\/1002857090-1536x852.jpg 1536w, https:\/\/www.blogsoestado.com\/danielmatos\/wp-content\/uploads\/sites\/2\/2025\/07\/1002857090.jpg 1575w\" sizes=\"(max-width: 1024px) 100vw, 1024px\" \/><figcaption class=\"wp-element-caption\">Mais de meio s\u00e9culo de bons servi\u00e7os e oportunidades para o empreendedor do Maranh\u00e3o (<strong>Fotos:<\/strong> <em>Sebrae\/Divulga\u00e7\u00e3o<\/em>)<\/figcaption><\/figure>\n\n\n\n<p>5 de julho marca os 53 anos do Sebrae. Mais de meio s\u00e9culo de&nbsp; dedica\u00e7\u00e3o aos pequenos neg\u00f3cios em todo o Brasil, onde a institui\u00e7\u00e3o se consolida como uma das mais relevantes, sendo a quarta marca mais valiosa no ranking nacional, conforme pesquisa recente do Instituto Ipsos. Essa condi\u00e7\u00e3o resulta de v\u00e1rios fatores, mas principalmente das relevantes contribui\u00e7\u00f5es para o empreendedor, conforme analisa o presidente da institui\u00e7\u00e3o no Maranh\u00e3o, Celso Gon\u00e7alo.<\/p>\n\n\n\n<p>\u201cRelevante para o pa\u00eds e para os mais de 304 mil pequenos neg\u00f3cios do nosso estado, o Sebrae acumula um legado de boas a\u00e7\u00f5es e parcerias com governos, com institui\u00e7\u00f5es do Conselho Deliberativo, entidades empresariais e com o pr\u00f3prio Sistema S, ajudando a gerar empregos e oportunidades e demonstrando, ao longo deste tempo, forte converg\u00eancia com o desenvolvimento do Maranh\u00e3o, alinhado ao empreendedorismo. Nosso Conselho Estadual se orgulha de participar desse esfor\u00e7o com todo empenho e dedica\u00e7\u00e3o\u201d, expressou o dirigente.&nbsp;<\/p>\n\n\n\n<p>No Maranh\u00e3o, s\u00e3o hoje 304.387 pequenos neg\u00f3cios entre MEI\u2019s, Microempresas e Empresas de Pequeno Porte, segundo o Painel de Atividades Empresariais e DataSebrae. Juntos, eles representam 95,37% do total de empresas ativas e formais do Maranh\u00e3o. A maioria s\u00e3o os MEI\u2019s, com 131.251, seguidos das ME, com 147.766, e pelas (EPP\u2019s), com 25.370. Esses neg\u00f3cios foram respons\u00e1veis por 82,9% das vagas de emprego criadas no Maranh\u00e3o entre janeiro e abril de 2025.&nbsp;<\/p>\n\n\n\n<p><strong>A voz do empreendedor<\/strong>&nbsp;&#8211; Nessas mais de cinco d\u00e9cadas, o Sebrae evoluiu e se consolidou, tornando-se refer\u00eancia para empreendedores como Vilma Cavalcante, propriet\u00e1ria do S\u00edtio Cajueiro (em Raposa-MA), cliente da Unidade de Neg\u00f3cios de S\u00e3o Lu\u00eds, e Ana Rita Falc\u00e3o, do&nbsp; brech\u00f3 infantil Crescer e Desapegar, em Balsas &#8211; MA.&nbsp;<\/p>\n\n\n\n<p>\u201cPara mim e para o Doce Cajueiro, o Sebrae \u00e9 como uma m\u00e3e. Digo isso, porque o Sebrae me fez nascer, me criou e n\u00e3o me abandona, trazendo toda seguran\u00e7a, seja nos encontros, nas capacita\u00e7\u00f5es, no network, nas feiras, enfim. Em todos os momentos, me acompanha, protege e ensina cada vez mais. Vivi uma metamorfose, porque vim de um est\u00e1gio inicial, me criei e me transformei. A empresa come\u00e7ou de forma bem elementar. Com o tempo e o aprendizado vindo do Sebrae, veio a evolu\u00e7\u00e3o e me vi sendo transformada, com o neg\u00f3cio evoluindo sempre para melhor\u201d, disse Vilma. \u201cO Sebrae \u00e9 um divisor de \u00e1guas para o meu neg\u00f3cio. Aprendi a comprar de forma consciente e a estruturar melhor a loja, o que tem sido essencial para o crescimento\u201d, pontua Ana Rita.<\/p>\n\n\n\n<figure class=\"wp-block-image aligncenter size-large\"><img decoding=\"async\" width=\"1024\" height=\"752\" src=\"https:\/\/www.blogsoestado.com\/danielmatos\/wp-content\/uploads\/sites\/2\/2025\/07\/1002857106-1024x752.jpg\" alt=\"\" class=\"wp-image-145935\" srcset=\"https:\/\/www.blogsoestado.com\/danielmatos\/wp-content\/uploads\/sites\/2\/2025\/07\/1002857106-1024x752.jpg 1024w, https:\/\/www.blogsoestado.com\/danielmatos\/wp-content\/uploads\/sites\/2\/2025\/07\/1002857106-300x220.jpg 300w, https:\/\/www.blogsoestado.com\/danielmatos\/wp-content\/uploads\/sites\/2\/2025\/07\/1002857106-768x564.jpg 768w, https:\/\/www.blogsoestado.com\/danielmatos\/wp-content\/uploads\/sites\/2\/2025\/07\/1002857106-1536x1127.jpg 1536w, https:\/\/www.blogsoestado.com\/danielmatos\/wp-content\/uploads\/sites\/2\/2025\/07\/1002857106-2048x1503.jpg 2048w\" sizes=\"(max-width: 1024px) 100vw, 1024px\" \/><figcaption class=\"wp-element-caption\">Celso Gon\u00e7alo destaca parcerias e relev\u00e2ncia do Sebrae para a economia maranhense entre legados destes 53 anos<\/figcaption><\/figure>\n\n\n\n<p><strong>Atendimento<\/strong>&nbsp;&#8211; Impactos como esses n\u00e3o s\u00e3o exclusividade das duas.&nbsp;Dados da Unidade de Atendimento, de janeiro a junho de 2025, mostram que o Sebrae j\u00e1 ofereceu 402.708 atendimentos, entre digitais e presenciais, para 103.709 clientes \u00fanicos, alcan\u00e7ando 50.503 CNPJ\u2019s no estado. Esses dados est\u00e3o na rota dos n\u00fameros de 2024, quando esse apoio resultou em 947 mil atendimentos, num crescimento de 74% com rela\u00e7\u00e3o a 2023, tendo as mulheres como a maioria, com 51% dos atendimentos realizados. Em 2024, 68,7% foram atendidos em ambiente digital e 31,3%, no formato presencial, sob a forma de cursos, consultorias, trilhas e mentorias, entre outros. E agora o atendimento conta com uma novidade: a solu\u00e7\u00e3o de Intelig\u00eancia Artificial &#8211; a LIS &#8211; uma biblioteca digital para apoiar o atendimento ao empreendedor.<\/p>\n\n\n\n<p><strong>Projetos e a\u00e7\u00f5es que fazem toda a diferen\u00e7a<\/strong><\/p>\n\n\n\n<p>Com uma atua\u00e7\u00e3o alinhada \u00e0s diretrizes nacionais do Sistema Sebrae, mas com um olhar atento para a realidade local, a institui\u00e7\u00e3o mobiliza uma rede de mais de 600 parceiros em todo o estado, entre institui\u00e7\u00f5es p\u00fablicas e privadas, governo do Estado, prefeituras, \u00f3rg\u00e3os auxiliares, universidades, institutos de pesquisa e fomento, ecossistemas de empreendedorismo e terceiro setor. Assim, as contribui\u00e7\u00f5es se multiplicam e chegam mais perto do empreendedor. \u201cNossa atua\u00e7\u00e3o de forma respons\u00e1vel e estrat\u00e9gica, chega aos territ\u00f3rios ajudando com transforma\u00e7\u00f5es em cadeia, desde a percep\u00e7\u00e3o do empreendedor sobre seu pr\u00f3prio potencial; ou nos munic\u00edpios, ajudando a aprimorar a gest\u00e3o e a entender o empreendedorismo e a for\u00e7a de suas cadeias produtivas como caminho de desenvolvimento; ou, ainda, atuando no ambiente de neg\u00f3cios para eliminar entraves e integrar os pequenos neg\u00f3cios nas compras p\u00fablicas, promovendo o desenvolvimento a partir dos pequenos neg\u00f3cios. Tudo isso se fortalece com nossa parceria firme com o Governo, consolidando o compromisso com os avan\u00e7os\u201d, analisa o superintendente Albertino Leal.&nbsp;<\/p>\n\n\n\n<p>Nesse contexto, se destacam a\u00e7\u00f5es como o Programa Cidade Empreendedora, realizado por contrata\u00e7\u00f5es diretas com prefeituras ou em parceria com o Governo do Estado. Nesta modalidade, j\u00e1 se avizinha o ciclo 2025, cujo objetivo \u00e9 chegar aos 217 munic\u00edpios do Maranh\u00e3o. Com resultados expressivos, o programa j\u00e1 est\u00e1 em 32% dos munic\u00edpios, impactando mais de 2 milh\u00f5es de maranhenses (23% da popula\u00e7\u00e3o estadual), quase 50 mil empresas, gerando mais de 15 mil novos pequenos neg\u00f3cios. O programa ajudou a reduzir para 14 horas em m\u00e9dia o tempo gasto para a abertura de um neg\u00f3cio no Maranh\u00e3o. Em S\u00e3o Lu\u00eds, esse tempo hoje chega a 3 horas.&nbsp;<\/p>\n\n\n\n<p>O programa facilitou o atendimento ao empreendedor, por meio de 170 salas do Empreendedor j\u00e1 instaladas. A \u00faltima \u00e9 a de Santa Quit\u00e9ria, entregue ontem, dia 4. Essas salas ofertaram 134 mil atendimentos desde que foram criadas. E respondem por destaques positivos para o Maranh\u00e3o, como a conquista, pela Sala do Empreendedor do Anjo da Guarda (S\u00e3o Lu\u00eds), premiada esta semana em Bras\u00edlia-DF, com o Selo Sebrae de Refer\u00eancia em Atendimento, na categoria Diamante.&nbsp;<\/p>\n\n\n\n<figure class=\"wp-block-image aligncenter size-large\"><img decoding=\"async\" width=\"1024\" height=\"777\" src=\"https:\/\/www.blogsoestado.com\/danielmatos\/wp-content\/uploads\/sites\/2\/2025\/07\/1002857130-1024x777.jpg\" alt=\"\" class=\"wp-image-145936\" srcset=\"https:\/\/www.blogsoestado.com\/danielmatos\/wp-content\/uploads\/sites\/2\/2025\/07\/1002857130-1024x777.jpg 1024w, https:\/\/www.blogsoestado.com\/danielmatos\/wp-content\/uploads\/sites\/2\/2025\/07\/1002857130-300x228.jpg 300w, https:\/\/www.blogsoestado.com\/danielmatos\/wp-content\/uploads\/sites\/2\/2025\/07\/1002857130-768x583.jpg 768w, https:\/\/www.blogsoestado.com\/danielmatos\/wp-content\/uploads\/sites\/2\/2025\/07\/1002857130-1536x1165.jpg 1536w, https:\/\/www.blogsoestado.com\/danielmatos\/wp-content\/uploads\/sites\/2\/2025\/07\/1002857130.jpg 1600w\" sizes=\"(max-width: 1024px) 100vw, 1024px\" \/><figcaption class=\"wp-element-caption\">\u201cO Sebrae para mim e minha empresa tem sido como uma m\u00e3e, que cuida, protege, acompanha e ensina\u201d, assinala Vilma Cavalcante<\/figcaption><\/figure>\n\n\n\n<p><strong>Desafio&nbsp;<\/strong>&#8211; Ampliar tudo isso \u00e9 um dos grandes desafios. Temas como sustentabilidade, diversidade, inclus\u00e3o, \u00e9tica e cidadania passam a compor a agenda estrat\u00e9gica. Ai, se inserem a\u00e7\u00f5es como a cria\u00e7\u00e3o de uma Unidade de Intelig\u00eancia de Dados e o Programa Tambores da Inclus\u00e3o (que traz para a agenda interna e externa quest\u00f5es atuais, como sustentabilidade, responsabilidade social, ambiental e de governan\u00e7a). E tamb\u00e9m o programa de \u00c9tica e Integridade Empresarial na Preven\u00e7\u00e3o da Corrup\u00e7\u00e3o, uma parceria com o Minist\u00e9rio P\u00fablico estadual, a CGU, Tribunal de Justi\u00e7a e Emap, entre outros.&nbsp;<\/p>\n\n\n\n<p>Mas tamb\u00e9m a\u00e7\u00f5es como o Transforme Agora, organizado pelo Sebrae Maranh\u00e3o para apresentar pr\u00e1ticas de sucesso e promover o desenvolvimento do empreendedorismo e da gest\u00e3o p\u00fablica no estado, conectando l\u00edderes, especialistas e empreendedores para discutir como fortalecer o ecossistema de neg\u00f3cios. E o Transformar Juntos, evento nacional, que no Maranh\u00e3o acontece nos dias 15 e 16 de julho em S\u00e3o Lu\u00eds, com o tema Viva o Futuro Inovador. Trata-se de um espa\u00e7o de conex\u00e3o entre gestores p\u00fablicos, lideran\u00e7as locais, empreendedores, institui\u00e7\u00f5es e agentes estrat\u00e9gicos, estimulando solu\u00e7\u00f5es criativas e integradas para os desafios dos munic\u00edpios<\/p>\n\n\n\n<p>E tamb\u00e9m se expressa no compromisso forte com o empreendedor e os munic\u00edpios, em a\u00e7\u00f5es como o Plano de Atua\u00e7\u00e3o em Estreito, a\u00e7\u00e3o coletiva de apoio ao munic\u00edpio liderada pelo Conselho Deliberativo e focada na recupera\u00e7\u00e3o econ\u00f4mica do munic\u00edpio e entorno, ap\u00f3s a queda da ponte Juscelino Kubitschek, em dezembro de 2024.&nbsp;<\/p>\n\n\n\n<p><strong>Cada vez mais perto do empreendedor<\/strong>&nbsp;<\/p>\n\n\n\n<p>Fazer chegar essa atua\u00e7\u00e3o ao empreendedor e sintoniz\u00e1-la com suas necessidades \u00e9 um desafio no qual o Sebrae tem experimentado expressivos avan\u00e7os, que se manifestam numa maior proximidade com o p\u00fablico alvo, na amplia\u00e7\u00e3o do atendimento, com maior alcance e interioriza\u00e7\u00e3o das a\u00e7\u00f5es, saltando-se da casa das dezenas para milhares de atendimentos, e agora pensando a inclus\u00e3o e a diversidade para ser mais acess\u00edvel e mais presente.&nbsp;<\/p>\n\n\n\n<p>Duas quest\u00f5es impactam nesse avan\u00e7o: a consolida\u00e7\u00e3o das Unidades de Neg\u00f3cios como polos de atendimento regionais, focados na realidade de cada regi\u00e3o, atuando de forma integrada, e a retomada da atua\u00e7\u00e3o com a abordagem do Desenvolvimento Territorial. \u201cEsse formato caracteriza muito bem a miss\u00e3o do Sebrae e posiciona a institui\u00e7\u00e3o como uma verdadeira ag\u00eancia de desenvolvimento; um s\u00f3 Sebrae, presente em todo o Maranh\u00e3o, com o compromisso de fortalecer nossa economia, o empreendedor e seus neg\u00f3cios \u201d, analisa o diretor T\u00e9cnico Mauro Borralho.&nbsp;<\/p>\n\n\n\n<figure class=\"wp-block-image aligncenter size-large\"><img loading=\"lazy\" decoding=\"async\" width=\"1024\" height=\"756\" src=\"https:\/\/www.blogsoestado.com\/danielmatos\/wp-content\/uploads\/sites\/2\/2025\/07\/1002857156-1024x756.png\" alt=\"\" class=\"wp-image-145937\" srcset=\"https:\/\/www.blogsoestado.com\/danielmatos\/wp-content\/uploads\/sites\/2\/2025\/07\/1002857156-1024x756.png 1024w, https:\/\/www.blogsoestado.com\/danielmatos\/wp-content\/uploads\/sites\/2\/2025\/07\/1002857156-300x221.png 300w, https:\/\/www.blogsoestado.com\/danielmatos\/wp-content\/uploads\/sites\/2\/2025\/07\/1002857156-768x567.png 768w, https:\/\/www.blogsoestado.com\/danielmatos\/wp-content\/uploads\/sites\/2\/2025\/07\/1002857156.png 1080w\" sizes=\"(max-width: 1024px) 100vw, 1024px\" \/><figcaption class=\"wp-element-caption\">\u201cComo um divisor de \u00e1guas, o Sebrae me ajudou a crescer com mais seguran\u00e7a\u201d, reflete Ana Rita, empreendedora de Balsas &#8211; MA<\/figcaption><\/figure>\n\n\n\n<p>\u201cEstamos vivenciando uma mudan\u00e7a estrutural em nosso modelo de atendimento e de relacionamento com o cliente, modernizando a nossa rede pr\u00f3pria e fortalecendo parcerias para ampliar nossa capilaridade, por meio das Salas do Empreendedor e das Salas Parceiro Sebrae, ou com apoio de institui\u00e7\u00f5es como a Jucema\u201d, acrescentou ele.&nbsp;<\/p>\n\n\n\n<p>Esse trabalho se fortalece a partir das a\u00e7\u00f5es de Educa\u00e7\u00e3o Empreendedora, consideradas como base. Por meio desta, o Sebrae alcan\u00e7ou, em 2024, quase 117 mil alunos, com a\u00e7\u00f5es como os Ideathons. Mas tamb\u00e9m investiu para consolidar a mentalidade empreendedora, promovendo F\u00f3runs de Professores e o Desafio Liga Jovem. E, agora, com a Faculdade Sebrae, rec\u00e9m inaugurada no Maranh\u00e3o.<\/p>\n\n\n\n<p><strong>Inova\u00e7\u00e3o: salto para o desenvolvimento&nbsp;<\/strong>&#8211; Programas de Inova\u00e7\u00e3o tamb\u00e9m est\u00e3o em curso, visando gerar bases para uma economia focada na inova\u00e7\u00e3o e gera\u00e7\u00e3o de neg\u00f3cios. Hoje, o Sebrae apoia o desenvolvimento de startups, neg\u00f3cios inovadores e a estrutura\u00e7\u00e3o de ecossistemas de inova\u00e7\u00e3o, j\u00e1 estruturados em S\u00e3o Lu\u00eds, Balsas, Imperatriz e na regi\u00e3o dos Cocais. Al\u00e9m disso, est\u00e3o em curso no estado tr\u00eas iniciativas de acelera\u00e7\u00e3o simult\u00e2neas, que alcan\u00e7am quase 150 startups. E em execu\u00e7\u00e3o o Catalisa Gov, em parceria com a Emap, que foca a inova\u00e7\u00e3o no setor p\u00fablico. Tamb\u00e9m contribui o Sebraetec, que em 2024 alcan\u00e7ou mais de 600 empresas, permitindo a aplica\u00e7\u00e3o de mais de 10 milh\u00f5es em solu\u00e7\u00f5es inovadoras. E, ainda, o programa de Agentes Locais de Desenvolvimento, em modalidades como o ALI Produtividade, beneficiando 658 empreendimentos que, em m\u00e9dia, tiveram 27,7% de eleva\u00e7\u00e3o na produtividade e crescimento m\u00e9dio de 11,6% no faturamento.&nbsp;<\/p>\n\n\n\n<p>Nessa atua\u00e7\u00e3o, \u00e9 poss\u00edvel observar avan\u00e7os no desenvolvimento do Agroneg\u00f3cio, da Ind\u00fastria, do Com\u00e9rcio, Turismo e da Economia Criativa, onde se destaca o Mobiliza, que vai para a quarta edi\u00e7\u00e3o, movimentando o turismo, a economia criativa e a cultura, gerando conex\u00f5es e oportunidades. E tamb\u00e9m o projeto de Conex\u00f5es Corporativas, que articula os pequenos neg\u00f3cios ao rol de fornecedores de grandes empreendimentos, como a Inpasa, em Balsas, e Suzano, entre outras.&nbsp;<\/p>\n\n\n\n<p>Tamb\u00e9m se destacam a\u00e7\u00f5es de apoio ao cr\u00e9dito, ferramentas como a Planejadora Financeira e o FAMPE, al\u00e9m do esfor\u00e7o para a formaliza\u00e7\u00e3o e acesso a mercados. Neste caso, destacam-se a\u00e7\u00f5es como a Feira do Empreendedor, realizada em Balsas em 2024, as Feiras de Neg\u00f3cios de Bacabal e de Estreito (programada para o per\u00edodo de 25 a 27\/09). E o apoio \u00e0 participa\u00e7\u00e3o do empreendedor em feiras e miss\u00f5es nacionais e internacionais e de parcerias, como a Jornada Exportadora, envolvendo a Apex Brasil, para fomentar o com\u00e9rcio exterior.&nbsp;<\/p>\n\n\n\n<p><strong>Uma institui\u00e7\u00e3o focada na austeridade e efici\u00eancia<\/strong>&nbsp;<\/p>\n\n\n\n<p>Todos esses avan\u00e7os est\u00e3o pautados em uma gest\u00e3o de cunho estrat\u00e9gico, que prima pela aplica\u00e7\u00e3o dos recursos de forma planejada e eficaz e tem no capital humano um forte investimento, com uma gest\u00e3o humanizada e comprometida com resultados.<\/p>\n\n\n\n<p>&nbsp;Nos \u00faltimos anos, a \u00e1rea administrativo-financeira tem buscado o equil\u00edbrio e a efici\u00eancia com&nbsp; a\u00e7\u00f5es e boas pr\u00e1ticas que focam a economicidade, redu\u00e7\u00e3o de custos e otimiza\u00e7\u00e3o de recursos materiais e humanos. Foi da\u00ed que decorreu a implanta\u00e7\u00e3o da Usina Fotovoltaica, a recomposi\u00e7\u00e3o dos quadros administrativos por meio de seletivo, focando inclus\u00e3o e diversidade, e os processos de reestrutura\u00e7\u00e3o interna, al\u00e9m do refor\u00e7o nas estruturas f\u00edsicas da sede e das Unidades de Neg\u00f3cios, com a entrega de sede pr\u00f3pria, em Pinheiro, por exemplo.&nbsp;<\/p>\n\n\n\n<p>E \u00e9 da\u00ed que decorrem tamb\u00e9m as diretrizes para treinamento e aperfei\u00e7oamento de pessoal e as bases de uma gest\u00e3o verdadeiramente estrat\u00e9gica, que adota uma s\u00e9rie de boas pr\u00e1ticas na emiss\u00e3o de notas, no acompanhamento e monitoramento da gest\u00e3o, na oferta de op\u00e7\u00f5es \u00e1geis de pagamentos de clientes, em ferramentas digitais para consulta de contratos e v\u00e1rias outras. Essa base permite dar passos concretos para interioriza\u00e7\u00e3o das a\u00e7\u00f5es, tornando o Sebrae presente em todos os lugares do estado, democratizando e disseminando sua atua\u00e7\u00e3o em todos os setores econ\u00f4micos do estado, sempre focando a transforma\u00e7\u00e3o, gera\u00e7\u00e3o de oportunidades e fortalecimento dos pequenos neg\u00f3cios.&nbsp;<\/p>\n\n\n\n<figure class=\"wp-block-image aligncenter size-large\"><img loading=\"lazy\" decoding=\"async\" width=\"1024\" height=\"692\" src=\"https:\/\/www.blogsoestado.com\/danielmatos\/wp-content\/uploads\/sites\/2\/2025\/07\/1002857172-1024x692.jpg\" alt=\"\" class=\"wp-image-145938\" srcset=\"https:\/\/www.blogsoestado.com\/danielmatos\/wp-content\/uploads\/sites\/2\/2025\/07\/1002857172-1024x692.jpg 1024w, https:\/\/www.blogsoestado.com\/danielmatos\/wp-content\/uploads\/sites\/2\/2025\/07\/1002857172-300x203.jpg 300w, https:\/\/www.blogsoestado.com\/danielmatos\/wp-content\/uploads\/sites\/2\/2025\/07\/1002857172-768x519.jpg 768w, https:\/\/www.blogsoestado.com\/danielmatos\/wp-content\/uploads\/sites\/2\/2025\/07\/1002857172-1536x1037.jpg 1536w, https:\/\/www.blogsoestado.com\/danielmatos\/wp-content\/uploads\/sites\/2\/2025\/07\/1002857172.jpg 1670w\" sizes=\"(max-width: 1024px) 100vw, 1024px\" \/><figcaption class=\"wp-element-caption\">Diretoria comanda uma institui\u00e7\u00e3o com vis\u00e3o estrat\u00e9gica, focada no desenvolvimento do Maranh\u00e3o, por meio do empreendedorismo<\/figcaption><\/figure>\n\n\n\n<p>\u201cFriso a atua\u00e7\u00e3o integrada da nossa Diretoria como um ponto forte da gest\u00e3o e os nossos processos de automatiza\u00e7\u00e3o, aperfei\u00e7oamento e melhorias internas que nos permitem avan\u00e7ar e adotar boas pr\u00e1ticas, fortalecendo os nossos valores e a nossa miss\u00e3o de ter uma gest\u00e3o comprometida com a efici\u00eancia, com estrat\u00e9gias, com a responsabilidade e com o nosso empreendedor. Tudo isso nos ajuda a fazer um Sebrae melhor, bem maior e mais eficiente a cada dia, em um processo de crescimento permanente, que nos possibilita levar o melhor atendimento ao empreendedor, que \u00e9 nossa raz\u00e3o de existir\u201d, esclarece Edila Neves, diretora de Administra\u00e7\u00e3o e Finan\u00e7as.&nbsp;<\/p>\n\n\n\n<p><strong>Mulheres de Neg\u00f3cios&nbsp;<\/strong>&#8211; Entre as a\u00e7\u00f5es comandadas pela DAF, est\u00e3o as focadas no fortalecimento do Empreendedorismo Feminino. Nessa \u00e1rea, com o programa Delas, em 2024, foram 181 a\u00e7\u00f5es, mobilizando quase 10 mil participantes em todo o estado e com recorde de inscri\u00e7\u00f5es no Pr\u00eamio Sebrae Mulher de Neg\u00f3cios, fazendo do Maranh\u00e3o o estado campe\u00e3o de inscri\u00e7\u00f5es no Nordeste e segundo lugar no Brasil.&nbsp;<\/p>\n\n\n\n<p>\u201cFortalecer o empreendedorismo feminino \u00e9 mais que uma necessidade. \u00c9 uma decis\u00e3o estrat\u00e9gica, um compromisso da nossa gest\u00e3o com a lideran\u00e7a feminina, com os neg\u00f3cios liderados por mulheres e pelo anseio de incluir cada vez mais mulheres, com suas a\u00e7\u00f5es inspiradoras, no mercado, fazendo do empreendedorismo uma via de transforma\u00e7\u00e3o\u201d, refor\u00e7a Edila Neves.<\/p>\n","protected":false},"excerpt":{"rendered":"<p>Trajet\u00f3ria evidencia parcerias e relev\u00e2ncia dos pequenos neg\u00f3cios na economia maranhense. A\u00e7\u00f5es como o Transformar Juntos, se destacam ao buscar [&hellip;]<\/p>\n","protected":false},"author":2,"featured_media":0,"comment_status":"open","ping_status":"open","sticky":false,"template":"","format":"standard","meta":{"site-sidebar-layout":"default","site-content-layout":"","ast-site-content-layout":"default","site-content-style":"default","site-sidebar-style":"default","ast-global-header-display":"","ast-banner-title-visibility":"","ast-main-header-display":"","ast-hfb-above-header-display":"","ast-hfb-below-header-display":"","ast-hfb-mobile-header-display":"","site-post-title":"","ast-breadcrumbs-content":"","ast-featured-img":"","footer-sml-layout":"","ast-disable-related-posts":"","theme-transparent-header-meta":"","adv-header-id-meta":"","stick-header-meta":"","header-above-stick-meta":"","header-main-stick-meta":"","header-below-stick-meta":"","astra-migrate-meta-layouts":"default","ast-page-background-enabled":"default","ast-page-background-meta":{"desktop":{"background-color":"var(--ast-global-color-5)","background-image":"","background-repeat":"repeat","background-position":"center center","background-size":"auto","background-attachment":"scroll","background-type":"","background-media":"","overlay-type":"","overlay-color":"","overlay-opacity":"","overlay-gradient":""},"tablet":{"background-color":"","background-image":"","background-repeat":"repeat","background-position":"center center","background-size":"auto","background-attachment":"scroll","background-type":"","background-media":"","overlay-type":"","overlay-color":"","overlay-opacity":"","overlay-gradient":""},"mobile":{"background-color":"","background-image":"","background-repeat":"repeat","background-position":"center center","background-size":"auto","background-attachment":"scroll","background-type":"","background-media":"","overlay-type":"","overlay-color":"","overlay-opacity":"","overlay-gradient":""}},"ast-content-background-meta":{"desktop":{"background-color":"var(--ast-global-color-4)","background-image":"","background-repeat":"repeat","background-position":"center center","background-size":"auto","background-attachment":"scroll","background-type":"","background-media":"","overlay-type":"","overlay-color":"","overlay-opacity":"","overlay-gradient":""},"tablet":{"background-color":"var(--ast-global-color-4)","background-image":"","background-repeat":"repeat","background-position":"center center","background-size":"auto","background-attachment":"scroll","background-type":"","background-media":"","overlay-type":"","overlay-color":"","overlay-opacity":"","overlay-gradient":""},"mobile":{"background-color":"var(--ast-global-color-4)","background-image":"","background-repeat":"repeat","background-position":"center center","background-size":"auto","background-attachment":"scroll","background-type":"","background-media":"","overlay-type":"","overlay-color":"","overlay-opacity":"","overlay-gradient":""}},"footnotes":""},"categories":[1],"tags":[],"class_list":["post-145933","post","type-post","status-publish","format-standard","hentry","category-sem-categoria"],"yoast_head":"<!-- This site is optimized with the Yoast SEO plugin v26.6 - https:\/\/yoast.com\/wordpress\/plugins\/seo\/ -->\n<title>Sebrae completa 53 anos gerando desenvolvimento e transforma\u00e7\u00f5es no Maranh\u00e3o por meio do empreendedorismo - Daniel Matos<\/title>\n<meta name=\"robots\" content=\"index, follow, max-snippet:-1, max-image-preview:large, max-video-preview:-1\" \/>\n<link rel=\"canonical\" href=\"https:\/\/www.blogsoestado.com\/danielmatos\/sebrae-completa-53-anos-gerando-desenvolvimento-e-transformacoes-no-maranhao-por-meio-do-empreendedorismo\/\" \/>\n<meta property=\"og:locale\" content=\"pt_BR\" \/>\n<meta property=\"og:type\" content=\"article\" \/>\n<meta property=\"og:title\" content=\"Sebrae completa 53 anos gerando desenvolvimento e transforma\u00e7\u00f5es no Maranh\u00e3o por meio do empreendedorismo - Daniel Matos\" \/>\n<meta property=\"og:description\" content=\"Trajet\u00f3ria evidencia parcerias e relev\u00e2ncia dos pequenos neg\u00f3cios na economia maranhense. A\u00e7\u00f5es como o Transformar Juntos, se destacam ao buscar [&hellip;]\" \/>\n<meta property=\"og:url\" content=\"https:\/\/www.blogsoestado.com\/danielmatos\/sebrae-completa-53-anos-gerando-desenvolvimento-e-transformacoes-no-maranhao-por-meio-do-empreendedorismo\/\" \/>\n<meta property=\"og:site_name\" content=\"Daniel Matos\" \/>\n<meta property=\"article:published_time\" content=\"2025-07-05T17:48:04+00:00\" \/>\n<meta property=\"article:modified_time\" content=\"2025-07-05T17:48:07+00:00\" \/>\n<meta property=\"og:image\" content=\"https:\/\/www.blogsoestado.com\/danielmatos\/wp-content\/uploads\/sites\/2\/2025\/07\/1002857090.jpg\" \/>\n\t<meta property=\"og:image:width\" content=\"1575\" \/>\n\t<meta property=\"og:image:height\" content=\"874\" \/>\n\t<meta property=\"og:image:type\" content=\"image\/jpeg\" \/>\n<meta name=\"author\" content=\"Daniel Matos\" \/>\n<meta name=\"twitter:card\" content=\"summary_large_image\" \/>\n<meta name=\"twitter:label1\" content=\"Escrito por\" \/>\n\t<meta name=\"twitter:data1\" content=\"Daniel Matos\" \/>\n\t<meta name=\"twitter:label2\" content=\"Est. tempo de leitura\" \/>\n\t<meta name=\"twitter:data2\" content=\"14 minutos\" \/>\n<script type=\"application\/ld+json\" class=\"yoast-schema-graph\">{\"@context\":\"https:\/\/schema.org\",\"@graph\":[{\"@type\":\"WebPage\",\"@id\":\"https:\/\/www.blogsoestado.com\/danielmatos\/sebrae-completa-53-anos-gerando-desenvolvimento-e-transformacoes-no-maranhao-por-meio-do-empreendedorismo\/\",\"url\":\"https:\/\/www.blogsoestado.com\/danielmatos\/sebrae-completa-53-anos-gerando-desenvolvimento-e-transformacoes-no-maranhao-por-meio-do-empreendedorismo\/\",\"name\":\"Sebrae completa 53 anos gerando desenvolvimento e transforma\u00e7\u00f5es no Maranh\u00e3o por meio do empreendedorismo - Daniel Matos\",\"isPartOf\":{\"@id\":\"https:\/\/www.blogsoestado.com\/danielmatos\/#website\"},\"primaryImageOfPage\":{\"@id\":\"https:\/\/www.blogsoestado.com\/danielmatos\/sebrae-completa-53-anos-gerando-desenvolvimento-e-transformacoes-no-maranhao-por-meio-do-empreendedorismo\/#primaryimage\"},\"image\":{\"@id\":\"https:\/\/www.blogsoestado.com\/danielmatos\/sebrae-completa-53-anos-gerando-desenvolvimento-e-transformacoes-no-maranhao-por-meio-do-empreendedorismo\/#primaryimage\"},\"thumbnailUrl\":\"https:\/\/www.blogsoestado.com\/danielmatos\/wp-content\/uploads\/sites\/2\/2025\/07\/1002857090-1024x568.jpg\",\"datePublished\":\"2025-07-05T17:48:04+00:00\",\"dateModified\":\"2025-07-05T17:48:07+00:00\",\"author\":{\"@id\":\"https:\/\/www.blogsoestado.com\/danielmatos\/#\/schema\/person\/9a209d407cd45631f131e1285b661bb0\"},\"breadcrumb\":{\"@id\":\"https:\/\/www.blogsoestado.com\/danielmatos\/sebrae-completa-53-anos-gerando-desenvolvimento-e-transformacoes-no-maranhao-por-meio-do-empreendedorismo\/#breadcrumb\"},\"inLanguage\":\"pt-BR\",\"potentialAction\":[{\"@type\":\"ReadAction\",\"target\":[\"https:\/\/www.blogsoestado.com\/danielmatos\/sebrae-completa-53-anos-gerando-desenvolvimento-e-transformacoes-no-maranhao-por-meio-do-empreendedorismo\/\"]}]},{\"@type\":\"ImageObject\",\"inLanguage\":\"pt-BR\",\"@id\":\"https:\/\/www.blogsoestado.com\/danielmatos\/sebrae-completa-53-anos-gerando-desenvolvimento-e-transformacoes-no-maranhao-por-meio-do-empreendedorismo\/#primaryimage\",\"url\":\"https:\/\/www.blogsoestado.com\/danielmatos\/wp-content\/uploads\/sites\/2\/2025\/07\/1002857090.jpg\",\"contentUrl\":\"https:\/\/www.blogsoestado.com\/danielmatos\/wp-content\/uploads\/sites\/2\/2025\/07\/1002857090.jpg\",\"width\":1575,\"height\":874},{\"@type\":\"BreadcrumbList\",\"@id\":\"https:\/\/www.blogsoestado.com\/danielmatos\/sebrae-completa-53-anos-gerando-desenvolvimento-e-transformacoes-no-maranhao-por-meio-do-empreendedorismo\/#breadcrumb\",\"itemListElement\":[{\"@type\":\"ListItem\",\"position\":1,\"name\":\"In\u00edcio\",\"item\":\"https:\/\/www.blogsoestado.com\/danielmatos\/\"},{\"@type\":\"ListItem\",\"position\":2,\"name\":\"Sebrae completa 53 anos gerando desenvolvimento e transforma\u00e7\u00f5es no Maranh\u00e3o por meio do empreendedorismo\"}]},{\"@type\":\"WebSite\",\"@id\":\"https:\/\/www.blogsoestado.com\/danielmatos\/#website\",\"url\":\"https:\/\/www.blogsoestado.com\/danielmatos\/\",\"name\":\"Daniel Matos\",\"description\":\"\",\"potentialAction\":[{\"@type\":\"SearchAction\",\"target\":{\"@type\":\"EntryPoint\",\"urlTemplate\":\"https:\/\/www.blogsoestado.com\/danielmatos\/?s={search_term_string}\"},\"query-input\":{\"@type\":\"PropertyValueSpecification\",\"valueRequired\":true,\"valueName\":\"search_term_string\"}}],\"inLanguage\":\"pt-BR\"},{\"@type\":\"Person\",\"@id\":\"https:\/\/www.blogsoestado.com\/danielmatos\/#\/schema\/person\/9a209d407cd45631f131e1285b661bb0\",\"name\":\"Daniel Matos\",\"image\":{\"@type\":\"ImageObject\",\"inLanguage\":\"pt-BR\",\"@id\":\"https:\/\/www.blogsoestado.com\/danielmatos\/#\/schema\/person\/image\/\",\"url\":\"https:\/\/secure.gravatar.com\/avatar\/2f26c36ee355da19a257f0dfef43952a2588b324ca35d6719e859fe338ac0392?s=96&d=mm&r=g\",\"contentUrl\":\"https:\/\/secure.gravatar.com\/avatar\/2f26c36ee355da19a257f0dfef43952a2588b324ca35d6719e859fe338ac0392?s=96&d=mm&r=g\",\"caption\":\"Daniel Matos\"},\"url\":\"https:\/\/www.blogsoestado.com\/danielmatos\/author\/danielmatos\/\"}]}<\/script>\n<!-- \/ Yoast SEO plugin. -->","yoast_head_json":{"title":"Sebrae completa 53 anos gerando desenvolvimento e transforma\u00e7\u00f5es no Maranh\u00e3o por meio do empreendedorismo - Daniel Matos","robots":{"index":"index","follow":"follow","max-snippet":"max-snippet:-1","max-image-preview":"max-image-preview:large","max-video-preview":"max-video-preview:-1"},"canonical":"https:\/\/www.blogsoestado.com\/danielmatos\/sebrae-completa-53-anos-gerando-desenvolvimento-e-transformacoes-no-maranhao-por-meio-do-empreendedorismo\/","og_locale":"pt_BR","og_type":"article","og_title":"Sebrae completa 53 anos gerando desenvolvimento e transforma\u00e7\u00f5es no Maranh\u00e3o por meio do empreendedorismo - Daniel Matos","og_description":"Trajet\u00f3ria evidencia parcerias e relev\u00e2ncia dos pequenos neg\u00f3cios na economia maranhense. A\u00e7\u00f5es como o Transformar Juntos, se destacam ao buscar [&hellip;]","og_url":"https:\/\/www.blogsoestado.com\/danielmatos\/sebrae-completa-53-anos-gerando-desenvolvimento-e-transformacoes-no-maranhao-por-meio-do-empreendedorismo\/","og_site_name":"Daniel Matos","article_published_time":"2025-07-05T17:48:04+00:00","article_modified_time":"2025-07-05T17:48:07+00:00","og_image":[{"width":1575,"height":874,"url":"https:\/\/www.blogsoestado.com\/danielmatos\/wp-content\/uploads\/sites\/2\/2025\/07\/1002857090.jpg","type":"image\/jpeg"}],"author":"Daniel Matos","twitter_card":"summary_large_image","twitter_misc":{"Escrito por":"Daniel Matos","Est. tempo de leitura":"14 minutos"},"schema":{"@context":"https:\/\/schema.org","@graph":[{"@type":"WebPage","@id":"https:\/\/www.blogsoestado.com\/danielmatos\/sebrae-completa-53-anos-gerando-desenvolvimento-e-transformacoes-no-maranhao-por-meio-do-empreendedorismo\/","url":"https:\/\/www.blogsoestado.com\/danielmatos\/sebrae-completa-53-anos-gerando-desenvolvimento-e-transformacoes-no-maranhao-por-meio-do-empreendedorismo\/","name":"Sebrae completa 53 anos gerando desenvolvimento e transforma\u00e7\u00f5es no Maranh\u00e3o por meio do empreendedorismo - Daniel Matos","isPartOf":{"@id":"https:\/\/www.blogsoestado.com\/danielmatos\/#website"},"primaryImageOfPage":{"@id":"https:\/\/www.blogsoestado.com\/danielmatos\/sebrae-completa-53-anos-gerando-desenvolvimento-e-transformacoes-no-maranhao-por-meio-do-empreendedorismo\/#primaryimage"},"image":{"@id":"https:\/\/www.blogsoestado.com\/danielmatos\/sebrae-completa-53-anos-gerando-desenvolvimento-e-transformacoes-no-maranhao-por-meio-do-empreendedorismo\/#primaryimage"},"thumbnailUrl":"https:\/\/www.blogsoestado.com\/danielmatos\/wp-content\/uploads\/sites\/2\/2025\/07\/1002857090-1024x568.jpg","datePublished":"2025-07-05T17:48:04+00:00","dateModified":"2025-07-05T17:48:07+00:00","author":{"@id":"https:\/\/www.blogsoestado.com\/danielmatos\/#\/schema\/person\/9a209d407cd45631f131e1285b661bb0"},"breadcrumb":{"@id":"https:\/\/www.blogsoestado.com\/danielmatos\/sebrae-completa-53-anos-gerando-desenvolvimento-e-transformacoes-no-maranhao-por-meio-do-empreendedorismo\/#breadcrumb"},"inLanguage":"pt-BR","potentialAction":[{"@type":"ReadAction","target":["https:\/\/www.blogsoestado.com\/danielmatos\/sebrae-completa-53-anos-gerando-desenvolvimento-e-transformacoes-no-maranhao-por-meio-do-empreendedorismo\/"]}]},{"@type":"ImageObject","inLanguage":"pt-BR","@id":"https:\/\/www.blogsoestado.com\/danielmatos\/sebrae-completa-53-anos-gerando-desenvolvimento-e-transformacoes-no-maranhao-por-meio-do-empreendedorismo\/#primaryimage","url":"https:\/\/www.blogsoestado.com\/danielmatos\/wp-content\/uploads\/sites\/2\/2025\/07\/1002857090.jpg","contentUrl":"https:\/\/www.blogsoestado.com\/danielmatos\/wp-content\/uploads\/sites\/2\/2025\/07\/1002857090.jpg","width":1575,"height":874},{"@type":"BreadcrumbList","@id":"https:\/\/www.blogsoestado.com\/danielmatos\/sebrae-completa-53-anos-gerando-desenvolvimento-e-transformacoes-no-maranhao-por-meio-do-empreendedorismo\/#breadcrumb","itemListElement":[{"@type":"ListItem","position":1,"name":"In\u00edcio","item":"https:\/\/www.blogsoestado.com\/danielmatos\/"},{"@type":"ListItem","position":2,"name":"Sebrae completa 53 anos gerando desenvolvimento e transforma\u00e7\u00f5es no Maranh\u00e3o por meio do empreendedorismo"}]},{"@type":"WebSite","@id":"https:\/\/www.blogsoestado.com\/danielmatos\/#website","url":"https:\/\/www.blogsoestado.com\/danielmatos\/","name":"Daniel Matos","description":"","potentialAction":[{"@type":"SearchAction","target":{"@type":"EntryPoint","urlTemplate":"https:\/\/www.blogsoestado.com\/danielmatos\/?s={search_term_string}"},"query-input":{"@type":"PropertyValueSpecification","valueRequired":true,"valueName":"search_term_string"}}],"inLanguage":"pt-BR"},{"@type":"Person","@id":"https:\/\/www.blogsoestado.com\/danielmatos\/#\/schema\/person\/9a209d407cd45631f131e1285b661bb0","name":"Daniel Matos","image":{"@type":"ImageObject","inLanguage":"pt-BR","@id":"https:\/\/www.blogsoestado.com\/danielmatos\/#\/schema\/person\/image\/","url":"https:\/\/secure.gravatar.com\/avatar\/2f26c36ee355da19a257f0dfef43952a2588b324ca35d6719e859fe338ac0392?s=96&d=mm&r=g","contentUrl":"https:\/\/secure.gravatar.com\/avatar\/2f26c36ee355da19a257f0dfef43952a2588b324ca35d6719e859fe338ac0392?s=96&d=mm&r=g","caption":"Daniel Matos"},"url":"https:\/\/www.blogsoestado.com\/danielmatos\/author\/danielmatos\/"}]}},"jetpack_featured_media_url":"","_links":{"self":[{"href":"https:\/\/www.blogsoestado.com\/danielmatos\/wp-json\/wp\/v2\/posts\/145933","targetHints":{"allow":["GET"]}}],"collection":[{"href":"https:\/\/www.blogsoestado.com\/danielmatos\/wp-json\/wp\/v2\/posts"}],"about":[{"href":"https:\/\/www.blogsoestado.com\/danielmatos\/wp-json\/wp\/v2\/types\/post"}],"author":[{"embeddable":true,"href":"https:\/\/www.blogsoestado.com\/danielmatos\/wp-json\/wp\/v2\/users\/2"}],"replies":[{"embeddable":true,"href":"https:\/\/www.blogsoestado.com\/danielmatos\/wp-json\/wp\/v2\/comments?post=145933"}],"version-history":[{"count":1,"href":"https:\/\/www.blogsoestado.com\/danielmatos\/wp-json\/wp\/v2\/posts\/145933\/revisions"}],"predecessor-version":[{"id":145939,"href":"https:\/\/www.blogsoestado.com\/danielmatos\/wp-json\/wp\/v2\/posts\/145933\/revisions\/145939"}],"wp:attachment":[{"href":"https:\/\/www.blogsoestado.com\/danielmatos\/wp-json\/wp\/v2\/media?parent=145933"}],"wp:term":[{"taxonomy":"category","embeddable":true,"href":"https:\/\/www.blogsoestado.com\/danielmatos\/wp-json\/wp\/v2\/categories?post=145933"},{"taxonomy":"post_tag","embeddable":true,"href":"https:\/\/www.blogsoestado.com\/danielmatos\/wp-json\/wp\/v2\/tags?post=145933"}],"curies":[{"name":"wp","href":"https:\/\/api.w.org\/{rel}","templated":true}]}}