{"id":145943,"date":"2025-07-05T17:36:02","date_gmt":"2025-07-05T20:36:02","guid":{"rendered":"https:\/\/www.blogsoestado.com\/danielmatos\/?p=145943"},"modified":"2025-07-05T17:36:05","modified_gmt":"2025-07-05T20:36:05","slug":"hu-ufma-realiza-primeiro-transplante-de-coracao-do-maranhao-e-marca-novo-capitulo-na-historia-da-saude-do-estado","status":"publish","type":"post","link":"https:\/\/www.blogsoestado.com\/danielmatos\/hu-ufma-realiza-primeiro-transplante-de-coracao-do-maranhao-e-marca-novo-capitulo-na-historia-da-saude-do-estado\/","title":{"rendered":"HU-UFMA realiza primeiro transplante de cora\u00e7\u00e3o do\u00a0Maranh\u00e3o\u00a0e marca novo cap\u00edtulo na hist\u00f3ria da sa\u00fade do estado"},"content":{"rendered":"\n<p><strong><mark style=\"color:#cf2e2e\" class=\"has-inline-color\">O paciente apresenta boa evolu\u00e7\u00e3o cl\u00ednica, respira espontaneamente e est\u00e1 est\u00e1vel<\/mark><\/strong><\/p>\n\n\n\n<figure class=\"wp-block-image aligncenter size-full\"><img fetchpriority=\"high\" decoding=\"async\" width=\"768\" height=\"432\" src=\"https:\/\/www.blogsoestado.com\/danielmatos\/wp-content\/uploads\/sites\/2\/2025\/07\/1002858475.jpg\" alt=\"\" class=\"wp-image-145945\" srcset=\"https:\/\/www.blogsoestado.com\/danielmatos\/wp-content\/uploads\/sites\/2\/2025\/07\/1002858475.jpg 768w, https:\/\/www.blogsoestado.com\/danielmatos\/wp-content\/uploads\/sites\/2\/2025\/07\/1002858475-300x169.jpg 300w\" sizes=\"(max-width: 768px) 100vw, 768px\" \/><figcaption class=\"wp-element-caption\">Com este primeiro transplante card\u00edaco, o HU-UFMA reafirma seu compromisso com a inova\u00e7\u00e3o, a excel\u00eancia acad\u00eamica e o cuidado humanizado<\/figcaption><\/figure>\n\n\n\n<p><strong>S\u00e3o Lu\u00eds-MA<\/strong> &#8211;\u00a0 O Hospital Universit\u00e1rio da Universidade Federal do\u00a0Maranh\u00e3o\u00a0(HU-UFMA), vinculado \u00e0 Empresa Brasileira de Servi\u00e7os Hospitalares (Ebserh), protagonizou um feito hist\u00f3rico na medicina maranhense ao realizar, na \u00faltima sexta-feira (04), o primeiro transplante de cora\u00e7\u00e3o do estado. O procedimento marca um avan\u00e7o na capacidade instalada do hospital para cirurgias de alta complexidade e amplia as possibilidades de tratamento para pacientes card\u00edacos no estado.<\/p>\n\n\n\n<p>O paciente transplantado, um homem de 68 anos, havia sido inscrito na fila de espera h\u00e1 apenas 19 dias. Ap\u00f3s criteriosa avalia\u00e7\u00e3o e log\u00edstica especializada, a cirurgia foi conduzida com \u00eaxito e, at\u00e9 o fechamento desta mat\u00e9ria, o paciente apresenta boa evolu\u00e7\u00e3o cl\u00ednica, respira espontaneamente e est\u00e1 est\u00e1vel.<\/p>\n\n\n\n<p>O sucesso do transplante foi resultado de uma articula\u00e7\u00e3o eficiente entre diversas unidades assistenciais e administrativas do HU-UFMA, que atuaram em plena sinergia para viabilizar todas as etapas do processo \u2014 da capta\u00e7\u00e3o do \u00f3rg\u00e3o ao cuidado no p\u00f3s-operat\u00f3rio, a a\u00e7\u00e3o tamb\u00e9m contou com o apoio da Central Estadual de Transplantes.<\/p>\n\n\n\n<figure class=\"wp-block-image aligncenter size-full\"><img decoding=\"async\" width=\"768\" height=\"432\" src=\"https:\/\/www.blogsoestado.com\/danielmatos\/wp-content\/uploads\/sites\/2\/2025\/07\/1002858490.jpg\" alt=\"\" class=\"wp-image-145946\" srcset=\"https:\/\/www.blogsoestado.com\/danielmatos\/wp-content\/uploads\/sites\/2\/2025\/07\/1002858490.jpg 768w, https:\/\/www.blogsoestado.com\/danielmatos\/wp-content\/uploads\/sites\/2\/2025\/07\/1002858490-300x169.jpg 300w\" sizes=\"(max-width: 768px) 100vw, 768px\" \/><figcaption class=\"wp-element-caption\">O HU-UFMA colocou o Maranh\u00e3o\u00a0no mapa nacional dos estados aptos \u00e0 realiza\u00e7\u00e3o desse tipo de procedimento de alta complexidade<\/figcaption><\/figure>\n\n\n\n<p>\u201cEsse \u00e9 um objetivo que foi concretizado agora, mas que o Hospital Universit\u00e1rio vinha buscando h\u00e1 muito tempo. Fomos muito felizes na realiza\u00e7\u00e3o do procedimento, e toda a equipe se empenhou de forma intensa para que esse transplante se tornasse poss\u00edvel\u201d, afirmou o cirurgi\u00e3o card\u00edaco do HU-UFMA Dr. Joseval da Silva Lacerda.<\/p>\n\n\n\n<p>\u201cO que mais me chamou aten\u00e7\u00e3o foi a vontade das pessoas de trabalhar, esse desejo genu\u00edno de acertar. Iniciativas como essa precisam chegar, cada vez mais, a regi\u00f5es como a nossa, no Nordeste, onde a criatividade e o empreendedorismo s\u00e3o praticamente uma necessidade. O que fica, ao final, \u00e9 o est\u00edmulo, a certeza de que isso precisa continuar. Deu certo.\u201d \u2014 celebrou o Dr. Juan Cosquillo Mejia.<\/p>\n\n\n\n<p>\u201cEsse momento hist\u00f3rico \u00e9, sem d\u00favida, uma vit\u00f3ria da sa\u00fade p\u00fablica do&nbsp;Maranh\u00e3o&nbsp;e uma esperan\u00e7a renovada para os pacientes que aguardam por um novo cora\u00e7\u00e3o\u201d,&nbsp; destacou a superintendente do HU-UFMA, Joyce Lages.<\/p>\n\n\n\n<figure class=\"wp-block-image aligncenter size-full\"><img decoding=\"async\" width=\"768\" height=\"432\" src=\"https:\/\/www.blogsoestado.com\/danielmatos\/wp-content\/uploads\/sites\/2\/2025\/07\/1002858484.jpg\" alt=\"\" class=\"wp-image-145947\" srcset=\"https:\/\/www.blogsoestado.com\/danielmatos\/wp-content\/uploads\/sites\/2\/2025\/07\/1002858484.jpg 768w, https:\/\/www.blogsoestado.com\/danielmatos\/wp-content\/uploads\/sites\/2\/2025\/07\/1002858484-300x169.jpg 300w\" sizes=\"(max-width: 768px) 100vw, 768px\" \/><figcaption class=\"wp-element-caption\">O ex-diretor-geral do HU-UFMA e atual chefe do Servi\u00e7o de Nefrologia do hospital, Dr. Natalino Salgado Filho, com a equipe envolvida no transplante <\/figcaption><\/figure>\n\n\n\n<p>Com este primeiro transplante card\u00edaco, o HU-UFMA reafirma seu compromisso com a inova\u00e7\u00e3o, a excel\u00eancia acad\u00eamica e o cuidado humanizado, colocando o&nbsp;Maranh\u00e3o&nbsp;no mapa nacional dos estados aptos \u00e0 realiza\u00e7\u00e3o desse tipo de procedimento de alta complexidade.<\/p>\n\n\n\n<p>A cirurgia envolveu diferentes especialidades m\u00e9dicas e contou com a atua\u00e7\u00e3o dos seguintes profissionais:<\/p>\n\n\n\n<p>&nbsp;&nbsp;&nbsp;&nbsp;&nbsp;&nbsp;&nbsp;&nbsp;&nbsp;&nbsp;&nbsp;&nbsp;&nbsp;&nbsp;&nbsp; \u2022&nbsp;&nbsp;&nbsp;&nbsp;&nbsp;&nbsp;&nbsp;&nbsp;&nbsp;&nbsp;&nbsp;&nbsp; Cirurgi\u00f5es card\u00edacos: Joseval da Silva Lacerda e Juan Cosquillo Mejia<\/p>\n\n\n\n<p>&nbsp;&nbsp;&nbsp;&nbsp;&nbsp;&nbsp;&nbsp;&nbsp;&nbsp;&nbsp;&nbsp;&nbsp;&nbsp;&nbsp;&nbsp; \u2022&nbsp;&nbsp;&nbsp;&nbsp;&nbsp;&nbsp;&nbsp;&nbsp;&nbsp;&nbsp;&nbsp;&nbsp; Cardiologistas: L\u00e9a Barroso Coutinho Pereira , Marko Antonio de Freitas Santos e Jos\u00e9 Albuquerque de Figueiredo Neto<\/p>\n\n\n\n<p>&nbsp;&nbsp;&nbsp;&nbsp;&nbsp;&nbsp;&nbsp;&nbsp;&nbsp;&nbsp;&nbsp;&nbsp;&nbsp;&nbsp;&nbsp; \u2022&nbsp;&nbsp;&nbsp;&nbsp;&nbsp;&nbsp;&nbsp;&nbsp;&nbsp;&nbsp;&nbsp;&nbsp; Anestesistas: Victor Hugo Castilhos, Giovanni Santana de Oliveira e Jo\u00e3o Castro<\/p>\n\n\n\n<p>&nbsp;&nbsp;&nbsp;&nbsp;&nbsp;&nbsp;&nbsp;&nbsp;&nbsp;&nbsp;&nbsp;&nbsp;&nbsp;&nbsp;&nbsp; \u2022&nbsp;&nbsp;&nbsp;&nbsp;&nbsp;&nbsp;&nbsp;&nbsp;&nbsp;&nbsp;&nbsp;&nbsp; Perfusionistas: Anderson Castro, Rozenilde Castro Lapa e Luciane Mendes<\/p>\n\n\n\n<p>&nbsp;&nbsp;&nbsp;&nbsp;&nbsp;&nbsp;&nbsp;&nbsp;&nbsp;&nbsp;&nbsp;&nbsp;&nbsp;&nbsp;&nbsp; \u2022&nbsp;&nbsp;&nbsp;&nbsp;&nbsp;&nbsp;&nbsp;&nbsp;&nbsp;&nbsp;&nbsp;&nbsp; Enfermeiras: M\u00e1rcia Castro e Livia Leite<\/p>\n\n\n\n<p>&nbsp;&nbsp;&nbsp;&nbsp;&nbsp;&nbsp;&nbsp;&nbsp;&nbsp;&nbsp;&nbsp;&nbsp;&nbsp;&nbsp;&nbsp; \u2022&nbsp;&nbsp;&nbsp;&nbsp;&nbsp;&nbsp;&nbsp;&nbsp;&nbsp;&nbsp;&nbsp;&nbsp; Instrumentadora cir\u00fargica: Maria C\u00e9lia Soares Fonseca<\/p>\n\n\n\n<p>&nbsp;&nbsp;&nbsp;&nbsp;&nbsp;&nbsp;&nbsp;&nbsp;&nbsp;&nbsp;&nbsp;&nbsp;&nbsp;&nbsp;&nbsp; \u2022&nbsp;&nbsp;&nbsp;&nbsp;&nbsp;&nbsp;&nbsp;&nbsp;&nbsp;&nbsp;&nbsp;&nbsp; Circulantes de sala: Cristiane Vieira da Silva e Jardelle Lima Corr\u00eaa<\/p>\n","protected":false},"excerpt":{"rendered":"<p>O paciente apresenta boa evolu\u00e7\u00e3o cl\u00ednica, respira espontaneamente e est\u00e1 est\u00e1vel S\u00e3o Lu\u00eds-MA &#8211;\u00a0 O Hospital Universit\u00e1rio da Universidade Federal [&hellip;]<\/p>\n","protected":false},"author":2,"featured_media":0,"comment_status":"open","ping_status":"open","sticky":false,"template":"","format":"standard","meta":{"site-sidebar-layout":"default","site-content-layout":"","ast-site-content-layout":"default","site-content-style":"default","site-sidebar-style":"default","ast-global-header-display":"","ast-banner-title-visibility":"","ast-main-header-display":"","ast-hfb-above-header-display":"","ast-hfb-below-header-display":"","ast-hfb-mobile-header-display":"","site-post-title":"","ast-breadcrumbs-content":"","ast-featured-img":"","footer-sml-layout":"","ast-disable-related-posts":"","theme-transparent-header-meta":"","adv-header-id-meta":"","stick-header-meta":"","header-above-stick-meta":"","header-main-stick-meta":"","header-below-stick-meta":"","astra-migrate-meta-layouts":"default","ast-page-background-enabled":"default","ast-page-background-meta":{"desktop":{"background-color":"var(--ast-global-color-5)","background-image":"","background-repeat":"repeat","background-position":"center center","background-size":"auto","background-attachment":"scroll","background-type":"","background-media":"","overlay-type":"","overlay-color":"","overlay-opacity":"","overlay-gradient":""},"tablet":{"background-color":"","background-image":"","background-repeat":"repeat","background-position":"center center","background-size":"auto","background-attachment":"scroll","background-type":"","background-media":"","overlay-type":"","overlay-color":"","overlay-opacity":"","overlay-gradient":""},"mobile":{"background-color":"","background-image":"","background-repeat":"repeat","background-position":"center center","background-size":"auto","background-attachment":"scroll","background-type":"","background-media":"","overlay-type":"","overlay-color":"","overlay-opacity":"","overlay-gradient":""}},"ast-content-background-meta":{"desktop":{"background-color":"var(--ast-global-color-4)","background-image":"","background-repeat":"repeat","background-position":"center center","background-size":"auto","background-attachment":"scroll","background-type":"","background-media":"","overlay-type":"","overlay-color":"","overlay-opacity":"","overlay-gradient":""},"tablet":{"background-color":"var(--ast-global-color-4)","background-image":"","background-repeat":"repeat","background-position":"center center","background-size":"auto","background-attachment":"scroll","background-type":"","background-media":"","overlay-type":"","overlay-color":"","overlay-opacity":"","overlay-gradient":""},"mobile":{"background-color":"var(--ast-global-color-4)","background-image":"","background-repeat":"repeat","background-position":"center center","background-size":"auto","background-attachment":"scroll","background-type":"","background-media":"","overlay-type":"","overlay-color":"","overlay-opacity":"","overlay-gradient":""}},"footnotes":""},"categories":[1],"tags":[],"class_list":["post-145943","post","type-post","status-publish","format-standard","hentry","category-sem-categoria"],"yoast_head":"<!-- This site is optimized with the Yoast SEO plugin v26.6 - https:\/\/yoast.com\/wordpress\/plugins\/seo\/ -->\n<title>HU-UFMA realiza primeiro transplante de cora\u00e7\u00e3o do\u00a0Maranh\u00e3o\u00a0e marca novo cap\u00edtulo na hist\u00f3ria da sa\u00fade do estado - Daniel Matos<\/title>\n<meta name=\"robots\" content=\"index, follow, max-snippet:-1, max-image-preview:large, max-video-preview:-1\" \/>\n<link rel=\"canonical\" href=\"https:\/\/www.blogsoestado.com\/danielmatos\/hu-ufma-realiza-primeiro-transplante-de-coracao-do-maranhao-e-marca-novo-capitulo-na-historia-da-saude-do-estado\/\" \/>\n<meta property=\"og:locale\" content=\"pt_BR\" \/>\n<meta property=\"og:type\" content=\"article\" \/>\n<meta property=\"og:title\" content=\"HU-UFMA realiza primeiro transplante de cora\u00e7\u00e3o do\u00a0Maranh\u00e3o\u00a0e marca novo cap\u00edtulo na hist\u00f3ria da sa\u00fade do estado - Daniel Matos\" \/>\n<meta property=\"og:description\" content=\"O paciente apresenta boa evolu\u00e7\u00e3o cl\u00ednica, respira espontaneamente e est\u00e1 est\u00e1vel S\u00e3o Lu\u00eds-MA &#8211;\u00a0 O Hospital Universit\u00e1rio da Universidade Federal [&hellip;]\" \/>\n<meta property=\"og:url\" content=\"https:\/\/www.blogsoestado.com\/danielmatos\/hu-ufma-realiza-primeiro-transplante-de-coracao-do-maranhao-e-marca-novo-capitulo-na-historia-da-saude-do-estado\/\" \/>\n<meta property=\"og:site_name\" content=\"Daniel Matos\" \/>\n<meta property=\"article:published_time\" content=\"2025-07-05T20:36:02+00:00\" \/>\n<meta property=\"article:modified_time\" content=\"2025-07-05T20:36:05+00:00\" \/>\n<meta property=\"og:image\" content=\"https:\/\/www.blogsoestado.com\/danielmatos\/wp-content\/uploads\/sites\/2\/2025\/07\/1002858475.jpg\" \/>\n\t<meta property=\"og:image:width\" content=\"768\" \/>\n\t<meta property=\"og:image:height\" content=\"432\" \/>\n\t<meta property=\"og:image:type\" content=\"image\/jpeg\" \/>\n<meta name=\"author\" content=\"Daniel Matos\" \/>\n<meta name=\"twitter:card\" content=\"summary_large_image\" \/>\n<meta name=\"twitter:label1\" content=\"Escrito por\" \/>\n\t<meta name=\"twitter:data1\" content=\"Daniel Matos\" \/>\n\t<meta name=\"twitter:label2\" content=\"Est. tempo de leitura\" \/>\n\t<meta name=\"twitter:data2\" content=\"4 minutos\" \/>\n<script type=\"application\/ld+json\" class=\"yoast-schema-graph\">{\"@context\":\"https:\/\/schema.org\",\"@graph\":[{\"@type\":\"WebPage\",\"@id\":\"https:\/\/www.blogsoestado.com\/danielmatos\/hu-ufma-realiza-primeiro-transplante-de-coracao-do-maranhao-e-marca-novo-capitulo-na-historia-da-saude-do-estado\/\",\"url\":\"https:\/\/www.blogsoestado.com\/danielmatos\/hu-ufma-realiza-primeiro-transplante-de-coracao-do-maranhao-e-marca-novo-capitulo-na-historia-da-saude-do-estado\/\",\"name\":\"HU-UFMA realiza primeiro transplante de cora\u00e7\u00e3o do\u00a0Maranh\u00e3o\u00a0e marca novo cap\u00edtulo na hist\u00f3ria da sa\u00fade do estado - Daniel Matos\",\"isPartOf\":{\"@id\":\"https:\/\/www.blogsoestado.com\/danielmatos\/#website\"},\"primaryImageOfPage\":{\"@id\":\"https:\/\/www.blogsoestado.com\/danielmatos\/hu-ufma-realiza-primeiro-transplante-de-coracao-do-maranhao-e-marca-novo-capitulo-na-historia-da-saude-do-estado\/#primaryimage\"},\"image\":{\"@id\":\"https:\/\/www.blogsoestado.com\/danielmatos\/hu-ufma-realiza-primeiro-transplante-de-coracao-do-maranhao-e-marca-novo-capitulo-na-historia-da-saude-do-estado\/#primaryimage\"},\"thumbnailUrl\":\"https:\/\/www.blogsoestado.com\/danielmatos\/wp-content\/uploads\/sites\/2\/2025\/07\/1002858475.jpg\",\"datePublished\":\"2025-07-05T20:36:02+00:00\",\"dateModified\":\"2025-07-05T20:36:05+00:00\",\"author\":{\"@id\":\"https:\/\/www.blogsoestado.com\/danielmatos\/#\/schema\/person\/9a209d407cd45631f131e1285b661bb0\"},\"breadcrumb\":{\"@id\":\"https:\/\/www.blogsoestado.com\/danielmatos\/hu-ufma-realiza-primeiro-transplante-de-coracao-do-maranhao-e-marca-novo-capitulo-na-historia-da-saude-do-estado\/#breadcrumb\"},\"inLanguage\":\"pt-BR\",\"potentialAction\":[{\"@type\":\"ReadAction\",\"target\":[\"https:\/\/www.blogsoestado.com\/danielmatos\/hu-ufma-realiza-primeiro-transplante-de-coracao-do-maranhao-e-marca-novo-capitulo-na-historia-da-saude-do-estado\/\"]}]},{\"@type\":\"ImageObject\",\"inLanguage\":\"pt-BR\",\"@id\":\"https:\/\/www.blogsoestado.com\/danielmatos\/hu-ufma-realiza-primeiro-transplante-de-coracao-do-maranhao-e-marca-novo-capitulo-na-historia-da-saude-do-estado\/#primaryimage\",\"url\":\"https:\/\/www.blogsoestado.com\/danielmatos\/wp-content\/uploads\/sites\/2\/2025\/07\/1002858475.jpg\",\"contentUrl\":\"https:\/\/www.blogsoestado.com\/danielmatos\/wp-content\/uploads\/sites\/2\/2025\/07\/1002858475.jpg\",\"width\":768,\"height\":432},{\"@type\":\"BreadcrumbList\",\"@id\":\"https:\/\/www.blogsoestado.com\/danielmatos\/hu-ufma-realiza-primeiro-transplante-de-coracao-do-maranhao-e-marca-novo-capitulo-na-historia-da-saude-do-estado\/#breadcrumb\",\"itemListElement\":[{\"@type\":\"ListItem\",\"position\":1,\"name\":\"In\u00edcio\",\"item\":\"https:\/\/www.blogsoestado.com\/danielmatos\/\"},{\"@type\":\"ListItem\",\"position\":2,\"name\":\"HU-UFMA realiza primeiro transplante de cora\u00e7\u00e3o do\u00a0Maranh\u00e3o\u00a0e marca novo cap\u00edtulo na hist\u00f3ria da sa\u00fade do estado\"}]},{\"@type\":\"WebSite\",\"@id\":\"https:\/\/www.blogsoestado.com\/danielmatos\/#website\",\"url\":\"https:\/\/www.blogsoestado.com\/danielmatos\/\",\"name\":\"Daniel Matos\",\"description\":\"\",\"potentialAction\":[{\"@type\":\"SearchAction\",\"target\":{\"@type\":\"EntryPoint\",\"urlTemplate\":\"https:\/\/www.blogsoestado.com\/danielmatos\/?s={search_term_string}\"},\"query-input\":{\"@type\":\"PropertyValueSpecification\",\"valueRequired\":true,\"valueName\":\"search_term_string\"}}],\"inLanguage\":\"pt-BR\"},{\"@type\":\"Person\",\"@id\":\"https:\/\/www.blogsoestado.com\/danielmatos\/#\/schema\/person\/9a209d407cd45631f131e1285b661bb0\",\"name\":\"Daniel Matos\",\"image\":{\"@type\":\"ImageObject\",\"inLanguage\":\"pt-BR\",\"@id\":\"https:\/\/www.blogsoestado.com\/danielmatos\/#\/schema\/person\/image\/\",\"url\":\"https:\/\/secure.gravatar.com\/avatar\/2f26c36ee355da19a257f0dfef43952a2588b324ca35d6719e859fe338ac0392?s=96&d=mm&r=g\",\"contentUrl\":\"https:\/\/secure.gravatar.com\/avatar\/2f26c36ee355da19a257f0dfef43952a2588b324ca35d6719e859fe338ac0392?s=96&d=mm&r=g\",\"caption\":\"Daniel Matos\"},\"url\":\"https:\/\/www.blogsoestado.com\/danielmatos\/author\/danielmatos\/\"}]}<\/script>\n<!-- \/ Yoast SEO plugin. -->","yoast_head_json":{"title":"HU-UFMA realiza primeiro transplante de cora\u00e7\u00e3o do\u00a0Maranh\u00e3o\u00a0e marca novo cap\u00edtulo na hist\u00f3ria da sa\u00fade do estado - Daniel Matos","robots":{"index":"index","follow":"follow","max-snippet":"max-snippet:-1","max-image-preview":"max-image-preview:large","max-video-preview":"max-video-preview:-1"},"canonical":"https:\/\/www.blogsoestado.com\/danielmatos\/hu-ufma-realiza-primeiro-transplante-de-coracao-do-maranhao-e-marca-novo-capitulo-na-historia-da-saude-do-estado\/","og_locale":"pt_BR","og_type":"article","og_title":"HU-UFMA realiza primeiro transplante de cora\u00e7\u00e3o do\u00a0Maranh\u00e3o\u00a0e marca novo cap\u00edtulo na hist\u00f3ria da sa\u00fade do estado - Daniel Matos","og_description":"O paciente apresenta boa evolu\u00e7\u00e3o cl\u00ednica, respira espontaneamente e est\u00e1 est\u00e1vel S\u00e3o Lu\u00eds-MA &#8211;\u00a0 O Hospital Universit\u00e1rio da Universidade Federal [&hellip;]","og_url":"https:\/\/www.blogsoestado.com\/danielmatos\/hu-ufma-realiza-primeiro-transplante-de-coracao-do-maranhao-e-marca-novo-capitulo-na-historia-da-saude-do-estado\/","og_site_name":"Daniel Matos","article_published_time":"2025-07-05T20:36:02+00:00","article_modified_time":"2025-07-05T20:36:05+00:00","og_image":[{"width":768,"height":432,"url":"https:\/\/www.blogsoestado.com\/danielmatos\/wp-content\/uploads\/sites\/2\/2025\/07\/1002858475.jpg","type":"image\/jpeg"}],"author":"Daniel Matos","twitter_card":"summary_large_image","twitter_misc":{"Escrito por":"Daniel Matos","Est. tempo de leitura":"4 minutos"},"schema":{"@context":"https:\/\/schema.org","@graph":[{"@type":"WebPage","@id":"https:\/\/www.blogsoestado.com\/danielmatos\/hu-ufma-realiza-primeiro-transplante-de-coracao-do-maranhao-e-marca-novo-capitulo-na-historia-da-saude-do-estado\/","url":"https:\/\/www.blogsoestado.com\/danielmatos\/hu-ufma-realiza-primeiro-transplante-de-coracao-do-maranhao-e-marca-novo-capitulo-na-historia-da-saude-do-estado\/","name":"HU-UFMA realiza primeiro transplante de cora\u00e7\u00e3o do\u00a0Maranh\u00e3o\u00a0e marca novo cap\u00edtulo na hist\u00f3ria da sa\u00fade do estado - Daniel Matos","isPartOf":{"@id":"https:\/\/www.blogsoestado.com\/danielmatos\/#website"},"primaryImageOfPage":{"@id":"https:\/\/www.blogsoestado.com\/danielmatos\/hu-ufma-realiza-primeiro-transplante-de-coracao-do-maranhao-e-marca-novo-capitulo-na-historia-da-saude-do-estado\/#primaryimage"},"image":{"@id":"https:\/\/www.blogsoestado.com\/danielmatos\/hu-ufma-realiza-primeiro-transplante-de-coracao-do-maranhao-e-marca-novo-capitulo-na-historia-da-saude-do-estado\/#primaryimage"},"thumbnailUrl":"https:\/\/www.blogsoestado.com\/danielmatos\/wp-content\/uploads\/sites\/2\/2025\/07\/1002858475.jpg","datePublished":"2025-07-05T20:36:02+00:00","dateModified":"2025-07-05T20:36:05+00:00","author":{"@id":"https:\/\/www.blogsoestado.com\/danielmatos\/#\/schema\/person\/9a209d407cd45631f131e1285b661bb0"},"breadcrumb":{"@id":"https:\/\/www.blogsoestado.com\/danielmatos\/hu-ufma-realiza-primeiro-transplante-de-coracao-do-maranhao-e-marca-novo-capitulo-na-historia-da-saude-do-estado\/#breadcrumb"},"inLanguage":"pt-BR","potentialAction":[{"@type":"ReadAction","target":["https:\/\/www.blogsoestado.com\/danielmatos\/hu-ufma-realiza-primeiro-transplante-de-coracao-do-maranhao-e-marca-novo-capitulo-na-historia-da-saude-do-estado\/"]}]},{"@type":"ImageObject","inLanguage":"pt-BR","@id":"https:\/\/www.blogsoestado.com\/danielmatos\/hu-ufma-realiza-primeiro-transplante-de-coracao-do-maranhao-e-marca-novo-capitulo-na-historia-da-saude-do-estado\/#primaryimage","url":"https:\/\/www.blogsoestado.com\/danielmatos\/wp-content\/uploads\/sites\/2\/2025\/07\/1002858475.jpg","contentUrl":"https:\/\/www.blogsoestado.com\/danielmatos\/wp-content\/uploads\/sites\/2\/2025\/07\/1002858475.jpg","width":768,"height":432},{"@type":"BreadcrumbList","@id":"https:\/\/www.blogsoestado.com\/danielmatos\/hu-ufma-realiza-primeiro-transplante-de-coracao-do-maranhao-e-marca-novo-capitulo-na-historia-da-saude-do-estado\/#breadcrumb","itemListElement":[{"@type":"ListItem","position":1,"name":"In\u00edcio","item":"https:\/\/www.blogsoestado.com\/danielmatos\/"},{"@type":"ListItem","position":2,"name":"HU-UFMA realiza primeiro transplante de cora\u00e7\u00e3o do\u00a0Maranh\u00e3o\u00a0e marca novo cap\u00edtulo na hist\u00f3ria da sa\u00fade do estado"}]},{"@type":"WebSite","@id":"https:\/\/www.blogsoestado.com\/danielmatos\/#website","url":"https:\/\/www.blogsoestado.com\/danielmatos\/","name":"Daniel Matos","description":"","potentialAction":[{"@type":"SearchAction","target":{"@type":"EntryPoint","urlTemplate":"https:\/\/www.blogsoestado.com\/danielmatos\/?s={search_term_string}"},"query-input":{"@type":"PropertyValueSpecification","valueRequired":true,"valueName":"search_term_string"}}],"inLanguage":"pt-BR"},{"@type":"Person","@id":"https:\/\/www.blogsoestado.com\/danielmatos\/#\/schema\/person\/9a209d407cd45631f131e1285b661bb0","name":"Daniel Matos","image":{"@type":"ImageObject","inLanguage":"pt-BR","@id":"https:\/\/www.blogsoestado.com\/danielmatos\/#\/schema\/person\/image\/","url":"https:\/\/secure.gravatar.com\/avatar\/2f26c36ee355da19a257f0dfef43952a2588b324ca35d6719e859fe338ac0392?s=96&d=mm&r=g","contentUrl":"https:\/\/secure.gravatar.com\/avatar\/2f26c36ee355da19a257f0dfef43952a2588b324ca35d6719e859fe338ac0392?s=96&d=mm&r=g","caption":"Daniel Matos"},"url":"https:\/\/www.blogsoestado.com\/danielmatos\/author\/danielmatos\/"}]}},"jetpack_featured_media_url":"","_links":{"self":[{"href":"https:\/\/www.blogsoestado.com\/danielmatos\/wp-json\/wp\/v2\/posts\/145943","targetHints":{"allow":["GET"]}}],"collection":[{"href":"https:\/\/www.blogsoestado.com\/danielmatos\/wp-json\/wp\/v2\/posts"}],"about":[{"href":"https:\/\/www.blogsoestado.com\/danielmatos\/wp-json\/wp\/v2\/types\/post"}],"author":[{"embeddable":true,"href":"https:\/\/www.blogsoestado.com\/danielmatos\/wp-json\/wp\/v2\/users\/2"}],"replies":[{"embeddable":true,"href":"https:\/\/www.blogsoestado.com\/danielmatos\/wp-json\/wp\/v2\/comments?post=145943"}],"version-history":[{"count":1,"href":"https:\/\/www.blogsoestado.com\/danielmatos\/wp-json\/wp\/v2\/posts\/145943\/revisions"}],"predecessor-version":[{"id":145948,"href":"https:\/\/www.blogsoestado.com\/danielmatos\/wp-json\/wp\/v2\/posts\/145943\/revisions\/145948"}],"wp:attachment":[{"href":"https:\/\/www.blogsoestado.com\/danielmatos\/wp-json\/wp\/v2\/media?parent=145943"}],"wp:term":[{"taxonomy":"category","embeddable":true,"href":"https:\/\/www.blogsoestado.com\/danielmatos\/wp-json\/wp\/v2\/categories?post=145943"},{"taxonomy":"post_tag","embeddable":true,"href":"https:\/\/www.blogsoestado.com\/danielmatos\/wp-json\/wp\/v2\/tags?post=145943"}],"curies":[{"name":"wp","href":"https:\/\/api.w.org\/{rel}","templated":true}]}}