{"id":145968,"date":"2025-07-07T18:04:12","date_gmt":"2025-07-07T21:04:12","guid":{"rendered":"https:\/\/www.blogsoestado.com\/danielmatos\/?p=145968"},"modified":"2025-07-07T18:04:14","modified_gmt":"2025-07-07T21:04:14","slug":"helena-duailibe-contesta-oposicao-e-esclarece-sobre-construcao-participativa-do-maranhao-livre-da-fome","status":"publish","type":"post","link":"https:\/\/www.blogsoestado.com\/danielmatos\/helena-duailibe-contesta-oposicao-e-esclarece-sobre-construcao-participativa-do-maranhao-livre-da-fome\/","title":{"rendered":"Helena Duailibe contesta oposi\u00e7\u00e3o e esclarece sobre constru\u00e7\u00e3o participativa do Maranh\u00e3o Livre da Fome"},"content":{"rendered":"\n<figure class=\"wp-block-image aligncenter size-large\"><img fetchpriority=\"high\" decoding=\"async\" width=\"1024\" height=\"683\" src=\"https:\/\/www.blogsoestado.com\/danielmatos\/wp-content\/uploads\/sites\/2\/2025\/07\/1002876568-1024x683.jpg\" alt=\"\" class=\"wp-image-145969\" srcset=\"https:\/\/www.blogsoestado.com\/danielmatos\/wp-content\/uploads\/sites\/2\/2025\/07\/1002876568-1024x683.jpg 1024w, https:\/\/www.blogsoestado.com\/danielmatos\/wp-content\/uploads\/sites\/2\/2025\/07\/1002876568-300x200.jpg 300w, https:\/\/www.blogsoestado.com\/danielmatos\/wp-content\/uploads\/sites\/2\/2025\/07\/1002876568-768x512.jpg 768w, https:\/\/www.blogsoestado.com\/danielmatos\/wp-content\/uploads\/sites\/2\/2025\/07\/1002876568-1536x1024.jpg 1536w, https:\/\/www.blogsoestado.com\/danielmatos\/wp-content\/uploads\/sites\/2\/2025\/07\/1002876568-2048x1366.jpg 2048w\" sizes=\"(max-width: 1024px) 100vw, 1024px\" \/><figcaption class=\"wp-element-caption\">Helena Duailibe detalhou que participaram das reuni\u00f5es para alinhamento do programa representantes de entidades e institui\u00e7\u00f5es, como Unicef, MPMA, Igreja Cat\u00f3lica, igrejas evang\u00e9licas, prefeitura, Fiema e Fecom\u00e9rcio-MA<\/figcaption><\/figure>\n\n\n\n<p>Participante ativa da constru\u00e7\u00e3o do programa Maranh\u00e3o Livre da Fome, a deputada Helena Duailibe (PP) fez um discurso bastante esclarecedor sobre a iniciativa do governo, durante a sess\u00e3o da quinta-feira (2), na Assembleia Legislativa. Contestando informa\u00e7\u00f5es inver\u00eddicas ditas pela oposi\u00e7\u00e3o, a parlamentar destacou a participa\u00e7\u00e3o de diversos \u00f3rg\u00e3os e entidades na iniciativa.<\/p>\n\n\n\n<p>\u201cA vontade do governador Carlos Brand\u00e3o foi s\u00f3 uma, mas a constru\u00e7\u00e3o do Maranh\u00e3o Livre da Fome foi de v\u00e1rias entidades. Eu fico muito triste quando se critica um programa que foi constru\u00eddo com a sociedade civil e aqui eu me sinto respons\u00e1vel, porque eu participei deste programa\u201d, disse ela que, na \u00e9poca, era secret\u00e1ria de Estado de Pol\u00edticas para as Comunidades.<\/p>\n\n\n\n<p>Helena Duailibe detalhou que participaram das reuni\u00f5es para alinhamento do programa representantes de entidades e institui\u00e7\u00f5es, como o Fundo das Na\u00e7\u00f5es Unidas para a Inf\u00e2ncia (Unicef), Minist\u00e9rio P\u00fablico, Igreja Cat\u00f3lica, Igrejas Evang\u00e9licas, prefeituras municipais, Federa\u00e7\u00e3o das Ind\u00fastrias do Maranh\u00e3o (Fiema) e Federa\u00e7\u00e3o do Com\u00e9rcio de Bens, Servi\u00e7os e Turismo do Estado do Maranh\u00e3o (Fecom\u00e9rcio-MA), entre outros.<\/p>\n\n\n\n<p>\u201cFoi constru\u00eddo exatamente com muitas institui\u00e7\u00f5es que n\u00f3s temos que respeitar aqui no Maranh\u00e3o\u201d, enfatizou.<\/p>\n\n\n\n<p>A parlamentar tamb\u00e9m destacou o esfor\u00e7o que vem sendo feito para a qualifica\u00e7\u00e3o e inser\u00e7\u00e3o dos beneficiados do programa no mercado de trabalho. \u201cA vontade do governador \u00e9 de que essas pessoas, daqui a um ano, deixem de receber esse aux\u00edlio de R$ 200. Tanto \u00e9 que ele conseguiu com empresas, como o Grupo Mateus, mais de 300 vagas para que essas pessoas sejam capacitadas e, posteriormente, realmente sejam inseridas no mercado de trabalho\u201d, assegurou.<\/p>\n","protected":false},"excerpt":{"rendered":"<p>Participante ativa da constru\u00e7\u00e3o do programa Maranh\u00e3o Livre da Fome, a deputada Helena Duailibe (PP) fez um discurso bastante esclarecedor [&hellip;]<\/p>\n","protected":false},"author":2,"featured_media":0,"comment_status":"open","ping_status":"open","sticky":false,"template":"","format":"standard","meta":{"site-sidebar-layout":"default","site-content-layout":"","ast-site-content-layout":"default","site-content-style":"default","site-sidebar-style":"default","ast-global-header-display":"","ast-banner-title-visibility":"","ast-main-header-display":"","ast-hfb-above-header-display":"","ast-hfb-below-header-display":"","ast-hfb-mobile-header-display":"","site-post-title":"","ast-breadcrumbs-content":"","ast-featured-img":"","footer-sml-layout":"","ast-disable-related-posts":"","theme-transparent-header-meta":"","adv-header-id-meta":"","stick-header-meta":"","header-above-stick-meta":"","header-main-stick-meta":"","header-below-stick-meta":"","astra-migrate-meta-layouts":"default","ast-page-background-enabled":"default","ast-page-background-meta":{"desktop":{"background-color":"var(--ast-global-color-5)","background-image":"","background-repeat":"repeat","background-position":"center center","background-size":"auto","background-attachment":"scroll","background-type":"","background-media":"","overlay-type":"","overlay-color":"","overlay-opacity":"","overlay-gradient":""},"tablet":{"background-color":"","background-image":"","background-repeat":"repeat","background-position":"center center","background-size":"auto","background-attachment":"scroll","background-type":"","background-media":"","overlay-type":"","overlay-color":"","overlay-opacity":"","overlay-gradient":""},"mobile":{"background-color":"","background-image":"","background-repeat":"repeat","background-position":"center center","background-size":"auto","background-attachment":"scroll","background-type":"","background-media":"","overlay-type":"","overlay-color":"","overlay-opacity":"","overlay-gradient":""}},"ast-content-background-meta":{"desktop":{"background-color":"var(--ast-global-color-4)","background-image":"","background-repeat":"repeat","background-position":"center center","background-size":"auto","background-attachment":"scroll","background-type":"","background-media":"","overlay-type":"","overlay-color":"","overlay-opacity":"","overlay-gradient":""},"tablet":{"background-color":"var(--ast-global-color-4)","background-image":"","background-repeat":"repeat","background-position":"center center","background-size":"auto","background-attachment":"scroll","background-type":"","background-media":"","overlay-type":"","overlay-color":"","overlay-opacity":"","overlay-gradient":""},"mobile":{"background-color":"var(--ast-global-color-4)","background-image":"","background-repeat":"repeat","background-position":"center center","background-size":"auto","background-attachment":"scroll","background-type":"","background-media":"","overlay-type":"","overlay-color":"","overlay-opacity":"","overlay-gradient":""}},"footnotes":""},"categories":[1],"tags":[],"class_list":["post-145968","post","type-post","status-publish","format-standard","hentry","category-sem-categoria"],"yoast_head":"<!-- This site is optimized with the Yoast SEO plugin v26.6 - https:\/\/yoast.com\/wordpress\/plugins\/seo\/ -->\n<title>Helena Duailibe contesta oposi\u00e7\u00e3o e esclarece sobre constru\u00e7\u00e3o participativa do Maranh\u00e3o Livre da Fome - Daniel Matos<\/title>\n<meta name=\"robots\" content=\"index, follow, max-snippet:-1, max-image-preview:large, max-video-preview:-1\" \/>\n<link rel=\"canonical\" href=\"https:\/\/www.blogsoestado.com\/danielmatos\/helena-duailibe-contesta-oposicao-e-esclarece-sobre-construcao-participativa-do-maranhao-livre-da-fome\/\" \/>\n<meta property=\"og:locale\" content=\"pt_BR\" \/>\n<meta property=\"og:type\" content=\"article\" \/>\n<meta property=\"og:title\" content=\"Helena Duailibe contesta oposi\u00e7\u00e3o e esclarece sobre constru\u00e7\u00e3o participativa do Maranh\u00e3o Livre da Fome - Daniel Matos\" \/>\n<meta property=\"og:description\" content=\"Participante ativa da constru\u00e7\u00e3o do programa Maranh\u00e3o Livre da Fome, a deputada Helena Duailibe (PP) fez um discurso bastante esclarecedor [&hellip;]\" \/>\n<meta property=\"og:url\" content=\"https:\/\/www.blogsoestado.com\/danielmatos\/helena-duailibe-contesta-oposicao-e-esclarece-sobre-construcao-participativa-do-maranhao-livre-da-fome\/\" \/>\n<meta property=\"og:site_name\" content=\"Daniel Matos\" \/>\n<meta property=\"article:published_time\" content=\"2025-07-07T21:04:12+00:00\" \/>\n<meta property=\"article:modified_time\" content=\"2025-07-07T21:04:14+00:00\" \/>\n<meta property=\"og:image\" content=\"https:\/\/www.blogsoestado.com\/danielmatos\/wp-content\/uploads\/sites\/2\/2025\/07\/1002876568.jpg\" \/>\n\t<meta property=\"og:image:width\" content=\"2560\" \/>\n\t<meta property=\"og:image:height\" content=\"1707\" \/>\n\t<meta property=\"og:image:type\" content=\"image\/jpeg\" \/>\n<meta name=\"author\" content=\"Daniel Matos\" \/>\n<meta name=\"twitter:card\" content=\"summary_large_image\" \/>\n<meta name=\"twitter:label1\" content=\"Escrito por\" \/>\n\t<meta name=\"twitter:data1\" content=\"Daniel Matos\" \/>\n\t<meta name=\"twitter:label2\" content=\"Est. tempo de leitura\" \/>\n\t<meta name=\"twitter:data2\" content=\"2 minutos\" \/>\n<script type=\"application\/ld+json\" class=\"yoast-schema-graph\">{\"@context\":\"https:\/\/schema.org\",\"@graph\":[{\"@type\":\"WebPage\",\"@id\":\"https:\/\/www.blogsoestado.com\/danielmatos\/helena-duailibe-contesta-oposicao-e-esclarece-sobre-construcao-participativa-do-maranhao-livre-da-fome\/\",\"url\":\"https:\/\/www.blogsoestado.com\/danielmatos\/helena-duailibe-contesta-oposicao-e-esclarece-sobre-construcao-participativa-do-maranhao-livre-da-fome\/\",\"name\":\"Helena Duailibe contesta oposi\u00e7\u00e3o e esclarece sobre constru\u00e7\u00e3o participativa do Maranh\u00e3o Livre da Fome - Daniel Matos\",\"isPartOf\":{\"@id\":\"https:\/\/www.blogsoestado.com\/danielmatos\/#website\"},\"primaryImageOfPage\":{\"@id\":\"https:\/\/www.blogsoestado.com\/danielmatos\/helena-duailibe-contesta-oposicao-e-esclarece-sobre-construcao-participativa-do-maranhao-livre-da-fome\/#primaryimage\"},\"image\":{\"@id\":\"https:\/\/www.blogsoestado.com\/danielmatos\/helena-duailibe-contesta-oposicao-e-esclarece-sobre-construcao-participativa-do-maranhao-livre-da-fome\/#primaryimage\"},\"thumbnailUrl\":\"https:\/\/www.blogsoestado.com\/danielmatos\/wp-content\/uploads\/sites\/2\/2025\/07\/1002876568-1024x683.jpg\",\"datePublished\":\"2025-07-07T21:04:12+00:00\",\"dateModified\":\"2025-07-07T21:04:14+00:00\",\"author\":{\"@id\":\"https:\/\/www.blogsoestado.com\/danielmatos\/#\/schema\/person\/9a209d407cd45631f131e1285b661bb0\"},\"breadcrumb\":{\"@id\":\"https:\/\/www.blogsoestado.com\/danielmatos\/helena-duailibe-contesta-oposicao-e-esclarece-sobre-construcao-participativa-do-maranhao-livre-da-fome\/#breadcrumb\"},\"inLanguage\":\"pt-BR\",\"potentialAction\":[{\"@type\":\"ReadAction\",\"target\":[\"https:\/\/www.blogsoestado.com\/danielmatos\/helena-duailibe-contesta-oposicao-e-esclarece-sobre-construcao-participativa-do-maranhao-livre-da-fome\/\"]}]},{\"@type\":\"ImageObject\",\"inLanguage\":\"pt-BR\",\"@id\":\"https:\/\/www.blogsoestado.com\/danielmatos\/helena-duailibe-contesta-oposicao-e-esclarece-sobre-construcao-participativa-do-maranhao-livre-da-fome\/#primaryimage\",\"url\":\"https:\/\/www.blogsoestado.com\/danielmatos\/wp-content\/uploads\/sites\/2\/2025\/07\/1002876568.jpg\",\"contentUrl\":\"https:\/\/www.blogsoestado.com\/danielmatos\/wp-content\/uploads\/sites\/2\/2025\/07\/1002876568.jpg\",\"width\":2560,\"height\":1707},{\"@type\":\"BreadcrumbList\",\"@id\":\"https:\/\/www.blogsoestado.com\/danielmatos\/helena-duailibe-contesta-oposicao-e-esclarece-sobre-construcao-participativa-do-maranhao-livre-da-fome\/#breadcrumb\",\"itemListElement\":[{\"@type\":\"ListItem\",\"position\":1,\"name\":\"In\u00edcio\",\"item\":\"https:\/\/www.blogsoestado.com\/danielmatos\/\"},{\"@type\":\"ListItem\",\"position\":2,\"name\":\"Helena Duailibe contesta oposi\u00e7\u00e3o e esclarece sobre constru\u00e7\u00e3o participativa do Maranh\u00e3o Livre da Fome\"}]},{\"@type\":\"WebSite\",\"@id\":\"https:\/\/www.blogsoestado.com\/danielmatos\/#website\",\"url\":\"https:\/\/www.blogsoestado.com\/danielmatos\/\",\"name\":\"Daniel Matos\",\"description\":\"\",\"potentialAction\":[{\"@type\":\"SearchAction\",\"target\":{\"@type\":\"EntryPoint\",\"urlTemplate\":\"https:\/\/www.blogsoestado.com\/danielmatos\/?s={search_term_string}\"},\"query-input\":{\"@type\":\"PropertyValueSpecification\",\"valueRequired\":true,\"valueName\":\"search_term_string\"}}],\"inLanguage\":\"pt-BR\"},{\"@type\":\"Person\",\"@id\":\"https:\/\/www.blogsoestado.com\/danielmatos\/#\/schema\/person\/9a209d407cd45631f131e1285b661bb0\",\"name\":\"Daniel Matos\",\"image\":{\"@type\":\"ImageObject\",\"inLanguage\":\"pt-BR\",\"@id\":\"https:\/\/www.blogsoestado.com\/danielmatos\/#\/schema\/person\/image\/\",\"url\":\"https:\/\/secure.gravatar.com\/avatar\/2f26c36ee355da19a257f0dfef43952a2588b324ca35d6719e859fe338ac0392?s=96&d=mm&r=g\",\"contentUrl\":\"https:\/\/secure.gravatar.com\/avatar\/2f26c36ee355da19a257f0dfef43952a2588b324ca35d6719e859fe338ac0392?s=96&d=mm&r=g\",\"caption\":\"Daniel Matos\"},\"url\":\"https:\/\/www.blogsoestado.com\/danielmatos\/author\/danielmatos\/\"}]}<\/script>\n<!-- \/ Yoast SEO plugin. -->","yoast_head_json":{"title":"Helena Duailibe contesta oposi\u00e7\u00e3o e esclarece sobre constru\u00e7\u00e3o participativa do Maranh\u00e3o Livre da Fome - Daniel Matos","robots":{"index":"index","follow":"follow","max-snippet":"max-snippet:-1","max-image-preview":"max-image-preview:large","max-video-preview":"max-video-preview:-1"},"canonical":"https:\/\/www.blogsoestado.com\/danielmatos\/helena-duailibe-contesta-oposicao-e-esclarece-sobre-construcao-participativa-do-maranhao-livre-da-fome\/","og_locale":"pt_BR","og_type":"article","og_title":"Helena Duailibe contesta oposi\u00e7\u00e3o e esclarece sobre constru\u00e7\u00e3o participativa do Maranh\u00e3o Livre da Fome - Daniel Matos","og_description":"Participante ativa da constru\u00e7\u00e3o do programa Maranh\u00e3o Livre da Fome, a deputada Helena Duailibe (PP) fez um discurso bastante esclarecedor [&hellip;]","og_url":"https:\/\/www.blogsoestado.com\/danielmatos\/helena-duailibe-contesta-oposicao-e-esclarece-sobre-construcao-participativa-do-maranhao-livre-da-fome\/","og_site_name":"Daniel Matos","article_published_time":"2025-07-07T21:04:12+00:00","article_modified_time":"2025-07-07T21:04:14+00:00","og_image":[{"width":2560,"height":1707,"url":"https:\/\/www.blogsoestado.com\/danielmatos\/wp-content\/uploads\/sites\/2\/2025\/07\/1002876568.jpg","type":"image\/jpeg"}],"author":"Daniel Matos","twitter_card":"summary_large_image","twitter_misc":{"Escrito por":"Daniel Matos","Est. tempo de leitura":"2 minutos"},"schema":{"@context":"https:\/\/schema.org","@graph":[{"@type":"WebPage","@id":"https:\/\/www.blogsoestado.com\/danielmatos\/helena-duailibe-contesta-oposicao-e-esclarece-sobre-construcao-participativa-do-maranhao-livre-da-fome\/","url":"https:\/\/www.blogsoestado.com\/danielmatos\/helena-duailibe-contesta-oposicao-e-esclarece-sobre-construcao-participativa-do-maranhao-livre-da-fome\/","name":"Helena Duailibe contesta oposi\u00e7\u00e3o e esclarece sobre constru\u00e7\u00e3o participativa do Maranh\u00e3o Livre da Fome - Daniel Matos","isPartOf":{"@id":"https:\/\/www.blogsoestado.com\/danielmatos\/#website"},"primaryImageOfPage":{"@id":"https:\/\/www.blogsoestado.com\/danielmatos\/helena-duailibe-contesta-oposicao-e-esclarece-sobre-construcao-participativa-do-maranhao-livre-da-fome\/#primaryimage"},"image":{"@id":"https:\/\/www.blogsoestado.com\/danielmatos\/helena-duailibe-contesta-oposicao-e-esclarece-sobre-construcao-participativa-do-maranhao-livre-da-fome\/#primaryimage"},"thumbnailUrl":"https:\/\/www.blogsoestado.com\/danielmatos\/wp-content\/uploads\/sites\/2\/2025\/07\/1002876568-1024x683.jpg","datePublished":"2025-07-07T21:04:12+00:00","dateModified":"2025-07-07T21:04:14+00:00","author":{"@id":"https:\/\/www.blogsoestado.com\/danielmatos\/#\/schema\/person\/9a209d407cd45631f131e1285b661bb0"},"breadcrumb":{"@id":"https:\/\/www.blogsoestado.com\/danielmatos\/helena-duailibe-contesta-oposicao-e-esclarece-sobre-construcao-participativa-do-maranhao-livre-da-fome\/#breadcrumb"},"inLanguage":"pt-BR","potentialAction":[{"@type":"ReadAction","target":["https:\/\/www.blogsoestado.com\/danielmatos\/helena-duailibe-contesta-oposicao-e-esclarece-sobre-construcao-participativa-do-maranhao-livre-da-fome\/"]}]},{"@type":"ImageObject","inLanguage":"pt-BR","@id":"https:\/\/www.blogsoestado.com\/danielmatos\/helena-duailibe-contesta-oposicao-e-esclarece-sobre-construcao-participativa-do-maranhao-livre-da-fome\/#primaryimage","url":"https:\/\/www.blogsoestado.com\/danielmatos\/wp-content\/uploads\/sites\/2\/2025\/07\/1002876568.jpg","contentUrl":"https:\/\/www.blogsoestado.com\/danielmatos\/wp-content\/uploads\/sites\/2\/2025\/07\/1002876568.jpg","width":2560,"height":1707},{"@type":"BreadcrumbList","@id":"https:\/\/www.blogsoestado.com\/danielmatos\/helena-duailibe-contesta-oposicao-e-esclarece-sobre-construcao-participativa-do-maranhao-livre-da-fome\/#breadcrumb","itemListElement":[{"@type":"ListItem","position":1,"name":"In\u00edcio","item":"https:\/\/www.blogsoestado.com\/danielmatos\/"},{"@type":"ListItem","position":2,"name":"Helena Duailibe contesta oposi\u00e7\u00e3o e esclarece sobre constru\u00e7\u00e3o participativa do Maranh\u00e3o Livre da Fome"}]},{"@type":"WebSite","@id":"https:\/\/www.blogsoestado.com\/danielmatos\/#website","url":"https:\/\/www.blogsoestado.com\/danielmatos\/","name":"Daniel Matos","description":"","potentialAction":[{"@type":"SearchAction","target":{"@type":"EntryPoint","urlTemplate":"https:\/\/www.blogsoestado.com\/danielmatos\/?s={search_term_string}"},"query-input":{"@type":"PropertyValueSpecification","valueRequired":true,"valueName":"search_term_string"}}],"inLanguage":"pt-BR"},{"@type":"Person","@id":"https:\/\/www.blogsoestado.com\/danielmatos\/#\/schema\/person\/9a209d407cd45631f131e1285b661bb0","name":"Daniel Matos","image":{"@type":"ImageObject","inLanguage":"pt-BR","@id":"https:\/\/www.blogsoestado.com\/danielmatos\/#\/schema\/person\/image\/","url":"https:\/\/secure.gravatar.com\/avatar\/2f26c36ee355da19a257f0dfef43952a2588b324ca35d6719e859fe338ac0392?s=96&d=mm&r=g","contentUrl":"https:\/\/secure.gravatar.com\/avatar\/2f26c36ee355da19a257f0dfef43952a2588b324ca35d6719e859fe338ac0392?s=96&d=mm&r=g","caption":"Daniel Matos"},"url":"https:\/\/www.blogsoestado.com\/danielmatos\/author\/danielmatos\/"}]}},"jetpack_featured_media_url":"","_links":{"self":[{"href":"https:\/\/www.blogsoestado.com\/danielmatos\/wp-json\/wp\/v2\/posts\/145968","targetHints":{"allow":["GET"]}}],"collection":[{"href":"https:\/\/www.blogsoestado.com\/danielmatos\/wp-json\/wp\/v2\/posts"}],"about":[{"href":"https:\/\/www.blogsoestado.com\/danielmatos\/wp-json\/wp\/v2\/types\/post"}],"author":[{"embeddable":true,"href":"https:\/\/www.blogsoestado.com\/danielmatos\/wp-json\/wp\/v2\/users\/2"}],"replies":[{"embeddable":true,"href":"https:\/\/www.blogsoestado.com\/danielmatos\/wp-json\/wp\/v2\/comments?post=145968"}],"version-history":[{"count":1,"href":"https:\/\/www.blogsoestado.com\/danielmatos\/wp-json\/wp\/v2\/posts\/145968\/revisions"}],"predecessor-version":[{"id":145970,"href":"https:\/\/www.blogsoestado.com\/danielmatos\/wp-json\/wp\/v2\/posts\/145968\/revisions\/145970"}],"wp:attachment":[{"href":"https:\/\/www.blogsoestado.com\/danielmatos\/wp-json\/wp\/v2\/media?parent=145968"}],"wp:term":[{"taxonomy":"category","embeddable":true,"href":"https:\/\/www.blogsoestado.com\/danielmatos\/wp-json\/wp\/v2\/categories?post=145968"},{"taxonomy":"post_tag","embeddable":true,"href":"https:\/\/www.blogsoestado.com\/danielmatos\/wp-json\/wp\/v2\/tags?post=145968"}],"curies":[{"name":"wp","href":"https:\/\/api.w.org\/{rel}","templated":true}]}}