{"id":146459,"date":"2025-07-23T01:59:39","date_gmt":"2025-07-23T04:59:39","guid":{"rendered":"https:\/\/www.blogsoestado.com\/danielmatos\/?p=146459"},"modified":"2025-07-23T01:59:42","modified_gmt":"2025-07-23T04:59:42","slug":"justica-publica-sentenca-que-confirma-vitoria-de-gentil-neto-e-fabio-gentil","status":"publish","type":"post","link":"https:\/\/www.blogsoestado.com\/danielmatos\/justica-publica-sentenca-que-confirma-vitoria-de-gentil-neto-e-fabio-gentil\/","title":{"rendered":"Justi\u00e7a publica senten\u00e7a que confirma vit\u00f3ria de Gentil Neto e F\u00e1bio Gentil"},"content":{"rendered":"\n<figure class=\"wp-block-image aligncenter size-full\"><img fetchpriority=\"high\" decoding=\"async\" width=\"780\" height=\"518\" src=\"https:\/\/www.blogsoestado.com\/danielmatos\/wp-content\/uploads\/sites\/2\/2025\/07\/1003050899.jpg\" alt=\"\" class=\"wp-image-146460\" srcset=\"https:\/\/www.blogsoestado.com\/danielmatos\/wp-content\/uploads\/sites\/2\/2025\/07\/1003050899.jpg 780w, https:\/\/www.blogsoestado.com\/danielmatos\/wp-content\/uploads\/sites\/2\/2025\/07\/1003050899-300x199.jpg 300w, https:\/\/www.blogsoestado.com\/danielmatos\/wp-content\/uploads\/sites\/2\/2025\/07\/1003050899-768x510.jpg 768w\" sizes=\"(max-width: 780px) 100vw, 780px\" \/><figcaption class=\"wp-element-caption\">F\u00e1bio Gentil e Gentil Neto em ato pol\u00edtico da campanha vitoriosa na elei\u00e7\u00e3o municipal em Caxias, confirmada por unanimidade pela Justi\u00e7a Eleitoral <\/figcaption><\/figure>\n\n\n\n<p>Nesta ter\u00e7a-feira, foi publicada oficialmente a senten\u00e7a do Tribunal Regional Eleitoral do Maranh\u00e3o (TRE\/MA) que confirmou, por unanimidade (7 a 0), a vit\u00f3ria jur\u00eddica do prefeito Gentil Neto e do ex-prefeito F\u00e1bio Gentil. A publica\u00e7\u00e3o \u00e9 a formaliza\u00e7\u00e3o de uma decis\u00e3o j\u00e1 tomada anteriormente pelo tribunal, que determinou o arquivamento de mais uma a\u00e7\u00e3o infundada movida pela oposi\u00e7\u00e3o.<\/p>\n\n\n\n<p><strong><mark style=\"color:#cf2e2e\" class=\"has-inline-color\">Clique <a href=\"https:\/\/acrobat.adobe.com\/id\/urn:aaid:sc:VA6C2:b9d7383e-9a2f-4f1f-8de8-5f1cd383c501\">aqui<\/a> e confira a decis\u00e3o.<\/mark><\/strong><\/p>\n\n\n\n<p>A a\u00e7\u00e3o, proposta pelo partido Podemos, tentava sustentar uma acusa\u00e7\u00e3o de abuso de poder pol\u00edtico e econ\u00f4mico \u2014 mas sem qualquer base jur\u00eddica. A Justi\u00e7a foi categ\u00f3rica ao afirmar que n\u00e3o existiam provas nem fundamentos legais que justificassem a den\u00fancia.<\/p>\n\n\n\n<p><em><strong>Mais uma derrota da oposi\u00e7\u00e3o no \u201ctapet\u00e3o\u201d<\/strong><\/em><\/p>\n\n\n\n<p>Sem conseguir convencer o eleitor, a oposi\u00e7\u00e3o insiste em tentar vencer no grito o que perdeu nas urnas. Usam a judicializa\u00e7\u00e3o como arma pol\u00edtica, apostando em ataques e narrativas fr\u00e1geis para tentar deslegitimar um governo que tem apoio popular e trabalha com responsabilidade.<\/p>\n\n\n\n<p><em><strong>Mas n\u00e3o funcionou, de novo<\/strong><\/em><\/p>\n\n\n\n<p>A Justi\u00e7a j\u00e1 havia decidido, e agora publica a senten\u00e7a para que n\u00e3o reste d\u00favidas: a elei\u00e7\u00e3o de Gentil Neto foi leg\u00edtima, limpa e respeitou todas as regras democr\u00e1ticas. F\u00e1bio Gentil, tamb\u00e9m citado na a\u00e7\u00e3o, teve sua conduta absolutamente reconhecida como legal.<\/p>\n\n\n\n<p><em><strong>A verdade prevalece, mais uma vez<\/strong><\/em><\/p>\n\n\n\n<p>A publica\u00e7\u00e3o da senten\u00e7a reafirma o que a popula\u00e7\u00e3o j\u00e1 sabia: n\u00e3o h\u00e1 esc\u00e2ndalo, n\u00e3o h\u00e1 abuso, n\u00e3o h\u00e1 ilegalidade. O que existe \u00e9 um grupo pol\u00edtico sem rumo, que prefere tentar desestabilizar a cidade com mentiras do que apresentar propostas reais.<\/p>\n\n\n\n<p>Com mais essa decis\u00e3o, fica claro quem est\u00e1 do lado da verdade e quem vive do barulho.<\/p>\n","protected":false},"excerpt":{"rendered":"<p>Nesta ter\u00e7a-feira, foi publicada oficialmente a senten\u00e7a do Tribunal Regional Eleitoral do Maranh\u00e3o (TRE\/MA) que confirmou, por unanimidade (7 a [&hellip;]<\/p>\n","protected":false},"author":2,"featured_media":0,"comment_status":"open","ping_status":"open","sticky":false,"template":"","format":"standard","meta":{"site-sidebar-layout":"default","site-content-layout":"","ast-site-content-layout":"default","site-content-style":"default","site-sidebar-style":"default","ast-global-header-display":"","ast-banner-title-visibility":"","ast-main-header-display":"","ast-hfb-above-header-display":"","ast-hfb-below-header-display":"","ast-hfb-mobile-header-display":"","site-post-title":"","ast-breadcrumbs-content":"","ast-featured-img":"","footer-sml-layout":"","ast-disable-related-posts":"","theme-transparent-header-meta":"","adv-header-id-meta":"","stick-header-meta":"","header-above-stick-meta":"","header-main-stick-meta":"","header-below-stick-meta":"","astra-migrate-meta-layouts":"default","ast-page-background-enabled":"default","ast-page-background-meta":{"desktop":{"background-color":"var(--ast-global-color-5)","background-image":"","background-repeat":"repeat","background-position":"center center","background-size":"auto","background-attachment":"scroll","background-type":"","background-media":"","overlay-type":"","overlay-color":"","overlay-opacity":"","overlay-gradient":""},"tablet":{"background-color":"","background-image":"","background-repeat":"repeat","background-position":"center center","background-size":"auto","background-attachment":"scroll","background-type":"","background-media":"","overlay-type":"","overlay-color":"","overlay-opacity":"","overlay-gradient":""},"mobile":{"background-color":"","background-image":"","background-repeat":"repeat","background-position":"center center","background-size":"auto","background-attachment":"scroll","background-type":"","background-media":"","overlay-type":"","overlay-color":"","overlay-opacity":"","overlay-gradient":""}},"ast-content-background-meta":{"desktop":{"background-color":"var(--ast-global-color-4)","background-image":"","background-repeat":"repeat","background-position":"center center","background-size":"auto","background-attachment":"scroll","background-type":"","background-media":"","overlay-type":"","overlay-color":"","overlay-opacity":"","overlay-gradient":""},"tablet":{"background-color":"var(--ast-global-color-4)","background-image":"","background-repeat":"repeat","background-position":"center center","background-size":"auto","background-attachment":"scroll","background-type":"","background-media":"","overlay-type":"","overlay-color":"","overlay-opacity":"","overlay-gradient":""},"mobile":{"background-color":"var(--ast-global-color-4)","background-image":"","background-repeat":"repeat","background-position":"center center","background-size":"auto","background-attachment":"scroll","background-type":"","background-media":"","overlay-type":"","overlay-color":"","overlay-opacity":"","overlay-gradient":""}},"footnotes":""},"categories":[1],"tags":[],"class_list":["post-146459","post","type-post","status-publish","format-standard","hentry","category-sem-categoria"],"yoast_head":"<!-- This site is optimized with the Yoast SEO plugin v26.6 - https:\/\/yoast.com\/wordpress\/plugins\/seo\/ -->\n<title>Justi\u00e7a publica senten\u00e7a que confirma vit\u00f3ria de Gentil Neto e F\u00e1bio Gentil - Daniel Matos<\/title>\n<meta name=\"robots\" content=\"index, follow, max-snippet:-1, max-image-preview:large, max-video-preview:-1\" \/>\n<link rel=\"canonical\" href=\"https:\/\/www.blogsoestado.com\/danielmatos\/justica-publica-sentenca-que-confirma-vitoria-de-gentil-neto-e-fabio-gentil\/\" \/>\n<meta property=\"og:locale\" content=\"pt_BR\" \/>\n<meta property=\"og:type\" content=\"article\" \/>\n<meta property=\"og:title\" content=\"Justi\u00e7a publica senten\u00e7a que confirma vit\u00f3ria de Gentil Neto e F\u00e1bio Gentil - Daniel Matos\" \/>\n<meta property=\"og:description\" content=\"Nesta ter\u00e7a-feira, foi publicada oficialmente a senten\u00e7a do Tribunal Regional Eleitoral do Maranh\u00e3o (TRE\/MA) que confirmou, por unanimidade (7 a [&hellip;]\" \/>\n<meta property=\"og:url\" content=\"https:\/\/www.blogsoestado.com\/danielmatos\/justica-publica-sentenca-que-confirma-vitoria-de-gentil-neto-e-fabio-gentil\/\" \/>\n<meta property=\"og:site_name\" content=\"Daniel Matos\" \/>\n<meta property=\"article:published_time\" content=\"2025-07-23T04:59:39+00:00\" \/>\n<meta property=\"article:modified_time\" content=\"2025-07-23T04:59:42+00:00\" \/>\n<meta property=\"og:image\" content=\"https:\/\/www.blogsoestado.com\/danielmatos\/wp-content\/uploads\/sites\/2\/2025\/07\/1003050899.jpg\" \/>\n\t<meta property=\"og:image:width\" content=\"780\" \/>\n\t<meta property=\"og:image:height\" content=\"518\" \/>\n\t<meta property=\"og:image:type\" content=\"image\/jpeg\" \/>\n<meta name=\"author\" content=\"Daniel Matos\" \/>\n<meta name=\"twitter:card\" content=\"summary_large_image\" \/>\n<meta name=\"twitter:label1\" content=\"Escrito por\" \/>\n\t<meta name=\"twitter:data1\" content=\"Daniel Matos\" \/>\n\t<meta name=\"twitter:label2\" content=\"Est. tempo de leitura\" \/>\n\t<meta name=\"twitter:data2\" content=\"2 minutos\" \/>\n<script type=\"application\/ld+json\" class=\"yoast-schema-graph\">{\"@context\":\"https:\/\/schema.org\",\"@graph\":[{\"@type\":\"WebPage\",\"@id\":\"https:\/\/www.blogsoestado.com\/danielmatos\/justica-publica-sentenca-que-confirma-vitoria-de-gentil-neto-e-fabio-gentil\/\",\"url\":\"https:\/\/www.blogsoestado.com\/danielmatos\/justica-publica-sentenca-que-confirma-vitoria-de-gentil-neto-e-fabio-gentil\/\",\"name\":\"Justi\u00e7a publica senten\u00e7a que confirma vit\u00f3ria de Gentil Neto e F\u00e1bio Gentil - Daniel Matos\",\"isPartOf\":{\"@id\":\"https:\/\/www.blogsoestado.com\/danielmatos\/#website\"},\"primaryImageOfPage\":{\"@id\":\"https:\/\/www.blogsoestado.com\/danielmatos\/justica-publica-sentenca-que-confirma-vitoria-de-gentil-neto-e-fabio-gentil\/#primaryimage\"},\"image\":{\"@id\":\"https:\/\/www.blogsoestado.com\/danielmatos\/justica-publica-sentenca-que-confirma-vitoria-de-gentil-neto-e-fabio-gentil\/#primaryimage\"},\"thumbnailUrl\":\"https:\/\/www.blogsoestado.com\/danielmatos\/wp-content\/uploads\/sites\/2\/2025\/07\/1003050899.jpg\",\"datePublished\":\"2025-07-23T04:59:39+00:00\",\"dateModified\":\"2025-07-23T04:59:42+00:00\",\"author\":{\"@id\":\"https:\/\/www.blogsoestado.com\/danielmatos\/#\/schema\/person\/9a209d407cd45631f131e1285b661bb0\"},\"breadcrumb\":{\"@id\":\"https:\/\/www.blogsoestado.com\/danielmatos\/justica-publica-sentenca-que-confirma-vitoria-de-gentil-neto-e-fabio-gentil\/#breadcrumb\"},\"inLanguage\":\"pt-BR\",\"potentialAction\":[{\"@type\":\"ReadAction\",\"target\":[\"https:\/\/www.blogsoestado.com\/danielmatos\/justica-publica-sentenca-que-confirma-vitoria-de-gentil-neto-e-fabio-gentil\/\"]}]},{\"@type\":\"ImageObject\",\"inLanguage\":\"pt-BR\",\"@id\":\"https:\/\/www.blogsoestado.com\/danielmatos\/justica-publica-sentenca-que-confirma-vitoria-de-gentil-neto-e-fabio-gentil\/#primaryimage\",\"url\":\"https:\/\/www.blogsoestado.com\/danielmatos\/wp-content\/uploads\/sites\/2\/2025\/07\/1003050899.jpg\",\"contentUrl\":\"https:\/\/www.blogsoestado.com\/danielmatos\/wp-content\/uploads\/sites\/2\/2025\/07\/1003050899.jpg\",\"width\":780,\"height\":518},{\"@type\":\"BreadcrumbList\",\"@id\":\"https:\/\/www.blogsoestado.com\/danielmatos\/justica-publica-sentenca-que-confirma-vitoria-de-gentil-neto-e-fabio-gentil\/#breadcrumb\",\"itemListElement\":[{\"@type\":\"ListItem\",\"position\":1,\"name\":\"In\u00edcio\",\"item\":\"https:\/\/www.blogsoestado.com\/danielmatos\/\"},{\"@type\":\"ListItem\",\"position\":2,\"name\":\"Justi\u00e7a publica senten\u00e7a que confirma vit\u00f3ria de Gentil Neto e F\u00e1bio Gentil\"}]},{\"@type\":\"WebSite\",\"@id\":\"https:\/\/www.blogsoestado.com\/danielmatos\/#website\",\"url\":\"https:\/\/www.blogsoestado.com\/danielmatos\/\",\"name\":\"Daniel Matos\",\"description\":\"\",\"potentialAction\":[{\"@type\":\"SearchAction\",\"target\":{\"@type\":\"EntryPoint\",\"urlTemplate\":\"https:\/\/www.blogsoestado.com\/danielmatos\/?s={search_term_string}\"},\"query-input\":{\"@type\":\"PropertyValueSpecification\",\"valueRequired\":true,\"valueName\":\"search_term_string\"}}],\"inLanguage\":\"pt-BR\"},{\"@type\":\"Person\",\"@id\":\"https:\/\/www.blogsoestado.com\/danielmatos\/#\/schema\/person\/9a209d407cd45631f131e1285b661bb0\",\"name\":\"Daniel Matos\",\"image\":{\"@type\":\"ImageObject\",\"inLanguage\":\"pt-BR\",\"@id\":\"https:\/\/www.blogsoestado.com\/danielmatos\/#\/schema\/person\/image\/\",\"url\":\"https:\/\/secure.gravatar.com\/avatar\/2f26c36ee355da19a257f0dfef43952a2588b324ca35d6719e859fe338ac0392?s=96&d=mm&r=g\",\"contentUrl\":\"https:\/\/secure.gravatar.com\/avatar\/2f26c36ee355da19a257f0dfef43952a2588b324ca35d6719e859fe338ac0392?s=96&d=mm&r=g\",\"caption\":\"Daniel Matos\"},\"url\":\"https:\/\/www.blogsoestado.com\/danielmatos\/author\/danielmatos\/\"}]}<\/script>\n<!-- \/ Yoast SEO plugin. -->","yoast_head_json":{"title":"Justi\u00e7a publica senten\u00e7a que confirma vit\u00f3ria de Gentil Neto e F\u00e1bio Gentil - Daniel Matos","robots":{"index":"index","follow":"follow","max-snippet":"max-snippet:-1","max-image-preview":"max-image-preview:large","max-video-preview":"max-video-preview:-1"},"canonical":"https:\/\/www.blogsoestado.com\/danielmatos\/justica-publica-sentenca-que-confirma-vitoria-de-gentil-neto-e-fabio-gentil\/","og_locale":"pt_BR","og_type":"article","og_title":"Justi\u00e7a publica senten\u00e7a que confirma vit\u00f3ria de Gentil Neto e F\u00e1bio Gentil - Daniel Matos","og_description":"Nesta ter\u00e7a-feira, foi publicada oficialmente a senten\u00e7a do Tribunal Regional Eleitoral do Maranh\u00e3o (TRE\/MA) que confirmou, por unanimidade (7 a [&hellip;]","og_url":"https:\/\/www.blogsoestado.com\/danielmatos\/justica-publica-sentenca-que-confirma-vitoria-de-gentil-neto-e-fabio-gentil\/","og_site_name":"Daniel Matos","article_published_time":"2025-07-23T04:59:39+00:00","article_modified_time":"2025-07-23T04:59:42+00:00","og_image":[{"width":780,"height":518,"url":"https:\/\/www.blogsoestado.com\/danielmatos\/wp-content\/uploads\/sites\/2\/2025\/07\/1003050899.jpg","type":"image\/jpeg"}],"author":"Daniel Matos","twitter_card":"summary_large_image","twitter_misc":{"Escrito por":"Daniel Matos","Est. tempo de leitura":"2 minutos"},"schema":{"@context":"https:\/\/schema.org","@graph":[{"@type":"WebPage","@id":"https:\/\/www.blogsoestado.com\/danielmatos\/justica-publica-sentenca-que-confirma-vitoria-de-gentil-neto-e-fabio-gentil\/","url":"https:\/\/www.blogsoestado.com\/danielmatos\/justica-publica-sentenca-que-confirma-vitoria-de-gentil-neto-e-fabio-gentil\/","name":"Justi\u00e7a publica senten\u00e7a que confirma vit\u00f3ria de Gentil Neto e F\u00e1bio Gentil - Daniel Matos","isPartOf":{"@id":"https:\/\/www.blogsoestado.com\/danielmatos\/#website"},"primaryImageOfPage":{"@id":"https:\/\/www.blogsoestado.com\/danielmatos\/justica-publica-sentenca-que-confirma-vitoria-de-gentil-neto-e-fabio-gentil\/#primaryimage"},"image":{"@id":"https:\/\/www.blogsoestado.com\/danielmatos\/justica-publica-sentenca-que-confirma-vitoria-de-gentil-neto-e-fabio-gentil\/#primaryimage"},"thumbnailUrl":"https:\/\/www.blogsoestado.com\/danielmatos\/wp-content\/uploads\/sites\/2\/2025\/07\/1003050899.jpg","datePublished":"2025-07-23T04:59:39+00:00","dateModified":"2025-07-23T04:59:42+00:00","author":{"@id":"https:\/\/www.blogsoestado.com\/danielmatos\/#\/schema\/person\/9a209d407cd45631f131e1285b661bb0"},"breadcrumb":{"@id":"https:\/\/www.blogsoestado.com\/danielmatos\/justica-publica-sentenca-que-confirma-vitoria-de-gentil-neto-e-fabio-gentil\/#breadcrumb"},"inLanguage":"pt-BR","potentialAction":[{"@type":"ReadAction","target":["https:\/\/www.blogsoestado.com\/danielmatos\/justica-publica-sentenca-que-confirma-vitoria-de-gentil-neto-e-fabio-gentil\/"]}]},{"@type":"ImageObject","inLanguage":"pt-BR","@id":"https:\/\/www.blogsoestado.com\/danielmatos\/justica-publica-sentenca-que-confirma-vitoria-de-gentil-neto-e-fabio-gentil\/#primaryimage","url":"https:\/\/www.blogsoestado.com\/danielmatos\/wp-content\/uploads\/sites\/2\/2025\/07\/1003050899.jpg","contentUrl":"https:\/\/www.blogsoestado.com\/danielmatos\/wp-content\/uploads\/sites\/2\/2025\/07\/1003050899.jpg","width":780,"height":518},{"@type":"BreadcrumbList","@id":"https:\/\/www.blogsoestado.com\/danielmatos\/justica-publica-sentenca-que-confirma-vitoria-de-gentil-neto-e-fabio-gentil\/#breadcrumb","itemListElement":[{"@type":"ListItem","position":1,"name":"In\u00edcio","item":"https:\/\/www.blogsoestado.com\/danielmatos\/"},{"@type":"ListItem","position":2,"name":"Justi\u00e7a publica senten\u00e7a que confirma vit\u00f3ria de Gentil Neto e F\u00e1bio Gentil"}]},{"@type":"WebSite","@id":"https:\/\/www.blogsoestado.com\/danielmatos\/#website","url":"https:\/\/www.blogsoestado.com\/danielmatos\/","name":"Daniel Matos","description":"","potentialAction":[{"@type":"SearchAction","target":{"@type":"EntryPoint","urlTemplate":"https:\/\/www.blogsoestado.com\/danielmatos\/?s={search_term_string}"},"query-input":{"@type":"PropertyValueSpecification","valueRequired":true,"valueName":"search_term_string"}}],"inLanguage":"pt-BR"},{"@type":"Person","@id":"https:\/\/www.blogsoestado.com\/danielmatos\/#\/schema\/person\/9a209d407cd45631f131e1285b661bb0","name":"Daniel Matos","image":{"@type":"ImageObject","inLanguage":"pt-BR","@id":"https:\/\/www.blogsoestado.com\/danielmatos\/#\/schema\/person\/image\/","url":"https:\/\/secure.gravatar.com\/avatar\/2f26c36ee355da19a257f0dfef43952a2588b324ca35d6719e859fe338ac0392?s=96&d=mm&r=g","contentUrl":"https:\/\/secure.gravatar.com\/avatar\/2f26c36ee355da19a257f0dfef43952a2588b324ca35d6719e859fe338ac0392?s=96&d=mm&r=g","caption":"Daniel Matos"},"url":"https:\/\/www.blogsoestado.com\/danielmatos\/author\/danielmatos\/"}]}},"jetpack_featured_media_url":"","_links":{"self":[{"href":"https:\/\/www.blogsoestado.com\/danielmatos\/wp-json\/wp\/v2\/posts\/146459","targetHints":{"allow":["GET"]}}],"collection":[{"href":"https:\/\/www.blogsoestado.com\/danielmatos\/wp-json\/wp\/v2\/posts"}],"about":[{"href":"https:\/\/www.blogsoestado.com\/danielmatos\/wp-json\/wp\/v2\/types\/post"}],"author":[{"embeddable":true,"href":"https:\/\/www.blogsoestado.com\/danielmatos\/wp-json\/wp\/v2\/users\/2"}],"replies":[{"embeddable":true,"href":"https:\/\/www.blogsoestado.com\/danielmatos\/wp-json\/wp\/v2\/comments?post=146459"}],"version-history":[{"count":1,"href":"https:\/\/www.blogsoestado.com\/danielmatos\/wp-json\/wp\/v2\/posts\/146459\/revisions"}],"predecessor-version":[{"id":146461,"href":"https:\/\/www.blogsoestado.com\/danielmatos\/wp-json\/wp\/v2\/posts\/146459\/revisions\/146461"}],"wp:attachment":[{"href":"https:\/\/www.blogsoestado.com\/danielmatos\/wp-json\/wp\/v2\/media?parent=146459"}],"wp:term":[{"taxonomy":"category","embeddable":true,"href":"https:\/\/www.blogsoestado.com\/danielmatos\/wp-json\/wp\/v2\/categories?post=146459"},{"taxonomy":"post_tag","embeddable":true,"href":"https:\/\/www.blogsoestado.com\/danielmatos\/wp-json\/wp\/v2\/tags?post=146459"}],"curies":[{"name":"wp","href":"https:\/\/api.w.org\/{rel}","templated":true}]}}