{"id":146468,"date":"2025-07-23T13:18:37","date_gmt":"2025-07-23T16:18:37","guid":{"rendered":"https:\/\/www.blogsoestado.com\/danielmatos\/?p=146468"},"modified":"2025-07-23T13:18:40","modified_gmt":"2025-07-23T16:18:40","slug":"eulalio-figueiredo-toma-posse-como-desembargador-do-tjma","status":"publish","type":"post","link":"https:\/\/www.blogsoestado.com\/danielmatos\/eulalio-figueiredo-toma-posse-como-desembargador-do-tjma\/","title":{"rendered":"Eul\u00e1lio Figueiredo toma posse como desembargador do TJMA"},"content":{"rendered":"\n<h3 class=\"wp-block-heading\"><strong><mark style=\"color:#cf2e2e\" class=\"has-inline-color\">Acesso ao cargo ocorreu minutos antes, em sess\u00e3o plen\u00e1ria administrativa do Tribunal, nesta quarta-feira (23\/7)<\/mark><\/strong><\/h3>\n\n\n\n<figure class=\"wp-block-image aligncenter size-full\"><img fetchpriority=\"high\" decoding=\"async\" width=\"799\" height=\"532\" src=\"https:\/\/www.blogsoestado.com\/danielmatos\/wp-content\/uploads\/sites\/2\/2025\/07\/1003056145.jpg\" alt=\"\" class=\"wp-image-146469\" srcset=\"https:\/\/www.blogsoestado.com\/danielmatos\/wp-content\/uploads\/sites\/2\/2025\/07\/1003056145.jpg 799w, https:\/\/www.blogsoestado.com\/danielmatos\/wp-content\/uploads\/sites\/2\/2025\/07\/1003056145-300x200.jpg 300w, https:\/\/www.blogsoestado.com\/danielmatos\/wp-content\/uploads\/sites\/2\/2025\/07\/1003056145-768x511.jpg 768w\" sizes=\"(max-width: 799px) 100vw, 799px\" \/><figcaption class=\"wp-element-caption\">O presidente do Tribunal de Justi\u00e7a do Maranh\u00e3o, desembargador Froz Sobrinho, deu posse ao novo membro da Corte (<strong>Fotos: <\/strong>Ribamar Pinheiro)<\/figcaption><\/figure>\n\n\n\n<p>O presidente do Tribunal de Justi\u00e7a do Maranh\u00e3o, desembargador Froz Sobrinho, deu posse, nesta quarta-feira (23\/7), a Jos\u00e9 Eul\u00e1lio Figueiredo de Almeida, no cargo de desembargador, na Sala das Sess\u00f5es Plen\u00e1rias do TJMA. O acesso ao cargo, pelo crit\u00e9rio de antiguidade, ocorreu minutos antes, em sess\u00e3o plen\u00e1ria administrativa, para preenchimento da vaga aberta em raz\u00e3o da aposentadoria volunt\u00e1ria da desembargadora Oriana Gomes.<\/p>\n\n\n\n<p>O novo integrante da Corte teve seu nome aprovado em vota\u00e7\u00e3o por unanimidade e foi, posteriormente, aclamado por todos os desembargadores e todas as desembargadoras que participaram da sess\u00e3o.&nbsp;<\/p>\n\n\n\n<p>\u201cEstou muito feliz, porque eu substituo, nesta Corte, neste egr\u00e9gio Tribunal, uma grande mulher, a desembargadora Oriana Gomes, mulher trabalhadeira, lutadora, excelente magistrada, que desenvolveu, durante v\u00e1rios anos, um brilhante papel na magistratura\u201d, agradeceu e elogiou Eul\u00e1lio Figueiredo, que ainda citou o fato de ela ser professora da Universidade Federal do Maranh\u00e3o, a exemplo dele, que trabalha h\u00e1 39 anos na UFMA.<\/p>\n\n\n\n<p>\u201cSeja bem-vindo, desembargador Eul\u00e1lio. Eu vou pedir autoriza\u00e7\u00e3o de vossas excel\u00eancias para que a gente possa saud\u00e1-lo com uma salva de palmas, porque Vossa Excel\u00eancia merece\u201d, disse o desembargador Froz Sobrinho, seguido de palmas de um plen\u00e1rio lotado.<\/p>\n\n\n\n<p>Anteriormente titular da 8\u00aa Vara C\u00edvel de S\u00e3o Lu\u00eds, Eul\u00e1lio Figueiredo era o mais antigo entre os ju\u00edzes e as ju\u00edzas de entr\u00e2ncia final, com mais de dois anos na entr\u00e2ncia final, condi\u00e7\u00e3o para inscri\u00e7\u00e3o estabelecida pelo Regimento Interno do Tribunal para o acesso.<\/p>\n\n\n\n<p><strong>VOTA\u00c7\u00c3O<\/strong><\/p>\n\n\n\n<p>Antes da vota\u00e7\u00e3o, o presidente do TJMA passou a palavra ao relator e corregedor-geral da Justi\u00e7a, desembargador Jos\u00e9 Luiz&nbsp;Almeida, que reiterou sua manifesta\u00e7\u00e3o favor\u00e1vel pelo acesso de Eul\u00e1lio Figueiredo ao cargo.<\/p>\n\n\n\n<figure class=\"wp-block-image aligncenter size-full\"><img decoding=\"async\" width=\"800\" height=\"533\" src=\"https:\/\/www.blogsoestado.com\/danielmatos\/wp-content\/uploads\/sites\/2\/2025\/07\/1003056152-1.jpg\" alt=\"\" class=\"wp-image-146471\" srcset=\"https:\/\/www.blogsoestado.com\/danielmatos\/wp-content\/uploads\/sites\/2\/2025\/07\/1003056152-1.jpg 800w, https:\/\/www.blogsoestado.com\/danielmatos\/wp-content\/uploads\/sites\/2\/2025\/07\/1003056152-1-300x200.jpg 300w, https:\/\/www.blogsoestado.com\/danielmatos\/wp-content\/uploads\/sites\/2\/2025\/07\/1003056152-1-768x512.jpg 768w\" sizes=\"(max-width: 800px) 100vw, 800px\" \/><figcaption class=\"wp-element-caption\">Primo e, agora, colega de Corte de Eul\u00e1lio Figueiredo, o desembargador Joaquim Figueiredo fez a sauda\u00e7\u00e3o ao novo membro do TJMA em nome de toda a Corte<\/figcaption><\/figure>\n\n\n\n<p>Em seguida, o procurador-geral de justi\u00e7a em exerc\u00edcio, Orfileno Bezerra Neto, representando o procurador-geral de justi\u00e7a do Estado, Danilo Ferreira, saudou o novo desembargador.<\/p>\n\n\n\n<p>\u201cTrata-se de um momento que consagra uma trajet\u00f3ria constru\u00edda com seriedade, equil\u00edbrio e dedica\u00e7\u00e3o \u00e0 magistratura. O ingresso nesta Corte \u00e9, ao mesmo tempo, reconhecimento e responsabilidade. E n\u00e3o h\u00e1 d\u00favida de que Vossa Excel\u00eancia re\u00fane as qualidades necess\u00e1rias ao bom exerc\u00edcio da judicatura, em seu mais alto grau no \u00e2mbito estadual\u201d, frisou Orfileno Neto.<\/p>\n\n\n\n<p>Primo e, agora, colega de Corte de Eul\u00e1lio Figueiredo, a exemplo do seu irm\u00e3o, desembargador Jos\u00e9 Jorge Figueiredo, o desembargador Joaquim Figueiredo representou todos os desembargadores e todas as desembargadoras na sauda\u00e7\u00e3o ao novo membro do TJMA.<\/p>\n\n\n\n<p>\u201cVossa Excel\u00eancia venha para c\u00e1, trazendo sempre os melhores prop\u00f3sitos, porque a sociedade est\u00e1 a lhe aguardar para que desenvolva, juntamente com os integrantes deste sodal\u00edcio, uma justi\u00e7a c\u00e9lere, sempre pautada na justeza, no respeito \u00e0queles jurisdicionados que batem aos cancelos do nosso Tribunal\u201d, iniciou.<\/p>\n\n\n\n<p>Emocionado, Joaquim Figueiredo disse ser uma felicidade dupla, receber Eul\u00e1lio Figueiredo como magistrado e como parente. Lembrou de conversas em fam\u00edlia, da mesma origem, no munic\u00edpio de S\u00e3o Jo\u00e3o Batista, na Baixada Maranhense, e falou das qualidades do novo desembargador, ao ingressar no TJMA.<\/p>\n\n\n\n<p>\u201cO faz pelo seu conhecimento, a cogni\u00e7\u00e3o dos trabalhos desenvolvidos nas unidades jurisdicionais onde Vossa Excel\u00eancia trabalhou como magistrado, n\u00e3o s\u00f3 aplicando o direito, mas convivendo em sociedade\u201d, elogiou Joaquim Figueiredo.<\/p>\n\n\n\n<p><strong>POSSE<\/strong><\/p>\n\n\n\n<p>O agora desembargador Eul\u00e1lio Figueiredo fez o juramento e assinou o termo de compromisso, posse e exerc\u00edcio, ao lado do presidente do TJMA, ap\u00f3s a leitura feita pela diretora-geral do Tribunal, ju\u00edza Ticiany Gedeon Pal\u00e1cio.<\/p>\n\n\n\n<figure class=\"wp-block-image aligncenter size-full\"><img decoding=\"async\" width=\"799\" height=\"532\" src=\"https:\/\/www.blogsoestado.com\/danielmatos\/wp-content\/uploads\/sites\/2\/2025\/07\/1003056185.jpg\" alt=\"\" class=\"wp-image-146472\" srcset=\"https:\/\/www.blogsoestado.com\/danielmatos\/wp-content\/uploads\/sites\/2\/2025\/07\/1003056185.jpg 799w, https:\/\/www.blogsoestado.com\/danielmatos\/wp-content\/uploads\/sites\/2\/2025\/07\/1003056185-300x200.jpg 300w, https:\/\/www.blogsoestado.com\/danielmatos\/wp-content\/uploads\/sites\/2\/2025\/07\/1003056185-768x511.jpg 768w\" sizes=\"(max-width: 799px) 100vw, 799px\" \/><figcaption class=\"wp-element-caption\">Em seu breve discurso, iniciou homenageando seu pai, Raimundo; sua m\u00e3e, Gilda; e a esposa Marlourdes, j\u00e1 falecidas, al\u00e9m dos parentes presentes, alunos, alunas da UFMA e autoridades<\/figcaption><\/figure>\n\n\n\n<p>Em seu breve discurso, iniciou homenageando seu pai, Raimundo; sua m\u00e3e, Gilda; e a esposa Marlourdes &#8211;&nbsp;pessoas essas j\u00e1 falecidas &#8211;&nbsp;al\u00e9m dos parentes presentes, alunos, alunas da UFMA e autoridades.&nbsp;<\/p>\n\n\n\n<p>\u201cFui votado pelos senhores, mas alguns desembargadores utilizaram a express\u00e3o aclamar. Aclamar \u00e9 verbo transitivo direto, que diz: reconhecer um merecimento, um m\u00e9rito de algu\u00e9m. Ent\u00e3o, o acesso por antiguidade, tamb\u00e9m, \u00e9 o melhor m\u00e9rito\u201d, enfatizou.<\/p>\n\n\n\n<p>\u201cAgrade\u00e7o a todos os desembargadores que estiveram aqui presencialmente ou por videoconfer\u00eancia. Um beijo no cora\u00e7\u00e3o de todos voc\u00eas, um abra\u00e7o. Estou aqui em paz, chego em paz, e o meu objetivo, aqui, \u00e9 aprender com voc\u00eas e dar a minha contribui\u00e7\u00e3o no momento que for necess\u00e1rio\u201d, finalizou Eul\u00e1lio Figueiredo.<\/p>\n\n\n\n<p>Participaram da sess\u00e3o de acesso e posse do desembargador Eul\u00e1lio Figueiredo, quatro irm\u00e3os, uma irm\u00e3, as filhas Emanuele e Ana Carolina, os filhos Artur e Lu\u00eds Henrique; netos e outros parentes, amigos, amigas, servidores e servidoras do Judici\u00e1rio, alunos e alunas da UFMA.<\/p>\n\n\n\n<p>Tamb\u00e9m prestigiaram o evento, o procurador-geral do Estado, Vald\u00eanio Caminha; o presidente da OAB\/MA, Kaio Vyctor Saraiva Cruz; a desembargadora aposentada Oriana Gomes, o desembargador aposentado Batista de Souza, entre outros\/as.<\/p>\n\n\n\n<p><strong>CURR\u00cdCULO<\/strong><\/p>\n\n\n\n<p>Jos\u00e9 Eul\u00e1lio Figueiredo de Almeida, 65 anos, \u00e9 natural de S\u00e3o Jo\u00e3o Batista, na Baixada Maranhense. Tem quatro filhos e seis netos. Foi aprovado em primeiro lugar no concurso para o cargo de juiz de direito no Maranh\u00e3o, em 1991. Trabalhou nas comarcas de Parnarama, Lago da Pedra, S\u00e3o Jos\u00e9 de Ribamar e Cod\u00f3, antes de chegar a S\u00e3o Lu\u00eds. Foi juiz coordenador dos Juizados Especiais, juiz auxiliar da Presid\u00eancia do TJMA e professor da Escola Superior da Magistratura do Estado do Maranh\u00e3o (Esmam).<\/p>\n\n\n\n<figure class=\"wp-block-image aligncenter size-full\"><img loading=\"lazy\" decoding=\"async\" width=\"800\" height=\"533\" src=\"https:\/\/www.blogsoestado.com\/danielmatos\/wp-content\/uploads\/sites\/2\/2025\/07\/1003056207.jpg\" alt=\"\" class=\"wp-image-146473\" srcset=\"https:\/\/www.blogsoestado.com\/danielmatos\/wp-content\/uploads\/sites\/2\/2025\/07\/1003056207.jpg 800w, https:\/\/www.blogsoestado.com\/danielmatos\/wp-content\/uploads\/sites\/2\/2025\/07\/1003056207-300x200.jpg 300w, https:\/\/www.blogsoestado.com\/danielmatos\/wp-content\/uploads\/sites\/2\/2025\/07\/1003056207-768x512.jpg 768w\" sizes=\"(max-width: 800px) 100vw, 800px\" \/><figcaption class=\"wp-element-caption\">O agora desembargador Eul\u00e1lio Figueiredo fez o juramento e assinou o termo de compromisso, posse e exerc\u00edcio<\/figcaption><\/figure>\n\n\n\n<p>Ainda na \u00e1rea magistratura, foi juiz eleitoral nas comarcas em que foi titular, integrou o Tribunal Regional Eleitoral do Maranh\u00e3o como membro titular e foi diretor do F\u00f3rum Eleitoral de S\u00e3o Lu\u00eds.<\/p>\n\n\n\n<p>\u00c9 membro da Academia Maranhense de Letras Jur\u00eddicas e tem no curr\u00edculo os cargos e t\u00edtulos de professor de Direito Processual Penal da Universidade Federal do Maranh\u00e3o (UFMA); especializa\u00e7\u00e3o em Processo Civil pela Universidade Federal de Pernambuco; especializa\u00e7\u00e3o em Ci\u00eancias Criminais pelo Uniceuma; doutor em Direito e Ci\u00eancias Sociais pela Universidad del Museo Social Argentino (UMSA).<\/p>\n\n\n\n<p>O magistrado \u00e9 autor de diversos artigos e livros, como \u201cSenten\u00e7a Penal\u201d, &nbsp;\u201cO Crime do Desembargador Pontes Visgueiro\u201d, \u201cO Crime da Baronesa\u201d, \u201cSuspens\u00e3o do Processo e da Prescri\u00e7\u00e3o Penal\u201d, \u201cDecis\u00f5es Administrativas\u201d e \u201cProcesso das Formigas\u201d, dentre outros.<\/p>\n\n\n\n<p>O novo desembargador do TJMA \u00e9 tamb\u00e9m autor de poemas, pe\u00e7as de teatro e compositor.<\/p>\n","protected":false},"excerpt":{"rendered":"<p>Acesso ao cargo ocorreu minutos antes, em sess\u00e3o plen\u00e1ria administrativa do Tribunal, nesta quarta-feira (23\/7) O presidente do Tribunal de [&hellip;]<\/p>\n","protected":false},"author":2,"featured_media":0,"comment_status":"open","ping_status":"open","sticky":false,"template":"","format":"standard","meta":{"site-sidebar-layout":"default","site-content-layout":"","ast-site-content-layout":"default","site-content-style":"default","site-sidebar-style":"default","ast-global-header-display":"","ast-banner-title-visibility":"","ast-main-header-display":"","ast-hfb-above-header-display":"","ast-hfb-below-header-display":"","ast-hfb-mobile-header-display":"","site-post-title":"","ast-breadcrumbs-content":"","ast-featured-img":"","footer-sml-layout":"","ast-disable-related-posts":"","theme-transparent-header-meta":"","adv-header-id-meta":"","stick-header-meta":"","header-above-stick-meta":"","header-main-stick-meta":"","header-below-stick-meta":"","astra-migrate-meta-layouts":"default","ast-page-background-enabled":"default","ast-page-background-meta":{"desktop":{"background-color":"var(--ast-global-color-5)","background-image":"","background-repeat":"repeat","background-position":"center center","background-size":"auto","background-attachment":"scroll","background-type":"","background-media":"","overlay-type":"","overlay-color":"","overlay-opacity":"","overlay-gradient":""},"tablet":{"background-color":"","background-image":"","background-repeat":"repeat","background-position":"center center","background-size":"auto","background-attachment":"scroll","background-type":"","background-media":"","overlay-type":"","overlay-color":"","overlay-opacity":"","overlay-gradient":""},"mobile":{"background-color":"","background-image":"","background-repeat":"repeat","background-position":"center center","background-size":"auto","background-attachment":"scroll","background-type":"","background-media":"","overlay-type":"","overlay-color":"","overlay-opacity":"","overlay-gradient":""}},"ast-content-background-meta":{"desktop":{"background-color":"var(--ast-global-color-4)","background-image":"","background-repeat":"repeat","background-position":"center center","background-size":"auto","background-attachment":"scroll","background-type":"","background-media":"","overlay-type":"","overlay-color":"","overlay-opacity":"","overlay-gradient":""},"tablet":{"background-color":"var(--ast-global-color-4)","background-image":"","background-repeat":"repeat","background-position":"center center","background-size":"auto","background-attachment":"scroll","background-type":"","background-media":"","overlay-type":"","overlay-color":"","overlay-opacity":"","overlay-gradient":""},"mobile":{"background-color":"var(--ast-global-color-4)","background-image":"","background-repeat":"repeat","background-position":"center center","background-size":"auto","background-attachment":"scroll","background-type":"","background-media":"","overlay-type":"","overlay-color":"","overlay-opacity":"","overlay-gradient":""}},"footnotes":""},"categories":[1],"tags":[],"class_list":["post-146468","post","type-post","status-publish","format-standard","hentry","category-sem-categoria"],"yoast_head":"<!-- This site is optimized with the Yoast SEO plugin v26.6 - https:\/\/yoast.com\/wordpress\/plugins\/seo\/ -->\n<title>Eul\u00e1lio Figueiredo toma posse como desembargador do TJMA - Daniel Matos<\/title>\n<meta name=\"robots\" content=\"index, follow, max-snippet:-1, max-image-preview:large, max-video-preview:-1\" \/>\n<link rel=\"canonical\" href=\"https:\/\/www.blogsoestado.com\/danielmatos\/eulalio-figueiredo-toma-posse-como-desembargador-do-tjma\/\" \/>\n<meta property=\"og:locale\" content=\"pt_BR\" \/>\n<meta property=\"og:type\" content=\"article\" \/>\n<meta property=\"og:title\" content=\"Eul\u00e1lio Figueiredo toma posse como desembargador do TJMA - Daniel Matos\" \/>\n<meta property=\"og:description\" content=\"Acesso ao cargo ocorreu minutos antes, em sess\u00e3o plen\u00e1ria administrativa do Tribunal, nesta quarta-feira (23\/7) O presidente do Tribunal de [&hellip;]\" \/>\n<meta property=\"og:url\" content=\"https:\/\/www.blogsoestado.com\/danielmatos\/eulalio-figueiredo-toma-posse-como-desembargador-do-tjma\/\" \/>\n<meta property=\"og:site_name\" content=\"Daniel Matos\" \/>\n<meta property=\"article:published_time\" content=\"2025-07-23T16:18:37+00:00\" \/>\n<meta property=\"article:modified_time\" content=\"2025-07-23T16:18:40+00:00\" \/>\n<meta property=\"og:image\" content=\"https:\/\/www.blogsoestado.com\/danielmatos\/wp-content\/uploads\/sites\/2\/2025\/07\/1003056145.jpg\" \/>\n\t<meta property=\"og:image:width\" content=\"799\" \/>\n\t<meta property=\"og:image:height\" content=\"532\" \/>\n\t<meta property=\"og:image:type\" content=\"image\/jpeg\" \/>\n<meta name=\"author\" content=\"Daniel Matos\" \/>\n<meta name=\"twitter:card\" content=\"summary_large_image\" \/>\n<meta name=\"twitter:label1\" content=\"Escrito por\" \/>\n\t<meta name=\"twitter:data1\" content=\"Daniel Matos\" \/>\n\t<meta name=\"twitter:label2\" content=\"Est. tempo de leitura\" \/>\n\t<meta name=\"twitter:data2\" content=\"7 minutos\" \/>\n<script type=\"application\/ld+json\" class=\"yoast-schema-graph\">{\"@context\":\"https:\/\/schema.org\",\"@graph\":[{\"@type\":\"WebPage\",\"@id\":\"https:\/\/www.blogsoestado.com\/danielmatos\/eulalio-figueiredo-toma-posse-como-desembargador-do-tjma\/\",\"url\":\"https:\/\/www.blogsoestado.com\/danielmatos\/eulalio-figueiredo-toma-posse-como-desembargador-do-tjma\/\",\"name\":\"Eul\u00e1lio Figueiredo toma posse como desembargador do TJMA - Daniel Matos\",\"isPartOf\":{\"@id\":\"https:\/\/www.blogsoestado.com\/danielmatos\/#website\"},\"primaryImageOfPage\":{\"@id\":\"https:\/\/www.blogsoestado.com\/danielmatos\/eulalio-figueiredo-toma-posse-como-desembargador-do-tjma\/#primaryimage\"},\"image\":{\"@id\":\"https:\/\/www.blogsoestado.com\/danielmatos\/eulalio-figueiredo-toma-posse-como-desembargador-do-tjma\/#primaryimage\"},\"thumbnailUrl\":\"https:\/\/www.blogsoestado.com\/danielmatos\/wp-content\/uploads\/sites\/2\/2025\/07\/1003056145.jpg\",\"datePublished\":\"2025-07-23T16:18:37+00:00\",\"dateModified\":\"2025-07-23T16:18:40+00:00\",\"author\":{\"@id\":\"https:\/\/www.blogsoestado.com\/danielmatos\/#\/schema\/person\/9a209d407cd45631f131e1285b661bb0\"},\"breadcrumb\":{\"@id\":\"https:\/\/www.blogsoestado.com\/danielmatos\/eulalio-figueiredo-toma-posse-como-desembargador-do-tjma\/#breadcrumb\"},\"inLanguage\":\"pt-BR\",\"potentialAction\":[{\"@type\":\"ReadAction\",\"target\":[\"https:\/\/www.blogsoestado.com\/danielmatos\/eulalio-figueiredo-toma-posse-como-desembargador-do-tjma\/\"]}]},{\"@type\":\"ImageObject\",\"inLanguage\":\"pt-BR\",\"@id\":\"https:\/\/www.blogsoestado.com\/danielmatos\/eulalio-figueiredo-toma-posse-como-desembargador-do-tjma\/#primaryimage\",\"url\":\"https:\/\/www.blogsoestado.com\/danielmatos\/wp-content\/uploads\/sites\/2\/2025\/07\/1003056145.jpg\",\"contentUrl\":\"https:\/\/www.blogsoestado.com\/danielmatos\/wp-content\/uploads\/sites\/2\/2025\/07\/1003056145.jpg\",\"width\":799,\"height\":532},{\"@type\":\"BreadcrumbList\",\"@id\":\"https:\/\/www.blogsoestado.com\/danielmatos\/eulalio-figueiredo-toma-posse-como-desembargador-do-tjma\/#breadcrumb\",\"itemListElement\":[{\"@type\":\"ListItem\",\"position\":1,\"name\":\"In\u00edcio\",\"item\":\"https:\/\/www.blogsoestado.com\/danielmatos\/\"},{\"@type\":\"ListItem\",\"position\":2,\"name\":\"Eul\u00e1lio Figueiredo toma posse como desembargador do TJMA\"}]},{\"@type\":\"WebSite\",\"@id\":\"https:\/\/www.blogsoestado.com\/danielmatos\/#website\",\"url\":\"https:\/\/www.blogsoestado.com\/danielmatos\/\",\"name\":\"Daniel Matos\",\"description\":\"\",\"potentialAction\":[{\"@type\":\"SearchAction\",\"target\":{\"@type\":\"EntryPoint\",\"urlTemplate\":\"https:\/\/www.blogsoestado.com\/danielmatos\/?s={search_term_string}\"},\"query-input\":{\"@type\":\"PropertyValueSpecification\",\"valueRequired\":true,\"valueName\":\"search_term_string\"}}],\"inLanguage\":\"pt-BR\"},{\"@type\":\"Person\",\"@id\":\"https:\/\/www.blogsoestado.com\/danielmatos\/#\/schema\/person\/9a209d407cd45631f131e1285b661bb0\",\"name\":\"Daniel Matos\",\"image\":{\"@type\":\"ImageObject\",\"inLanguage\":\"pt-BR\",\"@id\":\"https:\/\/www.blogsoestado.com\/danielmatos\/#\/schema\/person\/image\/\",\"url\":\"https:\/\/secure.gravatar.com\/avatar\/2f26c36ee355da19a257f0dfef43952a2588b324ca35d6719e859fe338ac0392?s=96&d=mm&r=g\",\"contentUrl\":\"https:\/\/secure.gravatar.com\/avatar\/2f26c36ee355da19a257f0dfef43952a2588b324ca35d6719e859fe338ac0392?s=96&d=mm&r=g\",\"caption\":\"Daniel Matos\"},\"url\":\"https:\/\/www.blogsoestado.com\/danielmatos\/author\/danielmatos\/\"}]}<\/script>\n<!-- \/ Yoast SEO plugin. -->","yoast_head_json":{"title":"Eul\u00e1lio Figueiredo toma posse como desembargador do TJMA - Daniel Matos","robots":{"index":"index","follow":"follow","max-snippet":"max-snippet:-1","max-image-preview":"max-image-preview:large","max-video-preview":"max-video-preview:-1"},"canonical":"https:\/\/www.blogsoestado.com\/danielmatos\/eulalio-figueiredo-toma-posse-como-desembargador-do-tjma\/","og_locale":"pt_BR","og_type":"article","og_title":"Eul\u00e1lio Figueiredo toma posse como desembargador do TJMA - Daniel Matos","og_description":"Acesso ao cargo ocorreu minutos antes, em sess\u00e3o plen\u00e1ria administrativa do Tribunal, nesta quarta-feira (23\/7) O presidente do Tribunal de [&hellip;]","og_url":"https:\/\/www.blogsoestado.com\/danielmatos\/eulalio-figueiredo-toma-posse-como-desembargador-do-tjma\/","og_site_name":"Daniel Matos","article_published_time":"2025-07-23T16:18:37+00:00","article_modified_time":"2025-07-23T16:18:40+00:00","og_image":[{"width":799,"height":532,"url":"https:\/\/www.blogsoestado.com\/danielmatos\/wp-content\/uploads\/sites\/2\/2025\/07\/1003056145.jpg","type":"image\/jpeg"}],"author":"Daniel Matos","twitter_card":"summary_large_image","twitter_misc":{"Escrito por":"Daniel Matos","Est. tempo de leitura":"7 minutos"},"schema":{"@context":"https:\/\/schema.org","@graph":[{"@type":"WebPage","@id":"https:\/\/www.blogsoestado.com\/danielmatos\/eulalio-figueiredo-toma-posse-como-desembargador-do-tjma\/","url":"https:\/\/www.blogsoestado.com\/danielmatos\/eulalio-figueiredo-toma-posse-como-desembargador-do-tjma\/","name":"Eul\u00e1lio Figueiredo toma posse como desembargador do TJMA - Daniel Matos","isPartOf":{"@id":"https:\/\/www.blogsoestado.com\/danielmatos\/#website"},"primaryImageOfPage":{"@id":"https:\/\/www.blogsoestado.com\/danielmatos\/eulalio-figueiredo-toma-posse-como-desembargador-do-tjma\/#primaryimage"},"image":{"@id":"https:\/\/www.blogsoestado.com\/danielmatos\/eulalio-figueiredo-toma-posse-como-desembargador-do-tjma\/#primaryimage"},"thumbnailUrl":"https:\/\/www.blogsoestado.com\/danielmatos\/wp-content\/uploads\/sites\/2\/2025\/07\/1003056145.jpg","datePublished":"2025-07-23T16:18:37+00:00","dateModified":"2025-07-23T16:18:40+00:00","author":{"@id":"https:\/\/www.blogsoestado.com\/danielmatos\/#\/schema\/person\/9a209d407cd45631f131e1285b661bb0"},"breadcrumb":{"@id":"https:\/\/www.blogsoestado.com\/danielmatos\/eulalio-figueiredo-toma-posse-como-desembargador-do-tjma\/#breadcrumb"},"inLanguage":"pt-BR","potentialAction":[{"@type":"ReadAction","target":["https:\/\/www.blogsoestado.com\/danielmatos\/eulalio-figueiredo-toma-posse-como-desembargador-do-tjma\/"]}]},{"@type":"ImageObject","inLanguage":"pt-BR","@id":"https:\/\/www.blogsoestado.com\/danielmatos\/eulalio-figueiredo-toma-posse-como-desembargador-do-tjma\/#primaryimage","url":"https:\/\/www.blogsoestado.com\/danielmatos\/wp-content\/uploads\/sites\/2\/2025\/07\/1003056145.jpg","contentUrl":"https:\/\/www.blogsoestado.com\/danielmatos\/wp-content\/uploads\/sites\/2\/2025\/07\/1003056145.jpg","width":799,"height":532},{"@type":"BreadcrumbList","@id":"https:\/\/www.blogsoestado.com\/danielmatos\/eulalio-figueiredo-toma-posse-como-desembargador-do-tjma\/#breadcrumb","itemListElement":[{"@type":"ListItem","position":1,"name":"In\u00edcio","item":"https:\/\/www.blogsoestado.com\/danielmatos\/"},{"@type":"ListItem","position":2,"name":"Eul\u00e1lio Figueiredo toma posse como desembargador do TJMA"}]},{"@type":"WebSite","@id":"https:\/\/www.blogsoestado.com\/danielmatos\/#website","url":"https:\/\/www.blogsoestado.com\/danielmatos\/","name":"Daniel Matos","description":"","potentialAction":[{"@type":"SearchAction","target":{"@type":"EntryPoint","urlTemplate":"https:\/\/www.blogsoestado.com\/danielmatos\/?s={search_term_string}"},"query-input":{"@type":"PropertyValueSpecification","valueRequired":true,"valueName":"search_term_string"}}],"inLanguage":"pt-BR"},{"@type":"Person","@id":"https:\/\/www.blogsoestado.com\/danielmatos\/#\/schema\/person\/9a209d407cd45631f131e1285b661bb0","name":"Daniel Matos","image":{"@type":"ImageObject","inLanguage":"pt-BR","@id":"https:\/\/www.blogsoestado.com\/danielmatos\/#\/schema\/person\/image\/","url":"https:\/\/secure.gravatar.com\/avatar\/2f26c36ee355da19a257f0dfef43952a2588b324ca35d6719e859fe338ac0392?s=96&d=mm&r=g","contentUrl":"https:\/\/secure.gravatar.com\/avatar\/2f26c36ee355da19a257f0dfef43952a2588b324ca35d6719e859fe338ac0392?s=96&d=mm&r=g","caption":"Daniel Matos"},"url":"https:\/\/www.blogsoestado.com\/danielmatos\/author\/danielmatos\/"}]}},"jetpack_featured_media_url":"","_links":{"self":[{"href":"https:\/\/www.blogsoestado.com\/danielmatos\/wp-json\/wp\/v2\/posts\/146468","targetHints":{"allow":["GET"]}}],"collection":[{"href":"https:\/\/www.blogsoestado.com\/danielmatos\/wp-json\/wp\/v2\/posts"}],"about":[{"href":"https:\/\/www.blogsoestado.com\/danielmatos\/wp-json\/wp\/v2\/types\/post"}],"author":[{"embeddable":true,"href":"https:\/\/www.blogsoestado.com\/danielmatos\/wp-json\/wp\/v2\/users\/2"}],"replies":[{"embeddable":true,"href":"https:\/\/www.blogsoestado.com\/danielmatos\/wp-json\/wp\/v2\/comments?post=146468"}],"version-history":[{"count":1,"href":"https:\/\/www.blogsoestado.com\/danielmatos\/wp-json\/wp\/v2\/posts\/146468\/revisions"}],"predecessor-version":[{"id":146474,"href":"https:\/\/www.blogsoestado.com\/danielmatos\/wp-json\/wp\/v2\/posts\/146468\/revisions\/146474"}],"wp:attachment":[{"href":"https:\/\/www.blogsoestado.com\/danielmatos\/wp-json\/wp\/v2\/media?parent=146468"}],"wp:term":[{"taxonomy":"category","embeddable":true,"href":"https:\/\/www.blogsoestado.com\/danielmatos\/wp-json\/wp\/v2\/categories?post=146468"},{"taxonomy":"post_tag","embeddable":true,"href":"https:\/\/www.blogsoestado.com\/danielmatos\/wp-json\/wp\/v2\/tags?post=146468"}],"curies":[{"name":"wp","href":"https:\/\/api.w.org\/{rel}","templated":true}]}}