{"id":146475,"date":"2025-07-23T14:35:58","date_gmt":"2025-07-23T17:35:58","guid":{"rendered":"https:\/\/www.blogsoestado.com\/danielmatos\/?p=146475"},"modified":"2025-07-23T14:36:01","modified_gmt":"2025-07-23T17:36:01","slug":"cade-fecha-cerco-contra-carteis-no-mercado-de-combustiveis-e-postos-do-maranhao-estao-na-mira","status":"publish","type":"post","link":"https:\/\/www.blogsoestado.com\/danielmatos\/cade-fecha-cerco-contra-carteis-no-mercado-de-combustiveis-e-postos-do-maranhao-estao-na-mira\/","title":{"rendered":"Cade fecha cerco contra carteis no mercado de combust\u00edveis e postos do Maranh\u00e3o est\u00e3o na mira"},"content":{"rendered":"\n<p><strong><mark style=\"color:#cf2e2e\" class=\"has-inline-color\">Estado j\u00e1 foi alvo de fiscaliza\u00e7\u00f5es da autarquia federal, com aplica\u00e7\u00e3o de multas milion\u00e1rias ao setor de revenda de gasolina, etanol e \u00f3leo diesel<\/mark><\/strong><\/p>\n\n\n\n<figure class=\"wp-block-image aligncenter size-full\"><img fetchpriority=\"high\" decoding=\"async\" width=\"768\" height=\"333\" src=\"https:\/\/www.blogsoestado.com\/danielmatos\/wp-content\/uploads\/sites\/2\/2025\/07\/1003057023.png\" alt=\"\" class=\"wp-image-146476\" srcset=\"https:\/\/www.blogsoestado.com\/danielmatos\/wp-content\/uploads\/sites\/2\/2025\/07\/1003057023.png 768w, https:\/\/www.blogsoestado.com\/danielmatos\/wp-content\/uploads\/sites\/2\/2025\/07\/1003057023-300x130.png 300w\" sizes=\"(max-width: 768px) 100vw, 768px\" \/><figcaption class=\"wp-element-caption\">Sede do Conselho Administrativo de Defesa Econ\u00f4mica (Cade), que refor\u00e7ar\u00e1 a atua\u00e7\u00e3o da autarquia na promo\u00e7\u00e3o da livre concorr\u00eancia e na repress\u00e3o de pr\u00e1ticas anticoncorrenciais<\/figcaption><\/figure>\n\n\n\n<p class=\" \">O Conselho Administrativo de Defesa Econ\u00f4mica (Cade) publicou, nesta quarta-feira (23\/7), portaria que define o mercado de combust\u00edveis como priorit\u00e1rio para os\u00a0pr\u00f3ximos dois anos.\u00a0A iniciativa busca refor\u00e7ar a atua\u00e7\u00e3o da autarquia na promo\u00e7\u00e3o da livre concorr\u00eancia e na repress\u00e3o de pr\u00e1ticas anticoncorrenciais nesse setor estrat\u00e9gico para a economia brasileira e o bem-estar do consumidor.\u00a0O <strong>Maranh\u00e3o<\/strong>, que j\u00e1 foi alvo de finaliza\u00e7\u00f5es, com aplica\u00e7\u00e3o de multas milion\u00e1rias ap\u00f3s ser constatada a forma\u00e7\u00e3o de carteis por donos de posta de revenda de gasolina, etanol e \u00f3leo diesel, segue na mira do conselho.<\/p>\n\n\n\n<p class=\" \">A medida estabelece uma s\u00e9rie de a\u00e7\u00f5es coordenadas que envolvem a Superintend\u00eancia-Geral do Cade (SG\/Cade), o Departamento de Estudos Econ\u00f4micos (DEE), \u00e1reas t\u00e9cnicas e de apoio do \u00f3rg\u00e3o antitruste.&nbsp;&nbsp;<\/p>\n\n\n\n<p class=\" \">Entre os principais pontos est\u00e3o o fortalecimento de investiga\u00e7\u00f5es sobre cart\u00e9is e pr\u00e1ticas colusivas, a atualiza\u00e7\u00e3o de estudos econom\u00e9tricos e de advocacia da concorr\u00eancia, o compartilhamento de dados com&nbsp;a Pol\u00edcia Federal (PF),&nbsp;a&nbsp;Advocacia-Geral da Uni\u00e3o (AGU),&nbsp;o Minist\u00e9rio de Minas e Energia (MME)&nbsp;e a realiza\u00e7\u00e3o de uma audi\u00eancia p\u00fablica sobre o tema ainda em 2025.&nbsp;&nbsp;<\/p>\n\n\n\n<p class=\" \">Para o presidente Gustavo Augusto, o&nbsp;mercado de&nbsp;combust\u00edveis tem impacto direto no bolso dos brasileiros, em toda a cadeia produtiva&nbsp;e na competitividade da nossa economia.&nbsp;\u201cAo promover&nbsp;essas a\u00e7\u00f5es, o&nbsp;Cade&nbsp;reafirma seu compromisso com a escuta ativa da sociedade e de institui\u00e7\u00f5es parceiras para intensificar a investiga\u00e7\u00e3o e o combate a poss\u00edveis cart\u00e9is no setor de combust\u00edveis, contribuindo para um ambiente econ\u00f4mico mais competitivo\u201d, afirma.&nbsp;<\/p>\n\n\n\n<p class=\" \">A atua\u00e7\u00e3o do Cade&nbsp;nesse&nbsp;setor j\u00e1 resultou em importantes decis\u00f5es. Em julho, o Tribunal condenou sete redes de postos de combust\u00edveis atuantes no Distrito Federal e entorno por forma\u00e7\u00e3o de cartel, com aplica\u00e7\u00e3o de multas que somam cerca de R$ 155 milh\u00f5es.&nbsp;&nbsp;<\/p>\n\n\n\n<p class=\" \">Em 2017, a autarquia tamb\u00e9m celebrou um&nbsp;Termo de&nbsp;Compromisso de&nbsp;Cessa\u00e7\u00e3o (TCC) com empresas e pessoas f\u00edsicas do setor, resultando em uma contribui\u00e7\u00e3o superior a R$ 90 milh\u00f5es e a ado\u00e7\u00e3o de medidas estruturais para garantir maior competitividade no mercado.&nbsp;<\/p>\n\n\n\n<p class=\" \">Casos semelhantes tamb\u00e9m j\u00e1 foram identificados e\u00a0condenados\u00a0pelo Cade em estados como Esp\u00edrito Santo,\u00a0<strong>Maranh\u00e3o<\/strong>, Amazonas, S\u00e3o Paulo, Santa Catarina, Rio Grande do Sul, Paran\u00e1 e Piau\u00ed.\u00a0<\/p>\n\n\n\n<p class=\" \">Desde 2013, o Cade julgou 26 casos de cartel em combust\u00edveis. Em 18 deles, houve condena\u00e7\u00e3o e aplica\u00e7\u00e3o de R$ 755,7 milh\u00f5es em multas.<\/p>\n","protected":false},"excerpt":{"rendered":"<p>Estado j\u00e1 foi alvo de fiscaliza\u00e7\u00f5es da autarquia federal, com aplica\u00e7\u00e3o de multas milion\u00e1rias ao setor de revenda de gasolina, [&hellip;]<\/p>\n","protected":false},"author":2,"featured_media":0,"comment_status":"open","ping_status":"open","sticky":false,"template":"","format":"standard","meta":{"site-sidebar-layout":"default","site-content-layout":"","ast-site-content-layout":"default","site-content-style":"default","site-sidebar-style":"default","ast-global-header-display":"","ast-banner-title-visibility":"","ast-main-header-display":"","ast-hfb-above-header-display":"","ast-hfb-below-header-display":"","ast-hfb-mobile-header-display":"","site-post-title":"","ast-breadcrumbs-content":"","ast-featured-img":"","footer-sml-layout":"","ast-disable-related-posts":"","theme-transparent-header-meta":"","adv-header-id-meta":"","stick-header-meta":"","header-above-stick-meta":"","header-main-stick-meta":"","header-below-stick-meta":"","astra-migrate-meta-layouts":"default","ast-page-background-enabled":"default","ast-page-background-meta":{"desktop":{"background-color":"var(--ast-global-color-5)","background-image":"","background-repeat":"repeat","background-position":"center center","background-size":"auto","background-attachment":"scroll","background-type":"","background-media":"","overlay-type":"","overlay-color":"","overlay-opacity":"","overlay-gradient":""},"tablet":{"background-color":"","background-image":"","background-repeat":"repeat","background-position":"center center","background-size":"auto","background-attachment":"scroll","background-type":"","background-media":"","overlay-type":"","overlay-color":"","overlay-opacity":"","overlay-gradient":""},"mobile":{"background-color":"","background-image":"","background-repeat":"repeat","background-position":"center center","background-size":"auto","background-attachment":"scroll","background-type":"","background-media":"","overlay-type":"","overlay-color":"","overlay-opacity":"","overlay-gradient":""}},"ast-content-background-meta":{"desktop":{"background-color":"var(--ast-global-color-4)","background-image":"","background-repeat":"repeat","background-position":"center center","background-size":"auto","background-attachment":"scroll","background-type":"","background-media":"","overlay-type":"","overlay-color":"","overlay-opacity":"","overlay-gradient":""},"tablet":{"background-color":"var(--ast-global-color-4)","background-image":"","background-repeat":"repeat","background-position":"center center","background-size":"auto","background-attachment":"scroll","background-type":"","background-media":"","overlay-type":"","overlay-color":"","overlay-opacity":"","overlay-gradient":""},"mobile":{"background-color":"var(--ast-global-color-4)","background-image":"","background-repeat":"repeat","background-position":"center center","background-size":"auto","background-attachment":"scroll","background-type":"","background-media":"","overlay-type":"","overlay-color":"","overlay-opacity":"","overlay-gradient":""}},"footnotes":""},"categories":[1],"tags":[],"class_list":["post-146475","post","type-post","status-publish","format-standard","hentry","category-sem-categoria"],"yoast_head":"<!-- This site is optimized with the Yoast SEO plugin v26.6 - https:\/\/yoast.com\/wordpress\/plugins\/seo\/ -->\n<title>Cade fecha cerco contra carteis no mercado de combust\u00edveis e postos do Maranh\u00e3o est\u00e3o na mira - Daniel Matos<\/title>\n<meta name=\"robots\" content=\"index, follow, max-snippet:-1, max-image-preview:large, max-video-preview:-1\" \/>\n<link rel=\"canonical\" href=\"https:\/\/www.blogsoestado.com\/danielmatos\/cade-fecha-cerco-contra-carteis-no-mercado-de-combustiveis-e-postos-do-maranhao-estao-na-mira\/\" \/>\n<meta property=\"og:locale\" content=\"pt_BR\" \/>\n<meta property=\"og:type\" content=\"article\" \/>\n<meta property=\"og:title\" content=\"Cade fecha cerco contra carteis no mercado de combust\u00edveis e postos do Maranh\u00e3o est\u00e3o na mira - Daniel Matos\" \/>\n<meta property=\"og:description\" content=\"Estado j\u00e1 foi alvo de fiscaliza\u00e7\u00f5es da autarquia federal, com aplica\u00e7\u00e3o de multas milion\u00e1rias ao setor de revenda de gasolina, [&hellip;]\" \/>\n<meta property=\"og:url\" content=\"https:\/\/www.blogsoestado.com\/danielmatos\/cade-fecha-cerco-contra-carteis-no-mercado-de-combustiveis-e-postos-do-maranhao-estao-na-mira\/\" \/>\n<meta property=\"og:site_name\" content=\"Daniel Matos\" \/>\n<meta property=\"article:published_time\" content=\"2025-07-23T17:35:58+00:00\" \/>\n<meta property=\"article:modified_time\" content=\"2025-07-23T17:36:01+00:00\" \/>\n<meta property=\"og:image\" content=\"https:\/\/www.blogsoestado.com\/danielmatos\/wp-content\/uploads\/sites\/2\/2025\/07\/1003057023.png\" \/>\n\t<meta property=\"og:image:width\" content=\"768\" \/>\n\t<meta property=\"og:image:height\" content=\"333\" \/>\n\t<meta property=\"og:image:type\" content=\"image\/png\" \/>\n<meta name=\"author\" content=\"Daniel Matos\" \/>\n<meta name=\"twitter:card\" content=\"summary_large_image\" \/>\n<meta name=\"twitter:label1\" content=\"Escrito por\" \/>\n\t<meta name=\"twitter:data1\" content=\"Daniel Matos\" \/>\n\t<meta name=\"twitter:label2\" content=\"Est. tempo de leitura\" \/>\n\t<meta name=\"twitter:data2\" content=\"3 minutos\" \/>\n<script type=\"application\/ld+json\" class=\"yoast-schema-graph\">{\"@context\":\"https:\/\/schema.org\",\"@graph\":[{\"@type\":\"WebPage\",\"@id\":\"https:\/\/www.blogsoestado.com\/danielmatos\/cade-fecha-cerco-contra-carteis-no-mercado-de-combustiveis-e-postos-do-maranhao-estao-na-mira\/\",\"url\":\"https:\/\/www.blogsoestado.com\/danielmatos\/cade-fecha-cerco-contra-carteis-no-mercado-de-combustiveis-e-postos-do-maranhao-estao-na-mira\/\",\"name\":\"Cade fecha cerco contra carteis no mercado de combust\u00edveis e postos do Maranh\u00e3o est\u00e3o na mira - Daniel Matos\",\"isPartOf\":{\"@id\":\"https:\/\/www.blogsoestado.com\/danielmatos\/#website\"},\"primaryImageOfPage\":{\"@id\":\"https:\/\/www.blogsoestado.com\/danielmatos\/cade-fecha-cerco-contra-carteis-no-mercado-de-combustiveis-e-postos-do-maranhao-estao-na-mira\/#primaryimage\"},\"image\":{\"@id\":\"https:\/\/www.blogsoestado.com\/danielmatos\/cade-fecha-cerco-contra-carteis-no-mercado-de-combustiveis-e-postos-do-maranhao-estao-na-mira\/#primaryimage\"},\"thumbnailUrl\":\"https:\/\/www.blogsoestado.com\/danielmatos\/wp-content\/uploads\/sites\/2\/2025\/07\/1003057023.png\",\"datePublished\":\"2025-07-23T17:35:58+00:00\",\"dateModified\":\"2025-07-23T17:36:01+00:00\",\"author\":{\"@id\":\"https:\/\/www.blogsoestado.com\/danielmatos\/#\/schema\/person\/9a209d407cd45631f131e1285b661bb0\"},\"breadcrumb\":{\"@id\":\"https:\/\/www.blogsoestado.com\/danielmatos\/cade-fecha-cerco-contra-carteis-no-mercado-de-combustiveis-e-postos-do-maranhao-estao-na-mira\/#breadcrumb\"},\"inLanguage\":\"pt-BR\",\"potentialAction\":[{\"@type\":\"ReadAction\",\"target\":[\"https:\/\/www.blogsoestado.com\/danielmatos\/cade-fecha-cerco-contra-carteis-no-mercado-de-combustiveis-e-postos-do-maranhao-estao-na-mira\/\"]}]},{\"@type\":\"ImageObject\",\"inLanguage\":\"pt-BR\",\"@id\":\"https:\/\/www.blogsoestado.com\/danielmatos\/cade-fecha-cerco-contra-carteis-no-mercado-de-combustiveis-e-postos-do-maranhao-estao-na-mira\/#primaryimage\",\"url\":\"https:\/\/www.blogsoestado.com\/danielmatos\/wp-content\/uploads\/sites\/2\/2025\/07\/1003057023.png\",\"contentUrl\":\"https:\/\/www.blogsoestado.com\/danielmatos\/wp-content\/uploads\/sites\/2\/2025\/07\/1003057023.png\",\"width\":768,\"height\":333},{\"@type\":\"BreadcrumbList\",\"@id\":\"https:\/\/www.blogsoestado.com\/danielmatos\/cade-fecha-cerco-contra-carteis-no-mercado-de-combustiveis-e-postos-do-maranhao-estao-na-mira\/#breadcrumb\",\"itemListElement\":[{\"@type\":\"ListItem\",\"position\":1,\"name\":\"In\u00edcio\",\"item\":\"https:\/\/www.blogsoestado.com\/danielmatos\/\"},{\"@type\":\"ListItem\",\"position\":2,\"name\":\"Cade fecha cerco contra carteis no mercado de combust\u00edveis e postos do Maranh\u00e3o est\u00e3o na mira\"}]},{\"@type\":\"WebSite\",\"@id\":\"https:\/\/www.blogsoestado.com\/danielmatos\/#website\",\"url\":\"https:\/\/www.blogsoestado.com\/danielmatos\/\",\"name\":\"Daniel Matos\",\"description\":\"\",\"potentialAction\":[{\"@type\":\"SearchAction\",\"target\":{\"@type\":\"EntryPoint\",\"urlTemplate\":\"https:\/\/www.blogsoestado.com\/danielmatos\/?s={search_term_string}\"},\"query-input\":{\"@type\":\"PropertyValueSpecification\",\"valueRequired\":true,\"valueName\":\"search_term_string\"}}],\"inLanguage\":\"pt-BR\"},{\"@type\":\"Person\",\"@id\":\"https:\/\/www.blogsoestado.com\/danielmatos\/#\/schema\/person\/9a209d407cd45631f131e1285b661bb0\",\"name\":\"Daniel Matos\",\"image\":{\"@type\":\"ImageObject\",\"inLanguage\":\"pt-BR\",\"@id\":\"https:\/\/www.blogsoestado.com\/danielmatos\/#\/schema\/person\/image\/\",\"url\":\"https:\/\/secure.gravatar.com\/avatar\/2f26c36ee355da19a257f0dfef43952a2588b324ca35d6719e859fe338ac0392?s=96&d=mm&r=g\",\"contentUrl\":\"https:\/\/secure.gravatar.com\/avatar\/2f26c36ee355da19a257f0dfef43952a2588b324ca35d6719e859fe338ac0392?s=96&d=mm&r=g\",\"caption\":\"Daniel Matos\"},\"url\":\"https:\/\/www.blogsoestado.com\/danielmatos\/author\/danielmatos\/\"}]}<\/script>\n<!-- \/ Yoast SEO plugin. -->","yoast_head_json":{"title":"Cade fecha cerco contra carteis no mercado de combust\u00edveis e postos do Maranh\u00e3o est\u00e3o na mira - Daniel Matos","robots":{"index":"index","follow":"follow","max-snippet":"max-snippet:-1","max-image-preview":"max-image-preview:large","max-video-preview":"max-video-preview:-1"},"canonical":"https:\/\/www.blogsoestado.com\/danielmatos\/cade-fecha-cerco-contra-carteis-no-mercado-de-combustiveis-e-postos-do-maranhao-estao-na-mira\/","og_locale":"pt_BR","og_type":"article","og_title":"Cade fecha cerco contra carteis no mercado de combust\u00edveis e postos do Maranh\u00e3o est\u00e3o na mira - Daniel Matos","og_description":"Estado j\u00e1 foi alvo de fiscaliza\u00e7\u00f5es da autarquia federal, com aplica\u00e7\u00e3o de multas milion\u00e1rias ao setor de revenda de gasolina, [&hellip;]","og_url":"https:\/\/www.blogsoestado.com\/danielmatos\/cade-fecha-cerco-contra-carteis-no-mercado-de-combustiveis-e-postos-do-maranhao-estao-na-mira\/","og_site_name":"Daniel Matos","article_published_time":"2025-07-23T17:35:58+00:00","article_modified_time":"2025-07-23T17:36:01+00:00","og_image":[{"width":768,"height":333,"url":"https:\/\/www.blogsoestado.com\/danielmatos\/wp-content\/uploads\/sites\/2\/2025\/07\/1003057023.png","type":"image\/png"}],"author":"Daniel Matos","twitter_card":"summary_large_image","twitter_misc":{"Escrito por":"Daniel Matos","Est. tempo de leitura":"3 minutos"},"schema":{"@context":"https:\/\/schema.org","@graph":[{"@type":"WebPage","@id":"https:\/\/www.blogsoestado.com\/danielmatos\/cade-fecha-cerco-contra-carteis-no-mercado-de-combustiveis-e-postos-do-maranhao-estao-na-mira\/","url":"https:\/\/www.blogsoestado.com\/danielmatos\/cade-fecha-cerco-contra-carteis-no-mercado-de-combustiveis-e-postos-do-maranhao-estao-na-mira\/","name":"Cade fecha cerco contra carteis no mercado de combust\u00edveis e postos do Maranh\u00e3o est\u00e3o na mira - Daniel Matos","isPartOf":{"@id":"https:\/\/www.blogsoestado.com\/danielmatos\/#website"},"primaryImageOfPage":{"@id":"https:\/\/www.blogsoestado.com\/danielmatos\/cade-fecha-cerco-contra-carteis-no-mercado-de-combustiveis-e-postos-do-maranhao-estao-na-mira\/#primaryimage"},"image":{"@id":"https:\/\/www.blogsoestado.com\/danielmatos\/cade-fecha-cerco-contra-carteis-no-mercado-de-combustiveis-e-postos-do-maranhao-estao-na-mira\/#primaryimage"},"thumbnailUrl":"https:\/\/www.blogsoestado.com\/danielmatos\/wp-content\/uploads\/sites\/2\/2025\/07\/1003057023.png","datePublished":"2025-07-23T17:35:58+00:00","dateModified":"2025-07-23T17:36:01+00:00","author":{"@id":"https:\/\/www.blogsoestado.com\/danielmatos\/#\/schema\/person\/9a209d407cd45631f131e1285b661bb0"},"breadcrumb":{"@id":"https:\/\/www.blogsoestado.com\/danielmatos\/cade-fecha-cerco-contra-carteis-no-mercado-de-combustiveis-e-postos-do-maranhao-estao-na-mira\/#breadcrumb"},"inLanguage":"pt-BR","potentialAction":[{"@type":"ReadAction","target":["https:\/\/www.blogsoestado.com\/danielmatos\/cade-fecha-cerco-contra-carteis-no-mercado-de-combustiveis-e-postos-do-maranhao-estao-na-mira\/"]}]},{"@type":"ImageObject","inLanguage":"pt-BR","@id":"https:\/\/www.blogsoestado.com\/danielmatos\/cade-fecha-cerco-contra-carteis-no-mercado-de-combustiveis-e-postos-do-maranhao-estao-na-mira\/#primaryimage","url":"https:\/\/www.blogsoestado.com\/danielmatos\/wp-content\/uploads\/sites\/2\/2025\/07\/1003057023.png","contentUrl":"https:\/\/www.blogsoestado.com\/danielmatos\/wp-content\/uploads\/sites\/2\/2025\/07\/1003057023.png","width":768,"height":333},{"@type":"BreadcrumbList","@id":"https:\/\/www.blogsoestado.com\/danielmatos\/cade-fecha-cerco-contra-carteis-no-mercado-de-combustiveis-e-postos-do-maranhao-estao-na-mira\/#breadcrumb","itemListElement":[{"@type":"ListItem","position":1,"name":"In\u00edcio","item":"https:\/\/www.blogsoestado.com\/danielmatos\/"},{"@type":"ListItem","position":2,"name":"Cade fecha cerco contra carteis no mercado de combust\u00edveis e postos do Maranh\u00e3o est\u00e3o na mira"}]},{"@type":"WebSite","@id":"https:\/\/www.blogsoestado.com\/danielmatos\/#website","url":"https:\/\/www.blogsoestado.com\/danielmatos\/","name":"Daniel Matos","description":"","potentialAction":[{"@type":"SearchAction","target":{"@type":"EntryPoint","urlTemplate":"https:\/\/www.blogsoestado.com\/danielmatos\/?s={search_term_string}"},"query-input":{"@type":"PropertyValueSpecification","valueRequired":true,"valueName":"search_term_string"}}],"inLanguage":"pt-BR"},{"@type":"Person","@id":"https:\/\/www.blogsoestado.com\/danielmatos\/#\/schema\/person\/9a209d407cd45631f131e1285b661bb0","name":"Daniel Matos","image":{"@type":"ImageObject","inLanguage":"pt-BR","@id":"https:\/\/www.blogsoestado.com\/danielmatos\/#\/schema\/person\/image\/","url":"https:\/\/secure.gravatar.com\/avatar\/2f26c36ee355da19a257f0dfef43952a2588b324ca35d6719e859fe338ac0392?s=96&d=mm&r=g","contentUrl":"https:\/\/secure.gravatar.com\/avatar\/2f26c36ee355da19a257f0dfef43952a2588b324ca35d6719e859fe338ac0392?s=96&d=mm&r=g","caption":"Daniel Matos"},"url":"https:\/\/www.blogsoestado.com\/danielmatos\/author\/danielmatos\/"}]}},"jetpack_featured_media_url":"","_links":{"self":[{"href":"https:\/\/www.blogsoestado.com\/danielmatos\/wp-json\/wp\/v2\/posts\/146475","targetHints":{"allow":["GET"]}}],"collection":[{"href":"https:\/\/www.blogsoestado.com\/danielmatos\/wp-json\/wp\/v2\/posts"}],"about":[{"href":"https:\/\/www.blogsoestado.com\/danielmatos\/wp-json\/wp\/v2\/types\/post"}],"author":[{"embeddable":true,"href":"https:\/\/www.blogsoestado.com\/danielmatos\/wp-json\/wp\/v2\/users\/2"}],"replies":[{"embeddable":true,"href":"https:\/\/www.blogsoestado.com\/danielmatos\/wp-json\/wp\/v2\/comments?post=146475"}],"version-history":[{"count":1,"href":"https:\/\/www.blogsoestado.com\/danielmatos\/wp-json\/wp\/v2\/posts\/146475\/revisions"}],"predecessor-version":[{"id":146477,"href":"https:\/\/www.blogsoestado.com\/danielmatos\/wp-json\/wp\/v2\/posts\/146475\/revisions\/146477"}],"wp:attachment":[{"href":"https:\/\/www.blogsoestado.com\/danielmatos\/wp-json\/wp\/v2\/media?parent=146475"}],"wp:term":[{"taxonomy":"category","embeddable":true,"href":"https:\/\/www.blogsoestado.com\/danielmatos\/wp-json\/wp\/v2\/categories?post=146475"},{"taxonomy":"post_tag","embeddable":true,"href":"https:\/\/www.blogsoestado.com\/danielmatos\/wp-json\/wp\/v2\/tags?post=146475"}],"curies":[{"name":"wp","href":"https:\/\/api.w.org\/{rel}","templated":true}]}}