{"id":146481,"date":"2025-07-23T17:40:04","date_gmt":"2025-07-23T20:40:04","guid":{"rendered":"https:\/\/www.blogsoestado.com\/danielmatos\/?p=146481"},"modified":"2025-07-23T17:40:07","modified_gmt":"2025-07-23T20:40:07","slug":"paciente-do-1o-transplante-cardiaco-do-ma-agradece-nova-chance-com-passeio-terapeutico","status":"publish","type":"post","link":"https:\/\/www.blogsoestado.com\/danielmatos\/paciente-do-1o-transplante-cardiaco-do-ma-agradece-nova-chance-com-passeio-terapeutico\/","title":{"rendered":"Paciente do 1\u00ba transplante card\u00edaco do MA agradece nova chance com passeio terap\u00eautico"},"content":{"rendered":"\n<p><strong><mark style=\"color:#cf2e2e\" class=\"has-inline-color\">Acompanhado pela equipe do HU-UFMA, momento marca a recupera\u00e7\u00e3o do paciente ap\u00f3s 18 dias da cirurgia pioneira<\/mark><\/strong><\/p>\n\n\n\n<figure class=\"wp-block-image aligncenter size-full\"><img fetchpriority=\"high\" decoding=\"async\" width=\"768\" height=\"432\" src=\"https:\/\/www.blogsoestado.com\/danielmatos\/wp-content\/uploads\/sites\/2\/2025\/07\/1003058965.png\" alt=\"\" class=\"wp-image-146482\" srcset=\"https:\/\/www.blogsoestado.com\/danielmatos\/wp-content\/uploads\/sites\/2\/2025\/07\/1003058965.png 768w, https:\/\/www.blogsoestado.com\/danielmatos\/wp-content\/uploads\/sites\/2\/2025\/07\/1003058965-300x169.png 300w\" sizes=\"(max-width: 768px) 100vw, 768px\" \/><figcaption class=\"wp-element-caption\">Acompanhado pela equipe da UTI Cardio do HU-UFMA, o paciente tamb\u00e9m passou pela Pra\u00e7a Gon\u00e7alves Dias, onde contemplou o p\u00f4r do sol<\/figcaption><\/figure>\n\n\n\n<p><strong>S\u00e3o Lu\u00eds (MA) \u2013<\/strong>&nbsp;Ap\u00f3s 18 dias da realiza\u00e7\u00e3o do primeiro transplante de cora\u00e7\u00e3o no&nbsp;Maranh\u00e3o, ocorrido no Hospital Universit\u00e1rio da UFMA (HU-UFMA), vinculado \u00e0 Empresa Brasileira de Servi\u00e7os Hospitalares (Ebserh), o paciente R.S.F.P. p\u00f4de agradecer pessoalmente pela nova chance de viver. Nesta ter\u00e7a-feira (22), ele realizou um de seus primeiros desejos p\u00f3s-transplante: visitar a Igreja Nossa Senhora dos Rem\u00e9dios.<\/p>\n\n\n\n<p>Acompanhado pela equipe da UTI Cardio do HU-UFMA, o paciente tamb\u00e9m passou pela Pra\u00e7a Gon\u00e7alves Dias, onde contemplou o p\u00f4r do sol em um momento marcado por gratid\u00e3o e renova\u00e7\u00e3o. A a\u00e7\u00e3o terap\u00eautica foi cuidadosamente planejada para garantir um passeio seguro e acolhedor, respeitando o desejo do paciente, sem renunciar \u00e0 seguran\u00e7a e ao cuidado com sua sa\u00fade.<\/p>\n\n\n\n<p>Segundo a chefe da Unidade Coronariana, Lea Barroso Coutinho Pereira, a recupera\u00e7\u00e3o do paciente \u00e9 considerada excelente. \u201cEle est\u00e1 clinicamente est\u00e1vel, com todos os exames laboratoriais e de imagem dentro da normalidade, demonstrando uma recupera\u00e7\u00e3o exemplar. J\u00e1 re\u00fane condi\u00e7\u00f5es para alta hospitalar, estando apenas no aguardo de um \u00faltimo procedimento de rotina\u201d, informou.<\/p>\n\n\n\n<p>Lea acrescentou que, diante desse quadro favor\u00e1vel, foi autorizado o passeio terap\u00eautico \u00e0 Igreja dos Rem\u00e9dios, a pedido do pr\u00f3prio paciente. \u201cA visita representou um gesto de f\u00e9 e renova\u00e7\u00e3o espiritual, fortalecendo ainda mais o seu processo de recupera\u00e7\u00e3o\u201d, destacou.<\/p>\n\n\n\n<p>O procedimento, realizado em 4 de julho, representou um avan\u00e7o significativo na capacidade do hospital em cirurgias de alta complexidade e ampliou as possibilidades de tratamento para pacientes card\u00edacos no estado, marcando um feito hist\u00f3rico para a medicina maranhense. <strong><mark style=\"color:#cf2e2e\" class=\"has-inline-color\">Assista ao v\u00eddeo:<\/mark><\/strong><\/p>\n\n\n\n<figure class=\"wp-block-embed is-type-video is-provider-youtube wp-block-embed-youtube wp-embed-aspect-16-9 wp-has-aspect-ratio\"><div class=\"wp-block-embed__wrapper\">\n<iframe title=\"Paciente que recebeu transplante de cora\u00e7\u00e3o no HU-UFMA faz primeiro passeio em S\u00e3o Lu\u00eds-MA\" width=\"500\" height=\"281\" src=\"https:\/\/www.youtube.com\/embed\/hAFxPE6lkiQ?feature=oembed\" frameborder=\"0\" allow=\"accelerometer; autoplay; clipboard-write; encrypted-media; gyroscope; picture-in-picture; web-share\" referrerpolicy=\"strict-origin-when-cross-origin\" allowfullscreen><\/iframe>\n<\/div><\/figure>\n\n\n\n<p>O sucesso do transplante foi resultado de uma articula\u00e7\u00e3o eficiente entre diversas \u00e1reas assistenciais e administrativas do HU-UFMA, que atuaram de forma integrada desde a capta\u00e7\u00e3o do \u00f3rg\u00e3o at\u00e9 o acompanhamento no p\u00f3s-operat\u00f3rio. A a\u00e7\u00e3o tamb\u00e9m contou com o apoio fundamental da Central Estadual de Transplantes.<\/p>\n\n\n\n<p>\u201cEsse importante marco para o HU-UFMA \u00e9 motivo de orgulho e gratid\u00e3o para toda a equipe multidisciplinar envolvida. Seguimos com o compromisso de oferecer um cuidado de excel\u00eancia, humanizado e centrado no paciente\u201d, afirmou Lea Coutinho.<\/p>\n\n\n\n<p>A superintendente do HU-UFMA, Joyce Santos Lages, destacou a import\u00e2ncia simb\u00f3lica e institucional do momento, refor\u00e7ando o papel do hospital como refer\u00eancia em alta complexidade no estado. \u201cProporcionar momentos como esse \u2014 em que o paciente pode expressar sua f\u00e9 e gratid\u00e3o \u2014 refor\u00e7a nosso compromisso com uma sa\u00fade p\u00fablica mais humana e resolutiva. Este transplante representa n\u00e3o apenas um avan\u00e7o t\u00e9cnico, mas tamb\u00e9m um s\u00edmbolo de esperan\u00e7a para todos que aguardam por uma nova chance de viver.\u201d<\/p>\n\n\n\n<p><strong>Sobre a Ebserh<\/strong><\/p>\n\n\n\n<p>O HU-UFMA faz parte da Rede Ebserh desde 2013.&nbsp; Vinculada ao MEC, a Ebserh foi criada em 2011 e, atualmente, administra 45 hospitais universit\u00e1rios federais, apoiando e impulsionando suas atividades por meio de uma gest\u00e3o de excel\u00eancia. Como hospitais vinculados a universidades federais, essas unidades t\u00eam caracter\u00edsticas espec\u00edficas: atendem pacientes do Sistema \u00danico de Sa\u00fade (SUS) ao mesmo tempo que apoiam a forma\u00e7\u00e3o de profissionais de sa\u00fade e o desenvolvimento de pesquisas e inova\u00e7\u00e3o.&nbsp;<\/p>\n","protected":false},"excerpt":{"rendered":"<p>Acompanhado pela equipe do HU-UFMA, momento marca a recupera\u00e7\u00e3o do paciente ap\u00f3s 18 dias da cirurgia pioneira S\u00e3o Lu\u00eds (MA) [&hellip;]<\/p>\n","protected":false},"author":2,"featured_media":0,"comment_status":"open","ping_status":"open","sticky":false,"template":"","format":"standard","meta":{"site-sidebar-layout":"default","site-content-layout":"","ast-site-content-layout":"default","site-content-style":"default","site-sidebar-style":"default","ast-global-header-display":"","ast-banner-title-visibility":"","ast-main-header-display":"","ast-hfb-above-header-display":"","ast-hfb-below-header-display":"","ast-hfb-mobile-header-display":"","site-post-title":"","ast-breadcrumbs-content":"","ast-featured-img":"","footer-sml-layout":"","ast-disable-related-posts":"","theme-transparent-header-meta":"","adv-header-id-meta":"","stick-header-meta":"","header-above-stick-meta":"","header-main-stick-meta":"","header-below-stick-meta":"","astra-migrate-meta-layouts":"default","ast-page-background-enabled":"default","ast-page-background-meta":{"desktop":{"background-color":"var(--ast-global-color-5)","background-image":"","background-repeat":"repeat","background-position":"center center","background-size":"auto","background-attachment":"scroll","background-type":"","background-media":"","overlay-type":"","overlay-color":"","overlay-opacity":"","overlay-gradient":""},"tablet":{"background-color":"","background-image":"","background-repeat":"repeat","background-position":"center center","background-size":"auto","background-attachment":"scroll","background-type":"","background-media":"","overlay-type":"","overlay-color":"","overlay-opacity":"","overlay-gradient":""},"mobile":{"background-color":"","background-image":"","background-repeat":"repeat","background-position":"center center","background-size":"auto","background-attachment":"scroll","background-type":"","background-media":"","overlay-type":"","overlay-color":"","overlay-opacity":"","overlay-gradient":""}},"ast-content-background-meta":{"desktop":{"background-color":"var(--ast-global-color-4)","background-image":"","background-repeat":"repeat","background-position":"center center","background-size":"auto","background-attachment":"scroll","background-type":"","background-media":"","overlay-type":"","overlay-color":"","overlay-opacity":"","overlay-gradient":""},"tablet":{"background-color":"var(--ast-global-color-4)","background-image":"","background-repeat":"repeat","background-position":"center center","background-size":"auto","background-attachment":"scroll","background-type":"","background-media":"","overlay-type":"","overlay-color":"","overlay-opacity":"","overlay-gradient":""},"mobile":{"background-color":"var(--ast-global-color-4)","background-image":"","background-repeat":"repeat","background-position":"center center","background-size":"auto","background-attachment":"scroll","background-type":"","background-media":"","overlay-type":"","overlay-color":"","overlay-opacity":"","overlay-gradient":""}},"footnotes":""},"categories":[1],"tags":[],"class_list":["post-146481","post","type-post","status-publish","format-standard","hentry","category-sem-categoria"],"yoast_head":"<!-- This site is optimized with the Yoast SEO plugin v26.6 - https:\/\/yoast.com\/wordpress\/plugins\/seo\/ -->\n<title>Paciente do 1\u00ba transplante card\u00edaco do MA agradece nova chance com passeio terap\u00eautico - Daniel Matos<\/title>\n<meta name=\"robots\" content=\"index, follow, max-snippet:-1, max-image-preview:large, max-video-preview:-1\" \/>\n<link rel=\"canonical\" href=\"https:\/\/www.blogsoestado.com\/danielmatos\/paciente-do-1o-transplante-cardiaco-do-ma-agradece-nova-chance-com-passeio-terapeutico\/\" \/>\n<meta property=\"og:locale\" content=\"pt_BR\" \/>\n<meta property=\"og:type\" content=\"article\" \/>\n<meta property=\"og:title\" content=\"Paciente do 1\u00ba transplante card\u00edaco do MA agradece nova chance com passeio terap\u00eautico - Daniel Matos\" \/>\n<meta property=\"og:description\" content=\"Acompanhado pela equipe do HU-UFMA, momento marca a recupera\u00e7\u00e3o do paciente ap\u00f3s 18 dias da cirurgia pioneira S\u00e3o Lu\u00eds (MA) [&hellip;]\" \/>\n<meta property=\"og:url\" content=\"https:\/\/www.blogsoestado.com\/danielmatos\/paciente-do-1o-transplante-cardiaco-do-ma-agradece-nova-chance-com-passeio-terapeutico\/\" \/>\n<meta property=\"og:site_name\" content=\"Daniel Matos\" \/>\n<meta property=\"article:published_time\" content=\"2025-07-23T20:40:04+00:00\" \/>\n<meta property=\"article:modified_time\" content=\"2025-07-23T20:40:07+00:00\" \/>\n<meta property=\"og:image\" content=\"https:\/\/www.blogsoestado.com\/danielmatos\/wp-content\/uploads\/sites\/2\/2025\/07\/1003058965.png\" \/>\n\t<meta property=\"og:image:width\" content=\"768\" \/>\n\t<meta property=\"og:image:height\" content=\"432\" \/>\n\t<meta property=\"og:image:type\" content=\"image\/png\" \/>\n<meta name=\"author\" content=\"Daniel Matos\" \/>\n<meta name=\"twitter:card\" content=\"summary_large_image\" \/>\n<meta name=\"twitter:label1\" content=\"Escrito por\" \/>\n\t<meta name=\"twitter:data1\" content=\"Daniel Matos\" \/>\n\t<meta name=\"twitter:label2\" content=\"Est. tempo de leitura\" \/>\n\t<meta name=\"twitter:data2\" content=\"4 minutos\" \/>\n<script type=\"application\/ld+json\" class=\"yoast-schema-graph\">{\"@context\":\"https:\/\/schema.org\",\"@graph\":[{\"@type\":\"WebPage\",\"@id\":\"https:\/\/www.blogsoestado.com\/danielmatos\/paciente-do-1o-transplante-cardiaco-do-ma-agradece-nova-chance-com-passeio-terapeutico\/\",\"url\":\"https:\/\/www.blogsoestado.com\/danielmatos\/paciente-do-1o-transplante-cardiaco-do-ma-agradece-nova-chance-com-passeio-terapeutico\/\",\"name\":\"Paciente do 1\u00ba transplante card\u00edaco do MA agradece nova chance com passeio terap\u00eautico - Daniel Matos\",\"isPartOf\":{\"@id\":\"https:\/\/www.blogsoestado.com\/danielmatos\/#website\"},\"primaryImageOfPage\":{\"@id\":\"https:\/\/www.blogsoestado.com\/danielmatos\/paciente-do-1o-transplante-cardiaco-do-ma-agradece-nova-chance-com-passeio-terapeutico\/#primaryimage\"},\"image\":{\"@id\":\"https:\/\/www.blogsoestado.com\/danielmatos\/paciente-do-1o-transplante-cardiaco-do-ma-agradece-nova-chance-com-passeio-terapeutico\/#primaryimage\"},\"thumbnailUrl\":\"https:\/\/www.blogsoestado.com\/danielmatos\/wp-content\/uploads\/sites\/2\/2025\/07\/1003058965.png\",\"datePublished\":\"2025-07-23T20:40:04+00:00\",\"dateModified\":\"2025-07-23T20:40:07+00:00\",\"author\":{\"@id\":\"https:\/\/www.blogsoestado.com\/danielmatos\/#\/schema\/person\/9a209d407cd45631f131e1285b661bb0\"},\"breadcrumb\":{\"@id\":\"https:\/\/www.blogsoestado.com\/danielmatos\/paciente-do-1o-transplante-cardiaco-do-ma-agradece-nova-chance-com-passeio-terapeutico\/#breadcrumb\"},\"inLanguage\":\"pt-BR\",\"potentialAction\":[{\"@type\":\"ReadAction\",\"target\":[\"https:\/\/www.blogsoestado.com\/danielmatos\/paciente-do-1o-transplante-cardiaco-do-ma-agradece-nova-chance-com-passeio-terapeutico\/\"]}]},{\"@type\":\"ImageObject\",\"inLanguage\":\"pt-BR\",\"@id\":\"https:\/\/www.blogsoestado.com\/danielmatos\/paciente-do-1o-transplante-cardiaco-do-ma-agradece-nova-chance-com-passeio-terapeutico\/#primaryimage\",\"url\":\"https:\/\/www.blogsoestado.com\/danielmatos\/wp-content\/uploads\/sites\/2\/2025\/07\/1003058965.png\",\"contentUrl\":\"https:\/\/www.blogsoestado.com\/danielmatos\/wp-content\/uploads\/sites\/2\/2025\/07\/1003058965.png\",\"width\":768,\"height\":432},{\"@type\":\"BreadcrumbList\",\"@id\":\"https:\/\/www.blogsoestado.com\/danielmatos\/paciente-do-1o-transplante-cardiaco-do-ma-agradece-nova-chance-com-passeio-terapeutico\/#breadcrumb\",\"itemListElement\":[{\"@type\":\"ListItem\",\"position\":1,\"name\":\"In\u00edcio\",\"item\":\"https:\/\/www.blogsoestado.com\/danielmatos\/\"},{\"@type\":\"ListItem\",\"position\":2,\"name\":\"Paciente do 1\u00ba transplante card\u00edaco do MA agradece nova chance com passeio terap\u00eautico\"}]},{\"@type\":\"WebSite\",\"@id\":\"https:\/\/www.blogsoestado.com\/danielmatos\/#website\",\"url\":\"https:\/\/www.blogsoestado.com\/danielmatos\/\",\"name\":\"Daniel Matos\",\"description\":\"\",\"potentialAction\":[{\"@type\":\"SearchAction\",\"target\":{\"@type\":\"EntryPoint\",\"urlTemplate\":\"https:\/\/www.blogsoestado.com\/danielmatos\/?s={search_term_string}\"},\"query-input\":{\"@type\":\"PropertyValueSpecification\",\"valueRequired\":true,\"valueName\":\"search_term_string\"}}],\"inLanguage\":\"pt-BR\"},{\"@type\":\"Person\",\"@id\":\"https:\/\/www.blogsoestado.com\/danielmatos\/#\/schema\/person\/9a209d407cd45631f131e1285b661bb0\",\"name\":\"Daniel Matos\",\"image\":{\"@type\":\"ImageObject\",\"inLanguage\":\"pt-BR\",\"@id\":\"https:\/\/www.blogsoestado.com\/danielmatos\/#\/schema\/person\/image\/\",\"url\":\"https:\/\/secure.gravatar.com\/avatar\/2f26c36ee355da19a257f0dfef43952a2588b324ca35d6719e859fe338ac0392?s=96&d=mm&r=g\",\"contentUrl\":\"https:\/\/secure.gravatar.com\/avatar\/2f26c36ee355da19a257f0dfef43952a2588b324ca35d6719e859fe338ac0392?s=96&d=mm&r=g\",\"caption\":\"Daniel Matos\"},\"url\":\"https:\/\/www.blogsoestado.com\/danielmatos\/author\/danielmatos\/\"}]}<\/script>\n<!-- \/ Yoast SEO plugin. -->","yoast_head_json":{"title":"Paciente do 1\u00ba transplante card\u00edaco do MA agradece nova chance com passeio terap\u00eautico - Daniel Matos","robots":{"index":"index","follow":"follow","max-snippet":"max-snippet:-1","max-image-preview":"max-image-preview:large","max-video-preview":"max-video-preview:-1"},"canonical":"https:\/\/www.blogsoestado.com\/danielmatos\/paciente-do-1o-transplante-cardiaco-do-ma-agradece-nova-chance-com-passeio-terapeutico\/","og_locale":"pt_BR","og_type":"article","og_title":"Paciente do 1\u00ba transplante card\u00edaco do MA agradece nova chance com passeio terap\u00eautico - Daniel Matos","og_description":"Acompanhado pela equipe do HU-UFMA, momento marca a recupera\u00e7\u00e3o do paciente ap\u00f3s 18 dias da cirurgia pioneira S\u00e3o Lu\u00eds (MA) [&hellip;]","og_url":"https:\/\/www.blogsoestado.com\/danielmatos\/paciente-do-1o-transplante-cardiaco-do-ma-agradece-nova-chance-com-passeio-terapeutico\/","og_site_name":"Daniel Matos","article_published_time":"2025-07-23T20:40:04+00:00","article_modified_time":"2025-07-23T20:40:07+00:00","og_image":[{"width":768,"height":432,"url":"https:\/\/www.blogsoestado.com\/danielmatos\/wp-content\/uploads\/sites\/2\/2025\/07\/1003058965.png","type":"image\/png"}],"author":"Daniel Matos","twitter_card":"summary_large_image","twitter_misc":{"Escrito por":"Daniel Matos","Est. tempo de leitura":"4 minutos"},"schema":{"@context":"https:\/\/schema.org","@graph":[{"@type":"WebPage","@id":"https:\/\/www.blogsoestado.com\/danielmatos\/paciente-do-1o-transplante-cardiaco-do-ma-agradece-nova-chance-com-passeio-terapeutico\/","url":"https:\/\/www.blogsoestado.com\/danielmatos\/paciente-do-1o-transplante-cardiaco-do-ma-agradece-nova-chance-com-passeio-terapeutico\/","name":"Paciente do 1\u00ba transplante card\u00edaco do MA agradece nova chance com passeio terap\u00eautico - Daniel Matos","isPartOf":{"@id":"https:\/\/www.blogsoestado.com\/danielmatos\/#website"},"primaryImageOfPage":{"@id":"https:\/\/www.blogsoestado.com\/danielmatos\/paciente-do-1o-transplante-cardiaco-do-ma-agradece-nova-chance-com-passeio-terapeutico\/#primaryimage"},"image":{"@id":"https:\/\/www.blogsoestado.com\/danielmatos\/paciente-do-1o-transplante-cardiaco-do-ma-agradece-nova-chance-com-passeio-terapeutico\/#primaryimage"},"thumbnailUrl":"https:\/\/www.blogsoestado.com\/danielmatos\/wp-content\/uploads\/sites\/2\/2025\/07\/1003058965.png","datePublished":"2025-07-23T20:40:04+00:00","dateModified":"2025-07-23T20:40:07+00:00","author":{"@id":"https:\/\/www.blogsoestado.com\/danielmatos\/#\/schema\/person\/9a209d407cd45631f131e1285b661bb0"},"breadcrumb":{"@id":"https:\/\/www.blogsoestado.com\/danielmatos\/paciente-do-1o-transplante-cardiaco-do-ma-agradece-nova-chance-com-passeio-terapeutico\/#breadcrumb"},"inLanguage":"pt-BR","potentialAction":[{"@type":"ReadAction","target":["https:\/\/www.blogsoestado.com\/danielmatos\/paciente-do-1o-transplante-cardiaco-do-ma-agradece-nova-chance-com-passeio-terapeutico\/"]}]},{"@type":"ImageObject","inLanguage":"pt-BR","@id":"https:\/\/www.blogsoestado.com\/danielmatos\/paciente-do-1o-transplante-cardiaco-do-ma-agradece-nova-chance-com-passeio-terapeutico\/#primaryimage","url":"https:\/\/www.blogsoestado.com\/danielmatos\/wp-content\/uploads\/sites\/2\/2025\/07\/1003058965.png","contentUrl":"https:\/\/www.blogsoestado.com\/danielmatos\/wp-content\/uploads\/sites\/2\/2025\/07\/1003058965.png","width":768,"height":432},{"@type":"BreadcrumbList","@id":"https:\/\/www.blogsoestado.com\/danielmatos\/paciente-do-1o-transplante-cardiaco-do-ma-agradece-nova-chance-com-passeio-terapeutico\/#breadcrumb","itemListElement":[{"@type":"ListItem","position":1,"name":"In\u00edcio","item":"https:\/\/www.blogsoestado.com\/danielmatos\/"},{"@type":"ListItem","position":2,"name":"Paciente do 1\u00ba transplante card\u00edaco do MA agradece nova chance com passeio terap\u00eautico"}]},{"@type":"WebSite","@id":"https:\/\/www.blogsoestado.com\/danielmatos\/#website","url":"https:\/\/www.blogsoestado.com\/danielmatos\/","name":"Daniel Matos","description":"","potentialAction":[{"@type":"SearchAction","target":{"@type":"EntryPoint","urlTemplate":"https:\/\/www.blogsoestado.com\/danielmatos\/?s={search_term_string}"},"query-input":{"@type":"PropertyValueSpecification","valueRequired":true,"valueName":"search_term_string"}}],"inLanguage":"pt-BR"},{"@type":"Person","@id":"https:\/\/www.blogsoestado.com\/danielmatos\/#\/schema\/person\/9a209d407cd45631f131e1285b661bb0","name":"Daniel Matos","image":{"@type":"ImageObject","inLanguage":"pt-BR","@id":"https:\/\/www.blogsoestado.com\/danielmatos\/#\/schema\/person\/image\/","url":"https:\/\/secure.gravatar.com\/avatar\/2f26c36ee355da19a257f0dfef43952a2588b324ca35d6719e859fe338ac0392?s=96&d=mm&r=g","contentUrl":"https:\/\/secure.gravatar.com\/avatar\/2f26c36ee355da19a257f0dfef43952a2588b324ca35d6719e859fe338ac0392?s=96&d=mm&r=g","caption":"Daniel Matos"},"url":"https:\/\/www.blogsoestado.com\/danielmatos\/author\/danielmatos\/"}]}},"jetpack_featured_media_url":"","_links":{"self":[{"href":"https:\/\/www.blogsoestado.com\/danielmatos\/wp-json\/wp\/v2\/posts\/146481","targetHints":{"allow":["GET"]}}],"collection":[{"href":"https:\/\/www.blogsoestado.com\/danielmatos\/wp-json\/wp\/v2\/posts"}],"about":[{"href":"https:\/\/www.blogsoestado.com\/danielmatos\/wp-json\/wp\/v2\/types\/post"}],"author":[{"embeddable":true,"href":"https:\/\/www.blogsoestado.com\/danielmatos\/wp-json\/wp\/v2\/users\/2"}],"replies":[{"embeddable":true,"href":"https:\/\/www.blogsoestado.com\/danielmatos\/wp-json\/wp\/v2\/comments?post=146481"}],"version-history":[{"count":1,"href":"https:\/\/www.blogsoestado.com\/danielmatos\/wp-json\/wp\/v2\/posts\/146481\/revisions"}],"predecessor-version":[{"id":146483,"href":"https:\/\/www.blogsoestado.com\/danielmatos\/wp-json\/wp\/v2\/posts\/146481\/revisions\/146483"}],"wp:attachment":[{"href":"https:\/\/www.blogsoestado.com\/danielmatos\/wp-json\/wp\/v2\/media?parent=146481"}],"wp:term":[{"taxonomy":"category","embeddable":true,"href":"https:\/\/www.blogsoestado.com\/danielmatos\/wp-json\/wp\/v2\/categories?post=146481"},{"taxonomy":"post_tag","embeddable":true,"href":"https:\/\/www.blogsoestado.com\/danielmatos\/wp-json\/wp\/v2\/tags?post=146481"}],"curies":[{"name":"wp","href":"https:\/\/api.w.org\/{rel}","templated":true}]}}