{"id":147,"date":"2007-10-03T12:34:07","date_gmt":"2007-10-03T12:34:07","guid":{"rendered":"https:\/\/www.blogsoestado.com\/danielmatos\/2007\/10\/03\/sarney-se-reune-em-brasilia-com-reitor-eleito-da-ufma\/"},"modified":"2007-10-03T12:34:07","modified_gmt":"2007-10-03T12:34:07","slug":"sarney-se-reune-em-brasilia-com-reitor-eleito-da-ufma","status":"publish","type":"post","link":"https:\/\/www.blogsoestado.com\/danielmatos\/sarney-se-reune-em-brasilia-com-reitor-eleito-da-ufma\/","title":{"rendered":"Sarney se re\u00fane, em Bras\u00edlia, com reitor eleito da UFMA"},"content":{"rendered":"<p><b><font size=\"4\"><\/font><\/b><\/p>\n<p><font size=\"3\">O reitor eleito da Universidade Federal do Maranh\u00e3o (UFMA), professor-doutor Natalino Salgado, foi recebido em audi\u00eancia, ainda h\u00e1 pouco, em Bras\u00edlia, pelo senador Jos\u00e9 Sarney. Natalino exp\u00f4s a Sarney a crise por que passa o Hospital Universit\u00e1rio, que ele dirige h\u00e1 nove anos e do qual se afastar\u00e1 para assumir o comando da UFMA.<\/p>\n<p>Natalino aproveitou para falar do projeto que nortear\u00e1 sua administra\u00e7\u00e3o, elaborado com o aux\u00edlio da equipe de transi\u00e7\u00e3o que montou logo que teve sua elei\u00e7\u00e3o confirmada.<\/p>\n<p>Sarney se comprometeu a buscar apoio do governo federal para que o futuro reitor tenha condi\u00e7\u00f5es de fazer uma administra\u00e7\u00e3o que conduza a UFMA no caminho do desenvolvimento. O senador garantiu ainda que se empenhar\u00e1 no sentido de viabilizar recursos para que o Hospital Universit\u00e1rio continue atendendo \u00e0 popula\u00e7\u00e3o maranhense.<\/font><\/p>\n","protected":false},"excerpt":{"rendered":"<p>O reitor eleito da Universidade Federal do Maranh\u00e3o (UFMA), professor-doutor Natalino Salgado, foi recebido em audi\u00eancia, ainda h\u00e1 pouco, em [&hellip;]<\/p>\n","protected":false},"author":0,"featured_media":0,"comment_status":"open","ping_status":"open","sticky":false,"template":"","format":"standard","meta":{"site-sidebar-layout":"default","site-content-layout":"","ast-site-content-layout":"default","site-content-style":"default","site-sidebar-style":"default","ast-global-header-display":"","ast-banner-title-visibility":"","ast-main-header-display":"","ast-hfb-above-header-display":"","ast-hfb-below-header-display":"","ast-hfb-mobile-header-display":"","site-post-title":"","ast-breadcrumbs-content":"","ast-featured-img":"","footer-sml-layout":"","ast-disable-related-posts":"","theme-transparent-header-meta":"","adv-header-id-meta":"","stick-header-meta":"","header-above-stick-meta":"","header-main-stick-meta":"","header-below-stick-meta":"","astra-migrate-meta-layouts":"default","ast-page-background-enabled":"default","ast-page-background-meta":{"desktop":{"background-color":"var(--ast-global-color-5)","background-image":"","background-repeat":"repeat","background-position":"center center","background-size":"auto","background-attachment":"scroll","background-type":"","background-media":"","overlay-type":"","overlay-color":"","overlay-opacity":"","overlay-gradient":""},"tablet":{"background-color":"","background-image":"","background-repeat":"repeat","background-position":"center center","background-size":"auto","background-attachment":"scroll","background-type":"","background-media":"","overlay-type":"","overlay-color":"","overlay-opacity":"","overlay-gradient":""},"mobile":{"background-color":"","background-image":"","background-repeat":"repeat","background-position":"center center","background-size":"auto","background-attachment":"scroll","background-type":"","background-media":"","overlay-type":"","overlay-color":"","overlay-opacity":"","overlay-gradient":""}},"ast-content-background-meta":{"desktop":{"background-color":"var(--ast-global-color-4)","background-image":"","background-repeat":"repeat","background-position":"center center","background-size":"auto","background-attachment":"scroll","background-type":"","background-media":"","overlay-type":"","overlay-color":"","overlay-opacity":"","overlay-gradient":""},"tablet":{"background-color":"var(--ast-global-color-4)","background-image":"","background-repeat":"repeat","background-position":"center center","background-size":"auto","background-attachment":"scroll","background-type":"","background-media":"","overlay-type":"","overlay-color":"","overlay-opacity":"","overlay-gradient":""},"mobile":{"background-color":"var(--ast-global-color-4)","background-image":"","background-repeat":"repeat","background-position":"center center","background-size":"auto","background-attachment":"scroll","background-type":"","background-media":"","overlay-type":"","overlay-color":"","overlay-opacity":"","overlay-gradient":""}},"footnotes":""},"categories":[1],"tags":[],"class_list":["post-147","post","type-post","status-publish","format-standard","hentry","category-sem-categoria"],"yoast_head":"<!-- This site is optimized with the Yoast SEO plugin v26.6 - https:\/\/yoast.com\/wordpress\/plugins\/seo\/ -->\n<title>Sarney se re\u00fane, em Bras\u00edlia, com reitor eleito da UFMA - Daniel Matos<\/title>\n<meta name=\"robots\" content=\"index, follow, max-snippet:-1, max-image-preview:large, max-video-preview:-1\" \/>\n<link rel=\"canonical\" href=\"https:\/\/www.blogsoestado.com\/danielmatos\/sarney-se-reune-em-brasilia-com-reitor-eleito-da-ufma\/\" \/>\n<meta property=\"og:locale\" content=\"pt_BR\" \/>\n<meta property=\"og:type\" content=\"article\" \/>\n<meta property=\"og:title\" content=\"Sarney se re\u00fane, em Bras\u00edlia, com reitor eleito da UFMA - Daniel Matos\" \/>\n<meta property=\"og:description\" content=\"O reitor eleito da Universidade Federal do Maranh\u00e3o (UFMA), professor-doutor Natalino Salgado, foi recebido em audi\u00eancia, ainda h\u00e1 pouco, em [&hellip;]\" \/>\n<meta property=\"og:url\" content=\"https:\/\/www.blogsoestado.com\/danielmatos\/sarney-se-reune-em-brasilia-com-reitor-eleito-da-ufma\/\" \/>\n<meta property=\"og:site_name\" content=\"Daniel Matos\" \/>\n<meta property=\"article:published_time\" content=\"2007-10-03T12:34:07+00:00\" \/>\n<meta name=\"twitter:card\" content=\"summary_large_image\" \/>\n<meta name=\"twitter:label1\" content=\"Est. tempo de leitura\" \/>\n\t<meta name=\"twitter:data1\" content=\"1 minuto\" \/>\n<script type=\"application\/ld+json\" class=\"yoast-schema-graph\">{\"@context\":\"https:\/\/schema.org\",\"@graph\":[{\"@type\":\"WebPage\",\"@id\":\"https:\/\/www.blogsoestado.com\/danielmatos\/sarney-se-reune-em-brasilia-com-reitor-eleito-da-ufma\/\",\"url\":\"https:\/\/www.blogsoestado.com\/danielmatos\/sarney-se-reune-em-brasilia-com-reitor-eleito-da-ufma\/\",\"name\":\"Sarney se re\u00fane, em Bras\u00edlia, com reitor eleito da UFMA - Daniel Matos\",\"isPartOf\":{\"@id\":\"https:\/\/www.blogsoestado.com\/danielmatos\/#website\"},\"datePublished\":\"2007-10-03T12:34:07+00:00\",\"author\":{\"@id\":\"\"},\"breadcrumb\":{\"@id\":\"https:\/\/www.blogsoestado.com\/danielmatos\/sarney-se-reune-em-brasilia-com-reitor-eleito-da-ufma\/#breadcrumb\"},\"inLanguage\":\"pt-BR\",\"potentialAction\":[{\"@type\":\"ReadAction\",\"target\":[\"https:\/\/www.blogsoestado.com\/danielmatos\/sarney-se-reune-em-brasilia-com-reitor-eleito-da-ufma\/\"]}]},{\"@type\":\"BreadcrumbList\",\"@id\":\"https:\/\/www.blogsoestado.com\/danielmatos\/sarney-se-reune-em-brasilia-com-reitor-eleito-da-ufma\/#breadcrumb\",\"itemListElement\":[{\"@type\":\"ListItem\",\"position\":1,\"name\":\"In\u00edcio\",\"item\":\"https:\/\/www.blogsoestado.com\/danielmatos\/\"},{\"@type\":\"ListItem\",\"position\":2,\"name\":\"Sarney se re\u00fane, em Bras\u00edlia, com reitor eleito da UFMA\"}]},{\"@type\":\"WebSite\",\"@id\":\"https:\/\/www.blogsoestado.com\/danielmatos\/#website\",\"url\":\"https:\/\/www.blogsoestado.com\/danielmatos\/\",\"name\":\"Daniel Matos\",\"description\":\"\",\"potentialAction\":[{\"@type\":\"SearchAction\",\"target\":{\"@type\":\"EntryPoint\",\"urlTemplate\":\"https:\/\/www.blogsoestado.com\/danielmatos\/?s={search_term_string}\"},\"query-input\":{\"@type\":\"PropertyValueSpecification\",\"valueRequired\":true,\"valueName\":\"search_term_string\"}}],\"inLanguage\":\"pt-BR\"}]}<\/script>\n<!-- \/ Yoast SEO plugin. -->","yoast_head_json":{"title":"Sarney se re\u00fane, em Bras\u00edlia, com reitor eleito da UFMA - Daniel Matos","robots":{"index":"index","follow":"follow","max-snippet":"max-snippet:-1","max-image-preview":"max-image-preview:large","max-video-preview":"max-video-preview:-1"},"canonical":"https:\/\/www.blogsoestado.com\/danielmatos\/sarney-se-reune-em-brasilia-com-reitor-eleito-da-ufma\/","og_locale":"pt_BR","og_type":"article","og_title":"Sarney se re\u00fane, em Bras\u00edlia, com reitor eleito da UFMA - Daniel Matos","og_description":"O reitor eleito da Universidade Federal do Maranh\u00e3o (UFMA), professor-doutor Natalino Salgado, foi recebido em audi\u00eancia, ainda h\u00e1 pouco, em [&hellip;]","og_url":"https:\/\/www.blogsoestado.com\/danielmatos\/sarney-se-reune-em-brasilia-com-reitor-eleito-da-ufma\/","og_site_name":"Daniel Matos","article_published_time":"2007-10-03T12:34:07+00:00","twitter_card":"summary_large_image","twitter_misc":{"Est. tempo de leitura":"1 minuto"},"schema":{"@context":"https:\/\/schema.org","@graph":[{"@type":"WebPage","@id":"https:\/\/www.blogsoestado.com\/danielmatos\/sarney-se-reune-em-brasilia-com-reitor-eleito-da-ufma\/","url":"https:\/\/www.blogsoestado.com\/danielmatos\/sarney-se-reune-em-brasilia-com-reitor-eleito-da-ufma\/","name":"Sarney se re\u00fane, em Bras\u00edlia, com reitor eleito da UFMA - Daniel Matos","isPartOf":{"@id":"https:\/\/www.blogsoestado.com\/danielmatos\/#website"},"datePublished":"2007-10-03T12:34:07+00:00","author":{"@id":""},"breadcrumb":{"@id":"https:\/\/www.blogsoestado.com\/danielmatos\/sarney-se-reune-em-brasilia-com-reitor-eleito-da-ufma\/#breadcrumb"},"inLanguage":"pt-BR","potentialAction":[{"@type":"ReadAction","target":["https:\/\/www.blogsoestado.com\/danielmatos\/sarney-se-reune-em-brasilia-com-reitor-eleito-da-ufma\/"]}]},{"@type":"BreadcrumbList","@id":"https:\/\/www.blogsoestado.com\/danielmatos\/sarney-se-reune-em-brasilia-com-reitor-eleito-da-ufma\/#breadcrumb","itemListElement":[{"@type":"ListItem","position":1,"name":"In\u00edcio","item":"https:\/\/www.blogsoestado.com\/danielmatos\/"},{"@type":"ListItem","position":2,"name":"Sarney se re\u00fane, em Bras\u00edlia, com reitor eleito da UFMA"}]},{"@type":"WebSite","@id":"https:\/\/www.blogsoestado.com\/danielmatos\/#website","url":"https:\/\/www.blogsoestado.com\/danielmatos\/","name":"Daniel Matos","description":"","potentialAction":[{"@type":"SearchAction","target":{"@type":"EntryPoint","urlTemplate":"https:\/\/www.blogsoestado.com\/danielmatos\/?s={search_term_string}"},"query-input":{"@type":"PropertyValueSpecification","valueRequired":true,"valueName":"search_term_string"}}],"inLanguage":"pt-BR"}]}},"jetpack_featured_media_url":"","_links":{"self":[{"href":"https:\/\/www.blogsoestado.com\/danielmatos\/wp-json\/wp\/v2\/posts\/147","targetHints":{"allow":["GET"]}}],"collection":[{"href":"https:\/\/www.blogsoestado.com\/danielmatos\/wp-json\/wp\/v2\/posts"}],"about":[{"href":"https:\/\/www.blogsoestado.com\/danielmatos\/wp-json\/wp\/v2\/types\/post"}],"replies":[{"embeddable":true,"href":"https:\/\/www.blogsoestado.com\/danielmatos\/wp-json\/wp\/v2\/comments?post=147"}],"version-history":[{"count":0,"href":"https:\/\/www.blogsoestado.com\/danielmatos\/wp-json\/wp\/v2\/posts\/147\/revisions"}],"wp:attachment":[{"href":"https:\/\/www.blogsoestado.com\/danielmatos\/wp-json\/wp\/v2\/media?parent=147"}],"wp:term":[{"taxonomy":"category","embeddable":true,"href":"https:\/\/www.blogsoestado.com\/danielmatos\/wp-json\/wp\/v2\/categories?post=147"},{"taxonomy":"post_tag","embeddable":true,"href":"https:\/\/www.blogsoestado.com\/danielmatos\/wp-json\/wp\/v2\/tags?post=147"}],"curies":[{"name":"wp","href":"https:\/\/api.w.org\/{rel}","templated":true}]}}