{"id":147015,"date":"2025-08-08T19:12:09","date_gmt":"2025-08-08T22:12:09","guid":{"rendered":"https:\/\/www.blogsoestado.com\/danielmatos\/?p=147015"},"modified":"2025-08-08T19:38:21","modified_gmt":"2025-08-08T22:38:21","slug":"brandao-lanca-programa-educacao-de-verdade-para-fortalecer-a-seguranca-alimentar-transporte-escolar-e-aprendizagem-da-rede-estadual-de-ensino","status":"publish","type":"post","link":"https:\/\/www.blogsoestado.com\/danielmatos\/brandao-lanca-programa-educacao-de-verdade-para-fortalecer-a-seguranca-alimentar-transporte-escolar-e-aprendizagem-da-rede-estadual-de-ensino\/","title":{"rendered":"Brand\u00e3o lan\u00e7a programa Educa\u00e7\u00e3o de Verdade para fortalecer a seguran\u00e7a alimentar, transporte escolar e aprendizagem da rede estadual de ensino"},"content":{"rendered":"\n<figure class=\"wp-block-image aligncenter size-large\"><img fetchpriority=\"high\" decoding=\"async\" width=\"1024\" height=\"683\" src=\"https:\/\/www.blogsoestado.com\/danielmatos\/wp-content\/uploads\/sites\/2\/2025\/08\/1003243968-1-1024x683.jpg\" alt=\"\" class=\"wp-image-147020\" srcset=\"https:\/\/www.blogsoestado.com\/danielmatos\/wp-content\/uploads\/sites\/2\/2025\/08\/1003243968-1-1024x683.jpg 1024w, https:\/\/www.blogsoestado.com\/danielmatos\/wp-content\/uploads\/sites\/2\/2025\/08\/1003243968-1-300x200.jpg 300w, https:\/\/www.blogsoestado.com\/danielmatos\/wp-content\/uploads\/sites\/2\/2025\/08\/1003243968-1-768x512.jpg 768w, https:\/\/www.blogsoestado.com\/danielmatos\/wp-content\/uploads\/sites\/2\/2025\/08\/1003243968-1-1536x1024.jpg 1536w, https:\/\/www.blogsoestado.com\/danielmatos\/wp-content\/uploads\/sites\/2\/2025\/08\/1003243968-1-2048x1366.jpg 2048w\" sizes=\"(max-width: 1024px) 100vw, 1024px\" \/><figcaption class=\"wp-element-caption\">O governador Carlos Brand\u00e3o com estudantes no lan\u00e7amento do programa Educa\u00e7\u00e3o de Verdade<\/figcaption><\/figure>\n\n\n\n<p>Fortalecer a seguran\u00e7a alimentar, garantir o deslocamento dos alunos at\u00e9 a escola e dar apoio tecnol\u00f3gico nas atividades pedag\u00f3gicas. Ests s\u00e3o os eixos do macroprograma Educa\u00e7\u00e3o de Verdade, lan\u00e7ado nesta sexta-feira (8) pelo governo do Maranh\u00e3o. Durante a solenidade realizada no Pal\u00e1cio Henrique de La Rocque, em S\u00e3o Lu\u00eds, o governador Carlos Brand\u00e3o destacou que mais de 247 mil alunos da rede estadual de ensino ser\u00e3o beneficiados.<\/p>\n\n\n\n<p>O macroprograma Educa\u00e7\u00e3o de Verdade tem como eixos os programas \u201cRefei\u00e7\u00e3o de Verdade, para Mentes Brilhantes\u201d, \u201cTransporte de Verdade\u201d e a entrega de tabletes para todos os 247.180 alunos, bem como notebooks para todos os professores da rede p\u00fablica estadual de ensino.<\/p>\n\n\n\n<p>Ser\u00e3o contemplados alunos das escolas da educa\u00e7\u00e3o b\u00e1sica da rede p\u00fablica estadual, das modalidades Atendimento Educacional Especializado (AEE), Educa\u00e7\u00e3o de Jovens e Adultos (EJA), fundamental, m\u00e9dio, quilombola e anexos.<\/p>\n\n\n\n<p>\u201cVamos oferecer refei\u00e7\u00f5es de qualidade para os alunos, para que eles tenham melhor nutri\u00e7\u00e3o, e, com isso, melhores condi\u00e7\u00f5es de racioc\u00ednio e aprendizado. Tamb\u00e9m vamos aumentar o repasse que o governo faz para o transporte escolar a fim de que as prefeituras tenham recursos suficientes para que os alunos possam chegar \u00e0 escola com seguran\u00e7a e dignidade\u201d, afirmou o governador Carlos Brand\u00e3o, durante a solenidade de lan\u00e7amento, quando ressaltou que o governo do Maranh\u00e3o reformulou v\u00e1rios eixos para implementar um amplo programa que vai melhorar os indicadores da educa\u00e7\u00e3o.<\/p>\n\n\n\n<p>Brand\u00e3o tamb\u00e9m anunciou uma iniciativa in\u00e9dita na educa\u00e7\u00e3o do Maranh\u00e3o. \u201cFaremos a aquisi\u00e7\u00e3o e entrega de tablets e notebooks para todos os nossos alunos e professores da rede estadual. A tecnologia \u00e9 uma grande aliada do ensino e n\u00f3s precisamos garantir que nossos alunos tenham acesso aos equipamentos para melhorar seu desempenho em sala de aula e facilitar os estudos tamb\u00e9m em casa\u201d, informou.<\/p>\n\n\n\n<p>Os dois programas, que ser\u00e3o coordenados pela Secretaria de Estado de Educa\u00e7\u00e3o (Seduc), v\u00e3o garantir o acesso e perman\u00eancia dos estudantes na rede p\u00fablica de ensino, de acordo com a titular da pasta, Jandira Dias.<\/p>\n\n\n\n<p>\u201cPor meio deste macroprograma vamos garantir mais avan\u00e7os para a educa\u00e7\u00e3o do Maranh\u00e3o. Com o Refei\u00e7\u00e3o de Verdade, para Mentes Brilhantes, vamos garantir que os alunos tenham direito a almo\u00e7o e\/ou jantar na nossa rede escolar. J\u00e1 com o Transporte Escolar de Verdade, vamos atualizar nossa tabela de repasse de recursos aos munic\u00edpios, fortalecendo cada vez mais nosso regime de colabora\u00e7\u00e3o com as prefeituras, conforme prev\u00ea o Pacto pela Aprendizagem\u201d, explicou Jandira Dias.<\/p>\n\n\n\n<figure class=\"wp-block-image aligncenter size-large\"><img decoding=\"async\" width=\"1024\" height=\"682\" src=\"https:\/\/www.blogsoestado.com\/danielmatos\/wp-content\/uploads\/sites\/2\/2025\/08\/1003243976-2-1024x682.jpg\" alt=\"\" class=\"wp-image-147021\" srcset=\"https:\/\/www.blogsoestado.com\/danielmatos\/wp-content\/uploads\/sites\/2\/2025\/08\/1003243976-2-1024x682.jpg 1024w, https:\/\/www.blogsoestado.com\/danielmatos\/wp-content\/uploads\/sites\/2\/2025\/08\/1003243976-2-300x200.jpg 300w, https:\/\/www.blogsoestado.com\/danielmatos\/wp-content\/uploads\/sites\/2\/2025\/08\/1003243976-2-768x512.jpg 768w, https:\/\/www.blogsoestado.com\/danielmatos\/wp-content\/uploads\/sites\/2\/2025\/08\/1003243976-2-1536x1024.jpg 1536w, https:\/\/www.blogsoestado.com\/danielmatos\/wp-content\/uploads\/sites\/2\/2025\/08\/1003243976-2-2048x1365.jpg 2048w\" sizes=\"(max-width: 1024px) 100vw, 1024px\" \/><figcaption class=\"wp-element-caption\">O governador Carlos Brand\u00e3o \u00e9 saudado por estudantes de diversas escolas da rede estadual que acompanharam a solenidade de lan\u00e7amento do programa e comemoraram os benef\u00edcios<\/figcaption><\/figure>\n\n\n\n<p><em><strong>Comemora\u00e7\u00e3o dos estudantes<\/strong><\/em><\/p>\n\n\n\n<p>Estudantes de diversas escolas da rede estadual acompanharam a solenidade de lan\u00e7amento do programa e comemoraram os benef\u00edcios. \u201cEsses programas v\u00e3o melhorar muito o nosso desempenho na escola, pois muitas vezes temos que sair muito cedo de casa para poder pegar um \u00f4nibus e esse tempo extra que vamos economizar j\u00e1 vai ser investido nos estudos\u201d, disse Adrianny Maria Silva, aluna do Centro de Ensino Pedro \u00c1lvares Cabral.<\/p>\n\n\n\n<p>O estudante Janison Almeida dos Santos disse que j\u00e1 ficou sem ir para a escola por falta de transporte, por isso comemorou o lan\u00e7amento do Educa\u00e7\u00e3o de Verdade. \u201cEu j\u00e1 fiquei sem ir para a escola por falta de dinheiro para pagar passagem. Ent\u00e3o, esse programa vai ser muito importante para viabilizar o acesso dos estudantes \u00e0 escola, acesso \u00e0 internet para fazer pesquisas e uma boa alimenta\u00e7\u00e3o para nos dar disposi\u00e7\u00e3o para os estudos\u201d, comentou.<\/p>\n\n\n\n<figure class=\"wp-block-embed is-type-video is-provider-youtube wp-block-embed-youtube wp-embed-aspect-16-9 wp-has-aspect-ratio\"><div class=\"wp-block-embed__wrapper\">\n<iframe title=\"Lan\u00e7amento\" width=\"500\" height=\"281\" src=\"https:\/\/www.youtube.com\/embed\/jJ4DH-MUg6A?feature=oembed\" frameborder=\"0\" allow=\"accelerometer; autoplay; clipboard-write; encrypted-media; gyroscope; picture-in-picture; web-share\" referrerpolicy=\"strict-origin-when-cross-origin\" allowfullscreen><\/iframe>\n<\/div><\/figure>\n\n\n\n<p><em><strong>Refei\u00e7\u00e3o de Verdade, para Mentes Brilhantes<\/strong><\/em><\/p>\n\n\n\n<p>O programa \u201cRefei\u00e7\u00e3o de Verdade para Mentes, Brilhantes\u201d \u00e9 uma iniciativa estrat\u00e9gica do governo do Maranh\u00e3o. Institu\u00eddo pela portaria n\u00ba 099\/2025, ele fortalece o Programa Nacional de Alimenta\u00e7\u00e3o Escolar (PNAE). Ser\u00e3o investidos R$ 61.795 mil. Os recursos s\u00e3o oriundos do Tesouro Estadual.<\/p>\n\n\n\n<p>Por meio do programa, que j\u00e1 entra em vigor no segundo semestre letivo deste ano, ser\u00e1 ofertada alimenta\u00e7\u00e3o balanceada durante os 200 dias letivos. Os estudantes do turno matutino receber\u00e3o lanche e almo\u00e7o; no turno vespertino ser\u00e3o servidos almo\u00e7o e lanche; j\u00e1 os alunos do turno noturno receber\u00e3o janta.<\/p>\n\n\n\n<p>Com foco em seguran\u00e7a alimentar, na redu\u00e7\u00e3o da evas\u00e3o escolar, no fortalecimento da aprendizagem e na promo\u00e7\u00e3o de h\u00e1bitos alimentares mais saud\u00e1veis, o programa vai operar por meio de uma gest\u00e3o eficiente e transparente, assegurando que os recursos sejam aplicados de forma respons\u00e1vel e impactante.<\/p>\n","protected":false},"excerpt":{"rendered":"<p>Fortalecer a seguran\u00e7a alimentar, garantir o deslocamento dos alunos at\u00e9 a escola e dar apoio tecnol\u00f3gico nas atividades pedag\u00f3gicas. Ests [&hellip;]<\/p>\n","protected":false},"author":2,"featured_media":0,"comment_status":"open","ping_status":"open","sticky":false,"template":"","format":"standard","meta":{"site-sidebar-layout":"default","site-content-layout":"","ast-site-content-layout":"default","site-content-style":"default","site-sidebar-style":"default","ast-global-header-display":"","ast-banner-title-visibility":"","ast-main-header-display":"","ast-hfb-above-header-display":"","ast-hfb-below-header-display":"","ast-hfb-mobile-header-display":"","site-post-title":"","ast-breadcrumbs-content":"","ast-featured-img":"","footer-sml-layout":"","ast-disable-related-posts":"","theme-transparent-header-meta":"","adv-header-id-meta":"","stick-header-meta":"","header-above-stick-meta":"","header-main-stick-meta":"","header-below-stick-meta":"","astra-migrate-meta-layouts":"default","ast-page-background-enabled":"default","ast-page-background-meta":{"desktop":{"background-color":"var(--ast-global-color-5)","background-image":"","background-repeat":"repeat","background-position":"center center","background-size":"auto","background-attachment":"scroll","background-type":"","background-media":"","overlay-type":"","overlay-color":"","overlay-opacity":"","overlay-gradient":""},"tablet":{"background-color":"","background-image":"","background-repeat":"repeat","background-position":"center center","background-size":"auto","background-attachment":"scroll","background-type":"","background-media":"","overlay-type":"","overlay-color":"","overlay-opacity":"","overlay-gradient":""},"mobile":{"background-color":"","background-image":"","background-repeat":"repeat","background-position":"center center","background-size":"auto","background-attachment":"scroll","background-type":"","background-media":"","overlay-type":"","overlay-color":"","overlay-opacity":"","overlay-gradient":""}},"ast-content-background-meta":{"desktop":{"background-color":"var(--ast-global-color-4)","background-image":"","background-repeat":"repeat","background-position":"center center","background-size":"auto","background-attachment":"scroll","background-type":"","background-media":"","overlay-type":"","overlay-color":"","overlay-opacity":"","overlay-gradient":""},"tablet":{"background-color":"var(--ast-global-color-4)","background-image":"","background-repeat":"repeat","background-position":"center center","background-size":"auto","background-attachment":"scroll","background-type":"","background-media":"","overlay-type":"","overlay-color":"","overlay-opacity":"","overlay-gradient":""},"mobile":{"background-color":"var(--ast-global-color-4)","background-image":"","background-repeat":"repeat","background-position":"center center","background-size":"auto","background-attachment":"scroll","background-type":"","background-media":"","overlay-type":"","overlay-color":"","overlay-opacity":"","overlay-gradient":""}},"footnotes":""},"categories":[1],"tags":[],"class_list":["post-147015","post","type-post","status-publish","format-standard","hentry","category-sem-categoria"],"yoast_head":"<!-- This site is optimized with the Yoast SEO plugin v26.6 - https:\/\/yoast.com\/wordpress\/plugins\/seo\/ -->\n<title>Brand\u00e3o lan\u00e7a programa Educa\u00e7\u00e3o de Verdade para fortalecer a seguran\u00e7a alimentar, transporte escolar e aprendizagem da rede estadual de ensino - Daniel Matos<\/title>\n<meta name=\"robots\" content=\"index, follow, max-snippet:-1, max-image-preview:large, max-video-preview:-1\" \/>\n<link rel=\"canonical\" href=\"https:\/\/www.blogsoestado.com\/danielmatos\/brandao-lanca-programa-educacao-de-verdade-para-fortalecer-a-seguranca-alimentar-transporte-escolar-e-aprendizagem-da-rede-estadual-de-ensino\/\" \/>\n<meta property=\"og:locale\" content=\"pt_BR\" \/>\n<meta property=\"og:type\" content=\"article\" \/>\n<meta property=\"og:title\" content=\"Brand\u00e3o lan\u00e7a programa Educa\u00e7\u00e3o de Verdade para fortalecer a seguran\u00e7a alimentar, transporte escolar e aprendizagem da rede estadual de ensino - Daniel Matos\" \/>\n<meta property=\"og:description\" content=\"Fortalecer a seguran\u00e7a alimentar, garantir o deslocamento dos alunos at\u00e9 a escola e dar apoio tecnol\u00f3gico nas atividades pedag\u00f3gicas. Ests [&hellip;]\" \/>\n<meta property=\"og:url\" content=\"https:\/\/www.blogsoestado.com\/danielmatos\/brandao-lanca-programa-educacao-de-verdade-para-fortalecer-a-seguranca-alimentar-transporte-escolar-e-aprendizagem-da-rede-estadual-de-ensino\/\" \/>\n<meta property=\"og:site_name\" content=\"Daniel Matos\" \/>\n<meta property=\"article:published_time\" content=\"2025-08-08T22:12:09+00:00\" \/>\n<meta property=\"article:modified_time\" content=\"2025-08-08T22:38:21+00:00\" \/>\n<meta property=\"og:image\" content=\"https:\/\/www.blogsoestado.com\/danielmatos\/wp-content\/uploads\/sites\/2\/2025\/08\/1003243968-1.jpg\" \/>\n\t<meta property=\"og:image:width\" content=\"2560\" \/>\n\t<meta property=\"og:image:height\" content=\"1707\" \/>\n\t<meta property=\"og:image:type\" content=\"image\/jpeg\" \/>\n<meta name=\"author\" content=\"Daniel Matos\" \/>\n<meta name=\"twitter:card\" content=\"summary_large_image\" \/>\n<meta name=\"twitter:label1\" content=\"Escrito por\" \/>\n\t<meta name=\"twitter:data1\" content=\"Daniel Matos\" \/>\n\t<meta name=\"twitter:label2\" content=\"Est. tempo de leitura\" \/>\n\t<meta name=\"twitter:data2\" content=\"5 minutos\" \/>\n<script type=\"application\/ld+json\" class=\"yoast-schema-graph\">{\"@context\":\"https:\/\/schema.org\",\"@graph\":[{\"@type\":\"WebPage\",\"@id\":\"https:\/\/www.blogsoestado.com\/danielmatos\/brandao-lanca-programa-educacao-de-verdade-para-fortalecer-a-seguranca-alimentar-transporte-escolar-e-aprendizagem-da-rede-estadual-de-ensino\/\",\"url\":\"https:\/\/www.blogsoestado.com\/danielmatos\/brandao-lanca-programa-educacao-de-verdade-para-fortalecer-a-seguranca-alimentar-transporte-escolar-e-aprendizagem-da-rede-estadual-de-ensino\/\",\"name\":\"Brand\u00e3o lan\u00e7a programa Educa\u00e7\u00e3o de Verdade para fortalecer a seguran\u00e7a alimentar, transporte escolar e aprendizagem da rede estadual de ensino - Daniel Matos\",\"isPartOf\":{\"@id\":\"https:\/\/www.blogsoestado.com\/danielmatos\/#website\"},\"primaryImageOfPage\":{\"@id\":\"https:\/\/www.blogsoestado.com\/danielmatos\/brandao-lanca-programa-educacao-de-verdade-para-fortalecer-a-seguranca-alimentar-transporte-escolar-e-aprendizagem-da-rede-estadual-de-ensino\/#primaryimage\"},\"image\":{\"@id\":\"https:\/\/www.blogsoestado.com\/danielmatos\/brandao-lanca-programa-educacao-de-verdade-para-fortalecer-a-seguranca-alimentar-transporte-escolar-e-aprendizagem-da-rede-estadual-de-ensino\/#primaryimage\"},\"thumbnailUrl\":\"https:\/\/www.blogsoestado.com\/danielmatos\/wp-content\/uploads\/sites\/2\/2025\/08\/1003243968-1-1024x683.jpg\",\"datePublished\":\"2025-08-08T22:12:09+00:00\",\"dateModified\":\"2025-08-08T22:38:21+00:00\",\"author\":{\"@id\":\"https:\/\/www.blogsoestado.com\/danielmatos\/#\/schema\/person\/9a209d407cd45631f131e1285b661bb0\"},\"breadcrumb\":{\"@id\":\"https:\/\/www.blogsoestado.com\/danielmatos\/brandao-lanca-programa-educacao-de-verdade-para-fortalecer-a-seguranca-alimentar-transporte-escolar-e-aprendizagem-da-rede-estadual-de-ensino\/#breadcrumb\"},\"inLanguage\":\"pt-BR\",\"potentialAction\":[{\"@type\":\"ReadAction\",\"target\":[\"https:\/\/www.blogsoestado.com\/danielmatos\/brandao-lanca-programa-educacao-de-verdade-para-fortalecer-a-seguranca-alimentar-transporte-escolar-e-aprendizagem-da-rede-estadual-de-ensino\/\"]}]},{\"@type\":\"ImageObject\",\"inLanguage\":\"pt-BR\",\"@id\":\"https:\/\/www.blogsoestado.com\/danielmatos\/brandao-lanca-programa-educacao-de-verdade-para-fortalecer-a-seguranca-alimentar-transporte-escolar-e-aprendizagem-da-rede-estadual-de-ensino\/#primaryimage\",\"url\":\"https:\/\/www.blogsoestado.com\/danielmatos\/wp-content\/uploads\/sites\/2\/2025\/08\/1003243968-1.jpg\",\"contentUrl\":\"https:\/\/www.blogsoestado.com\/danielmatos\/wp-content\/uploads\/sites\/2\/2025\/08\/1003243968-1.jpg\",\"width\":2560,\"height\":1707},{\"@type\":\"BreadcrumbList\",\"@id\":\"https:\/\/www.blogsoestado.com\/danielmatos\/brandao-lanca-programa-educacao-de-verdade-para-fortalecer-a-seguranca-alimentar-transporte-escolar-e-aprendizagem-da-rede-estadual-de-ensino\/#breadcrumb\",\"itemListElement\":[{\"@type\":\"ListItem\",\"position\":1,\"name\":\"In\u00edcio\",\"item\":\"https:\/\/www.blogsoestado.com\/danielmatos\/\"},{\"@type\":\"ListItem\",\"position\":2,\"name\":\"Brand\u00e3o lan\u00e7a programa Educa\u00e7\u00e3o de Verdade para fortalecer a seguran\u00e7a alimentar, transporte escolar e aprendizagem da rede estadual de ensino\"}]},{\"@type\":\"WebSite\",\"@id\":\"https:\/\/www.blogsoestado.com\/danielmatos\/#website\",\"url\":\"https:\/\/www.blogsoestado.com\/danielmatos\/\",\"name\":\"Daniel Matos\",\"description\":\"\",\"potentialAction\":[{\"@type\":\"SearchAction\",\"target\":{\"@type\":\"EntryPoint\",\"urlTemplate\":\"https:\/\/www.blogsoestado.com\/danielmatos\/?s={search_term_string}\"},\"query-input\":{\"@type\":\"PropertyValueSpecification\",\"valueRequired\":true,\"valueName\":\"search_term_string\"}}],\"inLanguage\":\"pt-BR\"},{\"@type\":\"Person\",\"@id\":\"https:\/\/www.blogsoestado.com\/danielmatos\/#\/schema\/person\/9a209d407cd45631f131e1285b661bb0\",\"name\":\"Daniel Matos\",\"image\":{\"@type\":\"ImageObject\",\"inLanguage\":\"pt-BR\",\"@id\":\"https:\/\/www.blogsoestado.com\/danielmatos\/#\/schema\/person\/image\/\",\"url\":\"https:\/\/secure.gravatar.com\/avatar\/2f26c36ee355da19a257f0dfef43952a2588b324ca35d6719e859fe338ac0392?s=96&d=mm&r=g\",\"contentUrl\":\"https:\/\/secure.gravatar.com\/avatar\/2f26c36ee355da19a257f0dfef43952a2588b324ca35d6719e859fe338ac0392?s=96&d=mm&r=g\",\"caption\":\"Daniel Matos\"},\"url\":\"https:\/\/www.blogsoestado.com\/danielmatos\/author\/danielmatos\/\"}]}<\/script>\n<!-- \/ Yoast SEO plugin. -->","yoast_head_json":{"title":"Brand\u00e3o lan\u00e7a programa Educa\u00e7\u00e3o de Verdade para fortalecer a seguran\u00e7a alimentar, transporte escolar e aprendizagem da rede estadual de ensino - Daniel Matos","robots":{"index":"index","follow":"follow","max-snippet":"max-snippet:-1","max-image-preview":"max-image-preview:large","max-video-preview":"max-video-preview:-1"},"canonical":"https:\/\/www.blogsoestado.com\/danielmatos\/brandao-lanca-programa-educacao-de-verdade-para-fortalecer-a-seguranca-alimentar-transporte-escolar-e-aprendizagem-da-rede-estadual-de-ensino\/","og_locale":"pt_BR","og_type":"article","og_title":"Brand\u00e3o lan\u00e7a programa Educa\u00e7\u00e3o de Verdade para fortalecer a seguran\u00e7a alimentar, transporte escolar e aprendizagem da rede estadual de ensino - Daniel Matos","og_description":"Fortalecer a seguran\u00e7a alimentar, garantir o deslocamento dos alunos at\u00e9 a escola e dar apoio tecnol\u00f3gico nas atividades pedag\u00f3gicas. Ests [&hellip;]","og_url":"https:\/\/www.blogsoestado.com\/danielmatos\/brandao-lanca-programa-educacao-de-verdade-para-fortalecer-a-seguranca-alimentar-transporte-escolar-e-aprendizagem-da-rede-estadual-de-ensino\/","og_site_name":"Daniel Matos","article_published_time":"2025-08-08T22:12:09+00:00","article_modified_time":"2025-08-08T22:38:21+00:00","og_image":[{"width":2560,"height":1707,"url":"https:\/\/www.blogsoestado.com\/danielmatos\/wp-content\/uploads\/sites\/2\/2025\/08\/1003243968-1.jpg","type":"image\/jpeg"}],"author":"Daniel Matos","twitter_card":"summary_large_image","twitter_misc":{"Escrito por":"Daniel Matos","Est. tempo de leitura":"5 minutos"},"schema":{"@context":"https:\/\/schema.org","@graph":[{"@type":"WebPage","@id":"https:\/\/www.blogsoestado.com\/danielmatos\/brandao-lanca-programa-educacao-de-verdade-para-fortalecer-a-seguranca-alimentar-transporte-escolar-e-aprendizagem-da-rede-estadual-de-ensino\/","url":"https:\/\/www.blogsoestado.com\/danielmatos\/brandao-lanca-programa-educacao-de-verdade-para-fortalecer-a-seguranca-alimentar-transporte-escolar-e-aprendizagem-da-rede-estadual-de-ensino\/","name":"Brand\u00e3o lan\u00e7a programa Educa\u00e7\u00e3o de Verdade para fortalecer a seguran\u00e7a alimentar, transporte escolar e aprendizagem da rede estadual de ensino - Daniel Matos","isPartOf":{"@id":"https:\/\/www.blogsoestado.com\/danielmatos\/#website"},"primaryImageOfPage":{"@id":"https:\/\/www.blogsoestado.com\/danielmatos\/brandao-lanca-programa-educacao-de-verdade-para-fortalecer-a-seguranca-alimentar-transporte-escolar-e-aprendizagem-da-rede-estadual-de-ensino\/#primaryimage"},"image":{"@id":"https:\/\/www.blogsoestado.com\/danielmatos\/brandao-lanca-programa-educacao-de-verdade-para-fortalecer-a-seguranca-alimentar-transporte-escolar-e-aprendizagem-da-rede-estadual-de-ensino\/#primaryimage"},"thumbnailUrl":"https:\/\/www.blogsoestado.com\/danielmatos\/wp-content\/uploads\/sites\/2\/2025\/08\/1003243968-1-1024x683.jpg","datePublished":"2025-08-08T22:12:09+00:00","dateModified":"2025-08-08T22:38:21+00:00","author":{"@id":"https:\/\/www.blogsoestado.com\/danielmatos\/#\/schema\/person\/9a209d407cd45631f131e1285b661bb0"},"breadcrumb":{"@id":"https:\/\/www.blogsoestado.com\/danielmatos\/brandao-lanca-programa-educacao-de-verdade-para-fortalecer-a-seguranca-alimentar-transporte-escolar-e-aprendizagem-da-rede-estadual-de-ensino\/#breadcrumb"},"inLanguage":"pt-BR","potentialAction":[{"@type":"ReadAction","target":["https:\/\/www.blogsoestado.com\/danielmatos\/brandao-lanca-programa-educacao-de-verdade-para-fortalecer-a-seguranca-alimentar-transporte-escolar-e-aprendizagem-da-rede-estadual-de-ensino\/"]}]},{"@type":"ImageObject","inLanguage":"pt-BR","@id":"https:\/\/www.blogsoestado.com\/danielmatos\/brandao-lanca-programa-educacao-de-verdade-para-fortalecer-a-seguranca-alimentar-transporte-escolar-e-aprendizagem-da-rede-estadual-de-ensino\/#primaryimage","url":"https:\/\/www.blogsoestado.com\/danielmatos\/wp-content\/uploads\/sites\/2\/2025\/08\/1003243968-1.jpg","contentUrl":"https:\/\/www.blogsoestado.com\/danielmatos\/wp-content\/uploads\/sites\/2\/2025\/08\/1003243968-1.jpg","width":2560,"height":1707},{"@type":"BreadcrumbList","@id":"https:\/\/www.blogsoestado.com\/danielmatos\/brandao-lanca-programa-educacao-de-verdade-para-fortalecer-a-seguranca-alimentar-transporte-escolar-e-aprendizagem-da-rede-estadual-de-ensino\/#breadcrumb","itemListElement":[{"@type":"ListItem","position":1,"name":"In\u00edcio","item":"https:\/\/www.blogsoestado.com\/danielmatos\/"},{"@type":"ListItem","position":2,"name":"Brand\u00e3o lan\u00e7a programa Educa\u00e7\u00e3o de Verdade para fortalecer a seguran\u00e7a alimentar, transporte escolar e aprendizagem da rede estadual de ensino"}]},{"@type":"WebSite","@id":"https:\/\/www.blogsoestado.com\/danielmatos\/#website","url":"https:\/\/www.blogsoestado.com\/danielmatos\/","name":"Daniel Matos","description":"","potentialAction":[{"@type":"SearchAction","target":{"@type":"EntryPoint","urlTemplate":"https:\/\/www.blogsoestado.com\/danielmatos\/?s={search_term_string}"},"query-input":{"@type":"PropertyValueSpecification","valueRequired":true,"valueName":"search_term_string"}}],"inLanguage":"pt-BR"},{"@type":"Person","@id":"https:\/\/www.blogsoestado.com\/danielmatos\/#\/schema\/person\/9a209d407cd45631f131e1285b661bb0","name":"Daniel Matos","image":{"@type":"ImageObject","inLanguage":"pt-BR","@id":"https:\/\/www.blogsoestado.com\/danielmatos\/#\/schema\/person\/image\/","url":"https:\/\/secure.gravatar.com\/avatar\/2f26c36ee355da19a257f0dfef43952a2588b324ca35d6719e859fe338ac0392?s=96&d=mm&r=g","contentUrl":"https:\/\/secure.gravatar.com\/avatar\/2f26c36ee355da19a257f0dfef43952a2588b324ca35d6719e859fe338ac0392?s=96&d=mm&r=g","caption":"Daniel Matos"},"url":"https:\/\/www.blogsoestado.com\/danielmatos\/author\/danielmatos\/"}]}},"jetpack_featured_media_url":"","_links":{"self":[{"href":"https:\/\/www.blogsoestado.com\/danielmatos\/wp-json\/wp\/v2\/posts\/147015","targetHints":{"allow":["GET"]}}],"collection":[{"href":"https:\/\/www.blogsoestado.com\/danielmatos\/wp-json\/wp\/v2\/posts"}],"about":[{"href":"https:\/\/www.blogsoestado.com\/danielmatos\/wp-json\/wp\/v2\/types\/post"}],"author":[{"embeddable":true,"href":"https:\/\/www.blogsoestado.com\/danielmatos\/wp-json\/wp\/v2\/users\/2"}],"replies":[{"embeddable":true,"href":"https:\/\/www.blogsoestado.com\/danielmatos\/wp-json\/wp\/v2\/comments?post=147015"}],"version-history":[{"count":2,"href":"https:\/\/www.blogsoestado.com\/danielmatos\/wp-json\/wp\/v2\/posts\/147015\/revisions"}],"predecessor-version":[{"id":147026,"href":"https:\/\/www.blogsoestado.com\/danielmatos\/wp-json\/wp\/v2\/posts\/147015\/revisions\/147026"}],"wp:attachment":[{"href":"https:\/\/www.blogsoestado.com\/danielmatos\/wp-json\/wp\/v2\/media?parent=147015"}],"wp:term":[{"taxonomy":"category","embeddable":true,"href":"https:\/\/www.blogsoestado.com\/danielmatos\/wp-json\/wp\/v2\/categories?post=147015"},{"taxonomy":"post_tag","embeddable":true,"href":"https:\/\/www.blogsoestado.com\/danielmatos\/wp-json\/wp\/v2\/tags?post=147015"}],"curies":[{"name":"wp","href":"https:\/\/api.w.org\/{rel}","templated":true}]}}