{"id":147039,"date":"2025-08-09T13:23:39","date_gmt":"2025-08-09T16:23:39","guid":{"rendered":"https:\/\/www.blogsoestado.com\/danielmatos\/?p=147039"},"modified":"2025-08-09T13:23:42","modified_gmt":"2025-08-09T16:23:42","slug":"festival-gastronomico-e-opcao-para-o-dia-dos-pais-com-churrasco-cerveja-artesanal-e-musica-ao-vivo","status":"publish","type":"post","link":"https:\/\/www.blogsoestado.com\/danielmatos\/festival-gastronomico-e-opcao-para-o-dia-dos-pais-com-churrasco-cerveja-artesanal-e-musica-ao-vivo\/","title":{"rendered":"Festival gastron\u00f4mico \u00e9 op\u00e7\u00e3o para o Dia dos Pais com churrasco, cerveja artesanal e m\u00fasica ao vivo"},"content":{"rendered":"\n<p><em><strong><mark style=\"color:#cf2e2e\" class=\"has-inline-color\">BBQ Fest acontece no estacionamento externo do Rio Anil Shopping a partir desta sexta-feira (8), com entrada gratuita<\/mark><\/strong><\/em><\/p>\n\n\n\n<figure class=\"wp-block-image aligncenter size-large\"><img fetchpriority=\"high\" decoding=\"async\" width=\"768\" height=\"1024\" src=\"https:\/\/www.blogsoestado.com\/danielmatos\/wp-content\/uploads\/sites\/2\/2025\/08\/1003250772-768x1024.jpg\" alt=\"\" class=\"wp-image-147040\" srcset=\"https:\/\/www.blogsoestado.com\/danielmatos\/wp-content\/uploads\/sites\/2\/2025\/08\/1003250772-768x1024.jpg 768w, https:\/\/www.blogsoestado.com\/danielmatos\/wp-content\/uploads\/sites\/2\/2025\/08\/1003250772-225x300.jpg 225w, https:\/\/www.blogsoestado.com\/danielmatos\/wp-content\/uploads\/sites\/2\/2025\/08\/1003250772-1152x1536.jpg 1152w, https:\/\/www.blogsoestado.com\/danielmatos\/wp-content\/uploads\/sites\/2\/2025\/08\/1003250772.jpg 1200w\" sizes=\"(max-width: 768px) 100vw, 768px\" \/><\/figure>\n\n\n\n<p>A capital maranhense vai receber, a partir desta sexta-feira (8) um dos eventos gastron\u00f4micos mais aguardados do ano. O Rio Anil Shopping promove o BBQ Fest &amp; Beer. O festival \u00e9 dedicado aos amantes de churrasco e cerveja artesanal e conta com entrada gratuita, atra\u00e7\u00f5es musicais e espa\u00e7o para toda a fam\u00edlia. O evento ser\u00e1 realizado em dois finais de semana de agosto, nos dias 8, 9 e 10 e 15, 16 e 17, no estacionamento externo do shopping.<\/p>\n\n\n\n<figure class=\"wp-block-image aligncenter size-large\"><img decoding=\"async\" width=\"768\" height=\"1024\" src=\"https:\/\/www.blogsoestado.com\/danielmatos\/wp-content\/uploads\/sites\/2\/2025\/08\/1003250668-768x1024.jpg\" alt=\"\" class=\"wp-image-147041\" srcset=\"https:\/\/www.blogsoestado.com\/danielmatos\/wp-content\/uploads\/sites\/2\/2025\/08\/1003250668-768x1024.jpg 768w, https:\/\/www.blogsoestado.com\/danielmatos\/wp-content\/uploads\/sites\/2\/2025\/08\/1003250668-225x300.jpg 225w, https:\/\/www.blogsoestado.com\/danielmatos\/wp-content\/uploads\/sites\/2\/2025\/08\/1003250668-1152x1536.jpg 1152w, https:\/\/www.blogsoestado.com\/danielmatos\/wp-content\/uploads\/sites\/2\/2025\/08\/1003250668.jpg 1200w\" sizes=\"(max-width: 768px) 100vw, 768px\" \/><\/figure>\n\n\n\n<p>A programa\u00e7\u00e3o ter\u00e1 in\u00edcio \u00e0s 17h nas sextas-feiras e \u00e0s 12h aos s\u00e1bados e domingos, com entrada gratuita. Entre as esta\u00e7\u00f5es de comida dispon\u00edveis, s\u00e3o destaques os cortes de carne especiais, como o brisket e o famoso bife ancho, al\u00e9m de receitas inspiradas em diferentes pa\u00edses, como a porchetta italiana e a paella espanhola. O espa\u00e7o tamb\u00e9m contar\u00e1 com del\u00edcias inspiradas na culin\u00e1ria da Alemanha, Inglaterra, Jap\u00e3o, Portugal e M\u00e9xico. Para acompanhar, haver\u00e1 uma sele\u00e7\u00e3o de cervejas artesanais de r\u00f3tulos locais e nacionais.<\/p>\n\n\n\n<p><strong>DIA DOS PAIS<\/strong><\/p>\n\n\n\n<p>O festival tamb\u00e9m contar\u00e1 com apresenta\u00e7\u00f5es musicais ao vivo, al\u00e9m de espa\u00e7o kids com monitores e um ambiente pet friendly, al\u00e9m de roleta premiada com distribui\u00e7\u00e3o de brindes a partir do cadastro e regate de cupons no aplicativo de celular do Rio Anil Shopping.<\/p>\n\n\n\n<figure class=\"wp-block-image aligncenter size-large\"><img decoding=\"async\" width=\"576\" height=\"1024\" src=\"https:\/\/www.blogsoestado.com\/danielmatos\/wp-content\/uploads\/sites\/2\/2025\/08\/1003250670-576x1024.jpg\" alt=\"\" class=\"wp-image-147042\" srcset=\"https:\/\/www.blogsoestado.com\/danielmatos\/wp-content\/uploads\/sites\/2\/2025\/08\/1003250670-576x1024.jpg 576w, https:\/\/www.blogsoestado.com\/danielmatos\/wp-content\/uploads\/sites\/2\/2025\/08\/1003250670-169x300.jpg 169w, https:\/\/www.blogsoestado.com\/danielmatos\/wp-content\/uploads\/sites\/2\/2025\/08\/1003250670-768x1365.jpg 768w, https:\/\/www.blogsoestado.com\/danielmatos\/wp-content\/uploads\/sites\/2\/2025\/08\/1003250670-864x1536.jpg 864w, https:\/\/www.blogsoestado.com\/danielmatos\/wp-content\/uploads\/sites\/2\/2025\/08\/1003250670.jpg 900w\" sizes=\"(max-width: 576px) 100vw, 576px\" \/><\/figure>\n\n\n\n<p>Para o primeiro final de semana, as atra\u00e7\u00f5es musicais incluem a banda Conecction, cover dos Rolling Stones. No s\u00e1bado (9), a partir das 13h, o som fica por conta do cantor PV Silveira e da Banda Roque Ville. J\u00e1 no domingo (10), o destaque \u00e9 para o samba e pagode: a partir das com 13h, o p\u00fablico vai curtir Chris Santana com o Trio Soul e Samba, al\u00e9m do grupo Samba Ceuma e a cantora Vanessa.<\/p>\n\n\n\n<p>O gerente de marketing do shopping, Paulo Magalh\u00e3es, destaca que a programa\u00e7\u00e3o integra as comemora\u00e7\u00f5es do shopping por ocasi\u00e3o do Dia dos Pais.<\/p>\n\n\n\n<figure class=\"wp-block-image aligncenter size-large\"><img loading=\"lazy\" decoding=\"async\" width=\"576\" height=\"1024\" src=\"https:\/\/www.blogsoestado.com\/danielmatos\/wp-content\/uploads\/sites\/2\/2025\/08\/1003250775-576x1024.jpg\" alt=\"\" class=\"wp-image-147044\" srcset=\"https:\/\/www.blogsoestado.com\/danielmatos\/wp-content\/uploads\/sites\/2\/2025\/08\/1003250775-576x1024.jpg 576w, https:\/\/www.blogsoestado.com\/danielmatos\/wp-content\/uploads\/sites\/2\/2025\/08\/1003250775-169x300.jpg 169w, https:\/\/www.blogsoestado.com\/danielmatos\/wp-content\/uploads\/sites\/2\/2025\/08\/1003250775-768x1365.jpg 768w, https:\/\/www.blogsoestado.com\/danielmatos\/wp-content\/uploads\/sites\/2\/2025\/08\/1003250775-864x1536.jpg 864w, https:\/\/www.blogsoestado.com\/danielmatos\/wp-content\/uploads\/sites\/2\/2025\/08\/1003250775.jpg 900w\" sizes=\"(max-width: 576px) 100vw, 576px\" \/><\/figure>\n\n\n\n<p>\u201cNosso objetivo \u00e9 oferecer ao p\u00fablico a experi\u00eancia mais completa poss\u00edvel, que combina gastronomia, m\u00fasica e lazer para toda a fam\u00edlia, oferecendo uma alternativa de programa\u00e7\u00e3o para o Dia dos Pais com boa comida e divers\u00e3o\u201d, destaca Paulo Magalh\u00e3es, gerente de marketing do Rio Anil Shopping.<\/p>\n\n\n\n<p><\/p>\n","protected":false},"excerpt":{"rendered":"<p>BBQ Fest acontece no estacionamento externo do Rio Anil Shopping a partir desta sexta-feira (8), com entrada gratuita A capital [&hellip;]<\/p>\n","protected":false},"author":2,"featured_media":0,"comment_status":"open","ping_status":"open","sticky":false,"template":"","format":"standard","meta":{"site-sidebar-layout":"default","site-content-layout":"","ast-site-content-layout":"default","site-content-style":"default","site-sidebar-style":"default","ast-global-header-display":"","ast-banner-title-visibility":"","ast-main-header-display":"","ast-hfb-above-header-display":"","ast-hfb-below-header-display":"","ast-hfb-mobile-header-display":"","site-post-title":"","ast-breadcrumbs-content":"","ast-featured-img":"","footer-sml-layout":"","ast-disable-related-posts":"","theme-transparent-header-meta":"","adv-header-id-meta":"","stick-header-meta":"","header-above-stick-meta":"","header-main-stick-meta":"","header-below-stick-meta":"","astra-migrate-meta-layouts":"default","ast-page-background-enabled":"default","ast-page-background-meta":{"desktop":{"background-color":"var(--ast-global-color-5)","background-image":"","background-repeat":"repeat","background-position":"center center","background-size":"auto","background-attachment":"scroll","background-type":"","background-media":"","overlay-type":"","overlay-color":"","overlay-opacity":"","overlay-gradient":""},"tablet":{"background-color":"","background-image":"","background-repeat":"repeat","background-position":"center center","background-size":"auto","background-attachment":"scroll","background-type":"","background-media":"","overlay-type":"","overlay-color":"","overlay-opacity":"","overlay-gradient":""},"mobile":{"background-color":"","background-image":"","background-repeat":"repeat","background-position":"center center","background-size":"auto","background-attachment":"scroll","background-type":"","background-media":"","overlay-type":"","overlay-color":"","overlay-opacity":"","overlay-gradient":""}},"ast-content-background-meta":{"desktop":{"background-color":"var(--ast-global-color-4)","background-image":"","background-repeat":"repeat","background-position":"center center","background-size":"auto","background-attachment":"scroll","background-type":"","background-media":"","overlay-type":"","overlay-color":"","overlay-opacity":"","overlay-gradient":""},"tablet":{"background-color":"var(--ast-global-color-4)","background-image":"","background-repeat":"repeat","background-position":"center center","background-size":"auto","background-attachment":"scroll","background-type":"","background-media":"","overlay-type":"","overlay-color":"","overlay-opacity":"","overlay-gradient":""},"mobile":{"background-color":"var(--ast-global-color-4)","background-image":"","background-repeat":"repeat","background-position":"center center","background-size":"auto","background-attachment":"scroll","background-type":"","background-media":"","overlay-type":"","overlay-color":"","overlay-opacity":"","overlay-gradient":""}},"footnotes":""},"categories":[1],"tags":[],"class_list":["post-147039","post","type-post","status-publish","format-standard","hentry","category-sem-categoria"],"yoast_head":"<!-- This site is optimized with the Yoast SEO plugin v26.6 - https:\/\/yoast.com\/wordpress\/plugins\/seo\/ -->\n<title>Festival gastron\u00f4mico \u00e9 op\u00e7\u00e3o para o Dia dos Pais com churrasco, cerveja artesanal e m\u00fasica ao vivo - Daniel Matos<\/title>\n<meta name=\"robots\" content=\"index, follow, max-snippet:-1, max-image-preview:large, max-video-preview:-1\" \/>\n<link rel=\"canonical\" href=\"https:\/\/www.blogsoestado.com\/danielmatos\/festival-gastronomico-e-opcao-para-o-dia-dos-pais-com-churrasco-cerveja-artesanal-e-musica-ao-vivo\/\" \/>\n<meta property=\"og:locale\" content=\"pt_BR\" \/>\n<meta property=\"og:type\" content=\"article\" \/>\n<meta property=\"og:title\" content=\"Festival gastron\u00f4mico \u00e9 op\u00e7\u00e3o para o Dia dos Pais com churrasco, cerveja artesanal e m\u00fasica ao vivo - Daniel Matos\" \/>\n<meta property=\"og:description\" content=\"BBQ Fest acontece no estacionamento externo do Rio Anil Shopping a partir desta sexta-feira (8), com entrada gratuita A capital [&hellip;]\" \/>\n<meta property=\"og:url\" content=\"https:\/\/www.blogsoestado.com\/danielmatos\/festival-gastronomico-e-opcao-para-o-dia-dos-pais-com-churrasco-cerveja-artesanal-e-musica-ao-vivo\/\" \/>\n<meta property=\"og:site_name\" content=\"Daniel Matos\" \/>\n<meta property=\"article:published_time\" content=\"2025-08-09T16:23:39+00:00\" \/>\n<meta property=\"article:modified_time\" content=\"2025-08-09T16:23:42+00:00\" \/>\n<meta property=\"og:image\" content=\"https:\/\/www.blogsoestado.com\/danielmatos\/wp-content\/uploads\/sites\/2\/2025\/08\/1003250772.jpg\" \/>\n\t<meta property=\"og:image:width\" content=\"1200\" \/>\n\t<meta property=\"og:image:height\" content=\"1600\" \/>\n\t<meta property=\"og:image:type\" content=\"image\/jpeg\" \/>\n<meta name=\"author\" content=\"Daniel Matos\" \/>\n<meta name=\"twitter:card\" content=\"summary_large_image\" \/>\n<meta name=\"twitter:label1\" content=\"Escrito por\" \/>\n\t<meta name=\"twitter:data1\" content=\"Daniel Matos\" \/>\n\t<meta name=\"twitter:label2\" content=\"Est. tempo de leitura\" \/>\n\t<meta name=\"twitter:data2\" content=\"3 minutos\" \/>\n<script type=\"application\/ld+json\" class=\"yoast-schema-graph\">{\"@context\":\"https:\/\/schema.org\",\"@graph\":[{\"@type\":\"WebPage\",\"@id\":\"https:\/\/www.blogsoestado.com\/danielmatos\/festival-gastronomico-e-opcao-para-o-dia-dos-pais-com-churrasco-cerveja-artesanal-e-musica-ao-vivo\/\",\"url\":\"https:\/\/www.blogsoestado.com\/danielmatos\/festival-gastronomico-e-opcao-para-o-dia-dos-pais-com-churrasco-cerveja-artesanal-e-musica-ao-vivo\/\",\"name\":\"Festival gastron\u00f4mico \u00e9 op\u00e7\u00e3o para o Dia dos Pais com churrasco, cerveja artesanal e m\u00fasica ao vivo - Daniel Matos\",\"isPartOf\":{\"@id\":\"https:\/\/www.blogsoestado.com\/danielmatos\/#website\"},\"primaryImageOfPage\":{\"@id\":\"https:\/\/www.blogsoestado.com\/danielmatos\/festival-gastronomico-e-opcao-para-o-dia-dos-pais-com-churrasco-cerveja-artesanal-e-musica-ao-vivo\/#primaryimage\"},\"image\":{\"@id\":\"https:\/\/www.blogsoestado.com\/danielmatos\/festival-gastronomico-e-opcao-para-o-dia-dos-pais-com-churrasco-cerveja-artesanal-e-musica-ao-vivo\/#primaryimage\"},\"thumbnailUrl\":\"https:\/\/www.blogsoestado.com\/danielmatos\/wp-content\/uploads\/sites\/2\/2025\/08\/1003250772-768x1024.jpg\",\"datePublished\":\"2025-08-09T16:23:39+00:00\",\"dateModified\":\"2025-08-09T16:23:42+00:00\",\"author\":{\"@id\":\"https:\/\/www.blogsoestado.com\/danielmatos\/#\/schema\/person\/9a209d407cd45631f131e1285b661bb0\"},\"breadcrumb\":{\"@id\":\"https:\/\/www.blogsoestado.com\/danielmatos\/festival-gastronomico-e-opcao-para-o-dia-dos-pais-com-churrasco-cerveja-artesanal-e-musica-ao-vivo\/#breadcrumb\"},\"inLanguage\":\"pt-BR\",\"potentialAction\":[{\"@type\":\"ReadAction\",\"target\":[\"https:\/\/www.blogsoestado.com\/danielmatos\/festival-gastronomico-e-opcao-para-o-dia-dos-pais-com-churrasco-cerveja-artesanal-e-musica-ao-vivo\/\"]}]},{\"@type\":\"ImageObject\",\"inLanguage\":\"pt-BR\",\"@id\":\"https:\/\/www.blogsoestado.com\/danielmatos\/festival-gastronomico-e-opcao-para-o-dia-dos-pais-com-churrasco-cerveja-artesanal-e-musica-ao-vivo\/#primaryimage\",\"url\":\"https:\/\/www.blogsoestado.com\/danielmatos\/wp-content\/uploads\/sites\/2\/2025\/08\/1003250772.jpg\",\"contentUrl\":\"https:\/\/www.blogsoestado.com\/danielmatos\/wp-content\/uploads\/sites\/2\/2025\/08\/1003250772.jpg\",\"width\":1200,\"height\":1600},{\"@type\":\"BreadcrumbList\",\"@id\":\"https:\/\/www.blogsoestado.com\/danielmatos\/festival-gastronomico-e-opcao-para-o-dia-dos-pais-com-churrasco-cerveja-artesanal-e-musica-ao-vivo\/#breadcrumb\",\"itemListElement\":[{\"@type\":\"ListItem\",\"position\":1,\"name\":\"In\u00edcio\",\"item\":\"https:\/\/www.blogsoestado.com\/danielmatos\/\"},{\"@type\":\"ListItem\",\"position\":2,\"name\":\"Festival gastron\u00f4mico \u00e9 op\u00e7\u00e3o para o Dia dos Pais com churrasco, cerveja artesanal e m\u00fasica ao vivo\"}]},{\"@type\":\"WebSite\",\"@id\":\"https:\/\/www.blogsoestado.com\/danielmatos\/#website\",\"url\":\"https:\/\/www.blogsoestado.com\/danielmatos\/\",\"name\":\"Daniel Matos\",\"description\":\"\",\"potentialAction\":[{\"@type\":\"SearchAction\",\"target\":{\"@type\":\"EntryPoint\",\"urlTemplate\":\"https:\/\/www.blogsoestado.com\/danielmatos\/?s={search_term_string}\"},\"query-input\":{\"@type\":\"PropertyValueSpecification\",\"valueRequired\":true,\"valueName\":\"search_term_string\"}}],\"inLanguage\":\"pt-BR\"},{\"@type\":\"Person\",\"@id\":\"https:\/\/www.blogsoestado.com\/danielmatos\/#\/schema\/person\/9a209d407cd45631f131e1285b661bb0\",\"name\":\"Daniel Matos\",\"image\":{\"@type\":\"ImageObject\",\"inLanguage\":\"pt-BR\",\"@id\":\"https:\/\/www.blogsoestado.com\/danielmatos\/#\/schema\/person\/image\/\",\"url\":\"https:\/\/secure.gravatar.com\/avatar\/2f26c36ee355da19a257f0dfef43952a2588b324ca35d6719e859fe338ac0392?s=96&d=mm&r=g\",\"contentUrl\":\"https:\/\/secure.gravatar.com\/avatar\/2f26c36ee355da19a257f0dfef43952a2588b324ca35d6719e859fe338ac0392?s=96&d=mm&r=g\",\"caption\":\"Daniel Matos\"},\"url\":\"https:\/\/www.blogsoestado.com\/danielmatos\/author\/danielmatos\/\"}]}<\/script>\n<!-- \/ Yoast SEO plugin. -->","yoast_head_json":{"title":"Festival gastron\u00f4mico \u00e9 op\u00e7\u00e3o para o Dia dos Pais com churrasco, cerveja artesanal e m\u00fasica ao vivo - Daniel Matos","robots":{"index":"index","follow":"follow","max-snippet":"max-snippet:-1","max-image-preview":"max-image-preview:large","max-video-preview":"max-video-preview:-1"},"canonical":"https:\/\/www.blogsoestado.com\/danielmatos\/festival-gastronomico-e-opcao-para-o-dia-dos-pais-com-churrasco-cerveja-artesanal-e-musica-ao-vivo\/","og_locale":"pt_BR","og_type":"article","og_title":"Festival gastron\u00f4mico \u00e9 op\u00e7\u00e3o para o Dia dos Pais com churrasco, cerveja artesanal e m\u00fasica ao vivo - Daniel Matos","og_description":"BBQ Fest acontece no estacionamento externo do Rio Anil Shopping a partir desta sexta-feira (8), com entrada gratuita A capital [&hellip;]","og_url":"https:\/\/www.blogsoestado.com\/danielmatos\/festival-gastronomico-e-opcao-para-o-dia-dos-pais-com-churrasco-cerveja-artesanal-e-musica-ao-vivo\/","og_site_name":"Daniel Matos","article_published_time":"2025-08-09T16:23:39+00:00","article_modified_time":"2025-08-09T16:23:42+00:00","og_image":[{"width":1200,"height":1600,"url":"https:\/\/www.blogsoestado.com\/danielmatos\/wp-content\/uploads\/sites\/2\/2025\/08\/1003250772.jpg","type":"image\/jpeg"}],"author":"Daniel Matos","twitter_card":"summary_large_image","twitter_misc":{"Escrito por":"Daniel Matos","Est. tempo de leitura":"3 minutos"},"schema":{"@context":"https:\/\/schema.org","@graph":[{"@type":"WebPage","@id":"https:\/\/www.blogsoestado.com\/danielmatos\/festival-gastronomico-e-opcao-para-o-dia-dos-pais-com-churrasco-cerveja-artesanal-e-musica-ao-vivo\/","url":"https:\/\/www.blogsoestado.com\/danielmatos\/festival-gastronomico-e-opcao-para-o-dia-dos-pais-com-churrasco-cerveja-artesanal-e-musica-ao-vivo\/","name":"Festival gastron\u00f4mico \u00e9 op\u00e7\u00e3o para o Dia dos Pais com churrasco, cerveja artesanal e m\u00fasica ao vivo - Daniel Matos","isPartOf":{"@id":"https:\/\/www.blogsoestado.com\/danielmatos\/#website"},"primaryImageOfPage":{"@id":"https:\/\/www.blogsoestado.com\/danielmatos\/festival-gastronomico-e-opcao-para-o-dia-dos-pais-com-churrasco-cerveja-artesanal-e-musica-ao-vivo\/#primaryimage"},"image":{"@id":"https:\/\/www.blogsoestado.com\/danielmatos\/festival-gastronomico-e-opcao-para-o-dia-dos-pais-com-churrasco-cerveja-artesanal-e-musica-ao-vivo\/#primaryimage"},"thumbnailUrl":"https:\/\/www.blogsoestado.com\/danielmatos\/wp-content\/uploads\/sites\/2\/2025\/08\/1003250772-768x1024.jpg","datePublished":"2025-08-09T16:23:39+00:00","dateModified":"2025-08-09T16:23:42+00:00","author":{"@id":"https:\/\/www.blogsoestado.com\/danielmatos\/#\/schema\/person\/9a209d407cd45631f131e1285b661bb0"},"breadcrumb":{"@id":"https:\/\/www.blogsoestado.com\/danielmatos\/festival-gastronomico-e-opcao-para-o-dia-dos-pais-com-churrasco-cerveja-artesanal-e-musica-ao-vivo\/#breadcrumb"},"inLanguage":"pt-BR","potentialAction":[{"@type":"ReadAction","target":["https:\/\/www.blogsoestado.com\/danielmatos\/festival-gastronomico-e-opcao-para-o-dia-dos-pais-com-churrasco-cerveja-artesanal-e-musica-ao-vivo\/"]}]},{"@type":"ImageObject","inLanguage":"pt-BR","@id":"https:\/\/www.blogsoestado.com\/danielmatos\/festival-gastronomico-e-opcao-para-o-dia-dos-pais-com-churrasco-cerveja-artesanal-e-musica-ao-vivo\/#primaryimage","url":"https:\/\/www.blogsoestado.com\/danielmatos\/wp-content\/uploads\/sites\/2\/2025\/08\/1003250772.jpg","contentUrl":"https:\/\/www.blogsoestado.com\/danielmatos\/wp-content\/uploads\/sites\/2\/2025\/08\/1003250772.jpg","width":1200,"height":1600},{"@type":"BreadcrumbList","@id":"https:\/\/www.blogsoestado.com\/danielmatos\/festival-gastronomico-e-opcao-para-o-dia-dos-pais-com-churrasco-cerveja-artesanal-e-musica-ao-vivo\/#breadcrumb","itemListElement":[{"@type":"ListItem","position":1,"name":"In\u00edcio","item":"https:\/\/www.blogsoestado.com\/danielmatos\/"},{"@type":"ListItem","position":2,"name":"Festival gastron\u00f4mico \u00e9 op\u00e7\u00e3o para o Dia dos Pais com churrasco, cerveja artesanal e m\u00fasica ao vivo"}]},{"@type":"WebSite","@id":"https:\/\/www.blogsoestado.com\/danielmatos\/#website","url":"https:\/\/www.blogsoestado.com\/danielmatos\/","name":"Daniel Matos","description":"","potentialAction":[{"@type":"SearchAction","target":{"@type":"EntryPoint","urlTemplate":"https:\/\/www.blogsoestado.com\/danielmatos\/?s={search_term_string}"},"query-input":{"@type":"PropertyValueSpecification","valueRequired":true,"valueName":"search_term_string"}}],"inLanguage":"pt-BR"},{"@type":"Person","@id":"https:\/\/www.blogsoestado.com\/danielmatos\/#\/schema\/person\/9a209d407cd45631f131e1285b661bb0","name":"Daniel Matos","image":{"@type":"ImageObject","inLanguage":"pt-BR","@id":"https:\/\/www.blogsoestado.com\/danielmatos\/#\/schema\/person\/image\/","url":"https:\/\/secure.gravatar.com\/avatar\/2f26c36ee355da19a257f0dfef43952a2588b324ca35d6719e859fe338ac0392?s=96&d=mm&r=g","contentUrl":"https:\/\/secure.gravatar.com\/avatar\/2f26c36ee355da19a257f0dfef43952a2588b324ca35d6719e859fe338ac0392?s=96&d=mm&r=g","caption":"Daniel Matos"},"url":"https:\/\/www.blogsoestado.com\/danielmatos\/author\/danielmatos\/"}]}},"jetpack_featured_media_url":"","_links":{"self":[{"href":"https:\/\/www.blogsoestado.com\/danielmatos\/wp-json\/wp\/v2\/posts\/147039","targetHints":{"allow":["GET"]}}],"collection":[{"href":"https:\/\/www.blogsoestado.com\/danielmatos\/wp-json\/wp\/v2\/posts"}],"about":[{"href":"https:\/\/www.blogsoestado.com\/danielmatos\/wp-json\/wp\/v2\/types\/post"}],"author":[{"embeddable":true,"href":"https:\/\/www.blogsoestado.com\/danielmatos\/wp-json\/wp\/v2\/users\/2"}],"replies":[{"embeddable":true,"href":"https:\/\/www.blogsoestado.com\/danielmatos\/wp-json\/wp\/v2\/comments?post=147039"}],"version-history":[{"count":1,"href":"https:\/\/www.blogsoestado.com\/danielmatos\/wp-json\/wp\/v2\/posts\/147039\/revisions"}],"predecessor-version":[{"id":147045,"href":"https:\/\/www.blogsoestado.com\/danielmatos\/wp-json\/wp\/v2\/posts\/147039\/revisions\/147045"}],"wp:attachment":[{"href":"https:\/\/www.blogsoestado.com\/danielmatos\/wp-json\/wp\/v2\/media?parent=147039"}],"wp:term":[{"taxonomy":"category","embeddable":true,"href":"https:\/\/www.blogsoestado.com\/danielmatos\/wp-json\/wp\/v2\/categories?post=147039"},{"taxonomy":"post_tag","embeddable":true,"href":"https:\/\/www.blogsoestado.com\/danielmatos\/wp-json\/wp\/v2\/tags?post=147039"}],"curies":[{"name":"wp","href":"https:\/\/api.w.org\/{rel}","templated":true}]}}