{"id":147345,"date":"2025-08-17T08:27:23","date_gmt":"2025-08-17T11:27:23","guid":{"rendered":"https:\/\/www.blogsoestado.com\/danielmatos\/?p=147345"},"modified":"2025-08-17T08:27:26","modified_gmt":"2025-08-17T11:27:26","slug":"a-parceria-do-grupo-gentil-com-o-governo-do-estado-para-fortalecer-a-seguranca-publica-em-caxias","status":"publish","type":"post","link":"https:\/\/www.blogsoestado.com\/danielmatos\/a-parceria-do-grupo-gentil-com-o-governo-do-estado-para-fortalecer-a-seguranca-publica-em-caxias\/","title":{"rendered":"A parceria do grupo Gentil com o Governo do Estado para fortalecer a seguran\u00e7a p\u00fablica em Caxias"},"content":{"rendered":"\n<figure class=\"wp-block-image aligncenter size-large\"><img fetchpriority=\"high\" decoding=\"async\" width=\"708\" height=\"1024\" src=\"https:\/\/www.blogsoestado.com\/danielmatos\/wp-content\/uploads\/sites\/2\/2025\/08\/1003333772-708x1024.png\" alt=\"\" class=\"wp-image-147346\" srcset=\"https:\/\/www.blogsoestado.com\/danielmatos\/wp-content\/uploads\/sites\/2\/2025\/08\/1003333772-708x1024.png 708w, https:\/\/www.blogsoestado.com\/danielmatos\/wp-content\/uploads\/sites\/2\/2025\/08\/1003333772-207x300.png 207w, https:\/\/www.blogsoestado.com\/danielmatos\/wp-content\/uploads\/sites\/2\/2025\/08\/1003333772-768x1110.png 768w, https:\/\/www.blogsoestado.com\/danielmatos\/wp-content\/uploads\/sites\/2\/2025\/08\/1003333772.png 962w\" sizes=\"(max-width: 708px) 100vw, 708px\" \/><figcaption class=\"wp-element-caption\">A deputada estadual Daniella e o prefeito Gentil Neto apresentam a terceira viatura policial entregue s\u00f3 este ano para refor\u00e7ar a seguran\u00e7a p\u00fablica em Caxias<\/figcaption><\/figure>\n\n\n\n<p>O prefeito Gentil Neto e a deputada estadual Daniella comemoraram a entrega, pelo Governo do Estado, de mais uma viatura para fortalecer a seguran\u00e7a p\u00fablica em Caxias. \u00c9 o terceiro ve\u00edculo policial destinado \u00e0 cidade somente este ano, o que ampliar\u00e1 as rondas, patrulhas, dilig\u00eancias e outras a\u00e7\u00f5es de preven\u00e7\u00e3o e combate \u00e0 criminalidade no munic\u00edpio.<\/p>\n\n\n\n<p>A deputada Daniella destacou a atua\u00e7\u00e3o efetiva, que vai al\u00e9m do discurso, sempre em favor da popula\u00e7\u00e3o caxiense, e disse que a nova viatura representa importante refor\u00e7o no enfrentamento ao crime. Ela ressaltou a parceria com o governador Carlos Brand\u00e3o e com o secret\u00e1rio de Estado de Assuntos Municipalistas, Orleans Brand\u00e3o, que tem se revertido em sucessivos benef\u00edcios ao povo <\/p>\n\n\n\n<p>&#8220;Com as parcerias certas, a gente faz acontecer. O governador Carlos Brand\u00e3o tem sido sens\u00edvel \u00e0s nossas pautas e \u00e0s nossas demandas e tem dado aten\u00e7\u00e3o especial \u00e0 seguran\u00e7a do Maranh\u00e3o e de Caxias&#8221;, exaltou, projetando ainda mais conquistas na \u00e1rea de seguran\u00e7a p\u00fablica.<\/p>\n\n\n\n<p>O prefeito Gentil Neto agradeceu, em primeiro lugar, o apoio da deputada estadual Daniella e da deputada federal Amanda Gentil a Caxias. Tamb\u00e9m manifestou gratid\u00e3o ao governador Carlos Brand\u00e3o e ao secret\u00e1rio Orleans Brand\u00e3o, que muito se dedicou para garantir mais um avan\u00e7o para a seguran\u00e7a p\u00fablica no munic\u00edpio. <\/p>\n\n\n\n<p>&#8220;\u00c9 dessas forma, trabalhando em uni\u00e3o e em parceria, que vamos garantir que Caxias se torne uma cidade cada vez mais segura. Juntos, vamos vencer esse grande desafio&#8221;, enfatizou.<\/p>\n\n\n\n<p>Assista ao v\u00eddeo:<\/p>\n\n\n\n<figure class=\"wp-block-embed is-type-video is-provider-youtube wp-block-embed-youtube wp-embed-aspect-9-16 wp-has-aspect-ratio\"><div class=\"wp-block-embed__wrapper\">\n<iframe title=\"Ao lado da deputada Daniella, prefeito Gentil Neto comemora mais uma viatura policial para Caxias\" width=\"422\" height=\"750\" src=\"https:\/\/www.youtube.com\/embed\/Rrz2Mm3cqzc?feature=oembed\" frameborder=\"0\" allow=\"accelerometer; autoplay; clipboard-write; encrypted-media; gyroscope; picture-in-picture; web-share\" referrerpolicy=\"strict-origin-when-cross-origin\" allowfullscreen><\/iframe>\n<\/div><\/figure>\n","protected":false},"excerpt":{"rendered":"<p>O prefeito Gentil Neto e a deputada estadual Daniella comemoraram a entrega, pelo Governo do Estado, de mais uma viatura [&hellip;]<\/p>\n","protected":false},"author":2,"featured_media":0,"comment_status":"open","ping_status":"open","sticky":false,"template":"","format":"standard","meta":{"site-sidebar-layout":"default","site-content-layout":"","ast-site-content-layout":"default","site-content-style":"default","site-sidebar-style":"default","ast-global-header-display":"","ast-banner-title-visibility":"","ast-main-header-display":"","ast-hfb-above-header-display":"","ast-hfb-below-header-display":"","ast-hfb-mobile-header-display":"","site-post-title":"","ast-breadcrumbs-content":"","ast-featured-img":"","footer-sml-layout":"","ast-disable-related-posts":"","theme-transparent-header-meta":"","adv-header-id-meta":"","stick-header-meta":"","header-above-stick-meta":"","header-main-stick-meta":"","header-below-stick-meta":"","astra-migrate-meta-layouts":"default","ast-page-background-enabled":"default","ast-page-background-meta":{"desktop":{"background-color":"var(--ast-global-color-5)","background-image":"","background-repeat":"repeat","background-position":"center center","background-size":"auto","background-attachment":"scroll","background-type":"","background-media":"","overlay-type":"","overlay-color":"","overlay-opacity":"","overlay-gradient":""},"tablet":{"background-color":"","background-image":"","background-repeat":"repeat","background-position":"center center","background-size":"auto","background-attachment":"scroll","background-type":"","background-media":"","overlay-type":"","overlay-color":"","overlay-opacity":"","overlay-gradient":""},"mobile":{"background-color":"","background-image":"","background-repeat":"repeat","background-position":"center center","background-size":"auto","background-attachment":"scroll","background-type":"","background-media":"","overlay-type":"","overlay-color":"","overlay-opacity":"","overlay-gradient":""}},"ast-content-background-meta":{"desktop":{"background-color":"var(--ast-global-color-4)","background-image":"","background-repeat":"repeat","background-position":"center center","background-size":"auto","background-attachment":"scroll","background-type":"","background-media":"","overlay-type":"","overlay-color":"","overlay-opacity":"","overlay-gradient":""},"tablet":{"background-color":"var(--ast-global-color-4)","background-image":"","background-repeat":"repeat","background-position":"center center","background-size":"auto","background-attachment":"scroll","background-type":"","background-media":"","overlay-type":"","overlay-color":"","overlay-opacity":"","overlay-gradient":""},"mobile":{"background-color":"var(--ast-global-color-4)","background-image":"","background-repeat":"repeat","background-position":"center center","background-size":"auto","background-attachment":"scroll","background-type":"","background-media":"","overlay-type":"","overlay-color":"","overlay-opacity":"","overlay-gradient":""}},"footnotes":""},"categories":[1],"tags":[],"class_list":["post-147345","post","type-post","status-publish","format-standard","hentry","category-sem-categoria"],"yoast_head":"<!-- This site is optimized with the Yoast SEO plugin v26.6 - https:\/\/yoast.com\/wordpress\/plugins\/seo\/ -->\n<title>A parceria do grupo Gentil com o Governo do Estado para fortalecer a seguran\u00e7a p\u00fablica em Caxias - Daniel Matos<\/title>\n<meta name=\"robots\" content=\"index, follow, max-snippet:-1, max-image-preview:large, max-video-preview:-1\" \/>\n<link rel=\"canonical\" href=\"https:\/\/www.blogsoestado.com\/danielmatos\/a-parceria-do-grupo-gentil-com-o-governo-do-estado-para-fortalecer-a-seguranca-publica-em-caxias\/\" \/>\n<meta property=\"og:locale\" content=\"pt_BR\" \/>\n<meta property=\"og:type\" content=\"article\" \/>\n<meta property=\"og:title\" content=\"A parceria do grupo Gentil com o Governo do Estado para fortalecer a seguran\u00e7a p\u00fablica em Caxias - Daniel Matos\" \/>\n<meta property=\"og:description\" content=\"O prefeito Gentil Neto e a deputada estadual Daniella comemoraram a entrega, pelo Governo do Estado, de mais uma viatura [&hellip;]\" \/>\n<meta property=\"og:url\" content=\"https:\/\/www.blogsoestado.com\/danielmatos\/a-parceria-do-grupo-gentil-com-o-governo-do-estado-para-fortalecer-a-seguranca-publica-em-caxias\/\" \/>\n<meta property=\"og:site_name\" content=\"Daniel Matos\" \/>\n<meta property=\"article:published_time\" content=\"2025-08-17T11:27:23+00:00\" \/>\n<meta property=\"article:modified_time\" content=\"2025-08-17T11:27:26+00:00\" \/>\n<meta property=\"og:image\" content=\"https:\/\/www.blogsoestado.com\/danielmatos\/wp-content\/uploads\/sites\/2\/2025\/08\/1003333772-708x1024.png\" \/>\n\t<meta property=\"og:image:width\" content=\"708\" \/>\n\t<meta property=\"og:image:height\" content=\"1024\" \/>\n\t<meta property=\"og:image:type\" content=\"image\/png\" \/>\n<meta name=\"author\" content=\"Daniel Matos\" \/>\n<meta name=\"twitter:card\" content=\"summary_large_image\" \/>\n<meta name=\"twitter:label1\" content=\"Escrito por\" \/>\n\t<meta name=\"twitter:data1\" content=\"Daniel Matos\" \/>\n\t<meta name=\"twitter:label2\" content=\"Est. tempo de leitura\" \/>\n\t<meta name=\"twitter:data2\" content=\"2 minutos\" \/>\n<script type=\"application\/ld+json\" class=\"yoast-schema-graph\">{\"@context\":\"https:\/\/schema.org\",\"@graph\":[{\"@type\":\"WebPage\",\"@id\":\"https:\/\/www.blogsoestado.com\/danielmatos\/a-parceria-do-grupo-gentil-com-o-governo-do-estado-para-fortalecer-a-seguranca-publica-em-caxias\/\",\"url\":\"https:\/\/www.blogsoestado.com\/danielmatos\/a-parceria-do-grupo-gentil-com-o-governo-do-estado-para-fortalecer-a-seguranca-publica-em-caxias\/\",\"name\":\"A parceria do grupo Gentil com o Governo do Estado para fortalecer a seguran\u00e7a p\u00fablica em Caxias - Daniel Matos\",\"isPartOf\":{\"@id\":\"https:\/\/www.blogsoestado.com\/danielmatos\/#website\"},\"primaryImageOfPage\":{\"@id\":\"https:\/\/www.blogsoestado.com\/danielmatos\/a-parceria-do-grupo-gentil-com-o-governo-do-estado-para-fortalecer-a-seguranca-publica-em-caxias\/#primaryimage\"},\"image\":{\"@id\":\"https:\/\/www.blogsoestado.com\/danielmatos\/a-parceria-do-grupo-gentil-com-o-governo-do-estado-para-fortalecer-a-seguranca-publica-em-caxias\/#primaryimage\"},\"thumbnailUrl\":\"https:\/\/www.blogsoestado.com\/danielmatos\/wp-content\/uploads\/sites\/2\/2025\/08\/1003333772-708x1024.png\",\"datePublished\":\"2025-08-17T11:27:23+00:00\",\"dateModified\":\"2025-08-17T11:27:26+00:00\",\"author\":{\"@id\":\"https:\/\/www.blogsoestado.com\/danielmatos\/#\/schema\/person\/9a209d407cd45631f131e1285b661bb0\"},\"breadcrumb\":{\"@id\":\"https:\/\/www.blogsoestado.com\/danielmatos\/a-parceria-do-grupo-gentil-com-o-governo-do-estado-para-fortalecer-a-seguranca-publica-em-caxias\/#breadcrumb\"},\"inLanguage\":\"pt-BR\",\"potentialAction\":[{\"@type\":\"ReadAction\",\"target\":[\"https:\/\/www.blogsoestado.com\/danielmatos\/a-parceria-do-grupo-gentil-com-o-governo-do-estado-para-fortalecer-a-seguranca-publica-em-caxias\/\"]}]},{\"@type\":\"ImageObject\",\"inLanguage\":\"pt-BR\",\"@id\":\"https:\/\/www.blogsoestado.com\/danielmatos\/a-parceria-do-grupo-gentil-com-o-governo-do-estado-para-fortalecer-a-seguranca-publica-em-caxias\/#primaryimage\",\"url\":\"https:\/\/www.blogsoestado.com\/danielmatos\/wp-content\/uploads\/sites\/2\/2025\/08\/1003333772.png\",\"contentUrl\":\"https:\/\/www.blogsoestado.com\/danielmatos\/wp-content\/uploads\/sites\/2\/2025\/08\/1003333772.png\",\"width\":962,\"height\":1391},{\"@type\":\"BreadcrumbList\",\"@id\":\"https:\/\/www.blogsoestado.com\/danielmatos\/a-parceria-do-grupo-gentil-com-o-governo-do-estado-para-fortalecer-a-seguranca-publica-em-caxias\/#breadcrumb\",\"itemListElement\":[{\"@type\":\"ListItem\",\"position\":1,\"name\":\"In\u00edcio\",\"item\":\"https:\/\/www.blogsoestado.com\/danielmatos\/\"},{\"@type\":\"ListItem\",\"position\":2,\"name\":\"A parceria do grupo Gentil com o Governo do Estado para fortalecer a seguran\u00e7a p\u00fablica em Caxias\"}]},{\"@type\":\"WebSite\",\"@id\":\"https:\/\/www.blogsoestado.com\/danielmatos\/#website\",\"url\":\"https:\/\/www.blogsoestado.com\/danielmatos\/\",\"name\":\"Daniel Matos\",\"description\":\"\",\"potentialAction\":[{\"@type\":\"SearchAction\",\"target\":{\"@type\":\"EntryPoint\",\"urlTemplate\":\"https:\/\/www.blogsoestado.com\/danielmatos\/?s={search_term_string}\"},\"query-input\":{\"@type\":\"PropertyValueSpecification\",\"valueRequired\":true,\"valueName\":\"search_term_string\"}}],\"inLanguage\":\"pt-BR\"},{\"@type\":\"Person\",\"@id\":\"https:\/\/www.blogsoestado.com\/danielmatos\/#\/schema\/person\/9a209d407cd45631f131e1285b661bb0\",\"name\":\"Daniel Matos\",\"image\":{\"@type\":\"ImageObject\",\"inLanguage\":\"pt-BR\",\"@id\":\"https:\/\/www.blogsoestado.com\/danielmatos\/#\/schema\/person\/image\/\",\"url\":\"https:\/\/secure.gravatar.com\/avatar\/2f26c36ee355da19a257f0dfef43952a2588b324ca35d6719e859fe338ac0392?s=96&d=mm&r=g\",\"contentUrl\":\"https:\/\/secure.gravatar.com\/avatar\/2f26c36ee355da19a257f0dfef43952a2588b324ca35d6719e859fe338ac0392?s=96&d=mm&r=g\",\"caption\":\"Daniel Matos\"},\"url\":\"https:\/\/www.blogsoestado.com\/danielmatos\/author\/danielmatos\/\"}]}<\/script>\n<!-- \/ Yoast SEO plugin. -->","yoast_head_json":{"title":"A parceria do grupo Gentil com o Governo do Estado para fortalecer a seguran\u00e7a p\u00fablica em Caxias - Daniel Matos","robots":{"index":"index","follow":"follow","max-snippet":"max-snippet:-1","max-image-preview":"max-image-preview:large","max-video-preview":"max-video-preview:-1"},"canonical":"https:\/\/www.blogsoestado.com\/danielmatos\/a-parceria-do-grupo-gentil-com-o-governo-do-estado-para-fortalecer-a-seguranca-publica-em-caxias\/","og_locale":"pt_BR","og_type":"article","og_title":"A parceria do grupo Gentil com o Governo do Estado para fortalecer a seguran\u00e7a p\u00fablica em Caxias - Daniel Matos","og_description":"O prefeito Gentil Neto e a deputada estadual Daniella comemoraram a entrega, pelo Governo do Estado, de mais uma viatura [&hellip;]","og_url":"https:\/\/www.blogsoestado.com\/danielmatos\/a-parceria-do-grupo-gentil-com-o-governo-do-estado-para-fortalecer-a-seguranca-publica-em-caxias\/","og_site_name":"Daniel Matos","article_published_time":"2025-08-17T11:27:23+00:00","article_modified_time":"2025-08-17T11:27:26+00:00","og_image":[{"width":708,"height":1024,"url":"https:\/\/www.blogsoestado.com\/danielmatos\/wp-content\/uploads\/sites\/2\/2025\/08\/1003333772-708x1024.png","type":"image\/png"}],"author":"Daniel Matos","twitter_card":"summary_large_image","twitter_misc":{"Escrito por":"Daniel Matos","Est. tempo de leitura":"2 minutos"},"schema":{"@context":"https:\/\/schema.org","@graph":[{"@type":"WebPage","@id":"https:\/\/www.blogsoestado.com\/danielmatos\/a-parceria-do-grupo-gentil-com-o-governo-do-estado-para-fortalecer-a-seguranca-publica-em-caxias\/","url":"https:\/\/www.blogsoestado.com\/danielmatos\/a-parceria-do-grupo-gentil-com-o-governo-do-estado-para-fortalecer-a-seguranca-publica-em-caxias\/","name":"A parceria do grupo Gentil com o Governo do Estado para fortalecer a seguran\u00e7a p\u00fablica em Caxias - Daniel Matos","isPartOf":{"@id":"https:\/\/www.blogsoestado.com\/danielmatos\/#website"},"primaryImageOfPage":{"@id":"https:\/\/www.blogsoestado.com\/danielmatos\/a-parceria-do-grupo-gentil-com-o-governo-do-estado-para-fortalecer-a-seguranca-publica-em-caxias\/#primaryimage"},"image":{"@id":"https:\/\/www.blogsoestado.com\/danielmatos\/a-parceria-do-grupo-gentil-com-o-governo-do-estado-para-fortalecer-a-seguranca-publica-em-caxias\/#primaryimage"},"thumbnailUrl":"https:\/\/www.blogsoestado.com\/danielmatos\/wp-content\/uploads\/sites\/2\/2025\/08\/1003333772-708x1024.png","datePublished":"2025-08-17T11:27:23+00:00","dateModified":"2025-08-17T11:27:26+00:00","author":{"@id":"https:\/\/www.blogsoestado.com\/danielmatos\/#\/schema\/person\/9a209d407cd45631f131e1285b661bb0"},"breadcrumb":{"@id":"https:\/\/www.blogsoestado.com\/danielmatos\/a-parceria-do-grupo-gentil-com-o-governo-do-estado-para-fortalecer-a-seguranca-publica-em-caxias\/#breadcrumb"},"inLanguage":"pt-BR","potentialAction":[{"@type":"ReadAction","target":["https:\/\/www.blogsoestado.com\/danielmatos\/a-parceria-do-grupo-gentil-com-o-governo-do-estado-para-fortalecer-a-seguranca-publica-em-caxias\/"]}]},{"@type":"ImageObject","inLanguage":"pt-BR","@id":"https:\/\/www.blogsoestado.com\/danielmatos\/a-parceria-do-grupo-gentil-com-o-governo-do-estado-para-fortalecer-a-seguranca-publica-em-caxias\/#primaryimage","url":"https:\/\/www.blogsoestado.com\/danielmatos\/wp-content\/uploads\/sites\/2\/2025\/08\/1003333772.png","contentUrl":"https:\/\/www.blogsoestado.com\/danielmatos\/wp-content\/uploads\/sites\/2\/2025\/08\/1003333772.png","width":962,"height":1391},{"@type":"BreadcrumbList","@id":"https:\/\/www.blogsoestado.com\/danielmatos\/a-parceria-do-grupo-gentil-com-o-governo-do-estado-para-fortalecer-a-seguranca-publica-em-caxias\/#breadcrumb","itemListElement":[{"@type":"ListItem","position":1,"name":"In\u00edcio","item":"https:\/\/www.blogsoestado.com\/danielmatos\/"},{"@type":"ListItem","position":2,"name":"A parceria do grupo Gentil com o Governo do Estado para fortalecer a seguran\u00e7a p\u00fablica em Caxias"}]},{"@type":"WebSite","@id":"https:\/\/www.blogsoestado.com\/danielmatos\/#website","url":"https:\/\/www.blogsoestado.com\/danielmatos\/","name":"Daniel Matos","description":"","potentialAction":[{"@type":"SearchAction","target":{"@type":"EntryPoint","urlTemplate":"https:\/\/www.blogsoestado.com\/danielmatos\/?s={search_term_string}"},"query-input":{"@type":"PropertyValueSpecification","valueRequired":true,"valueName":"search_term_string"}}],"inLanguage":"pt-BR"},{"@type":"Person","@id":"https:\/\/www.blogsoestado.com\/danielmatos\/#\/schema\/person\/9a209d407cd45631f131e1285b661bb0","name":"Daniel Matos","image":{"@type":"ImageObject","inLanguage":"pt-BR","@id":"https:\/\/www.blogsoestado.com\/danielmatos\/#\/schema\/person\/image\/","url":"https:\/\/secure.gravatar.com\/avatar\/2f26c36ee355da19a257f0dfef43952a2588b324ca35d6719e859fe338ac0392?s=96&d=mm&r=g","contentUrl":"https:\/\/secure.gravatar.com\/avatar\/2f26c36ee355da19a257f0dfef43952a2588b324ca35d6719e859fe338ac0392?s=96&d=mm&r=g","caption":"Daniel Matos"},"url":"https:\/\/www.blogsoestado.com\/danielmatos\/author\/danielmatos\/"}]}},"jetpack_featured_media_url":"","_links":{"self":[{"href":"https:\/\/www.blogsoestado.com\/danielmatos\/wp-json\/wp\/v2\/posts\/147345","targetHints":{"allow":["GET"]}}],"collection":[{"href":"https:\/\/www.blogsoestado.com\/danielmatos\/wp-json\/wp\/v2\/posts"}],"about":[{"href":"https:\/\/www.blogsoestado.com\/danielmatos\/wp-json\/wp\/v2\/types\/post"}],"author":[{"embeddable":true,"href":"https:\/\/www.blogsoestado.com\/danielmatos\/wp-json\/wp\/v2\/users\/2"}],"replies":[{"embeddable":true,"href":"https:\/\/www.blogsoestado.com\/danielmatos\/wp-json\/wp\/v2\/comments?post=147345"}],"version-history":[{"count":1,"href":"https:\/\/www.blogsoestado.com\/danielmatos\/wp-json\/wp\/v2\/posts\/147345\/revisions"}],"predecessor-version":[{"id":147347,"href":"https:\/\/www.blogsoestado.com\/danielmatos\/wp-json\/wp\/v2\/posts\/147345\/revisions\/147347"}],"wp:attachment":[{"href":"https:\/\/www.blogsoestado.com\/danielmatos\/wp-json\/wp\/v2\/media?parent=147345"}],"wp:term":[{"taxonomy":"category","embeddable":true,"href":"https:\/\/www.blogsoestado.com\/danielmatos\/wp-json\/wp\/v2\/categories?post=147345"},{"taxonomy":"post_tag","embeddable":true,"href":"https:\/\/www.blogsoestado.com\/danielmatos\/wp-json\/wp\/v2\/tags?post=147345"}],"curies":[{"name":"wp","href":"https:\/\/api.w.org\/{rel}","templated":true}]}}