{"id":147348,"date":"2025-08-17T11:41:12","date_gmt":"2025-08-17T14:41:12","guid":{"rendered":"https:\/\/www.blogsoestado.com\/danielmatos\/?p=147348"},"modified":"2025-08-17T11:41:14","modified_gmt":"2025-08-17T14:41:14","slug":"ex-presidenciavel-aborda-legado-de-miseria-deixado-por-flavio-dino-no-maranhao","status":"publish","type":"post","link":"https:\/\/www.blogsoestado.com\/danielmatos\/ex-presidenciavel-aborda-legado-de-miseria-deixado-por-flavio-dino-no-maranhao\/","title":{"rendered":"Ex-presidenci\u00e1vel aborda legado de mis\u00e9ria deixado por Fl\u00e1vio Dino no Maranh\u00e3o"},"content":{"rendered":"\n<figure class=\"wp-block-image aligncenter size-large\"><img fetchpriority=\"high\" decoding=\"async\" width=\"1024\" height=\"845\" src=\"https:\/\/www.blogsoestado.com\/danielmatos\/wp-content\/uploads\/sites\/2\/2025\/08\/1003335100-1024x845.png\" alt=\"\" class=\"wp-image-147351\" srcset=\"https:\/\/www.blogsoestado.com\/danielmatos\/wp-content\/uploads\/sites\/2\/2025\/08\/1003335100-1024x845.png 1024w, https:\/\/www.blogsoestado.com\/danielmatos\/wp-content\/uploads\/sites\/2\/2025\/08\/1003335100-300x248.png 300w, https:\/\/www.blogsoestado.com\/danielmatos\/wp-content\/uploads\/sites\/2\/2025\/08\/1003335100-768x634.png 768w, https:\/\/www.blogsoestado.com\/danielmatos\/wp-content\/uploads\/sites\/2\/2025\/08\/1003335100.png 1080w\" sizes=\"(max-width: 1024px) 100vw, 1024px\" \/><figcaption class=\"wp-element-caption\">O ex-presidenci\u00e1vel Luiz Felipe D&#8217;\u00c1vila exp\u00f4s indicadores sociais negativos do Maranh\u00e3o, citando o ex-governador Fl\u00e1vio Dino<\/figcaption><\/figure>\n\n\n\n<p>O ex-candidato a presidente da Rep\u00fablica, na elei\u00e7\u00e3o de 2022, pelo partido Novo, Luiz Felipe D&#8217;\u00c1vila, exp\u00f4s o legado de extrema pobreza deixado no Maranh\u00e3o pelo ex-governador, ex-ministro da Justi\u00e7a de Lula e atual ministro do Supremo Tribunal Federal (STF), Fl\u00e1vio Dino. Em postagem nas redes sociais, D&#8217;\u00c1vila, que \u00e9 cientista pol\u00edtico, destacou o estado como modelo do fracasso administrativo da esquerda, citando-o como detentor do pior \u00cdndice de Desenvolvimento Humano (IDH) do Brasil (0,639).<\/p>\n\n\n\n<p>Ele citou, ainda, o \u00edndice de pobreza de 51,6% ostentado pelo Maranh\u00e3o e real\u00e7ou a influ\u00eancia direta da esquerda para esse cen\u00e1rio desfavor\u00e1vel, assim como em outras unidades da federa\u00e7\u00e3o que tamb\u00e9m amargam indicadores sociais p\u00edfios e alarmantes, como Piau\u00ed, Bahia, Alagoas e Amap\u00e1.<\/p>\n\n\n\n<p>&#8220;A esquerda transformou a pobreza em seu projeto de poder.  D\u00e9cadas controlando governos, mantendo o povo ref\u00e9m de migalhas e usando a mis\u00e9ria como combust\u00edvel eleitoral. N\u00e3o \u00e9 descaso &#8211; \u00e9 estrat\u00e9gia: quanto mais depend\u00eancia, mais f\u00e1cil se manter no trono&#8221;, condenou. &#8220;At\u00e9 quando vamos aceitar esse plano de domina\u00e7\u00e3o travestido de &#8220;justi\u00e7a social&#8221;?<\/p>\n\n\n\n<p><strong>Em tempo:<\/strong> desde abril de 2022, o Maranh\u00e3o \u00e9 governado por Carlos Brand\u00e3o (ex-vice), que rompeu publicamente com Dino ap\u00f3s sucessivas interven\u00e7\u00f5es do STF em sua gest\u00e3o e contra alguns dos seus principais aliados.<\/p>\n","protected":false},"excerpt":{"rendered":"<p>O ex-candidato a presidente da Rep\u00fablica, na elei\u00e7\u00e3o de 2022, pelo partido Novo, Luiz Felipe D&#8217;\u00c1vila, exp\u00f4s o legado de [&hellip;]<\/p>\n","protected":false},"author":2,"featured_media":0,"comment_status":"open","ping_status":"open","sticky":false,"template":"","format":"standard","meta":{"site-sidebar-layout":"default","site-content-layout":"","ast-site-content-layout":"default","site-content-style":"default","site-sidebar-style":"default","ast-global-header-display":"","ast-banner-title-visibility":"","ast-main-header-display":"","ast-hfb-above-header-display":"","ast-hfb-below-header-display":"","ast-hfb-mobile-header-display":"","site-post-title":"","ast-breadcrumbs-content":"","ast-featured-img":"","footer-sml-layout":"","ast-disable-related-posts":"","theme-transparent-header-meta":"","adv-header-id-meta":"","stick-header-meta":"","header-above-stick-meta":"","header-main-stick-meta":"","header-below-stick-meta":"","astra-migrate-meta-layouts":"default","ast-page-background-enabled":"default","ast-page-background-meta":{"desktop":{"background-color":"var(--ast-global-color-5)","background-image":"","background-repeat":"repeat","background-position":"center center","background-size":"auto","background-attachment":"scroll","background-type":"","background-media":"","overlay-type":"","overlay-color":"","overlay-opacity":"","overlay-gradient":""},"tablet":{"background-color":"","background-image":"","background-repeat":"repeat","background-position":"center center","background-size":"auto","background-attachment":"scroll","background-type":"","background-media":"","overlay-type":"","overlay-color":"","overlay-opacity":"","overlay-gradient":""},"mobile":{"background-color":"","background-image":"","background-repeat":"repeat","background-position":"center center","background-size":"auto","background-attachment":"scroll","background-type":"","background-media":"","overlay-type":"","overlay-color":"","overlay-opacity":"","overlay-gradient":""}},"ast-content-background-meta":{"desktop":{"background-color":"var(--ast-global-color-4)","background-image":"","background-repeat":"repeat","background-position":"center center","background-size":"auto","background-attachment":"scroll","background-type":"","background-media":"","overlay-type":"","overlay-color":"","overlay-opacity":"","overlay-gradient":""},"tablet":{"background-color":"var(--ast-global-color-4)","background-image":"","background-repeat":"repeat","background-position":"center center","background-size":"auto","background-attachment":"scroll","background-type":"","background-media":"","overlay-type":"","overlay-color":"","overlay-opacity":"","overlay-gradient":""},"mobile":{"background-color":"var(--ast-global-color-4)","background-image":"","background-repeat":"repeat","background-position":"center center","background-size":"auto","background-attachment":"scroll","background-type":"","background-media":"","overlay-type":"","overlay-color":"","overlay-opacity":"","overlay-gradient":""}},"footnotes":""},"categories":[1],"tags":[],"class_list":["post-147348","post","type-post","status-publish","format-standard","hentry","category-sem-categoria"],"yoast_head":"<!-- This site is optimized with the Yoast SEO plugin v26.6 - https:\/\/yoast.com\/wordpress\/plugins\/seo\/ -->\n<title>Ex-presidenci\u00e1vel aborda legado de mis\u00e9ria deixado por Fl\u00e1vio Dino no Maranh\u00e3o - Daniel Matos<\/title>\n<meta name=\"robots\" content=\"index, follow, max-snippet:-1, max-image-preview:large, max-video-preview:-1\" \/>\n<link rel=\"canonical\" href=\"https:\/\/www.blogsoestado.com\/danielmatos\/ex-presidenciavel-aborda-legado-de-miseria-deixado-por-flavio-dino-no-maranhao\/\" \/>\n<meta property=\"og:locale\" content=\"pt_BR\" \/>\n<meta property=\"og:type\" content=\"article\" \/>\n<meta property=\"og:title\" content=\"Ex-presidenci\u00e1vel aborda legado de mis\u00e9ria deixado por Fl\u00e1vio Dino no Maranh\u00e3o - Daniel Matos\" \/>\n<meta property=\"og:description\" content=\"O ex-candidato a presidente da Rep\u00fablica, na elei\u00e7\u00e3o de 2022, pelo partido Novo, Luiz Felipe D&#8217;\u00c1vila, exp\u00f4s o legado de [&hellip;]\" \/>\n<meta property=\"og:url\" content=\"https:\/\/www.blogsoestado.com\/danielmatos\/ex-presidenciavel-aborda-legado-de-miseria-deixado-por-flavio-dino-no-maranhao\/\" \/>\n<meta property=\"og:site_name\" content=\"Daniel Matos\" \/>\n<meta property=\"article:published_time\" content=\"2025-08-17T14:41:12+00:00\" \/>\n<meta property=\"article:modified_time\" content=\"2025-08-17T14:41:14+00:00\" \/>\n<meta property=\"og:image\" content=\"https:\/\/www.blogsoestado.com\/danielmatos\/wp-content\/uploads\/sites\/2\/2025\/08\/1003335100.png\" \/>\n\t<meta property=\"og:image:width\" content=\"1080\" \/>\n\t<meta property=\"og:image:height\" content=\"891\" \/>\n\t<meta property=\"og:image:type\" content=\"image\/png\" \/>\n<meta name=\"author\" content=\"Daniel Matos\" \/>\n<meta name=\"twitter:card\" content=\"summary_large_image\" \/>\n<meta name=\"twitter:label1\" content=\"Escrito por\" \/>\n\t<meta name=\"twitter:data1\" content=\"Daniel Matos\" \/>\n\t<meta name=\"twitter:label2\" content=\"Est. tempo de leitura\" \/>\n\t<meta name=\"twitter:data2\" content=\"2 minutos\" \/>\n<script type=\"application\/ld+json\" class=\"yoast-schema-graph\">{\"@context\":\"https:\/\/schema.org\",\"@graph\":[{\"@type\":\"WebPage\",\"@id\":\"https:\/\/www.blogsoestado.com\/danielmatos\/ex-presidenciavel-aborda-legado-de-miseria-deixado-por-flavio-dino-no-maranhao\/\",\"url\":\"https:\/\/www.blogsoestado.com\/danielmatos\/ex-presidenciavel-aborda-legado-de-miseria-deixado-por-flavio-dino-no-maranhao\/\",\"name\":\"Ex-presidenci\u00e1vel aborda legado de mis\u00e9ria deixado por Fl\u00e1vio Dino no Maranh\u00e3o - Daniel Matos\",\"isPartOf\":{\"@id\":\"https:\/\/www.blogsoestado.com\/danielmatos\/#website\"},\"primaryImageOfPage\":{\"@id\":\"https:\/\/www.blogsoestado.com\/danielmatos\/ex-presidenciavel-aborda-legado-de-miseria-deixado-por-flavio-dino-no-maranhao\/#primaryimage\"},\"image\":{\"@id\":\"https:\/\/www.blogsoestado.com\/danielmatos\/ex-presidenciavel-aborda-legado-de-miseria-deixado-por-flavio-dino-no-maranhao\/#primaryimage\"},\"thumbnailUrl\":\"https:\/\/www.blogsoestado.com\/danielmatos\/wp-content\/uploads\/sites\/2\/2025\/08\/1003335100-1024x845.png\",\"datePublished\":\"2025-08-17T14:41:12+00:00\",\"dateModified\":\"2025-08-17T14:41:14+00:00\",\"author\":{\"@id\":\"https:\/\/www.blogsoestado.com\/danielmatos\/#\/schema\/person\/9a209d407cd45631f131e1285b661bb0\"},\"breadcrumb\":{\"@id\":\"https:\/\/www.blogsoestado.com\/danielmatos\/ex-presidenciavel-aborda-legado-de-miseria-deixado-por-flavio-dino-no-maranhao\/#breadcrumb\"},\"inLanguage\":\"pt-BR\",\"potentialAction\":[{\"@type\":\"ReadAction\",\"target\":[\"https:\/\/www.blogsoestado.com\/danielmatos\/ex-presidenciavel-aborda-legado-de-miseria-deixado-por-flavio-dino-no-maranhao\/\"]}]},{\"@type\":\"ImageObject\",\"inLanguage\":\"pt-BR\",\"@id\":\"https:\/\/www.blogsoestado.com\/danielmatos\/ex-presidenciavel-aborda-legado-de-miseria-deixado-por-flavio-dino-no-maranhao\/#primaryimage\",\"url\":\"https:\/\/www.blogsoestado.com\/danielmatos\/wp-content\/uploads\/sites\/2\/2025\/08\/1003335100.png\",\"contentUrl\":\"https:\/\/www.blogsoestado.com\/danielmatos\/wp-content\/uploads\/sites\/2\/2025\/08\/1003335100.png\",\"width\":1080,\"height\":891},{\"@type\":\"BreadcrumbList\",\"@id\":\"https:\/\/www.blogsoestado.com\/danielmatos\/ex-presidenciavel-aborda-legado-de-miseria-deixado-por-flavio-dino-no-maranhao\/#breadcrumb\",\"itemListElement\":[{\"@type\":\"ListItem\",\"position\":1,\"name\":\"In\u00edcio\",\"item\":\"https:\/\/www.blogsoestado.com\/danielmatos\/\"},{\"@type\":\"ListItem\",\"position\":2,\"name\":\"Ex-presidenci\u00e1vel aborda legado de mis\u00e9ria deixado por Fl\u00e1vio Dino no Maranh\u00e3o\"}]},{\"@type\":\"WebSite\",\"@id\":\"https:\/\/www.blogsoestado.com\/danielmatos\/#website\",\"url\":\"https:\/\/www.blogsoestado.com\/danielmatos\/\",\"name\":\"Daniel Matos\",\"description\":\"\",\"potentialAction\":[{\"@type\":\"SearchAction\",\"target\":{\"@type\":\"EntryPoint\",\"urlTemplate\":\"https:\/\/www.blogsoestado.com\/danielmatos\/?s={search_term_string}\"},\"query-input\":{\"@type\":\"PropertyValueSpecification\",\"valueRequired\":true,\"valueName\":\"search_term_string\"}}],\"inLanguage\":\"pt-BR\"},{\"@type\":\"Person\",\"@id\":\"https:\/\/www.blogsoestado.com\/danielmatos\/#\/schema\/person\/9a209d407cd45631f131e1285b661bb0\",\"name\":\"Daniel Matos\",\"image\":{\"@type\":\"ImageObject\",\"inLanguage\":\"pt-BR\",\"@id\":\"https:\/\/www.blogsoestado.com\/danielmatos\/#\/schema\/person\/image\/\",\"url\":\"https:\/\/secure.gravatar.com\/avatar\/2f26c36ee355da19a257f0dfef43952a2588b324ca35d6719e859fe338ac0392?s=96&d=mm&r=g\",\"contentUrl\":\"https:\/\/secure.gravatar.com\/avatar\/2f26c36ee355da19a257f0dfef43952a2588b324ca35d6719e859fe338ac0392?s=96&d=mm&r=g\",\"caption\":\"Daniel Matos\"},\"url\":\"https:\/\/www.blogsoestado.com\/danielmatos\/author\/danielmatos\/\"}]}<\/script>\n<!-- \/ Yoast SEO plugin. -->","yoast_head_json":{"title":"Ex-presidenci\u00e1vel aborda legado de mis\u00e9ria deixado por Fl\u00e1vio Dino no Maranh\u00e3o - Daniel Matos","robots":{"index":"index","follow":"follow","max-snippet":"max-snippet:-1","max-image-preview":"max-image-preview:large","max-video-preview":"max-video-preview:-1"},"canonical":"https:\/\/www.blogsoestado.com\/danielmatos\/ex-presidenciavel-aborda-legado-de-miseria-deixado-por-flavio-dino-no-maranhao\/","og_locale":"pt_BR","og_type":"article","og_title":"Ex-presidenci\u00e1vel aborda legado de mis\u00e9ria deixado por Fl\u00e1vio Dino no Maranh\u00e3o - Daniel Matos","og_description":"O ex-candidato a presidente da Rep\u00fablica, na elei\u00e7\u00e3o de 2022, pelo partido Novo, Luiz Felipe D&#8217;\u00c1vila, exp\u00f4s o legado de [&hellip;]","og_url":"https:\/\/www.blogsoestado.com\/danielmatos\/ex-presidenciavel-aborda-legado-de-miseria-deixado-por-flavio-dino-no-maranhao\/","og_site_name":"Daniel Matos","article_published_time":"2025-08-17T14:41:12+00:00","article_modified_time":"2025-08-17T14:41:14+00:00","og_image":[{"width":1080,"height":891,"url":"https:\/\/www.blogsoestado.com\/danielmatos\/wp-content\/uploads\/sites\/2\/2025\/08\/1003335100.png","type":"image\/png"}],"author":"Daniel Matos","twitter_card":"summary_large_image","twitter_misc":{"Escrito por":"Daniel Matos","Est. tempo de leitura":"2 minutos"},"schema":{"@context":"https:\/\/schema.org","@graph":[{"@type":"WebPage","@id":"https:\/\/www.blogsoestado.com\/danielmatos\/ex-presidenciavel-aborda-legado-de-miseria-deixado-por-flavio-dino-no-maranhao\/","url":"https:\/\/www.blogsoestado.com\/danielmatos\/ex-presidenciavel-aborda-legado-de-miseria-deixado-por-flavio-dino-no-maranhao\/","name":"Ex-presidenci\u00e1vel aborda legado de mis\u00e9ria deixado por Fl\u00e1vio Dino no Maranh\u00e3o - Daniel Matos","isPartOf":{"@id":"https:\/\/www.blogsoestado.com\/danielmatos\/#website"},"primaryImageOfPage":{"@id":"https:\/\/www.blogsoestado.com\/danielmatos\/ex-presidenciavel-aborda-legado-de-miseria-deixado-por-flavio-dino-no-maranhao\/#primaryimage"},"image":{"@id":"https:\/\/www.blogsoestado.com\/danielmatos\/ex-presidenciavel-aborda-legado-de-miseria-deixado-por-flavio-dino-no-maranhao\/#primaryimage"},"thumbnailUrl":"https:\/\/www.blogsoestado.com\/danielmatos\/wp-content\/uploads\/sites\/2\/2025\/08\/1003335100-1024x845.png","datePublished":"2025-08-17T14:41:12+00:00","dateModified":"2025-08-17T14:41:14+00:00","author":{"@id":"https:\/\/www.blogsoestado.com\/danielmatos\/#\/schema\/person\/9a209d407cd45631f131e1285b661bb0"},"breadcrumb":{"@id":"https:\/\/www.blogsoestado.com\/danielmatos\/ex-presidenciavel-aborda-legado-de-miseria-deixado-por-flavio-dino-no-maranhao\/#breadcrumb"},"inLanguage":"pt-BR","potentialAction":[{"@type":"ReadAction","target":["https:\/\/www.blogsoestado.com\/danielmatos\/ex-presidenciavel-aborda-legado-de-miseria-deixado-por-flavio-dino-no-maranhao\/"]}]},{"@type":"ImageObject","inLanguage":"pt-BR","@id":"https:\/\/www.blogsoestado.com\/danielmatos\/ex-presidenciavel-aborda-legado-de-miseria-deixado-por-flavio-dino-no-maranhao\/#primaryimage","url":"https:\/\/www.blogsoestado.com\/danielmatos\/wp-content\/uploads\/sites\/2\/2025\/08\/1003335100.png","contentUrl":"https:\/\/www.blogsoestado.com\/danielmatos\/wp-content\/uploads\/sites\/2\/2025\/08\/1003335100.png","width":1080,"height":891},{"@type":"BreadcrumbList","@id":"https:\/\/www.blogsoestado.com\/danielmatos\/ex-presidenciavel-aborda-legado-de-miseria-deixado-por-flavio-dino-no-maranhao\/#breadcrumb","itemListElement":[{"@type":"ListItem","position":1,"name":"In\u00edcio","item":"https:\/\/www.blogsoestado.com\/danielmatos\/"},{"@type":"ListItem","position":2,"name":"Ex-presidenci\u00e1vel aborda legado de mis\u00e9ria deixado por Fl\u00e1vio Dino no Maranh\u00e3o"}]},{"@type":"WebSite","@id":"https:\/\/www.blogsoestado.com\/danielmatos\/#website","url":"https:\/\/www.blogsoestado.com\/danielmatos\/","name":"Daniel Matos","description":"","potentialAction":[{"@type":"SearchAction","target":{"@type":"EntryPoint","urlTemplate":"https:\/\/www.blogsoestado.com\/danielmatos\/?s={search_term_string}"},"query-input":{"@type":"PropertyValueSpecification","valueRequired":true,"valueName":"search_term_string"}}],"inLanguage":"pt-BR"},{"@type":"Person","@id":"https:\/\/www.blogsoestado.com\/danielmatos\/#\/schema\/person\/9a209d407cd45631f131e1285b661bb0","name":"Daniel Matos","image":{"@type":"ImageObject","inLanguage":"pt-BR","@id":"https:\/\/www.blogsoestado.com\/danielmatos\/#\/schema\/person\/image\/","url":"https:\/\/secure.gravatar.com\/avatar\/2f26c36ee355da19a257f0dfef43952a2588b324ca35d6719e859fe338ac0392?s=96&d=mm&r=g","contentUrl":"https:\/\/secure.gravatar.com\/avatar\/2f26c36ee355da19a257f0dfef43952a2588b324ca35d6719e859fe338ac0392?s=96&d=mm&r=g","caption":"Daniel Matos"},"url":"https:\/\/www.blogsoestado.com\/danielmatos\/author\/danielmatos\/"}]}},"jetpack_featured_media_url":"","_links":{"self":[{"href":"https:\/\/www.blogsoestado.com\/danielmatos\/wp-json\/wp\/v2\/posts\/147348","targetHints":{"allow":["GET"]}}],"collection":[{"href":"https:\/\/www.blogsoestado.com\/danielmatos\/wp-json\/wp\/v2\/posts"}],"about":[{"href":"https:\/\/www.blogsoestado.com\/danielmatos\/wp-json\/wp\/v2\/types\/post"}],"author":[{"embeddable":true,"href":"https:\/\/www.blogsoestado.com\/danielmatos\/wp-json\/wp\/v2\/users\/2"}],"replies":[{"embeddable":true,"href":"https:\/\/www.blogsoestado.com\/danielmatos\/wp-json\/wp\/v2\/comments?post=147348"}],"version-history":[{"count":1,"href":"https:\/\/www.blogsoestado.com\/danielmatos\/wp-json\/wp\/v2\/posts\/147348\/revisions"}],"predecessor-version":[{"id":147352,"href":"https:\/\/www.blogsoestado.com\/danielmatos\/wp-json\/wp\/v2\/posts\/147348\/revisions\/147352"}],"wp:attachment":[{"href":"https:\/\/www.blogsoestado.com\/danielmatos\/wp-json\/wp\/v2\/media?parent=147348"}],"wp:term":[{"taxonomy":"category","embeddable":true,"href":"https:\/\/www.blogsoestado.com\/danielmatos\/wp-json\/wp\/v2\/categories?post=147348"},{"taxonomy":"post_tag","embeddable":true,"href":"https:\/\/www.blogsoestado.com\/danielmatos\/wp-json\/wp\/v2\/tags?post=147348"}],"curies":[{"name":"wp","href":"https:\/\/api.w.org\/{rel}","templated":true}]}}