{"id":147353,"date":"2025-08-17T12:46:59","date_gmt":"2025-08-17T15:46:59","guid":{"rendered":"https:\/\/www.blogsoestado.com\/danielmatos\/?p=147353"},"modified":"2025-08-17T12:47:01","modified_gmt":"2025-08-17T15:47:01","slug":"quinzena-especial-queijos-e-vinhos-no-emporio-fribal-um-convite-sensorial-as-melhores-descobertas","status":"publish","type":"post","link":"https:\/\/www.blogsoestado.com\/danielmatos\/quinzena-especial-queijos-e-vinhos-no-emporio-fribal-um-convite-sensorial-as-melhores-descobertas\/","title":{"rendered":"Quinzena Especial Queijos e Vinhos no Emp\u00f3rio Fribal: Um convite sensorial \u00e0s melhores descobertas"},"content":{"rendered":"\n<p><strong><mark style=\"color:#cf2e2e\" class=\"has-inline-color\">At\u00e9 24 de agosto as lojas do Emp\u00f3rio Fribal s\u00e3o um destino imperd\u00edvel para os apaixonados por vinhos e queijos<\/mark><\/strong><\/p>\n\n\n\n<figure class=\"wp-block-image aligncenter size-large\"><img fetchpriority=\"high\" decoding=\"async\" width=\"1024\" height=\"768\" src=\"https:\/\/www.blogsoestado.com\/danielmatos\/wp-content\/uploads\/sites\/2\/2025\/08\/1003335777-1024x768.jpg\" alt=\"\" class=\"wp-image-147354\" srcset=\"https:\/\/www.blogsoestado.com\/danielmatos\/wp-content\/uploads\/sites\/2\/2025\/08\/1003335777-1024x768.jpg 1024w, https:\/\/www.blogsoestado.com\/danielmatos\/wp-content\/uploads\/sites\/2\/2025\/08\/1003335777-300x225.jpg 300w, https:\/\/www.blogsoestado.com\/danielmatos\/wp-content\/uploads\/sites\/2\/2025\/08\/1003335777-768x576.jpg 768w, https:\/\/www.blogsoestado.com\/danielmatos\/wp-content\/uploads\/sites\/2\/2025\/08\/1003335777.jpg 1280w\" sizes=\"(max-width: 1024px) 100vw, 1024px\" \/><figcaption class=\"wp-element-caption\">A \u201cQuinzena Especial Queijos e Vinhos \u2013 Sabores que Harmonizam\u201d est\u00e1 com muitas ofertas em vinhos nacionais e importados em todas as lojas do Emp\u00f3rio Fribal at\u00e9 o dia 24.08.<\/figcaption><\/figure>\n\n\n\n<p>Todos os caminhos para os amantes dos vinhos levam \u00e0s lojas do Emp\u00f3rio Fribal! Tudo por conta da \u201cQuinzena Especial Queijos e Vinhos \u2013 Sabores que Harmonizam\u201d que acontece at\u00e9 24.08 e promove uma verdadeira imers\u00e3o sensorial o mundo dos vinhos, reunindo r\u00f3tulos de diferentes origens e uvas selecionadas, com descontos que convidam \u00e0 descoberta de novos sabores e harmoniza\u00e7\u00f5es.<\/p>\n\n\n\n<p>A Quinzena Especial traz uma curadoria de vinhos que percorre alguns dos terroirs mais reconhecidos do mundo. Do frescor mineral do Vinho Verde Casal Amado (Portugal) ao corpo intenso do Montes Cabernet Sauvignon (Chile), passando pela eleg\u00e2ncia do espumante Pizzato Brut Ros\u00e9 (Brasil), a proposta \u00e9 explorar estilos e perfis arom\u00e1ticos variados.<\/p>\n\n\n\n<p>Os r\u00f3tulos argentinos tamb\u00e9m marcam presen\u00e7a, como o Escorihuela Gasc\u00f3n Malbec e o Cinco Sentidos Reserva, que une Cabernet Sauvignon, Malbec e Ancellotta em um blend estruturado.<\/p>\n\n\n\n<figure class=\"wp-block-image aligncenter size-large\"><img decoding=\"async\" width=\"1024\" height=\"768\" src=\"https:\/\/www.blogsoestado.com\/danielmatos\/wp-content\/uploads\/sites\/2\/2025\/08\/1003335778-1024x768.jpg\" alt=\"\" class=\"wp-image-147355\" srcset=\"https:\/\/www.blogsoestado.com\/danielmatos\/wp-content\/uploads\/sites\/2\/2025\/08\/1003335778-1024x768.jpg 1024w, https:\/\/www.blogsoestado.com\/danielmatos\/wp-content\/uploads\/sites\/2\/2025\/08\/1003335778-300x225.jpg 300w, https:\/\/www.blogsoestado.com\/danielmatos\/wp-content\/uploads\/sites\/2\/2025\/08\/1003335778-768x576.jpg 768w, https:\/\/www.blogsoestado.com\/danielmatos\/wp-content\/uploads\/sites\/2\/2025\/08\/1003335778.jpg 1280w\" sizes=\"(max-width: 1024px) 100vw, 1024px\" \/><figcaption class=\"wp-element-caption\">A Quinzena Especial Queijos e Vinhos do do Emp\u00f3rio Fribal traz uma curadoria de vinhos especiais a pre\u00e7os promocionais<\/figcaption><\/figure>\n\n\n\n<p>Para potencializar a experi\u00eancia, os destaques da Quinzena tamb\u00e9m abrangem acess\u00f3rios e queijos diversos, dos artesanais aos importados, ideais para harmonizar com cada tipo de vinho. Entre as op\u00e7\u00f5es, o aveludado Tirolez Tipo Brie, o encorpado Prima Donna Maturo e o marcante Pecorino Romano dividem espa\u00e7o com cl\u00e1ssicos como o Gouda Holand\u00eas, o Provolone Regina e a delicadeza do Mini Babybel Franc\u00eas.<\/p>\n\n\n\n<p>Mais do que ofertas, a Quinzena Especial Sabores que Harmonizam \u00e9 uma oportunidade de viajar por aromas e texturas, explorando o frescor das uvas brancas, a pot\u00eancia dos tintos encorpados e a cremosidade dos espumantes. Para os iniciantes, \u00e9 uma porta de entrada para compreender combina\u00e7\u00f5es cl\u00e1ssicas \u2013 como o encontro de um brie macio com um Chardonnay frutado \u2013 e, para os conhecedores, um momento de buscar r\u00f3tulos diferenciados para a adega.<\/p>\n\n\n\n<p>A Quinzena acontece em todas as unidades do Emp\u00f3rio Fribal em S\u00e3o Lu\u00eds, Teresina e Imperatriz, enquanto durarem os estoques.<\/p>\n","protected":false},"excerpt":{"rendered":"<p>At\u00e9 24 de agosto as lojas do Emp\u00f3rio Fribal s\u00e3o um destino imperd\u00edvel para os apaixonados por vinhos e queijos [&hellip;]<\/p>\n","protected":false},"author":2,"featured_media":0,"comment_status":"open","ping_status":"open","sticky":false,"template":"","format":"standard","meta":{"site-sidebar-layout":"default","site-content-layout":"","ast-site-content-layout":"default","site-content-style":"default","site-sidebar-style":"default","ast-global-header-display":"","ast-banner-title-visibility":"","ast-main-header-display":"","ast-hfb-above-header-display":"","ast-hfb-below-header-display":"","ast-hfb-mobile-header-display":"","site-post-title":"","ast-breadcrumbs-content":"","ast-featured-img":"","footer-sml-layout":"","ast-disable-related-posts":"","theme-transparent-header-meta":"","adv-header-id-meta":"","stick-header-meta":"","header-above-stick-meta":"","header-main-stick-meta":"","header-below-stick-meta":"","astra-migrate-meta-layouts":"default","ast-page-background-enabled":"default","ast-page-background-meta":{"desktop":{"background-color":"var(--ast-global-color-5)","background-image":"","background-repeat":"repeat","background-position":"center center","background-size":"auto","background-attachment":"scroll","background-type":"","background-media":"","overlay-type":"","overlay-color":"","overlay-opacity":"","overlay-gradient":""},"tablet":{"background-color":"","background-image":"","background-repeat":"repeat","background-position":"center center","background-size":"auto","background-attachment":"scroll","background-type":"","background-media":"","overlay-type":"","overlay-color":"","overlay-opacity":"","overlay-gradient":""},"mobile":{"background-color":"","background-image":"","background-repeat":"repeat","background-position":"center center","background-size":"auto","background-attachment":"scroll","background-type":"","background-media":"","overlay-type":"","overlay-color":"","overlay-opacity":"","overlay-gradient":""}},"ast-content-background-meta":{"desktop":{"background-color":"var(--ast-global-color-4)","background-image":"","background-repeat":"repeat","background-position":"center center","background-size":"auto","background-attachment":"scroll","background-type":"","background-media":"","overlay-type":"","overlay-color":"","overlay-opacity":"","overlay-gradient":""},"tablet":{"background-color":"var(--ast-global-color-4)","background-image":"","background-repeat":"repeat","background-position":"center center","background-size":"auto","background-attachment":"scroll","background-type":"","background-media":"","overlay-type":"","overlay-color":"","overlay-opacity":"","overlay-gradient":""},"mobile":{"background-color":"var(--ast-global-color-4)","background-image":"","background-repeat":"repeat","background-position":"center center","background-size":"auto","background-attachment":"scroll","background-type":"","background-media":"","overlay-type":"","overlay-color":"","overlay-opacity":"","overlay-gradient":""}},"footnotes":""},"categories":[1],"tags":[],"class_list":["post-147353","post","type-post","status-publish","format-standard","hentry","category-sem-categoria"],"yoast_head":"<!-- This site is optimized with the Yoast SEO plugin v26.6 - https:\/\/yoast.com\/wordpress\/plugins\/seo\/ -->\n<title>Quinzena Especial Queijos e Vinhos no Emp\u00f3rio Fribal: Um convite sensorial \u00e0s melhores descobertas - Daniel Matos<\/title>\n<meta name=\"robots\" content=\"index, follow, max-snippet:-1, max-image-preview:large, max-video-preview:-1\" \/>\n<link rel=\"canonical\" href=\"https:\/\/www.blogsoestado.com\/danielmatos\/quinzena-especial-queijos-e-vinhos-no-emporio-fribal-um-convite-sensorial-as-melhores-descobertas\/\" \/>\n<meta property=\"og:locale\" content=\"pt_BR\" \/>\n<meta property=\"og:type\" content=\"article\" \/>\n<meta property=\"og:title\" content=\"Quinzena Especial Queijos e Vinhos no Emp\u00f3rio Fribal: Um convite sensorial \u00e0s melhores descobertas - Daniel Matos\" \/>\n<meta property=\"og:description\" content=\"At\u00e9 24 de agosto as lojas do Emp\u00f3rio Fribal s\u00e3o um destino imperd\u00edvel para os apaixonados por vinhos e queijos [&hellip;]\" \/>\n<meta property=\"og:url\" content=\"https:\/\/www.blogsoestado.com\/danielmatos\/quinzena-especial-queijos-e-vinhos-no-emporio-fribal-um-convite-sensorial-as-melhores-descobertas\/\" \/>\n<meta property=\"og:site_name\" content=\"Daniel Matos\" \/>\n<meta property=\"article:published_time\" content=\"2025-08-17T15:46:59+00:00\" \/>\n<meta property=\"article:modified_time\" content=\"2025-08-17T15:47:01+00:00\" \/>\n<meta property=\"og:image\" content=\"https:\/\/www.blogsoestado.com\/danielmatos\/wp-content\/uploads\/sites\/2\/2025\/08\/1003335777.jpg\" \/>\n\t<meta property=\"og:image:width\" content=\"1280\" \/>\n\t<meta property=\"og:image:height\" content=\"960\" \/>\n\t<meta property=\"og:image:type\" content=\"image\/jpeg\" \/>\n<meta name=\"author\" content=\"Daniel Matos\" \/>\n<meta name=\"twitter:card\" content=\"summary_large_image\" \/>\n<meta name=\"twitter:label1\" content=\"Escrito por\" \/>\n\t<meta name=\"twitter:data1\" content=\"Daniel Matos\" \/>\n\t<meta name=\"twitter:label2\" content=\"Est. tempo de leitura\" \/>\n\t<meta name=\"twitter:data2\" content=\"3 minutos\" \/>\n<script type=\"application\/ld+json\" class=\"yoast-schema-graph\">{\"@context\":\"https:\/\/schema.org\",\"@graph\":[{\"@type\":\"WebPage\",\"@id\":\"https:\/\/www.blogsoestado.com\/danielmatos\/quinzena-especial-queijos-e-vinhos-no-emporio-fribal-um-convite-sensorial-as-melhores-descobertas\/\",\"url\":\"https:\/\/www.blogsoestado.com\/danielmatos\/quinzena-especial-queijos-e-vinhos-no-emporio-fribal-um-convite-sensorial-as-melhores-descobertas\/\",\"name\":\"Quinzena Especial Queijos e Vinhos no Emp\u00f3rio Fribal: Um convite sensorial \u00e0s melhores descobertas - Daniel Matos\",\"isPartOf\":{\"@id\":\"https:\/\/www.blogsoestado.com\/danielmatos\/#website\"},\"primaryImageOfPage\":{\"@id\":\"https:\/\/www.blogsoestado.com\/danielmatos\/quinzena-especial-queijos-e-vinhos-no-emporio-fribal-um-convite-sensorial-as-melhores-descobertas\/#primaryimage\"},\"image\":{\"@id\":\"https:\/\/www.blogsoestado.com\/danielmatos\/quinzena-especial-queijos-e-vinhos-no-emporio-fribal-um-convite-sensorial-as-melhores-descobertas\/#primaryimage\"},\"thumbnailUrl\":\"https:\/\/www.blogsoestado.com\/danielmatos\/wp-content\/uploads\/sites\/2\/2025\/08\/1003335777-1024x768.jpg\",\"datePublished\":\"2025-08-17T15:46:59+00:00\",\"dateModified\":\"2025-08-17T15:47:01+00:00\",\"author\":{\"@id\":\"https:\/\/www.blogsoestado.com\/danielmatos\/#\/schema\/person\/9a209d407cd45631f131e1285b661bb0\"},\"breadcrumb\":{\"@id\":\"https:\/\/www.blogsoestado.com\/danielmatos\/quinzena-especial-queijos-e-vinhos-no-emporio-fribal-um-convite-sensorial-as-melhores-descobertas\/#breadcrumb\"},\"inLanguage\":\"pt-BR\",\"potentialAction\":[{\"@type\":\"ReadAction\",\"target\":[\"https:\/\/www.blogsoestado.com\/danielmatos\/quinzena-especial-queijos-e-vinhos-no-emporio-fribal-um-convite-sensorial-as-melhores-descobertas\/\"]}]},{\"@type\":\"ImageObject\",\"inLanguage\":\"pt-BR\",\"@id\":\"https:\/\/www.blogsoestado.com\/danielmatos\/quinzena-especial-queijos-e-vinhos-no-emporio-fribal-um-convite-sensorial-as-melhores-descobertas\/#primaryimage\",\"url\":\"https:\/\/www.blogsoestado.com\/danielmatos\/wp-content\/uploads\/sites\/2\/2025\/08\/1003335777.jpg\",\"contentUrl\":\"https:\/\/www.blogsoestado.com\/danielmatos\/wp-content\/uploads\/sites\/2\/2025\/08\/1003335777.jpg\",\"width\":1280,\"height\":960},{\"@type\":\"BreadcrumbList\",\"@id\":\"https:\/\/www.blogsoestado.com\/danielmatos\/quinzena-especial-queijos-e-vinhos-no-emporio-fribal-um-convite-sensorial-as-melhores-descobertas\/#breadcrumb\",\"itemListElement\":[{\"@type\":\"ListItem\",\"position\":1,\"name\":\"In\u00edcio\",\"item\":\"https:\/\/www.blogsoestado.com\/danielmatos\/\"},{\"@type\":\"ListItem\",\"position\":2,\"name\":\"Quinzena Especial Queijos e Vinhos no Emp\u00f3rio Fribal: Um convite sensorial \u00e0s melhores descobertas\"}]},{\"@type\":\"WebSite\",\"@id\":\"https:\/\/www.blogsoestado.com\/danielmatos\/#website\",\"url\":\"https:\/\/www.blogsoestado.com\/danielmatos\/\",\"name\":\"Daniel Matos\",\"description\":\"\",\"potentialAction\":[{\"@type\":\"SearchAction\",\"target\":{\"@type\":\"EntryPoint\",\"urlTemplate\":\"https:\/\/www.blogsoestado.com\/danielmatos\/?s={search_term_string}\"},\"query-input\":{\"@type\":\"PropertyValueSpecification\",\"valueRequired\":true,\"valueName\":\"search_term_string\"}}],\"inLanguage\":\"pt-BR\"},{\"@type\":\"Person\",\"@id\":\"https:\/\/www.blogsoestado.com\/danielmatos\/#\/schema\/person\/9a209d407cd45631f131e1285b661bb0\",\"name\":\"Daniel Matos\",\"image\":{\"@type\":\"ImageObject\",\"inLanguage\":\"pt-BR\",\"@id\":\"https:\/\/www.blogsoestado.com\/danielmatos\/#\/schema\/person\/image\/\",\"url\":\"https:\/\/secure.gravatar.com\/avatar\/2f26c36ee355da19a257f0dfef43952a2588b324ca35d6719e859fe338ac0392?s=96&d=mm&r=g\",\"contentUrl\":\"https:\/\/secure.gravatar.com\/avatar\/2f26c36ee355da19a257f0dfef43952a2588b324ca35d6719e859fe338ac0392?s=96&d=mm&r=g\",\"caption\":\"Daniel Matos\"},\"url\":\"https:\/\/www.blogsoestado.com\/danielmatos\/author\/danielmatos\/\"}]}<\/script>\n<!-- \/ Yoast SEO plugin. -->","yoast_head_json":{"title":"Quinzena Especial Queijos e Vinhos no Emp\u00f3rio Fribal: Um convite sensorial \u00e0s melhores descobertas - Daniel Matos","robots":{"index":"index","follow":"follow","max-snippet":"max-snippet:-1","max-image-preview":"max-image-preview:large","max-video-preview":"max-video-preview:-1"},"canonical":"https:\/\/www.blogsoestado.com\/danielmatos\/quinzena-especial-queijos-e-vinhos-no-emporio-fribal-um-convite-sensorial-as-melhores-descobertas\/","og_locale":"pt_BR","og_type":"article","og_title":"Quinzena Especial Queijos e Vinhos no Emp\u00f3rio Fribal: Um convite sensorial \u00e0s melhores descobertas - Daniel Matos","og_description":"At\u00e9 24 de agosto as lojas do Emp\u00f3rio Fribal s\u00e3o um destino imperd\u00edvel para os apaixonados por vinhos e queijos [&hellip;]","og_url":"https:\/\/www.blogsoestado.com\/danielmatos\/quinzena-especial-queijos-e-vinhos-no-emporio-fribal-um-convite-sensorial-as-melhores-descobertas\/","og_site_name":"Daniel Matos","article_published_time":"2025-08-17T15:46:59+00:00","article_modified_time":"2025-08-17T15:47:01+00:00","og_image":[{"width":1280,"height":960,"url":"https:\/\/www.blogsoestado.com\/danielmatos\/wp-content\/uploads\/sites\/2\/2025\/08\/1003335777.jpg","type":"image\/jpeg"}],"author":"Daniel Matos","twitter_card":"summary_large_image","twitter_misc":{"Escrito por":"Daniel Matos","Est. tempo de leitura":"3 minutos"},"schema":{"@context":"https:\/\/schema.org","@graph":[{"@type":"WebPage","@id":"https:\/\/www.blogsoestado.com\/danielmatos\/quinzena-especial-queijos-e-vinhos-no-emporio-fribal-um-convite-sensorial-as-melhores-descobertas\/","url":"https:\/\/www.blogsoestado.com\/danielmatos\/quinzena-especial-queijos-e-vinhos-no-emporio-fribal-um-convite-sensorial-as-melhores-descobertas\/","name":"Quinzena Especial Queijos e Vinhos no Emp\u00f3rio Fribal: Um convite sensorial \u00e0s melhores descobertas - Daniel Matos","isPartOf":{"@id":"https:\/\/www.blogsoestado.com\/danielmatos\/#website"},"primaryImageOfPage":{"@id":"https:\/\/www.blogsoestado.com\/danielmatos\/quinzena-especial-queijos-e-vinhos-no-emporio-fribal-um-convite-sensorial-as-melhores-descobertas\/#primaryimage"},"image":{"@id":"https:\/\/www.blogsoestado.com\/danielmatos\/quinzena-especial-queijos-e-vinhos-no-emporio-fribal-um-convite-sensorial-as-melhores-descobertas\/#primaryimage"},"thumbnailUrl":"https:\/\/www.blogsoestado.com\/danielmatos\/wp-content\/uploads\/sites\/2\/2025\/08\/1003335777-1024x768.jpg","datePublished":"2025-08-17T15:46:59+00:00","dateModified":"2025-08-17T15:47:01+00:00","author":{"@id":"https:\/\/www.blogsoestado.com\/danielmatos\/#\/schema\/person\/9a209d407cd45631f131e1285b661bb0"},"breadcrumb":{"@id":"https:\/\/www.blogsoestado.com\/danielmatos\/quinzena-especial-queijos-e-vinhos-no-emporio-fribal-um-convite-sensorial-as-melhores-descobertas\/#breadcrumb"},"inLanguage":"pt-BR","potentialAction":[{"@type":"ReadAction","target":["https:\/\/www.blogsoestado.com\/danielmatos\/quinzena-especial-queijos-e-vinhos-no-emporio-fribal-um-convite-sensorial-as-melhores-descobertas\/"]}]},{"@type":"ImageObject","inLanguage":"pt-BR","@id":"https:\/\/www.blogsoestado.com\/danielmatos\/quinzena-especial-queijos-e-vinhos-no-emporio-fribal-um-convite-sensorial-as-melhores-descobertas\/#primaryimage","url":"https:\/\/www.blogsoestado.com\/danielmatos\/wp-content\/uploads\/sites\/2\/2025\/08\/1003335777.jpg","contentUrl":"https:\/\/www.blogsoestado.com\/danielmatos\/wp-content\/uploads\/sites\/2\/2025\/08\/1003335777.jpg","width":1280,"height":960},{"@type":"BreadcrumbList","@id":"https:\/\/www.blogsoestado.com\/danielmatos\/quinzena-especial-queijos-e-vinhos-no-emporio-fribal-um-convite-sensorial-as-melhores-descobertas\/#breadcrumb","itemListElement":[{"@type":"ListItem","position":1,"name":"In\u00edcio","item":"https:\/\/www.blogsoestado.com\/danielmatos\/"},{"@type":"ListItem","position":2,"name":"Quinzena Especial Queijos e Vinhos no Emp\u00f3rio Fribal: Um convite sensorial \u00e0s melhores descobertas"}]},{"@type":"WebSite","@id":"https:\/\/www.blogsoestado.com\/danielmatos\/#website","url":"https:\/\/www.blogsoestado.com\/danielmatos\/","name":"Daniel Matos","description":"","potentialAction":[{"@type":"SearchAction","target":{"@type":"EntryPoint","urlTemplate":"https:\/\/www.blogsoestado.com\/danielmatos\/?s={search_term_string}"},"query-input":{"@type":"PropertyValueSpecification","valueRequired":true,"valueName":"search_term_string"}}],"inLanguage":"pt-BR"},{"@type":"Person","@id":"https:\/\/www.blogsoestado.com\/danielmatos\/#\/schema\/person\/9a209d407cd45631f131e1285b661bb0","name":"Daniel Matos","image":{"@type":"ImageObject","inLanguage":"pt-BR","@id":"https:\/\/www.blogsoestado.com\/danielmatos\/#\/schema\/person\/image\/","url":"https:\/\/secure.gravatar.com\/avatar\/2f26c36ee355da19a257f0dfef43952a2588b324ca35d6719e859fe338ac0392?s=96&d=mm&r=g","contentUrl":"https:\/\/secure.gravatar.com\/avatar\/2f26c36ee355da19a257f0dfef43952a2588b324ca35d6719e859fe338ac0392?s=96&d=mm&r=g","caption":"Daniel Matos"},"url":"https:\/\/www.blogsoestado.com\/danielmatos\/author\/danielmatos\/"}]}},"jetpack_featured_media_url":"","_links":{"self":[{"href":"https:\/\/www.blogsoestado.com\/danielmatos\/wp-json\/wp\/v2\/posts\/147353","targetHints":{"allow":["GET"]}}],"collection":[{"href":"https:\/\/www.blogsoestado.com\/danielmatos\/wp-json\/wp\/v2\/posts"}],"about":[{"href":"https:\/\/www.blogsoestado.com\/danielmatos\/wp-json\/wp\/v2\/types\/post"}],"author":[{"embeddable":true,"href":"https:\/\/www.blogsoestado.com\/danielmatos\/wp-json\/wp\/v2\/users\/2"}],"replies":[{"embeddable":true,"href":"https:\/\/www.blogsoestado.com\/danielmatos\/wp-json\/wp\/v2\/comments?post=147353"}],"version-history":[{"count":1,"href":"https:\/\/www.blogsoestado.com\/danielmatos\/wp-json\/wp\/v2\/posts\/147353\/revisions"}],"predecessor-version":[{"id":147356,"href":"https:\/\/www.blogsoestado.com\/danielmatos\/wp-json\/wp\/v2\/posts\/147353\/revisions\/147356"}],"wp:attachment":[{"href":"https:\/\/www.blogsoestado.com\/danielmatos\/wp-json\/wp\/v2\/media?parent=147353"}],"wp:term":[{"taxonomy":"category","embeddable":true,"href":"https:\/\/www.blogsoestado.com\/danielmatos\/wp-json\/wp\/v2\/categories?post=147353"},{"taxonomy":"post_tag","embeddable":true,"href":"https:\/\/www.blogsoestado.com\/danielmatos\/wp-json\/wp\/v2\/tags?post=147353"}],"curies":[{"name":"wp","href":"https:\/\/api.w.org\/{rel}","templated":true}]}}