{"id":147362,"date":"2025-08-17T23:02:21","date_gmt":"2025-08-18T02:02:21","guid":{"rendered":"https:\/\/www.blogsoestado.com\/danielmatos\/?p=147362"},"modified":"2025-08-17T23:10:58","modified_gmt":"2025-08-18T02:10:58","slug":"governo-federal-corta-mais-de-61-mil-beneficiarios-do-bolsa-familia-no-maranhao-em-tres-meses","status":"publish","type":"post","link":"https:\/\/www.blogsoestado.com\/danielmatos\/governo-federal-corta-mais-de-61-mil-beneficiarios-do-bolsa-familia-no-maranhao-em-tres-meses\/","title":{"rendered":"Governo Federal corta mais de 61 mil benefici\u00e1rios do Bolsa Fam\u00edlia no Maranh\u00e3o em tr\u00eas meses"},"content":{"rendered":"\n<figure class=\"wp-block-image aligncenter size-large\"><img fetchpriority=\"high\" decoding=\"async\" width=\"1024\" height=\"576\" src=\"https:\/\/www.blogsoestado.com\/danielmatos\/wp-content\/uploads\/sites\/2\/2025\/08\/1003340478-1024x576.jpg\" alt=\"\" class=\"wp-image-147363\" srcset=\"https:\/\/www.blogsoestado.com\/danielmatos\/wp-content\/uploads\/sites\/2\/2025\/08\/1003340478-1024x576.jpg 1024w, https:\/\/www.blogsoestado.com\/danielmatos\/wp-content\/uploads\/sites\/2\/2025\/08\/1003340478-300x169.jpg 300w, https:\/\/www.blogsoestado.com\/danielmatos\/wp-content\/uploads\/sites\/2\/2025\/08\/1003340478-768x432.jpg 768w, https:\/\/www.blogsoestado.com\/danielmatos\/wp-content\/uploads\/sites\/2\/2025\/08\/1003340478.jpg 1200w\" sizes=\"(max-width: 1024px) 100vw, 1024px\" \/><\/figure>\n\n\n\n<p>Mais de 1,1 milh\u00e3o de fam\u00edlias em todos os 217 munic\u00edpios do\u00a0Maranh\u00e3o\u00a0ser\u00e3o contempladas em agosto com o Bolsa Fam\u00edlia. Para isso, o investimento do Governo Federal no estado supera R$ 814,8 milh\u00f5es, valor que garante um benef\u00edcio m\u00e9dio de R$ 695,89. No estado, 1.171.268 receber\u00e3o o aux\u00edlio este m\u00eas, n\u00famero que indica uma redu\u00e7\u00e3o de mais de 61 mil benefici\u00e1rios do aux\u00edlio federal em tr\u00eas meses. O cronograma de pagamentos tem in\u00edcio nesta segunda-feira, 18 de agosto, e segue at\u00e9 o dia 29, de acordo com o final do N\u00famero de Identifica\u00e7\u00e3o Social \u2013 NIS (<strong>confira abaixo<\/strong>).<\/p>\n\n\n\n<p>Em maio deste ano, 1.232.895 fam\u00edlias do Maranh\u00e3o foram contempladas pelo programa, o que correspondeu a um investimento de R$ 854,27 milh\u00f5es. J\u00e1 em agosto, o n\u00famero de fam\u00edlias beneficiadas pelo Bolsa Fam\u00edlia n\u00e3o passou de 1.171.268, com R$ 814,8 milh\u00f5es destinados ao estado, resultando em uma diminui\u00e7\u00e3o de recursos de quase R$ 40 milh\u00f5es no per\u00edodo. O n\u00famero exato de aux\u00edlios exclu\u00eddos foi 61.627.<\/p>\n\n\n\n<p><strong>AUX\u00cdLIO G\u00c1S<\/strong>&nbsp;\u2013 Em agosto, o Governo Federal tamb\u00e9m paga, no mesmo calend\u00e1rio do Bolsa Fam\u00edlia, o Aux\u00edlio G\u00e1s, voltado a pessoas em situa\u00e7\u00e3o de maior vulnerabilidade social no grupo de benefici\u00e1rios. No&nbsp;Maranh\u00e3o, o adicional de R$ 108 referente ao valor integral de um botij\u00e3o de 13 quilos de g\u00e1s GLP chega a 283,3 mil fam\u00edlias, a partir de um investimento federal de R$ 30,6 milh\u00f5es.<\/p>\n\n\n\n<p><strong>PRIMEIRA INF\u00c2NCIA<\/strong>&nbsp;&#8211; No pacote de benef\u00edcios inclu\u00eddos na retomada do programa desde 2023, 522,6 mil crian\u00e7as de zero a seis anos recebem o Benef\u00edcio Primeira Inf\u00e2ncia no&nbsp;Maranh\u00e3o&nbsp;neste m\u00eas. Isso significa um adicional de R$ 150 destinado a cada integrante dessa faixa et\u00e1ria na composi\u00e7\u00e3o familiar. O investimento para assegurar o repasse a esse p\u00fablico no estado \u00e9 de R$ 75,5 milh\u00f5es.<\/p>\n\n\n\n<p><strong>COMPLEMENTARES<\/strong>&nbsp;&#8211; O Bolsa Fam\u00edlia tamb\u00e9m prev\u00ea outros benef\u00edcios complementares, no valor adicional de R$ 50, que chegam a 943,1 mil crian\u00e7as e adolescentes de sete a 18 anos, al\u00e9m de beneficiar 42,6 mil gestantes e 20,3 mil nutrizes no estado. Para esses pagamentos, o investimento federal supera R$ 47,6 milh\u00f5es.<\/p>\n\n\n\n<p><strong>PRIORIT\u00c1RIO<\/strong>&nbsp;&#8211; Em agosto, o Bolsa Fam\u00edlia alcan\u00e7a no&nbsp;Maranh\u00e3o, em seu grupo priorit\u00e1rio, 2.667 fam\u00edlias em situa\u00e7\u00e3o de rua, 10.058 fam\u00edlias ind\u00edgenas, 77.471 fam\u00edlias quilombolas, 270 fam\u00edlias com crian\u00e7as em situa\u00e7\u00e3o de trabalho infantil, 4.948 fam\u00edlias com pessoas resgatadas de trabalho an\u00e1logo ao escravo e 2.794 fam\u00edlias de catadores de material recicl\u00e1vel.<\/p>\n\n\n\n<p><strong>POR MUNIC\u00cdPIO<\/strong>&nbsp;&#8211; A capital maranhense \u00e9 o munic\u00edpio com maior n\u00famero de benefici\u00e1rios no estado. S\u00e3o Lu\u00eds tem, em agosto, 120.738 fam\u00edlias atendidas. Na sequ\u00eancia das cidades com maior n\u00famero contemplados no&nbsp;Maranh\u00e3o&nbsp;est\u00e3o Imperatriz (28.595), Timon (25.910), S\u00e3o Jos\u00e9 de Ribamar (25.864) e Chapadinha (22.262).<\/p>\n\n\n\n<p><strong><mark style=\"color:#cf2e2e\" class=\"has-inline-color\">Saiba mais <a href=\"https:\/\/www.gov.br\/secom\/pt-br\/assuntos\/noticias-regionalizadas\/novo-bolsa-familia\/ago-2025\/mais-de-1-1-milhao-de-familias-no-maranhao-recebem-o-bolsa-familia-a-partir-desta-segunda-feira-18-8\">aqui<\/a><\/mark><\/strong> <strong><mark style=\"color:#cf2e2e\" class=\"has-inline-color\">e <a href=\"https:\/\/www.gov.br\/secom\/pt-br\/assuntos\/noticias-regionalizadas\/novo-bolsa-familia\/mai.25\/mais-de-1-23-milhao-de-familias-do-maranhao-recebem-o-bolsa-familia-a-partir-desta-segunda-19\">aqui<\/a>.<\/mark><\/strong><\/p>\n","protected":false},"excerpt":{"rendered":"<p>Mais de 1,1 milh\u00e3o de fam\u00edlias em todos os 217 munic\u00edpios do\u00a0Maranh\u00e3o\u00a0ser\u00e3o contempladas em agosto com o Bolsa Fam\u00edlia. Para [&hellip;]<\/p>\n","protected":false},"author":2,"featured_media":0,"comment_status":"open","ping_status":"open","sticky":false,"template":"","format":"standard","meta":{"site-sidebar-layout":"default","site-content-layout":"","ast-site-content-layout":"default","site-content-style":"default","site-sidebar-style":"default","ast-global-header-display":"","ast-banner-title-visibility":"","ast-main-header-display":"","ast-hfb-above-header-display":"","ast-hfb-below-header-display":"","ast-hfb-mobile-header-display":"","site-post-title":"","ast-breadcrumbs-content":"","ast-featured-img":"","footer-sml-layout":"","ast-disable-related-posts":"","theme-transparent-header-meta":"","adv-header-id-meta":"","stick-header-meta":"","header-above-stick-meta":"","header-main-stick-meta":"","header-below-stick-meta":"","astra-migrate-meta-layouts":"default","ast-page-background-enabled":"default","ast-page-background-meta":{"desktop":{"background-color":"var(--ast-global-color-5)","background-image":"","background-repeat":"repeat","background-position":"center center","background-size":"auto","background-attachment":"scroll","background-type":"","background-media":"","overlay-type":"","overlay-color":"","overlay-opacity":"","overlay-gradient":""},"tablet":{"background-color":"","background-image":"","background-repeat":"repeat","background-position":"center center","background-size":"auto","background-attachment":"scroll","background-type":"","background-media":"","overlay-type":"","overlay-color":"","overlay-opacity":"","overlay-gradient":""},"mobile":{"background-color":"","background-image":"","background-repeat":"repeat","background-position":"center center","background-size":"auto","background-attachment":"scroll","background-type":"","background-media":"","overlay-type":"","overlay-color":"","overlay-opacity":"","overlay-gradient":""}},"ast-content-background-meta":{"desktop":{"background-color":"var(--ast-global-color-4)","background-image":"","background-repeat":"repeat","background-position":"center center","background-size":"auto","background-attachment":"scroll","background-type":"","background-media":"","overlay-type":"","overlay-color":"","overlay-opacity":"","overlay-gradient":""},"tablet":{"background-color":"var(--ast-global-color-4)","background-image":"","background-repeat":"repeat","background-position":"center center","background-size":"auto","background-attachment":"scroll","background-type":"","background-media":"","overlay-type":"","overlay-color":"","overlay-opacity":"","overlay-gradient":""},"mobile":{"background-color":"var(--ast-global-color-4)","background-image":"","background-repeat":"repeat","background-position":"center center","background-size":"auto","background-attachment":"scroll","background-type":"","background-media":"","overlay-type":"","overlay-color":"","overlay-opacity":"","overlay-gradient":""}},"footnotes":""},"categories":[1],"tags":[],"class_list":["post-147362","post","type-post","status-publish","format-standard","hentry","category-sem-categoria"],"yoast_head":"<!-- This site is optimized with the Yoast SEO plugin v26.6 - https:\/\/yoast.com\/wordpress\/plugins\/seo\/ -->\n<title>Governo Federal corta mais de 61 mil benefici\u00e1rios do Bolsa Fam\u00edlia no Maranh\u00e3o em tr\u00eas meses - Daniel Matos<\/title>\n<meta name=\"robots\" content=\"index, follow, max-snippet:-1, max-image-preview:large, max-video-preview:-1\" \/>\n<link rel=\"canonical\" href=\"https:\/\/www.blogsoestado.com\/danielmatos\/governo-federal-corta-mais-de-61-mil-beneficiarios-do-bolsa-familia-no-maranhao-em-tres-meses\/\" \/>\n<meta property=\"og:locale\" content=\"pt_BR\" \/>\n<meta property=\"og:type\" content=\"article\" \/>\n<meta property=\"og:title\" content=\"Governo Federal corta mais de 61 mil benefici\u00e1rios do Bolsa Fam\u00edlia no Maranh\u00e3o em tr\u00eas meses - Daniel Matos\" \/>\n<meta property=\"og:description\" content=\"Mais de 1,1 milh\u00e3o de fam\u00edlias em todos os 217 munic\u00edpios do\u00a0Maranh\u00e3o\u00a0ser\u00e3o contempladas em agosto com o Bolsa Fam\u00edlia. Para [&hellip;]\" \/>\n<meta property=\"og:url\" content=\"https:\/\/www.blogsoestado.com\/danielmatos\/governo-federal-corta-mais-de-61-mil-beneficiarios-do-bolsa-familia-no-maranhao-em-tres-meses\/\" \/>\n<meta property=\"og:site_name\" content=\"Daniel Matos\" \/>\n<meta property=\"article:published_time\" content=\"2025-08-18T02:02:21+00:00\" \/>\n<meta property=\"article:modified_time\" content=\"2025-08-18T02:10:58+00:00\" \/>\n<meta property=\"og:image\" content=\"https:\/\/www.blogsoestado.com\/danielmatos\/wp-content\/uploads\/sites\/2\/2025\/08\/1003340478.jpg\" \/>\n\t<meta property=\"og:image:width\" content=\"1200\" \/>\n\t<meta property=\"og:image:height\" content=\"675\" \/>\n\t<meta property=\"og:image:type\" content=\"image\/jpeg\" \/>\n<meta name=\"author\" content=\"Daniel Matos\" \/>\n<meta name=\"twitter:card\" content=\"summary_large_image\" \/>\n<meta name=\"twitter:label1\" content=\"Escrito por\" \/>\n\t<meta name=\"twitter:data1\" content=\"Daniel Matos\" \/>\n\t<meta name=\"twitter:label2\" content=\"Est. tempo de leitura\" \/>\n\t<meta name=\"twitter:data2\" content=\"3 minutos\" \/>\n<script type=\"application\/ld+json\" class=\"yoast-schema-graph\">{\"@context\":\"https:\/\/schema.org\",\"@graph\":[{\"@type\":\"WebPage\",\"@id\":\"https:\/\/www.blogsoestado.com\/danielmatos\/governo-federal-corta-mais-de-61-mil-beneficiarios-do-bolsa-familia-no-maranhao-em-tres-meses\/\",\"url\":\"https:\/\/www.blogsoestado.com\/danielmatos\/governo-federal-corta-mais-de-61-mil-beneficiarios-do-bolsa-familia-no-maranhao-em-tres-meses\/\",\"name\":\"Governo Federal corta mais de 61 mil benefici\u00e1rios do Bolsa Fam\u00edlia no Maranh\u00e3o em tr\u00eas meses - Daniel Matos\",\"isPartOf\":{\"@id\":\"https:\/\/www.blogsoestado.com\/danielmatos\/#website\"},\"primaryImageOfPage\":{\"@id\":\"https:\/\/www.blogsoestado.com\/danielmatos\/governo-federal-corta-mais-de-61-mil-beneficiarios-do-bolsa-familia-no-maranhao-em-tres-meses\/#primaryimage\"},\"image\":{\"@id\":\"https:\/\/www.blogsoestado.com\/danielmatos\/governo-federal-corta-mais-de-61-mil-beneficiarios-do-bolsa-familia-no-maranhao-em-tres-meses\/#primaryimage\"},\"thumbnailUrl\":\"https:\/\/www.blogsoestado.com\/danielmatos\/wp-content\/uploads\/sites\/2\/2025\/08\/1003340478-1024x576.jpg\",\"datePublished\":\"2025-08-18T02:02:21+00:00\",\"dateModified\":\"2025-08-18T02:10:58+00:00\",\"author\":{\"@id\":\"https:\/\/www.blogsoestado.com\/danielmatos\/#\/schema\/person\/9a209d407cd45631f131e1285b661bb0\"},\"breadcrumb\":{\"@id\":\"https:\/\/www.blogsoestado.com\/danielmatos\/governo-federal-corta-mais-de-61-mil-beneficiarios-do-bolsa-familia-no-maranhao-em-tres-meses\/#breadcrumb\"},\"inLanguage\":\"pt-BR\",\"potentialAction\":[{\"@type\":\"ReadAction\",\"target\":[\"https:\/\/www.blogsoestado.com\/danielmatos\/governo-federal-corta-mais-de-61-mil-beneficiarios-do-bolsa-familia-no-maranhao-em-tres-meses\/\"]}]},{\"@type\":\"ImageObject\",\"inLanguage\":\"pt-BR\",\"@id\":\"https:\/\/www.blogsoestado.com\/danielmatos\/governo-federal-corta-mais-de-61-mil-beneficiarios-do-bolsa-familia-no-maranhao-em-tres-meses\/#primaryimage\",\"url\":\"https:\/\/www.blogsoestado.com\/danielmatos\/wp-content\/uploads\/sites\/2\/2025\/08\/1003340478.jpg\",\"contentUrl\":\"https:\/\/www.blogsoestado.com\/danielmatos\/wp-content\/uploads\/sites\/2\/2025\/08\/1003340478.jpg\",\"width\":1200,\"height\":675},{\"@type\":\"BreadcrumbList\",\"@id\":\"https:\/\/www.blogsoestado.com\/danielmatos\/governo-federal-corta-mais-de-61-mil-beneficiarios-do-bolsa-familia-no-maranhao-em-tres-meses\/#breadcrumb\",\"itemListElement\":[{\"@type\":\"ListItem\",\"position\":1,\"name\":\"In\u00edcio\",\"item\":\"https:\/\/www.blogsoestado.com\/danielmatos\/\"},{\"@type\":\"ListItem\",\"position\":2,\"name\":\"Governo Federal corta mais de 61 mil benefici\u00e1rios do Bolsa Fam\u00edlia no Maranh\u00e3o em tr\u00eas meses\"}]},{\"@type\":\"WebSite\",\"@id\":\"https:\/\/www.blogsoestado.com\/danielmatos\/#website\",\"url\":\"https:\/\/www.blogsoestado.com\/danielmatos\/\",\"name\":\"Daniel Matos\",\"description\":\"\",\"potentialAction\":[{\"@type\":\"SearchAction\",\"target\":{\"@type\":\"EntryPoint\",\"urlTemplate\":\"https:\/\/www.blogsoestado.com\/danielmatos\/?s={search_term_string}\"},\"query-input\":{\"@type\":\"PropertyValueSpecification\",\"valueRequired\":true,\"valueName\":\"search_term_string\"}}],\"inLanguage\":\"pt-BR\"},{\"@type\":\"Person\",\"@id\":\"https:\/\/www.blogsoestado.com\/danielmatos\/#\/schema\/person\/9a209d407cd45631f131e1285b661bb0\",\"name\":\"Daniel Matos\",\"image\":{\"@type\":\"ImageObject\",\"inLanguage\":\"pt-BR\",\"@id\":\"https:\/\/www.blogsoestado.com\/danielmatos\/#\/schema\/person\/image\/\",\"url\":\"https:\/\/secure.gravatar.com\/avatar\/2f26c36ee355da19a257f0dfef43952a2588b324ca35d6719e859fe338ac0392?s=96&d=mm&r=g\",\"contentUrl\":\"https:\/\/secure.gravatar.com\/avatar\/2f26c36ee355da19a257f0dfef43952a2588b324ca35d6719e859fe338ac0392?s=96&d=mm&r=g\",\"caption\":\"Daniel Matos\"},\"url\":\"https:\/\/www.blogsoestado.com\/danielmatos\/author\/danielmatos\/\"}]}<\/script>\n<!-- \/ Yoast SEO plugin. -->","yoast_head_json":{"title":"Governo Federal corta mais de 61 mil benefici\u00e1rios do Bolsa Fam\u00edlia no Maranh\u00e3o em tr\u00eas meses - Daniel Matos","robots":{"index":"index","follow":"follow","max-snippet":"max-snippet:-1","max-image-preview":"max-image-preview:large","max-video-preview":"max-video-preview:-1"},"canonical":"https:\/\/www.blogsoestado.com\/danielmatos\/governo-federal-corta-mais-de-61-mil-beneficiarios-do-bolsa-familia-no-maranhao-em-tres-meses\/","og_locale":"pt_BR","og_type":"article","og_title":"Governo Federal corta mais de 61 mil benefici\u00e1rios do Bolsa Fam\u00edlia no Maranh\u00e3o em tr\u00eas meses - Daniel Matos","og_description":"Mais de 1,1 milh\u00e3o de fam\u00edlias em todos os 217 munic\u00edpios do\u00a0Maranh\u00e3o\u00a0ser\u00e3o contempladas em agosto com o Bolsa Fam\u00edlia. Para [&hellip;]","og_url":"https:\/\/www.blogsoestado.com\/danielmatos\/governo-federal-corta-mais-de-61-mil-beneficiarios-do-bolsa-familia-no-maranhao-em-tres-meses\/","og_site_name":"Daniel Matos","article_published_time":"2025-08-18T02:02:21+00:00","article_modified_time":"2025-08-18T02:10:58+00:00","og_image":[{"width":1200,"height":675,"url":"https:\/\/www.blogsoestado.com\/danielmatos\/wp-content\/uploads\/sites\/2\/2025\/08\/1003340478.jpg","type":"image\/jpeg"}],"author":"Daniel Matos","twitter_card":"summary_large_image","twitter_misc":{"Escrito por":"Daniel Matos","Est. tempo de leitura":"3 minutos"},"schema":{"@context":"https:\/\/schema.org","@graph":[{"@type":"WebPage","@id":"https:\/\/www.blogsoestado.com\/danielmatos\/governo-federal-corta-mais-de-61-mil-beneficiarios-do-bolsa-familia-no-maranhao-em-tres-meses\/","url":"https:\/\/www.blogsoestado.com\/danielmatos\/governo-federal-corta-mais-de-61-mil-beneficiarios-do-bolsa-familia-no-maranhao-em-tres-meses\/","name":"Governo Federal corta mais de 61 mil benefici\u00e1rios do Bolsa Fam\u00edlia no Maranh\u00e3o em tr\u00eas meses - Daniel Matos","isPartOf":{"@id":"https:\/\/www.blogsoestado.com\/danielmatos\/#website"},"primaryImageOfPage":{"@id":"https:\/\/www.blogsoestado.com\/danielmatos\/governo-federal-corta-mais-de-61-mil-beneficiarios-do-bolsa-familia-no-maranhao-em-tres-meses\/#primaryimage"},"image":{"@id":"https:\/\/www.blogsoestado.com\/danielmatos\/governo-federal-corta-mais-de-61-mil-beneficiarios-do-bolsa-familia-no-maranhao-em-tres-meses\/#primaryimage"},"thumbnailUrl":"https:\/\/www.blogsoestado.com\/danielmatos\/wp-content\/uploads\/sites\/2\/2025\/08\/1003340478-1024x576.jpg","datePublished":"2025-08-18T02:02:21+00:00","dateModified":"2025-08-18T02:10:58+00:00","author":{"@id":"https:\/\/www.blogsoestado.com\/danielmatos\/#\/schema\/person\/9a209d407cd45631f131e1285b661bb0"},"breadcrumb":{"@id":"https:\/\/www.blogsoestado.com\/danielmatos\/governo-federal-corta-mais-de-61-mil-beneficiarios-do-bolsa-familia-no-maranhao-em-tres-meses\/#breadcrumb"},"inLanguage":"pt-BR","potentialAction":[{"@type":"ReadAction","target":["https:\/\/www.blogsoestado.com\/danielmatos\/governo-federal-corta-mais-de-61-mil-beneficiarios-do-bolsa-familia-no-maranhao-em-tres-meses\/"]}]},{"@type":"ImageObject","inLanguage":"pt-BR","@id":"https:\/\/www.blogsoestado.com\/danielmatos\/governo-federal-corta-mais-de-61-mil-beneficiarios-do-bolsa-familia-no-maranhao-em-tres-meses\/#primaryimage","url":"https:\/\/www.blogsoestado.com\/danielmatos\/wp-content\/uploads\/sites\/2\/2025\/08\/1003340478.jpg","contentUrl":"https:\/\/www.blogsoestado.com\/danielmatos\/wp-content\/uploads\/sites\/2\/2025\/08\/1003340478.jpg","width":1200,"height":675},{"@type":"BreadcrumbList","@id":"https:\/\/www.blogsoestado.com\/danielmatos\/governo-federal-corta-mais-de-61-mil-beneficiarios-do-bolsa-familia-no-maranhao-em-tres-meses\/#breadcrumb","itemListElement":[{"@type":"ListItem","position":1,"name":"In\u00edcio","item":"https:\/\/www.blogsoestado.com\/danielmatos\/"},{"@type":"ListItem","position":2,"name":"Governo Federal corta mais de 61 mil benefici\u00e1rios do Bolsa Fam\u00edlia no Maranh\u00e3o em tr\u00eas meses"}]},{"@type":"WebSite","@id":"https:\/\/www.blogsoestado.com\/danielmatos\/#website","url":"https:\/\/www.blogsoestado.com\/danielmatos\/","name":"Daniel Matos","description":"","potentialAction":[{"@type":"SearchAction","target":{"@type":"EntryPoint","urlTemplate":"https:\/\/www.blogsoestado.com\/danielmatos\/?s={search_term_string}"},"query-input":{"@type":"PropertyValueSpecification","valueRequired":true,"valueName":"search_term_string"}}],"inLanguage":"pt-BR"},{"@type":"Person","@id":"https:\/\/www.blogsoestado.com\/danielmatos\/#\/schema\/person\/9a209d407cd45631f131e1285b661bb0","name":"Daniel Matos","image":{"@type":"ImageObject","inLanguage":"pt-BR","@id":"https:\/\/www.blogsoestado.com\/danielmatos\/#\/schema\/person\/image\/","url":"https:\/\/secure.gravatar.com\/avatar\/2f26c36ee355da19a257f0dfef43952a2588b324ca35d6719e859fe338ac0392?s=96&d=mm&r=g","contentUrl":"https:\/\/secure.gravatar.com\/avatar\/2f26c36ee355da19a257f0dfef43952a2588b324ca35d6719e859fe338ac0392?s=96&d=mm&r=g","caption":"Daniel Matos"},"url":"https:\/\/www.blogsoestado.com\/danielmatos\/author\/danielmatos\/"}]}},"jetpack_featured_media_url":"","_links":{"self":[{"href":"https:\/\/www.blogsoestado.com\/danielmatos\/wp-json\/wp\/v2\/posts\/147362","targetHints":{"allow":["GET"]}}],"collection":[{"href":"https:\/\/www.blogsoestado.com\/danielmatos\/wp-json\/wp\/v2\/posts"}],"about":[{"href":"https:\/\/www.blogsoestado.com\/danielmatos\/wp-json\/wp\/v2\/types\/post"}],"author":[{"embeddable":true,"href":"https:\/\/www.blogsoestado.com\/danielmatos\/wp-json\/wp\/v2\/users\/2"}],"replies":[{"embeddable":true,"href":"https:\/\/www.blogsoestado.com\/danielmatos\/wp-json\/wp\/v2\/comments?post=147362"}],"version-history":[{"count":2,"href":"https:\/\/www.blogsoestado.com\/danielmatos\/wp-json\/wp\/v2\/posts\/147362\/revisions"}],"predecessor-version":[{"id":147365,"href":"https:\/\/www.blogsoestado.com\/danielmatos\/wp-json\/wp\/v2\/posts\/147362\/revisions\/147365"}],"wp:attachment":[{"href":"https:\/\/www.blogsoestado.com\/danielmatos\/wp-json\/wp\/v2\/media?parent=147362"}],"wp:term":[{"taxonomy":"category","embeddable":true,"href":"https:\/\/www.blogsoestado.com\/danielmatos\/wp-json\/wp\/v2\/categories?post=147362"},{"taxonomy":"post_tag","embeddable":true,"href":"https:\/\/www.blogsoestado.com\/danielmatos\/wp-json\/wp\/v2\/tags?post=147362"}],"curies":[{"name":"wp","href":"https:\/\/api.w.org\/{rel}","templated":true}]}}