{"id":147428,"date":"2025-08-19T23:06:23","date_gmt":"2025-08-20T02:06:23","guid":{"rendered":"https:\/\/www.blogsoestado.com\/danielmatos\/?p=147428"},"modified":"2025-08-19T23:06:26","modified_gmt":"2025-08-20T02:06:26","slug":"maranhao-na-telinha-faz-homenagem-a-turma-da-monica","status":"publish","type":"post","link":"https:\/\/www.blogsoestado.com\/danielmatos\/maranhao-na-telinha-faz-homenagem-a-turma-da-monica\/","title":{"rendered":"Maranh\u00e3o na Telinha faz homenagem \u00e0 Turma da M\u00f4nica"},"content":{"rendered":"\n<p><strong><mark style=\"color:#cf2e2e\" class=\"has-inline-color\">Mostra tamb\u00e9m promover\u00e1 ciclo de debates sobre anima\u00e7\u00e3o e uma oficina de stop motion<\/mark><\/strong><\/p>\n\n\n\n<figure class=\"wp-block-image aligncenter size-large\"><img fetchpriority=\"high\" decoding=\"async\" width=\"723\" height=\"1024\" src=\"https:\/\/www.blogsoestado.com\/danielmatos\/wp-content\/uploads\/sites\/2\/2025\/08\/1003366786-723x1024.png\" alt=\"\" class=\"wp-image-147429\" srcset=\"https:\/\/www.blogsoestado.com\/danielmatos\/wp-content\/uploads\/sites\/2\/2025\/08\/1003366786-723x1024.png 723w, https:\/\/www.blogsoestado.com\/danielmatos\/wp-content\/uploads\/sites\/2\/2025\/08\/1003366786-212x300.png 212w, https:\/\/www.blogsoestado.com\/danielmatos\/wp-content\/uploads\/sites\/2\/2025\/08\/1003366786-768x1087.png 768w, https:\/\/www.blogsoestado.com\/danielmatos\/wp-content\/uploads\/sites\/2\/2025\/08\/1003366786.png 1080w\" sizes=\"(max-width: 723px) 100vw, 723px\" \/><\/figure>\n\n\n\n<p>A edi\u00e7\u00e3o 2025 do Maranh\u00e3o na Telinha acontecer\u00e1 de 18 a 20 e de 25 a 28 de agosto no Cinema SESC Deodoro e contar\u00e1 com a exibi\u00e7\u00e3o de mais de uma centena de curtas-metragens de anima\u00e7\u00e3o de todo o Mundo, al\u00e9m de uma grande homenagem \u00e0 Turma da M\u00f4nica. Ser\u00e3o exibidos os filmes Turma da M\u00f4nica: La\u00e7os e Turma da M\u00f4nica: Li\u00e7\u00f5es, ambos dirigidos por Daniel Rezende, e Chico Bento e a Goiabeira Maravi\u00f3sa, com presen\u00e7a confirmada do diretor Fernando Fraiha, que vem para um bate-papo com o p\u00fablico, no \u00faltimo dia da mostra.<\/p>\n\n\n\n<p>Al\u00e9m das exibi\u00e7\u00f5es dos filmes, haver\u00e1 um ciclo de debates sobre anima\u00e7\u00e3o, que acontecer\u00e1 no IFMA (Instituto Federal de Educa\u00e7\u00e3o, Ci\u00eancia e Tecnologia do Maranh\u00e3o) do Centro Hist\u00f3rico, abordando temas como t\u00e9cnicas e processos de anima\u00e7\u00e3o, anima\u00e7\u00e3o como ferramenta pedag\u00f3gica, dentre outros.<\/p>\n\n\n\n<p>O Maranh\u00e3o na Telinha tamb\u00e9m oferecer\u00e1 uma oficina de stop motion nos dias 26,27 e 28 de agosto, na qual ser\u00e1 desenvolvido um curta-metragem coletivo em stop motion, t\u00e9cnica de anima\u00e7\u00e3o que utiliza fotografia sequencial para criar movimento. O curta-metragem ser\u00e1 editado e sonorizado ao final da oficina.<\/p>\n\n\n\n<figure class=\"wp-block-image aligncenter size-large\"><img decoding=\"async\" width=\"1024\" height=\"680\" src=\"https:\/\/www.blogsoestado.com\/danielmatos\/wp-content\/uploads\/sites\/2\/2025\/08\/1003366802-1024x680.png\" alt=\"\" class=\"wp-image-147430\" srcset=\"https:\/\/www.blogsoestado.com\/danielmatos\/wp-content\/uploads\/sites\/2\/2025\/08\/1003366802-1024x680.png 1024w, https:\/\/www.blogsoestado.com\/danielmatos\/wp-content\/uploads\/sites\/2\/2025\/08\/1003366802-300x199.png 300w, https:\/\/www.blogsoestado.com\/danielmatos\/wp-content\/uploads\/sites\/2\/2025\/08\/1003366802-768x510.png 768w, https:\/\/www.blogsoestado.com\/danielmatos\/wp-content\/uploads\/sites\/2\/2025\/08\/1003366802.png 1080w\" sizes=\"(max-width: 1024px) 100vw, 1024px\" \/><\/figure>\n\n\n\n<p>O Maranh\u00e3o na Telinha \u00e9 uma produ\u00e7\u00e3o da Mil Ciclos Filmes, com coprodu\u00e7\u00e3o da Catirina Filmes, e conta com patroc\u00ednio do Minist\u00e9rio da Cultura e da Secretaria de Estado da Cultura\/ SECMA, por meio da Lei Paulo Gustavo e da Pol\u00edtica Nacional Aldir Blanc\/ PNAB.<\/p>\n\n\n\n<p><strong>PROGRAMA\u00c7\u00c3O DEBATES MARANH\u00c3O NA TELINHA<\/strong><\/p>\n\n\n\n<p>LOCAL: AUDIT\u00d3RIO DO IFMA CENTRO HIST\u00d3RICO<br>END.: Rua Afonso Pena, 174 &#8211; Centro<\/p>\n\n\n\n<p>Dia 25.08 \u2013 Segunda &#8211; Feira<\/p>\n\n\n\n<p>14h MESA DE ABERTURA \u2013 ANIMA\u00c7\u00c3O COMO FERRAMENTA PEDAG\u00d3GICA<br>Debate com Alexandre Juruena, Ana Patr\u00edcia Choairy e alunos do curso de licenciatura de Artes Visuais do IFMA<br>15H30 ANIMA\u00c7\u00c3O IMERSIVA: A T\u00c9CNICA DA ANIMA\u00c7\u00c3O NA REALIDADE AUMENTADA<br>Debate com R\u00e9gis Costa de Oliveira, Josh Baconi, Nuninho Neto<\/p>\n\n\n\n<p>Dia 26.08 \u2013 Ter\u00e7a-Feira<\/p>\n\n\n\n<p>14h DO PAPEL \u00c0 TELA: PROCESSOS DA ANIMA\u00c7\u00c3O 2D<br>Nadia Nic\u00e1cio, Beto Nic\u00e1cio, Iramir Alves Ara\u00fajo<br>15H30 ENTRE O FRAME E O DESIGN: CAMINHOS DO MOTION<br>Debate com Gui Cerveira, Amanda Belo, Max Pavianni<\/p>\n","protected":false},"excerpt":{"rendered":"<p>Mostra tamb\u00e9m promover\u00e1 ciclo de debates sobre anima\u00e7\u00e3o e uma oficina de stop motion A edi\u00e7\u00e3o 2025 do Maranh\u00e3o na [&hellip;]<\/p>\n","protected":false},"author":2,"featured_media":0,"comment_status":"open","ping_status":"open","sticky":false,"template":"","format":"standard","meta":{"site-sidebar-layout":"default","site-content-layout":"","ast-site-content-layout":"default","site-content-style":"default","site-sidebar-style":"default","ast-global-header-display":"","ast-banner-title-visibility":"","ast-main-header-display":"","ast-hfb-above-header-display":"","ast-hfb-below-header-display":"","ast-hfb-mobile-header-display":"","site-post-title":"","ast-breadcrumbs-content":"","ast-featured-img":"","footer-sml-layout":"","ast-disable-related-posts":"","theme-transparent-header-meta":"","adv-header-id-meta":"","stick-header-meta":"","header-above-stick-meta":"","header-main-stick-meta":"","header-below-stick-meta":"","astra-migrate-meta-layouts":"default","ast-page-background-enabled":"default","ast-page-background-meta":{"desktop":{"background-color":"var(--ast-global-color-5)","background-image":"","background-repeat":"repeat","background-position":"center center","background-size":"auto","background-attachment":"scroll","background-type":"","background-media":"","overlay-type":"","overlay-color":"","overlay-opacity":"","overlay-gradient":""},"tablet":{"background-color":"","background-image":"","background-repeat":"repeat","background-position":"center center","background-size":"auto","background-attachment":"scroll","background-type":"","background-media":"","overlay-type":"","overlay-color":"","overlay-opacity":"","overlay-gradient":""},"mobile":{"background-color":"","background-image":"","background-repeat":"repeat","background-position":"center center","background-size":"auto","background-attachment":"scroll","background-type":"","background-media":"","overlay-type":"","overlay-color":"","overlay-opacity":"","overlay-gradient":""}},"ast-content-background-meta":{"desktop":{"background-color":"var(--ast-global-color-4)","background-image":"","background-repeat":"repeat","background-position":"center center","background-size":"auto","background-attachment":"scroll","background-type":"","background-media":"","overlay-type":"","overlay-color":"","overlay-opacity":"","overlay-gradient":""},"tablet":{"background-color":"var(--ast-global-color-4)","background-image":"","background-repeat":"repeat","background-position":"center center","background-size":"auto","background-attachment":"scroll","background-type":"","background-media":"","overlay-type":"","overlay-color":"","overlay-opacity":"","overlay-gradient":""},"mobile":{"background-color":"var(--ast-global-color-4)","background-image":"","background-repeat":"repeat","background-position":"center center","background-size":"auto","background-attachment":"scroll","background-type":"","background-media":"","overlay-type":"","overlay-color":"","overlay-opacity":"","overlay-gradient":""}},"footnotes":""},"categories":[1],"tags":[],"class_list":["post-147428","post","type-post","status-publish","format-standard","hentry","category-sem-categoria"],"yoast_head":"<!-- This site is optimized with the Yoast SEO plugin v26.6 - https:\/\/yoast.com\/wordpress\/plugins\/seo\/ -->\n<title>Maranh\u00e3o na Telinha faz homenagem \u00e0 Turma da M\u00f4nica - Daniel Matos<\/title>\n<meta name=\"robots\" content=\"index, follow, max-snippet:-1, max-image-preview:large, max-video-preview:-1\" \/>\n<link rel=\"canonical\" href=\"https:\/\/www.blogsoestado.com\/danielmatos\/maranhao-na-telinha-faz-homenagem-a-turma-da-monica\/\" \/>\n<meta property=\"og:locale\" content=\"pt_BR\" \/>\n<meta property=\"og:type\" content=\"article\" \/>\n<meta property=\"og:title\" content=\"Maranh\u00e3o na Telinha faz homenagem \u00e0 Turma da M\u00f4nica - Daniel Matos\" \/>\n<meta property=\"og:description\" content=\"Mostra tamb\u00e9m promover\u00e1 ciclo de debates sobre anima\u00e7\u00e3o e uma oficina de stop motion A edi\u00e7\u00e3o 2025 do Maranh\u00e3o na [&hellip;]\" \/>\n<meta property=\"og:url\" content=\"https:\/\/www.blogsoestado.com\/danielmatos\/maranhao-na-telinha-faz-homenagem-a-turma-da-monica\/\" \/>\n<meta property=\"og:site_name\" content=\"Daniel Matos\" \/>\n<meta property=\"article:published_time\" content=\"2025-08-20T02:06:23+00:00\" \/>\n<meta property=\"article:modified_time\" content=\"2025-08-20T02:06:26+00:00\" \/>\n<meta property=\"og:image\" content=\"https:\/\/www.blogsoestado.com\/danielmatos\/wp-content\/uploads\/sites\/2\/2025\/08\/1003366786-723x1024.png\" \/>\n\t<meta property=\"og:image:width\" content=\"723\" \/>\n\t<meta property=\"og:image:height\" content=\"1024\" \/>\n\t<meta property=\"og:image:type\" content=\"image\/png\" \/>\n<meta name=\"author\" content=\"Daniel Matos\" \/>\n<meta name=\"twitter:card\" content=\"summary_large_image\" \/>\n<meta name=\"twitter:label1\" content=\"Escrito por\" \/>\n\t<meta name=\"twitter:data1\" content=\"Daniel Matos\" \/>\n\t<meta name=\"twitter:label2\" content=\"Est. tempo de leitura\" \/>\n\t<meta name=\"twitter:data2\" content=\"3 minutos\" \/>\n<script type=\"application\/ld+json\" class=\"yoast-schema-graph\">{\"@context\":\"https:\/\/schema.org\",\"@graph\":[{\"@type\":\"WebPage\",\"@id\":\"https:\/\/www.blogsoestado.com\/danielmatos\/maranhao-na-telinha-faz-homenagem-a-turma-da-monica\/\",\"url\":\"https:\/\/www.blogsoestado.com\/danielmatos\/maranhao-na-telinha-faz-homenagem-a-turma-da-monica\/\",\"name\":\"Maranh\u00e3o na Telinha faz homenagem \u00e0 Turma da M\u00f4nica - Daniel Matos\",\"isPartOf\":{\"@id\":\"https:\/\/www.blogsoestado.com\/danielmatos\/#website\"},\"primaryImageOfPage\":{\"@id\":\"https:\/\/www.blogsoestado.com\/danielmatos\/maranhao-na-telinha-faz-homenagem-a-turma-da-monica\/#primaryimage\"},\"image\":{\"@id\":\"https:\/\/www.blogsoestado.com\/danielmatos\/maranhao-na-telinha-faz-homenagem-a-turma-da-monica\/#primaryimage\"},\"thumbnailUrl\":\"https:\/\/www.blogsoestado.com\/danielmatos\/wp-content\/uploads\/sites\/2\/2025\/08\/1003366786-723x1024.png\",\"datePublished\":\"2025-08-20T02:06:23+00:00\",\"dateModified\":\"2025-08-20T02:06:26+00:00\",\"author\":{\"@id\":\"https:\/\/www.blogsoestado.com\/danielmatos\/#\/schema\/person\/9a209d407cd45631f131e1285b661bb0\"},\"breadcrumb\":{\"@id\":\"https:\/\/www.blogsoestado.com\/danielmatos\/maranhao-na-telinha-faz-homenagem-a-turma-da-monica\/#breadcrumb\"},\"inLanguage\":\"pt-BR\",\"potentialAction\":[{\"@type\":\"ReadAction\",\"target\":[\"https:\/\/www.blogsoestado.com\/danielmatos\/maranhao-na-telinha-faz-homenagem-a-turma-da-monica\/\"]}]},{\"@type\":\"ImageObject\",\"inLanguage\":\"pt-BR\",\"@id\":\"https:\/\/www.blogsoestado.com\/danielmatos\/maranhao-na-telinha-faz-homenagem-a-turma-da-monica\/#primaryimage\",\"url\":\"https:\/\/www.blogsoestado.com\/danielmatos\/wp-content\/uploads\/sites\/2\/2025\/08\/1003366786.png\",\"contentUrl\":\"https:\/\/www.blogsoestado.com\/danielmatos\/wp-content\/uploads\/sites\/2\/2025\/08\/1003366786.png\",\"width\":1080,\"height\":1529},{\"@type\":\"BreadcrumbList\",\"@id\":\"https:\/\/www.blogsoestado.com\/danielmatos\/maranhao-na-telinha-faz-homenagem-a-turma-da-monica\/#breadcrumb\",\"itemListElement\":[{\"@type\":\"ListItem\",\"position\":1,\"name\":\"In\u00edcio\",\"item\":\"https:\/\/www.blogsoestado.com\/danielmatos\/\"},{\"@type\":\"ListItem\",\"position\":2,\"name\":\"Maranh\u00e3o na Telinha faz homenagem \u00e0 Turma da M\u00f4nica\"}]},{\"@type\":\"WebSite\",\"@id\":\"https:\/\/www.blogsoestado.com\/danielmatos\/#website\",\"url\":\"https:\/\/www.blogsoestado.com\/danielmatos\/\",\"name\":\"Daniel Matos\",\"description\":\"\",\"potentialAction\":[{\"@type\":\"SearchAction\",\"target\":{\"@type\":\"EntryPoint\",\"urlTemplate\":\"https:\/\/www.blogsoestado.com\/danielmatos\/?s={search_term_string}\"},\"query-input\":{\"@type\":\"PropertyValueSpecification\",\"valueRequired\":true,\"valueName\":\"search_term_string\"}}],\"inLanguage\":\"pt-BR\"},{\"@type\":\"Person\",\"@id\":\"https:\/\/www.blogsoestado.com\/danielmatos\/#\/schema\/person\/9a209d407cd45631f131e1285b661bb0\",\"name\":\"Daniel Matos\",\"image\":{\"@type\":\"ImageObject\",\"inLanguage\":\"pt-BR\",\"@id\":\"https:\/\/www.blogsoestado.com\/danielmatos\/#\/schema\/person\/image\/\",\"url\":\"https:\/\/secure.gravatar.com\/avatar\/2f26c36ee355da19a257f0dfef43952a2588b324ca35d6719e859fe338ac0392?s=96&d=mm&r=g\",\"contentUrl\":\"https:\/\/secure.gravatar.com\/avatar\/2f26c36ee355da19a257f0dfef43952a2588b324ca35d6719e859fe338ac0392?s=96&d=mm&r=g\",\"caption\":\"Daniel Matos\"},\"url\":\"https:\/\/www.blogsoestado.com\/danielmatos\/author\/danielmatos\/\"}]}<\/script>\n<!-- \/ Yoast SEO plugin. -->","yoast_head_json":{"title":"Maranh\u00e3o na Telinha faz homenagem \u00e0 Turma da M\u00f4nica - Daniel Matos","robots":{"index":"index","follow":"follow","max-snippet":"max-snippet:-1","max-image-preview":"max-image-preview:large","max-video-preview":"max-video-preview:-1"},"canonical":"https:\/\/www.blogsoestado.com\/danielmatos\/maranhao-na-telinha-faz-homenagem-a-turma-da-monica\/","og_locale":"pt_BR","og_type":"article","og_title":"Maranh\u00e3o na Telinha faz homenagem \u00e0 Turma da M\u00f4nica - Daniel Matos","og_description":"Mostra tamb\u00e9m promover\u00e1 ciclo de debates sobre anima\u00e7\u00e3o e uma oficina de stop motion A edi\u00e7\u00e3o 2025 do Maranh\u00e3o na [&hellip;]","og_url":"https:\/\/www.blogsoestado.com\/danielmatos\/maranhao-na-telinha-faz-homenagem-a-turma-da-monica\/","og_site_name":"Daniel Matos","article_published_time":"2025-08-20T02:06:23+00:00","article_modified_time":"2025-08-20T02:06:26+00:00","og_image":[{"width":723,"height":1024,"url":"https:\/\/www.blogsoestado.com\/danielmatos\/wp-content\/uploads\/sites\/2\/2025\/08\/1003366786-723x1024.png","type":"image\/png"}],"author":"Daniel Matos","twitter_card":"summary_large_image","twitter_misc":{"Escrito por":"Daniel Matos","Est. tempo de leitura":"3 minutos"},"schema":{"@context":"https:\/\/schema.org","@graph":[{"@type":"WebPage","@id":"https:\/\/www.blogsoestado.com\/danielmatos\/maranhao-na-telinha-faz-homenagem-a-turma-da-monica\/","url":"https:\/\/www.blogsoestado.com\/danielmatos\/maranhao-na-telinha-faz-homenagem-a-turma-da-monica\/","name":"Maranh\u00e3o na Telinha faz homenagem \u00e0 Turma da M\u00f4nica - Daniel Matos","isPartOf":{"@id":"https:\/\/www.blogsoestado.com\/danielmatos\/#website"},"primaryImageOfPage":{"@id":"https:\/\/www.blogsoestado.com\/danielmatos\/maranhao-na-telinha-faz-homenagem-a-turma-da-monica\/#primaryimage"},"image":{"@id":"https:\/\/www.blogsoestado.com\/danielmatos\/maranhao-na-telinha-faz-homenagem-a-turma-da-monica\/#primaryimage"},"thumbnailUrl":"https:\/\/www.blogsoestado.com\/danielmatos\/wp-content\/uploads\/sites\/2\/2025\/08\/1003366786-723x1024.png","datePublished":"2025-08-20T02:06:23+00:00","dateModified":"2025-08-20T02:06:26+00:00","author":{"@id":"https:\/\/www.blogsoestado.com\/danielmatos\/#\/schema\/person\/9a209d407cd45631f131e1285b661bb0"},"breadcrumb":{"@id":"https:\/\/www.blogsoestado.com\/danielmatos\/maranhao-na-telinha-faz-homenagem-a-turma-da-monica\/#breadcrumb"},"inLanguage":"pt-BR","potentialAction":[{"@type":"ReadAction","target":["https:\/\/www.blogsoestado.com\/danielmatos\/maranhao-na-telinha-faz-homenagem-a-turma-da-monica\/"]}]},{"@type":"ImageObject","inLanguage":"pt-BR","@id":"https:\/\/www.blogsoestado.com\/danielmatos\/maranhao-na-telinha-faz-homenagem-a-turma-da-monica\/#primaryimage","url":"https:\/\/www.blogsoestado.com\/danielmatos\/wp-content\/uploads\/sites\/2\/2025\/08\/1003366786.png","contentUrl":"https:\/\/www.blogsoestado.com\/danielmatos\/wp-content\/uploads\/sites\/2\/2025\/08\/1003366786.png","width":1080,"height":1529},{"@type":"BreadcrumbList","@id":"https:\/\/www.blogsoestado.com\/danielmatos\/maranhao-na-telinha-faz-homenagem-a-turma-da-monica\/#breadcrumb","itemListElement":[{"@type":"ListItem","position":1,"name":"In\u00edcio","item":"https:\/\/www.blogsoestado.com\/danielmatos\/"},{"@type":"ListItem","position":2,"name":"Maranh\u00e3o na Telinha faz homenagem \u00e0 Turma da M\u00f4nica"}]},{"@type":"WebSite","@id":"https:\/\/www.blogsoestado.com\/danielmatos\/#website","url":"https:\/\/www.blogsoestado.com\/danielmatos\/","name":"Daniel Matos","description":"","potentialAction":[{"@type":"SearchAction","target":{"@type":"EntryPoint","urlTemplate":"https:\/\/www.blogsoestado.com\/danielmatos\/?s={search_term_string}"},"query-input":{"@type":"PropertyValueSpecification","valueRequired":true,"valueName":"search_term_string"}}],"inLanguage":"pt-BR"},{"@type":"Person","@id":"https:\/\/www.blogsoestado.com\/danielmatos\/#\/schema\/person\/9a209d407cd45631f131e1285b661bb0","name":"Daniel Matos","image":{"@type":"ImageObject","inLanguage":"pt-BR","@id":"https:\/\/www.blogsoestado.com\/danielmatos\/#\/schema\/person\/image\/","url":"https:\/\/secure.gravatar.com\/avatar\/2f26c36ee355da19a257f0dfef43952a2588b324ca35d6719e859fe338ac0392?s=96&d=mm&r=g","contentUrl":"https:\/\/secure.gravatar.com\/avatar\/2f26c36ee355da19a257f0dfef43952a2588b324ca35d6719e859fe338ac0392?s=96&d=mm&r=g","caption":"Daniel Matos"},"url":"https:\/\/www.blogsoestado.com\/danielmatos\/author\/danielmatos\/"}]}},"jetpack_featured_media_url":"","_links":{"self":[{"href":"https:\/\/www.blogsoestado.com\/danielmatos\/wp-json\/wp\/v2\/posts\/147428","targetHints":{"allow":["GET"]}}],"collection":[{"href":"https:\/\/www.blogsoestado.com\/danielmatos\/wp-json\/wp\/v2\/posts"}],"about":[{"href":"https:\/\/www.blogsoestado.com\/danielmatos\/wp-json\/wp\/v2\/types\/post"}],"author":[{"embeddable":true,"href":"https:\/\/www.blogsoestado.com\/danielmatos\/wp-json\/wp\/v2\/users\/2"}],"replies":[{"embeddable":true,"href":"https:\/\/www.blogsoestado.com\/danielmatos\/wp-json\/wp\/v2\/comments?post=147428"}],"version-history":[{"count":1,"href":"https:\/\/www.blogsoestado.com\/danielmatos\/wp-json\/wp\/v2\/posts\/147428\/revisions"}],"predecessor-version":[{"id":147431,"href":"https:\/\/www.blogsoestado.com\/danielmatos\/wp-json\/wp\/v2\/posts\/147428\/revisions\/147431"}],"wp:attachment":[{"href":"https:\/\/www.blogsoestado.com\/danielmatos\/wp-json\/wp\/v2\/media?parent=147428"}],"wp:term":[{"taxonomy":"category","embeddable":true,"href":"https:\/\/www.blogsoestado.com\/danielmatos\/wp-json\/wp\/v2\/categories?post=147428"},{"taxonomy":"post_tag","embeddable":true,"href":"https:\/\/www.blogsoestado.com\/danielmatos\/wp-json\/wp\/v2\/tags?post=147428"}],"curies":[{"name":"wp","href":"https:\/\/api.w.org\/{rel}","templated":true}]}}