{"id":147435,"date":"2025-08-20T09:05:41","date_gmt":"2025-08-20T12:05:41","guid":{"rendered":"https:\/\/www.blogsoestado.com\/danielmatos\/?p=147435"},"modified":"2025-08-20T14:55:48","modified_gmt":"2025-08-20T17:55:48","slug":"together-festival-reunira-top-djs-no-espaco-77","status":"publish","type":"post","link":"https:\/\/www.blogsoestado.com\/danielmatos\/together-festival-reunira-top-djs-no-espaco-77\/","title":{"rendered":"Together Festival reunir\u00e1 top DJs no Espa\u00e7o 77"},"content":{"rendered":"\n<p><em><strong><mark style=\"color:#cf2e2e\" class=\"has-inline-color\">Evento ser\u00e1 realizado no dia 30 de agosto, a partir das 22h<\/mark><\/strong><\/em><\/p>\n\n\n\n<figure class=\"wp-block-image aligncenter size-large\"><img fetchpriority=\"high\" decoding=\"async\" width=\"1024\" height=\"452\" src=\"https:\/\/www.blogsoestado.com\/danielmatos\/wp-content\/uploads\/sites\/2\/2025\/08\/1003369130-1024x452.jpg\" alt=\"\" class=\"wp-image-147436\" srcset=\"https:\/\/www.blogsoestado.com\/danielmatos\/wp-content\/uploads\/sites\/2\/2025\/08\/1003369130-1024x452.jpg 1024w, https:\/\/www.blogsoestado.com\/danielmatos\/wp-content\/uploads\/sites\/2\/2025\/08\/1003369130-300x133.jpg 300w, https:\/\/www.blogsoestado.com\/danielmatos\/wp-content\/uploads\/sites\/2\/2025\/08\/1003369130-768x339.jpg 768w, https:\/\/www.blogsoestado.com\/danielmatos\/wp-content\/uploads\/sites\/2\/2025\/08\/1003369130.jpg 1245w\" sizes=\"(max-width: 1024px) 100vw, 1024px\" \/><\/figure>\n\n\n\n<p><strong>S\u00c3O LU\u00cdS\u00a0<\/strong>\u2013 Os amantes da m\u00fasica eletr\u00f4nica na capital maranhense t\u00eam um encontro marcado com o Together Festival, confirmado para o dia 30 de agosto, a partir das 22h, no Espa\u00e7o 77, no bairro Ara\u00e7agi. O evento, uma realiza\u00e7\u00e3o da FOX Produ\u00e7\u00f5es, comandada por Davi Campos, Rodrigo Riscado e Marcel Reis, reunir\u00e1 os DJs Gabe, BRN e Gabss, al\u00e9m de Elvys e Neiva, que far\u00e3o um B2B. Os ingressos est\u00e3o \u00e0 venda\u00a0Shotgun. As entradas podem ser adquiridas sem taxa via WhatsApp: (98) 99133-1895.<\/p>\n\n\n\n<p>Entre os DJs convidados para o Together Festival, Gabe Samuel L\u00f4bo. Ele contabiliza mais de duas d\u00e9cadas de pista e \u00e9 um dos nomes mais respeitados do Tech-House e Techno no Brasil e no mundo. J\u00e1 passou por palcos como Rock in Rio, Ultra, Tomorrowland, XXXperience, Tribe, S\u00f3 Track Boa, al\u00e9m de ter lan\u00e7ado sua pr\u00f3pria label: \u201cGabe All Night Long\u201d.<\/p>\n\n\n\n<figure class=\"wp-block-image aligncenter size-full\"><img decoding=\"async\" width=\"434\" height=\"684\" src=\"https:\/\/www.blogsoestado.com\/danielmatos\/wp-content\/uploads\/sites\/2\/2025\/08\/1003369129.jpg\" alt=\"\" class=\"wp-image-147437\" srcset=\"https:\/\/www.blogsoestado.com\/danielmatos\/wp-content\/uploads\/sites\/2\/2025\/08\/1003369129.jpg 434w, https:\/\/www.blogsoestado.com\/danielmatos\/wp-content\/uploads\/sites\/2\/2025\/08\/1003369129-190x300.jpg 190w\" sizes=\"(max-width: 434px) 100vw, 434px\" \/><\/figure>\n\n\n\n<p>Os lan\u00e7amentos de Gabe levam o selo de qualidade de gravadoras como Repopulate Mars (de Lee Foss), Hottrax (de Jamie Jones), Solotoko (de Sonny Foldera) e a gigante Spinnin\u2019 Deep. Suas \u201ccotoveladas\u201d esgotaram ingressos em clubs como Warung, Green Valley, Caos, Ame, D-Edge, Laroc, Surreal, Privil\u00e8ge e Vibe, al\u00e9m de festas como Elrow e Love Sessions. Com mais de meio milh\u00e3o de ouvintes mensais no Spotify, Gabe \u00e9 um artista que conecta o mainstream com o underground e sempre entrega uma experi\u00eancia \u00fanica a cada set.<\/p>\n\n\n\n<figure class=\"wp-block-image aligncenter size-large\"><img decoding=\"async\" width=\"1024\" height=\"682\" src=\"https:\/\/www.blogsoestado.com\/danielmatos\/wp-content\/uploads\/sites\/2\/2025\/08\/1003369128-1024x682.jpg\" alt=\"\" class=\"wp-image-147438\" srcset=\"https:\/\/www.blogsoestado.com\/danielmatos\/wp-content\/uploads\/sites\/2\/2025\/08\/1003369128-1024x682.jpg 1024w, https:\/\/www.blogsoestado.com\/danielmatos\/wp-content\/uploads\/sites\/2\/2025\/08\/1003369128-300x200.jpg 300w, https:\/\/www.blogsoestado.com\/danielmatos\/wp-content\/uploads\/sites\/2\/2025\/08\/1003369128-768x512.jpg 768w, https:\/\/www.blogsoestado.com\/danielmatos\/wp-content\/uploads\/sites\/2\/2025\/08\/1003369128.jpg 1280w\" sizes=\"(max-width: 1024px) 100vw, 1024px\" \/><\/figure>\n\n\n\n<p>Segundo Davi Campos, o lineup n\u00e3o para por a\u00ed. \u201cQuem tamb\u00e9m est\u00e1 sendo bastante aguardado para a Together \u00e9 o BRN, com seu Tech House \u00fanico, temperos de Minimal, House e Techno. Ele \u00e9 um artista vers\u00e1til, original e aut\u00eantico nas produ\u00e7\u00f5es\u201d, ressalta Davi Campos.<\/p>\n\n\n\n<p>BRN \u00e9 realmente um artista de proa na m\u00fasica eletr\u00f4nica. Ele est\u00e1 acostumado a se apresentar nos principais clubes e suportes de artistas como Pawsa, Michael Bibi, Vintage Culture, Jamie Jones, Joseph Capriati, Mau P, Matroda, Chris Lake, Fisher, John Summit, Lee Foss, Alok, Tiesto, Martin Garrix, entre outros. Soma mais de 25 milh\u00f5es de streams, e vem se destacando cada vez mais a cada ano.<\/p>\n\n\n\n<figure class=\"wp-block-image aligncenter size-large\"><img loading=\"lazy\" decoding=\"async\" width=\"1024\" height=\"683\" src=\"https:\/\/www.blogsoestado.com\/danielmatos\/wp-content\/uploads\/sites\/2\/2025\/08\/1003369127-1024x683.jpg\" alt=\"\" class=\"wp-image-147440\" srcset=\"https:\/\/www.blogsoestado.com\/danielmatos\/wp-content\/uploads\/sites\/2\/2025\/08\/1003369127-1024x683.jpg 1024w, https:\/\/www.blogsoestado.com\/danielmatos\/wp-content\/uploads\/sites\/2\/2025\/08\/1003369127-300x200.jpg 300w, https:\/\/www.blogsoestado.com\/danielmatos\/wp-content\/uploads\/sites\/2\/2025\/08\/1003369127-768x512.jpg 768w, https:\/\/www.blogsoestado.com\/danielmatos\/wp-content\/uploads\/sites\/2\/2025\/08\/1003369127-1536x1024.jpg 1536w, https:\/\/www.blogsoestado.com\/danielmatos\/wp-content\/uploads\/sites\/2\/2025\/08\/1003369127-2048x1366.jpg 2048w\" sizes=\"(max-width: 1024px) 100vw, 1024px\" \/><\/figure>\n\n\n\n<p>\u201cTem, ainda, Gabbs, que soma mais de 10 anos de trajet\u00f3ria e faixas que ultrapassam fronteiras\u201d, completa Rodrigo Riscado, informando que se trata de um dos artistas mais influentes da House Music brasileira.<\/p>\n\n\n\n<p>Reconhecido por lendas como Solomun, Michael Bibi, The Martinez Brothers, Jamie Jones, CamelPhat, Marco Carola, Maceo Plex e Mochakk, o artista foi recentemente nomeado por Vintage Culture como o melhor produtor brasileiro da atualidade.<\/p>\n\n\n\n<figure class=\"wp-block-image aligncenter size-full\"><img loading=\"lazy\" decoding=\"async\" width=\"501\" height=\"764\" src=\"https:\/\/www.blogsoestado.com\/danielmatos\/wp-content\/uploads\/sites\/2\/2025\/08\/1003369126.jpg\" alt=\"\" class=\"wp-image-147439\" srcset=\"https:\/\/www.blogsoestado.com\/danielmatos\/wp-content\/uploads\/sites\/2\/2025\/08\/1003369126.jpg 501w, https:\/\/www.blogsoestado.com\/danielmatos\/wp-content\/uploads\/sites\/2\/2025\/08\/1003369126-197x300.jpg 197w\" sizes=\"(max-width: 501px) 100vw, 501px\" \/><\/figure>\n\n\n\n<p>Marcel Reis frisa que Gabbs tem lan\u00e7amentos aos cuidados de selos de peso como EXE Records, Maccabi House e Hellbent Records, \u201cEle tamb\u00e9m soma passagens por clubs e festivais como Surreal Park, D-EDGE, El Fortin e Matahari\u201d, finaliza.<\/p>\n","protected":false},"excerpt":{"rendered":"<p>Evento ser\u00e1 realizado no dia 30 de agosto, a partir das 22h S\u00c3O LU\u00cdS\u00a0\u2013 Os amantes da m\u00fasica eletr\u00f4nica na [&hellip;]<\/p>\n","protected":false},"author":2,"featured_media":0,"comment_status":"open","ping_status":"open","sticky":false,"template":"","format":"standard","meta":{"site-sidebar-layout":"default","site-content-layout":"","ast-site-content-layout":"default","site-content-style":"default","site-sidebar-style":"default","ast-global-header-display":"","ast-banner-title-visibility":"","ast-main-header-display":"","ast-hfb-above-header-display":"","ast-hfb-below-header-display":"","ast-hfb-mobile-header-display":"","site-post-title":"","ast-breadcrumbs-content":"","ast-featured-img":"","footer-sml-layout":"","ast-disable-related-posts":"","theme-transparent-header-meta":"","adv-header-id-meta":"","stick-header-meta":"","header-above-stick-meta":"","header-main-stick-meta":"","header-below-stick-meta":"","astra-migrate-meta-layouts":"default","ast-page-background-enabled":"default","ast-page-background-meta":{"desktop":{"background-color":"var(--ast-global-color-5)","background-image":"","background-repeat":"repeat","background-position":"center center","background-size":"auto","background-attachment":"scroll","background-type":"","background-media":"","overlay-type":"","overlay-color":"","overlay-opacity":"","overlay-gradient":""},"tablet":{"background-color":"","background-image":"","background-repeat":"repeat","background-position":"center center","background-size":"auto","background-attachment":"scroll","background-type":"","background-media":"","overlay-type":"","overlay-color":"","overlay-opacity":"","overlay-gradient":""},"mobile":{"background-color":"","background-image":"","background-repeat":"repeat","background-position":"center center","background-size":"auto","background-attachment":"scroll","background-type":"","background-media":"","overlay-type":"","overlay-color":"","overlay-opacity":"","overlay-gradient":""}},"ast-content-background-meta":{"desktop":{"background-color":"var(--ast-global-color-4)","background-image":"","background-repeat":"repeat","background-position":"center center","background-size":"auto","background-attachment":"scroll","background-type":"","background-media":"","overlay-type":"","overlay-color":"","overlay-opacity":"","overlay-gradient":""},"tablet":{"background-color":"var(--ast-global-color-4)","background-image":"","background-repeat":"repeat","background-position":"center center","background-size":"auto","background-attachment":"scroll","background-type":"","background-media":"","overlay-type":"","overlay-color":"","overlay-opacity":"","overlay-gradient":""},"mobile":{"background-color":"var(--ast-global-color-4)","background-image":"","background-repeat":"repeat","background-position":"center center","background-size":"auto","background-attachment":"scroll","background-type":"","background-media":"","overlay-type":"","overlay-color":"","overlay-opacity":"","overlay-gradient":""}},"footnotes":""},"categories":[1],"tags":[],"class_list":["post-147435","post","type-post","status-publish","format-standard","hentry","category-sem-categoria"],"yoast_head":"<!-- This site is optimized with the Yoast SEO plugin v26.6 - https:\/\/yoast.com\/wordpress\/plugins\/seo\/ -->\n<title>Together Festival reunir\u00e1 top DJs no Espa\u00e7o 77 - Daniel Matos<\/title>\n<meta name=\"robots\" content=\"index, follow, max-snippet:-1, max-image-preview:large, max-video-preview:-1\" \/>\n<link rel=\"canonical\" href=\"https:\/\/www.blogsoestado.com\/danielmatos\/together-festival-reunira-top-djs-no-espaco-77\/\" \/>\n<meta property=\"og:locale\" content=\"pt_BR\" \/>\n<meta property=\"og:type\" content=\"article\" \/>\n<meta property=\"og:title\" content=\"Together Festival reunir\u00e1 top DJs no Espa\u00e7o 77 - Daniel Matos\" \/>\n<meta property=\"og:description\" content=\"Evento ser\u00e1 realizado no dia 30 de agosto, a partir das 22h S\u00c3O LU\u00cdS\u00a0\u2013 Os amantes da m\u00fasica eletr\u00f4nica na [&hellip;]\" \/>\n<meta property=\"og:url\" content=\"https:\/\/www.blogsoestado.com\/danielmatos\/together-festival-reunira-top-djs-no-espaco-77\/\" \/>\n<meta property=\"og:site_name\" content=\"Daniel Matos\" \/>\n<meta property=\"article:published_time\" content=\"2025-08-20T12:05:41+00:00\" \/>\n<meta property=\"article:modified_time\" content=\"2025-08-20T17:55:48+00:00\" \/>\n<meta property=\"og:image\" content=\"https:\/\/www.blogsoestado.com\/danielmatos\/wp-content\/uploads\/sites\/2\/2025\/08\/1003369130.jpg\" \/>\n\t<meta property=\"og:image:width\" content=\"1245\" \/>\n\t<meta property=\"og:image:height\" content=\"550\" \/>\n\t<meta property=\"og:image:type\" content=\"image\/jpeg\" \/>\n<meta name=\"author\" content=\"Daniel Matos\" \/>\n<meta name=\"twitter:card\" content=\"summary_large_image\" \/>\n<meta name=\"twitter:label1\" content=\"Escrito por\" \/>\n\t<meta name=\"twitter:data1\" content=\"Daniel Matos\" \/>\n\t<meta name=\"twitter:label2\" content=\"Est. tempo de leitura\" \/>\n\t<meta name=\"twitter:data2\" content=\"4 minutos\" \/>\n<script type=\"application\/ld+json\" class=\"yoast-schema-graph\">{\"@context\":\"https:\/\/schema.org\",\"@graph\":[{\"@type\":\"WebPage\",\"@id\":\"https:\/\/www.blogsoestado.com\/danielmatos\/together-festival-reunira-top-djs-no-espaco-77\/\",\"url\":\"https:\/\/www.blogsoestado.com\/danielmatos\/together-festival-reunira-top-djs-no-espaco-77\/\",\"name\":\"Together Festival reunir\u00e1 top DJs no Espa\u00e7o 77 - Daniel Matos\",\"isPartOf\":{\"@id\":\"https:\/\/www.blogsoestado.com\/danielmatos\/#website\"},\"primaryImageOfPage\":{\"@id\":\"https:\/\/www.blogsoestado.com\/danielmatos\/together-festival-reunira-top-djs-no-espaco-77\/#primaryimage\"},\"image\":{\"@id\":\"https:\/\/www.blogsoestado.com\/danielmatos\/together-festival-reunira-top-djs-no-espaco-77\/#primaryimage\"},\"thumbnailUrl\":\"https:\/\/www.blogsoestado.com\/danielmatos\/wp-content\/uploads\/sites\/2\/2025\/08\/1003369130-1024x452.jpg\",\"datePublished\":\"2025-08-20T12:05:41+00:00\",\"dateModified\":\"2025-08-20T17:55:48+00:00\",\"author\":{\"@id\":\"https:\/\/www.blogsoestado.com\/danielmatos\/#\/schema\/person\/9a209d407cd45631f131e1285b661bb0\"},\"breadcrumb\":{\"@id\":\"https:\/\/www.blogsoestado.com\/danielmatos\/together-festival-reunira-top-djs-no-espaco-77\/#breadcrumb\"},\"inLanguage\":\"pt-BR\",\"potentialAction\":[{\"@type\":\"ReadAction\",\"target\":[\"https:\/\/www.blogsoestado.com\/danielmatos\/together-festival-reunira-top-djs-no-espaco-77\/\"]}]},{\"@type\":\"ImageObject\",\"inLanguage\":\"pt-BR\",\"@id\":\"https:\/\/www.blogsoestado.com\/danielmatos\/together-festival-reunira-top-djs-no-espaco-77\/#primaryimage\",\"url\":\"https:\/\/www.blogsoestado.com\/danielmatos\/wp-content\/uploads\/sites\/2\/2025\/08\/1003369130.jpg\",\"contentUrl\":\"https:\/\/www.blogsoestado.com\/danielmatos\/wp-content\/uploads\/sites\/2\/2025\/08\/1003369130.jpg\",\"width\":1245,\"height\":550,\"caption\":\"Texto do seu par\u00e1grafo - 1\"},{\"@type\":\"BreadcrumbList\",\"@id\":\"https:\/\/www.blogsoestado.com\/danielmatos\/together-festival-reunira-top-djs-no-espaco-77\/#breadcrumb\",\"itemListElement\":[{\"@type\":\"ListItem\",\"position\":1,\"name\":\"In\u00edcio\",\"item\":\"https:\/\/www.blogsoestado.com\/danielmatos\/\"},{\"@type\":\"ListItem\",\"position\":2,\"name\":\"Together Festival reunir\u00e1 top DJs no Espa\u00e7o 77\"}]},{\"@type\":\"WebSite\",\"@id\":\"https:\/\/www.blogsoestado.com\/danielmatos\/#website\",\"url\":\"https:\/\/www.blogsoestado.com\/danielmatos\/\",\"name\":\"Daniel Matos\",\"description\":\"\",\"potentialAction\":[{\"@type\":\"SearchAction\",\"target\":{\"@type\":\"EntryPoint\",\"urlTemplate\":\"https:\/\/www.blogsoestado.com\/danielmatos\/?s={search_term_string}\"},\"query-input\":{\"@type\":\"PropertyValueSpecification\",\"valueRequired\":true,\"valueName\":\"search_term_string\"}}],\"inLanguage\":\"pt-BR\"},{\"@type\":\"Person\",\"@id\":\"https:\/\/www.blogsoestado.com\/danielmatos\/#\/schema\/person\/9a209d407cd45631f131e1285b661bb0\",\"name\":\"Daniel Matos\",\"image\":{\"@type\":\"ImageObject\",\"inLanguage\":\"pt-BR\",\"@id\":\"https:\/\/www.blogsoestado.com\/danielmatos\/#\/schema\/person\/image\/\",\"url\":\"https:\/\/secure.gravatar.com\/avatar\/2f26c36ee355da19a257f0dfef43952a2588b324ca35d6719e859fe338ac0392?s=96&d=mm&r=g\",\"contentUrl\":\"https:\/\/secure.gravatar.com\/avatar\/2f26c36ee355da19a257f0dfef43952a2588b324ca35d6719e859fe338ac0392?s=96&d=mm&r=g\",\"caption\":\"Daniel Matos\"},\"url\":\"https:\/\/www.blogsoestado.com\/danielmatos\/author\/danielmatos\/\"}]}<\/script>\n<!-- \/ Yoast SEO plugin. -->","yoast_head_json":{"title":"Together Festival reunir\u00e1 top DJs no Espa\u00e7o 77 - Daniel Matos","robots":{"index":"index","follow":"follow","max-snippet":"max-snippet:-1","max-image-preview":"max-image-preview:large","max-video-preview":"max-video-preview:-1"},"canonical":"https:\/\/www.blogsoestado.com\/danielmatos\/together-festival-reunira-top-djs-no-espaco-77\/","og_locale":"pt_BR","og_type":"article","og_title":"Together Festival reunir\u00e1 top DJs no Espa\u00e7o 77 - Daniel Matos","og_description":"Evento ser\u00e1 realizado no dia 30 de agosto, a partir das 22h S\u00c3O LU\u00cdS\u00a0\u2013 Os amantes da m\u00fasica eletr\u00f4nica na [&hellip;]","og_url":"https:\/\/www.blogsoestado.com\/danielmatos\/together-festival-reunira-top-djs-no-espaco-77\/","og_site_name":"Daniel Matos","article_published_time":"2025-08-20T12:05:41+00:00","article_modified_time":"2025-08-20T17:55:48+00:00","og_image":[{"width":1245,"height":550,"url":"https:\/\/www.blogsoestado.com\/danielmatos\/wp-content\/uploads\/sites\/2\/2025\/08\/1003369130.jpg","type":"image\/jpeg"}],"author":"Daniel Matos","twitter_card":"summary_large_image","twitter_misc":{"Escrito por":"Daniel Matos","Est. tempo de leitura":"4 minutos"},"schema":{"@context":"https:\/\/schema.org","@graph":[{"@type":"WebPage","@id":"https:\/\/www.blogsoestado.com\/danielmatos\/together-festival-reunira-top-djs-no-espaco-77\/","url":"https:\/\/www.blogsoestado.com\/danielmatos\/together-festival-reunira-top-djs-no-espaco-77\/","name":"Together Festival reunir\u00e1 top DJs no Espa\u00e7o 77 - Daniel Matos","isPartOf":{"@id":"https:\/\/www.blogsoestado.com\/danielmatos\/#website"},"primaryImageOfPage":{"@id":"https:\/\/www.blogsoestado.com\/danielmatos\/together-festival-reunira-top-djs-no-espaco-77\/#primaryimage"},"image":{"@id":"https:\/\/www.blogsoestado.com\/danielmatos\/together-festival-reunira-top-djs-no-espaco-77\/#primaryimage"},"thumbnailUrl":"https:\/\/www.blogsoestado.com\/danielmatos\/wp-content\/uploads\/sites\/2\/2025\/08\/1003369130-1024x452.jpg","datePublished":"2025-08-20T12:05:41+00:00","dateModified":"2025-08-20T17:55:48+00:00","author":{"@id":"https:\/\/www.blogsoestado.com\/danielmatos\/#\/schema\/person\/9a209d407cd45631f131e1285b661bb0"},"breadcrumb":{"@id":"https:\/\/www.blogsoestado.com\/danielmatos\/together-festival-reunira-top-djs-no-espaco-77\/#breadcrumb"},"inLanguage":"pt-BR","potentialAction":[{"@type":"ReadAction","target":["https:\/\/www.blogsoestado.com\/danielmatos\/together-festival-reunira-top-djs-no-espaco-77\/"]}]},{"@type":"ImageObject","inLanguage":"pt-BR","@id":"https:\/\/www.blogsoestado.com\/danielmatos\/together-festival-reunira-top-djs-no-espaco-77\/#primaryimage","url":"https:\/\/www.blogsoestado.com\/danielmatos\/wp-content\/uploads\/sites\/2\/2025\/08\/1003369130.jpg","contentUrl":"https:\/\/www.blogsoestado.com\/danielmatos\/wp-content\/uploads\/sites\/2\/2025\/08\/1003369130.jpg","width":1245,"height":550,"caption":"Texto do seu par\u00e1grafo - 1"},{"@type":"BreadcrumbList","@id":"https:\/\/www.blogsoestado.com\/danielmatos\/together-festival-reunira-top-djs-no-espaco-77\/#breadcrumb","itemListElement":[{"@type":"ListItem","position":1,"name":"In\u00edcio","item":"https:\/\/www.blogsoestado.com\/danielmatos\/"},{"@type":"ListItem","position":2,"name":"Together Festival reunir\u00e1 top DJs no Espa\u00e7o 77"}]},{"@type":"WebSite","@id":"https:\/\/www.blogsoestado.com\/danielmatos\/#website","url":"https:\/\/www.blogsoestado.com\/danielmatos\/","name":"Daniel Matos","description":"","potentialAction":[{"@type":"SearchAction","target":{"@type":"EntryPoint","urlTemplate":"https:\/\/www.blogsoestado.com\/danielmatos\/?s={search_term_string}"},"query-input":{"@type":"PropertyValueSpecification","valueRequired":true,"valueName":"search_term_string"}}],"inLanguage":"pt-BR"},{"@type":"Person","@id":"https:\/\/www.blogsoestado.com\/danielmatos\/#\/schema\/person\/9a209d407cd45631f131e1285b661bb0","name":"Daniel Matos","image":{"@type":"ImageObject","inLanguage":"pt-BR","@id":"https:\/\/www.blogsoestado.com\/danielmatos\/#\/schema\/person\/image\/","url":"https:\/\/secure.gravatar.com\/avatar\/2f26c36ee355da19a257f0dfef43952a2588b324ca35d6719e859fe338ac0392?s=96&d=mm&r=g","contentUrl":"https:\/\/secure.gravatar.com\/avatar\/2f26c36ee355da19a257f0dfef43952a2588b324ca35d6719e859fe338ac0392?s=96&d=mm&r=g","caption":"Daniel Matos"},"url":"https:\/\/www.blogsoestado.com\/danielmatos\/author\/danielmatos\/"}]}},"jetpack_featured_media_url":"","_links":{"self":[{"href":"https:\/\/www.blogsoestado.com\/danielmatos\/wp-json\/wp\/v2\/posts\/147435","targetHints":{"allow":["GET"]}}],"collection":[{"href":"https:\/\/www.blogsoestado.com\/danielmatos\/wp-json\/wp\/v2\/posts"}],"about":[{"href":"https:\/\/www.blogsoestado.com\/danielmatos\/wp-json\/wp\/v2\/types\/post"}],"author":[{"embeddable":true,"href":"https:\/\/www.blogsoestado.com\/danielmatos\/wp-json\/wp\/v2\/users\/2"}],"replies":[{"embeddable":true,"href":"https:\/\/www.blogsoestado.com\/danielmatos\/wp-json\/wp\/v2\/comments?post=147435"}],"version-history":[{"count":3,"href":"https:\/\/www.blogsoestado.com\/danielmatos\/wp-json\/wp\/v2\/posts\/147435\/revisions"}],"predecessor-version":[{"id":147463,"href":"https:\/\/www.blogsoestado.com\/danielmatos\/wp-json\/wp\/v2\/posts\/147435\/revisions\/147463"}],"wp:attachment":[{"href":"https:\/\/www.blogsoestado.com\/danielmatos\/wp-json\/wp\/v2\/media?parent=147435"}],"wp:term":[{"taxonomy":"category","embeddable":true,"href":"https:\/\/www.blogsoestado.com\/danielmatos\/wp-json\/wp\/v2\/categories?post=147435"},{"taxonomy":"post_tag","embeddable":true,"href":"https:\/\/www.blogsoestado.com\/danielmatos\/wp-json\/wp\/v2\/tags?post=147435"}],"curies":[{"name":"wp","href":"https:\/\/api.w.org\/{rel}","templated":true}]}}