{"id":147452,"date":"2025-08-20T13:06:03","date_gmt":"2025-08-20T16:06:03","guid":{"rendered":"https:\/\/www.blogsoestado.com\/danielmatos\/?p=147452"},"modified":"2025-08-20T13:08:29","modified_gmt":"2025-08-20T16:08:29","slug":"maranhao-tem-2o-menor-gasto-com-folha-de-pagamento-aponta-tesouro-nacional","status":"publish","type":"post","link":"https:\/\/www.blogsoestado.com\/danielmatos\/maranhao-tem-2o-menor-gasto-com-folha-de-pagamento-aponta-tesouro-nacional\/","title":{"rendered":"Maranh\u00e3o tem 2\u00ba menor gasto com folha de pagamento entre unidades da federa\u00e7\u00e3o, aponta Tesouro Nacional"},"content":{"rendered":"\n<p><strong><mark style=\"color:#cf2e2e\" class=\"has-inline-color\">Estado contabilizou queda de 1% de receita corrente realizada, que \u00e9 a arrecada\u00e7\u00e3o obtida de fato pelo Estado<\/mark><\/strong> <\/p>\n\n\n\n<figure class=\"wp-block-image aligncenter size-full\"><img fetchpriority=\"high\" decoding=\"async\" width=\"347\" height=\"145\" src=\"https:\/\/www.blogsoestado.com\/danielmatos\/wp-content\/uploads\/sites\/2\/2025\/08\/1003372241.jpg\" alt=\"\" class=\"wp-image-147453\" srcset=\"https:\/\/www.blogsoestado.com\/danielmatos\/wp-content\/uploads\/sites\/2\/2025\/08\/1003372241.jpg 347w, https:\/\/www.blogsoestado.com\/danielmatos\/wp-content\/uploads\/sites\/2\/2025\/08\/1003372241-300x125.jpg 300w\" sizes=\"(max-width: 347px) 100vw, 347px\" \/><\/figure>\n\n\n\n<p>O Estado do Maranh\u00e3o registrou o segundo maior gasto proporcional com pessoal, empatado com Amap\u00e1 e Piau\u00ed, no 3\u00ba bimestre de 2025 em rela\u00e7\u00e3o ao mesmo bimestre de 2024. Os dados est\u00e3o no&nbsp;<a href=\"https:\/\/www.tesourotransparente.gov.br\/publicacoes\/rreo-em-foco-estados-e-df\/\">Relat\u00f3rio Resumido de Execu\u00e7\u00e3o Or\u00e7ament\u00e1ria em Foco dos Estados + DF do 3\u00ba bimestre de 2025<\/a><a href=\"https:\/\/www.tesourotransparente.gov.br\/publicacoes\/rreo-em-foco-estados-e-municipios\/2022\/18\">,<\/a>&nbsp;publicado nesta quarta-feira (20\/08) pelo Tesouro Nacional.<\/p>\n\n\n\n<p>Os gastos com folha de pessoal tiveram a maior participa\u00e7\u00e3o na composi\u00e7\u00e3o das despesas liquidadas em rela\u00e7\u00e3o \u00e0 receita total em todos os estados at\u00e9 o 3\u00ba bimestre de 2025, com destaque para Rio Grande do Norte (72%), Rio Grande do Sul (63%) e Mato Grosso do Sul (59%). Por outro lado, os Estados com menores gastos proporcionais nessa rubrica foram o Esp\u00edrito Santo (41%), Amap\u00e1 (42%),&nbsp;<strong>Maranh\u00e3o&nbsp;(42%)<\/strong> e Piau\u00ed (42%).<\/p>\n\n\n\n<p><strong>Queda de receita <\/strong><\/p>\n\n\n\n<p>Quando considerada a receita corrente realizada, que \u00e9 a arrecada\u00e7\u00e3o de fato obtida pelo Estado no per\u00edodo analisado, os maiores crescimentos entre os bimestres analisados foram observados em Roraima (19%) e Sergipe (18%), enquanto Amap\u00e1 (-11%) e&nbsp;<strong>Maranh\u00e3o&nbsp;(-1%) <\/strong>apresentaram queda.<\/p>\n\n\n\n<p>A an\u00e1lise considera as receitas correntes realizadas e despesas correntes liquidadas referentes ao 3\u00ba bimestre (maio e junho) de 2025 em rela\u00e7\u00e3o ao mesmo per\u00edodo de 2024.<\/p>\n\n\n\n<p><strong>RREO em Foco<\/strong><\/p>\n\n\n\n<p>O RREO em Foco &#8211; Estados e DF \u00e9 uma publica\u00e7\u00e3o bimestral que traz os principais dados da execu\u00e7\u00e3o or\u00e7ament\u00e1ria das 27 Unidades da Federa\u00e7\u00e3o, reunindo as informa\u00e7\u00f5es da execu\u00e7\u00e3o or\u00e7ament\u00e1ria de todos os poderes &#8211; Executivo, Legislativo e Judici\u00e1rio, incluindo tamb\u00e9m o Minist\u00e9rio P\u00fablico e a Defensoria P\u00fablica.<\/p>\n\n\n\n<p>O relat\u00f3rio \u00e9 elaborado com base nos documentos que os pr\u00f3prios entes publicam no Sistema de Informa\u00e7\u00f5es Cont\u00e1beis e Fiscais do Setor P\u00fablico Brasileiro (Siconfi), gerido pelo Tesouro Nacional.<\/p>\n\n\n\n<p><strong><mark style=\"color:#cf2e2e\" class=\"has-inline-color\">Saiba mais <a href=\"https:\/\/www.gov.br\/tesouronacional\/pt-br\/noticias\/alagoas-e-goias-lideram-alta-de-despesas-correntes-no-3o-bimestre-de-2025\">aqui<\/a>.<\/mark><\/strong><\/p>\n","protected":false},"excerpt":{"rendered":"<p>Estado contabilizou queda de 1% de receita corrente realizada, que \u00e9 a arrecada\u00e7\u00e3o obtida de fato pelo Estado O Estado [&hellip;]<\/p>\n","protected":false},"author":2,"featured_media":0,"comment_status":"open","ping_status":"open","sticky":false,"template":"","format":"standard","meta":{"site-sidebar-layout":"default","site-content-layout":"","ast-site-content-layout":"default","site-content-style":"default","site-sidebar-style":"default","ast-global-header-display":"","ast-banner-title-visibility":"","ast-main-header-display":"","ast-hfb-above-header-display":"","ast-hfb-below-header-display":"","ast-hfb-mobile-header-display":"","site-post-title":"","ast-breadcrumbs-content":"","ast-featured-img":"","footer-sml-layout":"","ast-disable-related-posts":"","theme-transparent-header-meta":"","adv-header-id-meta":"","stick-header-meta":"","header-above-stick-meta":"","header-main-stick-meta":"","header-below-stick-meta":"","astra-migrate-meta-layouts":"default","ast-page-background-enabled":"default","ast-page-background-meta":{"desktop":{"background-color":"var(--ast-global-color-5)","background-image":"","background-repeat":"repeat","background-position":"center center","background-size":"auto","background-attachment":"scroll","background-type":"","background-media":"","overlay-type":"","overlay-color":"","overlay-opacity":"","overlay-gradient":""},"tablet":{"background-color":"","background-image":"","background-repeat":"repeat","background-position":"center center","background-size":"auto","background-attachment":"scroll","background-type":"","background-media":"","overlay-type":"","overlay-color":"","overlay-opacity":"","overlay-gradient":""},"mobile":{"background-color":"","background-image":"","background-repeat":"repeat","background-position":"center center","background-size":"auto","background-attachment":"scroll","background-type":"","background-media":"","overlay-type":"","overlay-color":"","overlay-opacity":"","overlay-gradient":""}},"ast-content-background-meta":{"desktop":{"background-color":"var(--ast-global-color-4)","background-image":"","background-repeat":"repeat","background-position":"center center","background-size":"auto","background-attachment":"scroll","background-type":"","background-media":"","overlay-type":"","overlay-color":"","overlay-opacity":"","overlay-gradient":""},"tablet":{"background-color":"var(--ast-global-color-4)","background-image":"","background-repeat":"repeat","background-position":"center center","background-size":"auto","background-attachment":"scroll","background-type":"","background-media":"","overlay-type":"","overlay-color":"","overlay-opacity":"","overlay-gradient":""},"mobile":{"background-color":"var(--ast-global-color-4)","background-image":"","background-repeat":"repeat","background-position":"center center","background-size":"auto","background-attachment":"scroll","background-type":"","background-media":"","overlay-type":"","overlay-color":"","overlay-opacity":"","overlay-gradient":""}},"footnotes":""},"categories":[1],"tags":[],"class_list":["post-147452","post","type-post","status-publish","format-standard","hentry","category-sem-categoria"],"yoast_head":"<!-- This site is optimized with the Yoast SEO plugin v26.6 - https:\/\/yoast.com\/wordpress\/plugins\/seo\/ -->\n<title>Maranh\u00e3o tem 2\u00ba menor gasto com folha de pagamento entre unidades da federa\u00e7\u00e3o, aponta Tesouro Nacional - Daniel Matos<\/title>\n<meta name=\"robots\" content=\"index, follow, max-snippet:-1, max-image-preview:large, max-video-preview:-1\" \/>\n<link rel=\"canonical\" href=\"https:\/\/www.blogsoestado.com\/danielmatos\/maranhao-tem-2o-menor-gasto-com-folha-de-pagamento-aponta-tesouro-nacional\/\" \/>\n<meta property=\"og:locale\" content=\"pt_BR\" \/>\n<meta property=\"og:type\" content=\"article\" \/>\n<meta property=\"og:title\" content=\"Maranh\u00e3o tem 2\u00ba menor gasto com folha de pagamento entre unidades da federa\u00e7\u00e3o, aponta Tesouro Nacional - Daniel Matos\" \/>\n<meta property=\"og:description\" content=\"Estado contabilizou queda de 1% de receita corrente realizada, que \u00e9 a arrecada\u00e7\u00e3o obtida de fato pelo Estado O Estado [&hellip;]\" \/>\n<meta property=\"og:url\" content=\"https:\/\/www.blogsoestado.com\/danielmatos\/maranhao-tem-2o-menor-gasto-com-folha-de-pagamento-aponta-tesouro-nacional\/\" \/>\n<meta property=\"og:site_name\" content=\"Daniel Matos\" \/>\n<meta property=\"article:published_time\" content=\"2025-08-20T16:06:03+00:00\" \/>\n<meta property=\"article:modified_time\" content=\"2025-08-20T16:08:29+00:00\" \/>\n<meta property=\"og:image\" content=\"https:\/\/www.blogsoestado.com\/danielmatos\/wp-content\/uploads\/sites\/2\/2025\/08\/1003372241.jpg\" \/>\n\t<meta property=\"og:image:width\" content=\"347\" \/>\n\t<meta property=\"og:image:height\" content=\"145\" \/>\n\t<meta property=\"og:image:type\" content=\"image\/jpeg\" \/>\n<meta name=\"author\" content=\"Daniel Matos\" \/>\n<meta name=\"twitter:card\" content=\"summary_large_image\" \/>\n<meta name=\"twitter:label1\" content=\"Escrito por\" \/>\n\t<meta name=\"twitter:data1\" content=\"Daniel Matos\" \/>\n\t<meta name=\"twitter:label2\" content=\"Est. tempo de leitura\" \/>\n\t<meta name=\"twitter:data2\" content=\"2 minutos\" \/>\n<script type=\"application\/ld+json\" class=\"yoast-schema-graph\">{\"@context\":\"https:\/\/schema.org\",\"@graph\":[{\"@type\":\"WebPage\",\"@id\":\"https:\/\/www.blogsoestado.com\/danielmatos\/maranhao-tem-2o-menor-gasto-com-folha-de-pagamento-aponta-tesouro-nacional\/\",\"url\":\"https:\/\/www.blogsoestado.com\/danielmatos\/maranhao-tem-2o-menor-gasto-com-folha-de-pagamento-aponta-tesouro-nacional\/\",\"name\":\"Maranh\u00e3o tem 2\u00ba menor gasto com folha de pagamento entre unidades da federa\u00e7\u00e3o, aponta Tesouro Nacional - Daniel Matos\",\"isPartOf\":{\"@id\":\"https:\/\/www.blogsoestado.com\/danielmatos\/#website\"},\"primaryImageOfPage\":{\"@id\":\"https:\/\/www.blogsoestado.com\/danielmatos\/maranhao-tem-2o-menor-gasto-com-folha-de-pagamento-aponta-tesouro-nacional\/#primaryimage\"},\"image\":{\"@id\":\"https:\/\/www.blogsoestado.com\/danielmatos\/maranhao-tem-2o-menor-gasto-com-folha-de-pagamento-aponta-tesouro-nacional\/#primaryimage\"},\"thumbnailUrl\":\"https:\/\/www.blogsoestado.com\/danielmatos\/wp-content\/uploads\/sites\/2\/2025\/08\/1003372241.jpg\",\"datePublished\":\"2025-08-20T16:06:03+00:00\",\"dateModified\":\"2025-08-20T16:08:29+00:00\",\"author\":{\"@id\":\"https:\/\/www.blogsoestado.com\/danielmatos\/#\/schema\/person\/9a209d407cd45631f131e1285b661bb0\"},\"breadcrumb\":{\"@id\":\"https:\/\/www.blogsoestado.com\/danielmatos\/maranhao-tem-2o-menor-gasto-com-folha-de-pagamento-aponta-tesouro-nacional\/#breadcrumb\"},\"inLanguage\":\"pt-BR\",\"potentialAction\":[{\"@type\":\"ReadAction\",\"target\":[\"https:\/\/www.blogsoestado.com\/danielmatos\/maranhao-tem-2o-menor-gasto-com-folha-de-pagamento-aponta-tesouro-nacional\/\"]}]},{\"@type\":\"ImageObject\",\"inLanguage\":\"pt-BR\",\"@id\":\"https:\/\/www.blogsoestado.com\/danielmatos\/maranhao-tem-2o-menor-gasto-com-folha-de-pagamento-aponta-tesouro-nacional\/#primaryimage\",\"url\":\"https:\/\/www.blogsoestado.com\/danielmatos\/wp-content\/uploads\/sites\/2\/2025\/08\/1003372241.jpg\",\"contentUrl\":\"https:\/\/www.blogsoestado.com\/danielmatos\/wp-content\/uploads\/sites\/2\/2025\/08\/1003372241.jpg\",\"width\":347,\"height\":145},{\"@type\":\"BreadcrumbList\",\"@id\":\"https:\/\/www.blogsoestado.com\/danielmatos\/maranhao-tem-2o-menor-gasto-com-folha-de-pagamento-aponta-tesouro-nacional\/#breadcrumb\",\"itemListElement\":[{\"@type\":\"ListItem\",\"position\":1,\"name\":\"In\u00edcio\",\"item\":\"https:\/\/www.blogsoestado.com\/danielmatos\/\"},{\"@type\":\"ListItem\",\"position\":2,\"name\":\"Maranh\u00e3o tem 2\u00ba menor gasto com folha de pagamento entre unidades da federa\u00e7\u00e3o, aponta Tesouro Nacional\"}]},{\"@type\":\"WebSite\",\"@id\":\"https:\/\/www.blogsoestado.com\/danielmatos\/#website\",\"url\":\"https:\/\/www.blogsoestado.com\/danielmatos\/\",\"name\":\"Daniel Matos\",\"description\":\"\",\"potentialAction\":[{\"@type\":\"SearchAction\",\"target\":{\"@type\":\"EntryPoint\",\"urlTemplate\":\"https:\/\/www.blogsoestado.com\/danielmatos\/?s={search_term_string}\"},\"query-input\":{\"@type\":\"PropertyValueSpecification\",\"valueRequired\":true,\"valueName\":\"search_term_string\"}}],\"inLanguage\":\"pt-BR\"},{\"@type\":\"Person\",\"@id\":\"https:\/\/www.blogsoestado.com\/danielmatos\/#\/schema\/person\/9a209d407cd45631f131e1285b661bb0\",\"name\":\"Daniel Matos\",\"image\":{\"@type\":\"ImageObject\",\"inLanguage\":\"pt-BR\",\"@id\":\"https:\/\/www.blogsoestado.com\/danielmatos\/#\/schema\/person\/image\/\",\"url\":\"https:\/\/secure.gravatar.com\/avatar\/2f26c36ee355da19a257f0dfef43952a2588b324ca35d6719e859fe338ac0392?s=96&d=mm&r=g\",\"contentUrl\":\"https:\/\/secure.gravatar.com\/avatar\/2f26c36ee355da19a257f0dfef43952a2588b324ca35d6719e859fe338ac0392?s=96&d=mm&r=g\",\"caption\":\"Daniel Matos\"},\"url\":\"https:\/\/www.blogsoestado.com\/danielmatos\/author\/danielmatos\/\"}]}<\/script>\n<!-- \/ Yoast SEO plugin. -->","yoast_head_json":{"title":"Maranh\u00e3o tem 2\u00ba menor gasto com folha de pagamento entre unidades da federa\u00e7\u00e3o, aponta Tesouro Nacional - Daniel Matos","robots":{"index":"index","follow":"follow","max-snippet":"max-snippet:-1","max-image-preview":"max-image-preview:large","max-video-preview":"max-video-preview:-1"},"canonical":"https:\/\/www.blogsoestado.com\/danielmatos\/maranhao-tem-2o-menor-gasto-com-folha-de-pagamento-aponta-tesouro-nacional\/","og_locale":"pt_BR","og_type":"article","og_title":"Maranh\u00e3o tem 2\u00ba menor gasto com folha de pagamento entre unidades da federa\u00e7\u00e3o, aponta Tesouro Nacional - Daniel Matos","og_description":"Estado contabilizou queda de 1% de receita corrente realizada, que \u00e9 a arrecada\u00e7\u00e3o obtida de fato pelo Estado O Estado [&hellip;]","og_url":"https:\/\/www.blogsoestado.com\/danielmatos\/maranhao-tem-2o-menor-gasto-com-folha-de-pagamento-aponta-tesouro-nacional\/","og_site_name":"Daniel Matos","article_published_time":"2025-08-20T16:06:03+00:00","article_modified_time":"2025-08-20T16:08:29+00:00","og_image":[{"width":347,"height":145,"url":"https:\/\/www.blogsoestado.com\/danielmatos\/wp-content\/uploads\/sites\/2\/2025\/08\/1003372241.jpg","type":"image\/jpeg"}],"author":"Daniel Matos","twitter_card":"summary_large_image","twitter_misc":{"Escrito por":"Daniel Matos","Est. tempo de leitura":"2 minutos"},"schema":{"@context":"https:\/\/schema.org","@graph":[{"@type":"WebPage","@id":"https:\/\/www.blogsoestado.com\/danielmatos\/maranhao-tem-2o-menor-gasto-com-folha-de-pagamento-aponta-tesouro-nacional\/","url":"https:\/\/www.blogsoestado.com\/danielmatos\/maranhao-tem-2o-menor-gasto-com-folha-de-pagamento-aponta-tesouro-nacional\/","name":"Maranh\u00e3o tem 2\u00ba menor gasto com folha de pagamento entre unidades da federa\u00e7\u00e3o, aponta Tesouro Nacional - Daniel Matos","isPartOf":{"@id":"https:\/\/www.blogsoestado.com\/danielmatos\/#website"},"primaryImageOfPage":{"@id":"https:\/\/www.blogsoestado.com\/danielmatos\/maranhao-tem-2o-menor-gasto-com-folha-de-pagamento-aponta-tesouro-nacional\/#primaryimage"},"image":{"@id":"https:\/\/www.blogsoestado.com\/danielmatos\/maranhao-tem-2o-menor-gasto-com-folha-de-pagamento-aponta-tesouro-nacional\/#primaryimage"},"thumbnailUrl":"https:\/\/www.blogsoestado.com\/danielmatos\/wp-content\/uploads\/sites\/2\/2025\/08\/1003372241.jpg","datePublished":"2025-08-20T16:06:03+00:00","dateModified":"2025-08-20T16:08:29+00:00","author":{"@id":"https:\/\/www.blogsoestado.com\/danielmatos\/#\/schema\/person\/9a209d407cd45631f131e1285b661bb0"},"breadcrumb":{"@id":"https:\/\/www.blogsoestado.com\/danielmatos\/maranhao-tem-2o-menor-gasto-com-folha-de-pagamento-aponta-tesouro-nacional\/#breadcrumb"},"inLanguage":"pt-BR","potentialAction":[{"@type":"ReadAction","target":["https:\/\/www.blogsoestado.com\/danielmatos\/maranhao-tem-2o-menor-gasto-com-folha-de-pagamento-aponta-tesouro-nacional\/"]}]},{"@type":"ImageObject","inLanguage":"pt-BR","@id":"https:\/\/www.blogsoestado.com\/danielmatos\/maranhao-tem-2o-menor-gasto-com-folha-de-pagamento-aponta-tesouro-nacional\/#primaryimage","url":"https:\/\/www.blogsoestado.com\/danielmatos\/wp-content\/uploads\/sites\/2\/2025\/08\/1003372241.jpg","contentUrl":"https:\/\/www.blogsoestado.com\/danielmatos\/wp-content\/uploads\/sites\/2\/2025\/08\/1003372241.jpg","width":347,"height":145},{"@type":"BreadcrumbList","@id":"https:\/\/www.blogsoestado.com\/danielmatos\/maranhao-tem-2o-menor-gasto-com-folha-de-pagamento-aponta-tesouro-nacional\/#breadcrumb","itemListElement":[{"@type":"ListItem","position":1,"name":"In\u00edcio","item":"https:\/\/www.blogsoestado.com\/danielmatos\/"},{"@type":"ListItem","position":2,"name":"Maranh\u00e3o tem 2\u00ba menor gasto com folha de pagamento entre unidades da federa\u00e7\u00e3o, aponta Tesouro Nacional"}]},{"@type":"WebSite","@id":"https:\/\/www.blogsoestado.com\/danielmatos\/#website","url":"https:\/\/www.blogsoestado.com\/danielmatos\/","name":"Daniel Matos","description":"","potentialAction":[{"@type":"SearchAction","target":{"@type":"EntryPoint","urlTemplate":"https:\/\/www.blogsoestado.com\/danielmatos\/?s={search_term_string}"},"query-input":{"@type":"PropertyValueSpecification","valueRequired":true,"valueName":"search_term_string"}}],"inLanguage":"pt-BR"},{"@type":"Person","@id":"https:\/\/www.blogsoestado.com\/danielmatos\/#\/schema\/person\/9a209d407cd45631f131e1285b661bb0","name":"Daniel Matos","image":{"@type":"ImageObject","inLanguage":"pt-BR","@id":"https:\/\/www.blogsoestado.com\/danielmatos\/#\/schema\/person\/image\/","url":"https:\/\/secure.gravatar.com\/avatar\/2f26c36ee355da19a257f0dfef43952a2588b324ca35d6719e859fe338ac0392?s=96&d=mm&r=g","contentUrl":"https:\/\/secure.gravatar.com\/avatar\/2f26c36ee355da19a257f0dfef43952a2588b324ca35d6719e859fe338ac0392?s=96&d=mm&r=g","caption":"Daniel Matos"},"url":"https:\/\/www.blogsoestado.com\/danielmatos\/author\/danielmatos\/"}]}},"jetpack_featured_media_url":"","_links":{"self":[{"href":"https:\/\/www.blogsoestado.com\/danielmatos\/wp-json\/wp\/v2\/posts\/147452","targetHints":{"allow":["GET"]}}],"collection":[{"href":"https:\/\/www.blogsoestado.com\/danielmatos\/wp-json\/wp\/v2\/posts"}],"about":[{"href":"https:\/\/www.blogsoestado.com\/danielmatos\/wp-json\/wp\/v2\/types\/post"}],"author":[{"embeddable":true,"href":"https:\/\/www.blogsoestado.com\/danielmatos\/wp-json\/wp\/v2\/users\/2"}],"replies":[{"embeddable":true,"href":"https:\/\/www.blogsoestado.com\/danielmatos\/wp-json\/wp\/v2\/comments?post=147452"}],"version-history":[{"count":3,"href":"https:\/\/www.blogsoestado.com\/danielmatos\/wp-json\/wp\/v2\/posts\/147452\/revisions"}],"predecessor-version":[{"id":147456,"href":"https:\/\/www.blogsoestado.com\/danielmatos\/wp-json\/wp\/v2\/posts\/147452\/revisions\/147456"}],"wp:attachment":[{"href":"https:\/\/www.blogsoestado.com\/danielmatos\/wp-json\/wp\/v2\/media?parent=147452"}],"wp:term":[{"taxonomy":"category","embeddable":true,"href":"https:\/\/www.blogsoestado.com\/danielmatos\/wp-json\/wp\/v2\/categories?post=147452"},{"taxonomy":"post_tag","embeddable":true,"href":"https:\/\/www.blogsoestado.com\/danielmatos\/wp-json\/wp\/v2\/tags?post=147452"}],"curies":[{"name":"wp","href":"https:\/\/api.w.org\/{rel}","templated":true}]}}