{"id":147457,"date":"2025-08-20T14:13:50","date_gmt":"2025-08-20T17:13:50","guid":{"rendered":"https:\/\/www.blogsoestado.com\/danielmatos\/?p=147457"},"modified":"2025-08-20T14:13:53","modified_gmt":"2025-08-20T17:13:53","slug":"deputado-wellington-solicita-divulgacao-do-calendario-de-pagamento-da-2a-parcela-do-precatorio-do-fundef","status":"publish","type":"post","link":"https:\/\/www.blogsoestado.com\/danielmatos\/deputado-wellington-solicita-divulgacao-do-calendario-de-pagamento-da-2a-parcela-do-precatorio-do-fundef\/","title":{"rendered":"Deputado Wellington solicita divulga\u00e7\u00e3o do calend\u00e1rio de pagamento da 2\u00aa parcela do precat\u00f3rio do FUNDEF"},"content":{"rendered":"\n<figure class=\"wp-block-image aligncenter size-full\"><img fetchpriority=\"high\" decoding=\"async\" width=\"799\" height=\"584\" src=\"https:\/\/www.blogsoestado.com\/danielmatos\/wp-content\/uploads\/sites\/2\/2025\/08\/1003373129.jpg\" alt=\"\" class=\"wp-image-147458\" srcset=\"https:\/\/www.blogsoestado.com\/danielmatos\/wp-content\/uploads\/sites\/2\/2025\/08\/1003373129.jpg 799w, https:\/\/www.blogsoestado.com\/danielmatos\/wp-content\/uploads\/sites\/2\/2025\/08\/1003373129-300x219.jpg 300w, https:\/\/www.blogsoestado.com\/danielmatos\/wp-content\/uploads\/sites\/2\/2025\/08\/1003373129-768x561.jpg 768w\" sizes=\"(max-width: 799px) 100vw, 799px\" \/><figcaption class=\"wp-element-caption\">O deputado Wellington do Curso apresentou a solicita\u00e7\u00e3o ap\u00f3s decis\u00e3o do STF sobre dep\u00f3sito judicial da parcela do precat\u00f3rio do FUNDEF<\/figcaption><\/figure>\n\n\n\n<p>Na sess\u00e3o plen\u00e1ria desta quarta-feira (20), o deputado estadual Wellington do Curso destacou indica\u00e7\u00e3o de sua autoria em que solicita ao Governo do Estado do Maranh\u00e3o que seja disponibilizado o cronograma oficial de pagamento da segunda parcela do precat\u00f3rio do FUNDEF destinado aos professores da rede p\u00fablica estadual. O pedido visa garantir transpar\u00eancia e seguran\u00e7a aos profissionais que t\u00eam direito aos valores, permitindo que possam se programar adequadamente.<\/p>\n\n\n\n<p>A solicita\u00e7\u00e3o do deputado foi feita ap\u00f3s despacho do presidente do Supremo Tribunal Federal (STF), ministro Lu\u00eds Roberto Barroso, no dia 19 de agosto de 2025, determinando o envio de of\u00edcio \u00e0 Caixa Econ\u00f4mica Federal para a realiza\u00e7\u00e3o da transfer\u00eancia eletr\u00f4nica da segunda parcela do FUNDEF da conta judicial para as contas do Governo do Estado. Com isso, o caminho jur\u00eddico para o pagamento foi aberto, tornando essencial a divulga\u00e7\u00e3o imediata do calend\u00e1rio oficial.<\/p>\n\n\n\n<p>\u201cComo professor e como parlamentar, tenho sempre defendido os direitos da categoria. Sei da import\u00e2ncia de cada parcela desse precat\u00f3rio para o planejamento e a seguran\u00e7a financeira dos professores da rede estadual. Por isso, \u00e9 fundamental que o governo divulgue o calend\u00e1rio de pagamento o quanto antes, garantindo transpar\u00eancia, organiza\u00e7\u00e3o e respeito aos profissionais que dedicam sua vida \u00e0 educa\u00e7\u00e3o. Continuarei lutando para que os professores recebam o que lhes \u00e9 devido com celeridade e justi\u00e7a\u201d, afirmou o deputado Wellington, reconhecido por sua atua\u00e7\u00e3o em defesa dos profissionais da educa\u00e7\u00e3o estadual.<\/p>\n","protected":false},"excerpt":{"rendered":"<p>Na sess\u00e3o plen\u00e1ria desta quarta-feira (20), o deputado estadual Wellington do Curso destacou indica\u00e7\u00e3o de sua autoria em que solicita [&hellip;]<\/p>\n","protected":false},"author":2,"featured_media":0,"comment_status":"open","ping_status":"open","sticky":false,"template":"","format":"standard","meta":{"site-sidebar-layout":"default","site-content-layout":"","ast-site-content-layout":"default","site-content-style":"default","site-sidebar-style":"default","ast-global-header-display":"","ast-banner-title-visibility":"","ast-main-header-display":"","ast-hfb-above-header-display":"","ast-hfb-below-header-display":"","ast-hfb-mobile-header-display":"","site-post-title":"","ast-breadcrumbs-content":"","ast-featured-img":"","footer-sml-layout":"","ast-disable-related-posts":"","theme-transparent-header-meta":"","adv-header-id-meta":"","stick-header-meta":"","header-above-stick-meta":"","header-main-stick-meta":"","header-below-stick-meta":"","astra-migrate-meta-layouts":"default","ast-page-background-enabled":"default","ast-page-background-meta":{"desktop":{"background-color":"var(--ast-global-color-5)","background-image":"","background-repeat":"repeat","background-position":"center center","background-size":"auto","background-attachment":"scroll","background-type":"","background-media":"","overlay-type":"","overlay-color":"","overlay-opacity":"","overlay-gradient":""},"tablet":{"background-color":"","background-image":"","background-repeat":"repeat","background-position":"center center","background-size":"auto","background-attachment":"scroll","background-type":"","background-media":"","overlay-type":"","overlay-color":"","overlay-opacity":"","overlay-gradient":""},"mobile":{"background-color":"","background-image":"","background-repeat":"repeat","background-position":"center center","background-size":"auto","background-attachment":"scroll","background-type":"","background-media":"","overlay-type":"","overlay-color":"","overlay-opacity":"","overlay-gradient":""}},"ast-content-background-meta":{"desktop":{"background-color":"var(--ast-global-color-4)","background-image":"","background-repeat":"repeat","background-position":"center center","background-size":"auto","background-attachment":"scroll","background-type":"","background-media":"","overlay-type":"","overlay-color":"","overlay-opacity":"","overlay-gradient":""},"tablet":{"background-color":"var(--ast-global-color-4)","background-image":"","background-repeat":"repeat","background-position":"center center","background-size":"auto","background-attachment":"scroll","background-type":"","background-media":"","overlay-type":"","overlay-color":"","overlay-opacity":"","overlay-gradient":""},"mobile":{"background-color":"var(--ast-global-color-4)","background-image":"","background-repeat":"repeat","background-position":"center center","background-size":"auto","background-attachment":"scroll","background-type":"","background-media":"","overlay-type":"","overlay-color":"","overlay-opacity":"","overlay-gradient":""}},"footnotes":""},"categories":[1],"tags":[],"class_list":["post-147457","post","type-post","status-publish","format-standard","hentry","category-sem-categoria"],"yoast_head":"<!-- This site is optimized with the Yoast SEO plugin v26.6 - https:\/\/yoast.com\/wordpress\/plugins\/seo\/ -->\n<title>Deputado Wellington solicita divulga\u00e7\u00e3o do calend\u00e1rio de pagamento da 2\u00aa parcela do precat\u00f3rio do FUNDEF - Daniel Matos<\/title>\n<meta name=\"robots\" content=\"index, follow, max-snippet:-1, max-image-preview:large, max-video-preview:-1\" \/>\n<link rel=\"canonical\" href=\"https:\/\/www.blogsoestado.com\/danielmatos\/deputado-wellington-solicita-divulgacao-do-calendario-de-pagamento-da-2a-parcela-do-precatorio-do-fundef\/\" \/>\n<meta property=\"og:locale\" content=\"pt_BR\" \/>\n<meta property=\"og:type\" content=\"article\" \/>\n<meta property=\"og:title\" content=\"Deputado Wellington solicita divulga\u00e7\u00e3o do calend\u00e1rio de pagamento da 2\u00aa parcela do precat\u00f3rio do FUNDEF - Daniel Matos\" \/>\n<meta property=\"og:description\" content=\"Na sess\u00e3o plen\u00e1ria desta quarta-feira (20), o deputado estadual Wellington do Curso destacou indica\u00e7\u00e3o de sua autoria em que solicita [&hellip;]\" \/>\n<meta property=\"og:url\" content=\"https:\/\/www.blogsoestado.com\/danielmatos\/deputado-wellington-solicita-divulgacao-do-calendario-de-pagamento-da-2a-parcela-do-precatorio-do-fundef\/\" \/>\n<meta property=\"og:site_name\" content=\"Daniel Matos\" \/>\n<meta property=\"article:published_time\" content=\"2025-08-20T17:13:50+00:00\" \/>\n<meta property=\"article:modified_time\" content=\"2025-08-20T17:13:53+00:00\" \/>\n<meta property=\"og:image\" content=\"https:\/\/www.blogsoestado.com\/danielmatos\/wp-content\/uploads\/sites\/2\/2025\/08\/1003373129.jpg\" \/>\n\t<meta property=\"og:image:width\" content=\"799\" \/>\n\t<meta property=\"og:image:height\" content=\"584\" \/>\n\t<meta property=\"og:image:type\" content=\"image\/jpeg\" \/>\n<meta name=\"author\" content=\"Daniel Matos\" \/>\n<meta name=\"twitter:card\" content=\"summary_large_image\" \/>\n<meta name=\"twitter:label1\" content=\"Escrito por\" \/>\n\t<meta name=\"twitter:data1\" content=\"Daniel Matos\" \/>\n\t<meta name=\"twitter:label2\" content=\"Est. tempo de leitura\" \/>\n\t<meta name=\"twitter:data2\" content=\"2 minutos\" \/>\n<script type=\"application\/ld+json\" class=\"yoast-schema-graph\">{\"@context\":\"https:\/\/schema.org\",\"@graph\":[{\"@type\":\"WebPage\",\"@id\":\"https:\/\/www.blogsoestado.com\/danielmatos\/deputado-wellington-solicita-divulgacao-do-calendario-de-pagamento-da-2a-parcela-do-precatorio-do-fundef\/\",\"url\":\"https:\/\/www.blogsoestado.com\/danielmatos\/deputado-wellington-solicita-divulgacao-do-calendario-de-pagamento-da-2a-parcela-do-precatorio-do-fundef\/\",\"name\":\"Deputado Wellington solicita divulga\u00e7\u00e3o do calend\u00e1rio de pagamento da 2\u00aa parcela do precat\u00f3rio do FUNDEF - Daniel Matos\",\"isPartOf\":{\"@id\":\"https:\/\/www.blogsoestado.com\/danielmatos\/#website\"},\"primaryImageOfPage\":{\"@id\":\"https:\/\/www.blogsoestado.com\/danielmatos\/deputado-wellington-solicita-divulgacao-do-calendario-de-pagamento-da-2a-parcela-do-precatorio-do-fundef\/#primaryimage\"},\"image\":{\"@id\":\"https:\/\/www.blogsoestado.com\/danielmatos\/deputado-wellington-solicita-divulgacao-do-calendario-de-pagamento-da-2a-parcela-do-precatorio-do-fundef\/#primaryimage\"},\"thumbnailUrl\":\"https:\/\/www.blogsoestado.com\/danielmatos\/wp-content\/uploads\/sites\/2\/2025\/08\/1003373129.jpg\",\"datePublished\":\"2025-08-20T17:13:50+00:00\",\"dateModified\":\"2025-08-20T17:13:53+00:00\",\"author\":{\"@id\":\"https:\/\/www.blogsoestado.com\/danielmatos\/#\/schema\/person\/9a209d407cd45631f131e1285b661bb0\"},\"breadcrumb\":{\"@id\":\"https:\/\/www.blogsoestado.com\/danielmatos\/deputado-wellington-solicita-divulgacao-do-calendario-de-pagamento-da-2a-parcela-do-precatorio-do-fundef\/#breadcrumb\"},\"inLanguage\":\"pt-BR\",\"potentialAction\":[{\"@type\":\"ReadAction\",\"target\":[\"https:\/\/www.blogsoestado.com\/danielmatos\/deputado-wellington-solicita-divulgacao-do-calendario-de-pagamento-da-2a-parcela-do-precatorio-do-fundef\/\"]}]},{\"@type\":\"ImageObject\",\"inLanguage\":\"pt-BR\",\"@id\":\"https:\/\/www.blogsoestado.com\/danielmatos\/deputado-wellington-solicita-divulgacao-do-calendario-de-pagamento-da-2a-parcela-do-precatorio-do-fundef\/#primaryimage\",\"url\":\"https:\/\/www.blogsoestado.com\/danielmatos\/wp-content\/uploads\/sites\/2\/2025\/08\/1003373129.jpg\",\"contentUrl\":\"https:\/\/www.blogsoestado.com\/danielmatos\/wp-content\/uploads\/sites\/2\/2025\/08\/1003373129.jpg\",\"width\":799,\"height\":584},{\"@type\":\"BreadcrumbList\",\"@id\":\"https:\/\/www.blogsoestado.com\/danielmatos\/deputado-wellington-solicita-divulgacao-do-calendario-de-pagamento-da-2a-parcela-do-precatorio-do-fundef\/#breadcrumb\",\"itemListElement\":[{\"@type\":\"ListItem\",\"position\":1,\"name\":\"In\u00edcio\",\"item\":\"https:\/\/www.blogsoestado.com\/danielmatos\/\"},{\"@type\":\"ListItem\",\"position\":2,\"name\":\"Deputado Wellington solicita divulga\u00e7\u00e3o do calend\u00e1rio de pagamento da 2\u00aa parcela do precat\u00f3rio do FUNDEF\"}]},{\"@type\":\"WebSite\",\"@id\":\"https:\/\/www.blogsoestado.com\/danielmatos\/#website\",\"url\":\"https:\/\/www.blogsoestado.com\/danielmatos\/\",\"name\":\"Daniel Matos\",\"description\":\"\",\"potentialAction\":[{\"@type\":\"SearchAction\",\"target\":{\"@type\":\"EntryPoint\",\"urlTemplate\":\"https:\/\/www.blogsoestado.com\/danielmatos\/?s={search_term_string}\"},\"query-input\":{\"@type\":\"PropertyValueSpecification\",\"valueRequired\":true,\"valueName\":\"search_term_string\"}}],\"inLanguage\":\"pt-BR\"},{\"@type\":\"Person\",\"@id\":\"https:\/\/www.blogsoestado.com\/danielmatos\/#\/schema\/person\/9a209d407cd45631f131e1285b661bb0\",\"name\":\"Daniel Matos\",\"image\":{\"@type\":\"ImageObject\",\"inLanguage\":\"pt-BR\",\"@id\":\"https:\/\/www.blogsoestado.com\/danielmatos\/#\/schema\/person\/image\/\",\"url\":\"https:\/\/secure.gravatar.com\/avatar\/2f26c36ee355da19a257f0dfef43952a2588b324ca35d6719e859fe338ac0392?s=96&d=mm&r=g\",\"contentUrl\":\"https:\/\/secure.gravatar.com\/avatar\/2f26c36ee355da19a257f0dfef43952a2588b324ca35d6719e859fe338ac0392?s=96&d=mm&r=g\",\"caption\":\"Daniel Matos\"},\"url\":\"https:\/\/www.blogsoestado.com\/danielmatos\/author\/danielmatos\/\"}]}<\/script>\n<!-- \/ Yoast SEO plugin. -->","yoast_head_json":{"title":"Deputado Wellington solicita divulga\u00e7\u00e3o do calend\u00e1rio de pagamento da 2\u00aa parcela do precat\u00f3rio do FUNDEF - Daniel Matos","robots":{"index":"index","follow":"follow","max-snippet":"max-snippet:-1","max-image-preview":"max-image-preview:large","max-video-preview":"max-video-preview:-1"},"canonical":"https:\/\/www.blogsoestado.com\/danielmatos\/deputado-wellington-solicita-divulgacao-do-calendario-de-pagamento-da-2a-parcela-do-precatorio-do-fundef\/","og_locale":"pt_BR","og_type":"article","og_title":"Deputado Wellington solicita divulga\u00e7\u00e3o do calend\u00e1rio de pagamento da 2\u00aa parcela do precat\u00f3rio do FUNDEF - Daniel Matos","og_description":"Na sess\u00e3o plen\u00e1ria desta quarta-feira (20), o deputado estadual Wellington do Curso destacou indica\u00e7\u00e3o de sua autoria em que solicita [&hellip;]","og_url":"https:\/\/www.blogsoestado.com\/danielmatos\/deputado-wellington-solicita-divulgacao-do-calendario-de-pagamento-da-2a-parcela-do-precatorio-do-fundef\/","og_site_name":"Daniel Matos","article_published_time":"2025-08-20T17:13:50+00:00","article_modified_time":"2025-08-20T17:13:53+00:00","og_image":[{"width":799,"height":584,"url":"https:\/\/www.blogsoestado.com\/danielmatos\/wp-content\/uploads\/sites\/2\/2025\/08\/1003373129.jpg","type":"image\/jpeg"}],"author":"Daniel Matos","twitter_card":"summary_large_image","twitter_misc":{"Escrito por":"Daniel Matos","Est. tempo de leitura":"2 minutos"},"schema":{"@context":"https:\/\/schema.org","@graph":[{"@type":"WebPage","@id":"https:\/\/www.blogsoestado.com\/danielmatos\/deputado-wellington-solicita-divulgacao-do-calendario-de-pagamento-da-2a-parcela-do-precatorio-do-fundef\/","url":"https:\/\/www.blogsoestado.com\/danielmatos\/deputado-wellington-solicita-divulgacao-do-calendario-de-pagamento-da-2a-parcela-do-precatorio-do-fundef\/","name":"Deputado Wellington solicita divulga\u00e7\u00e3o do calend\u00e1rio de pagamento da 2\u00aa parcela do precat\u00f3rio do FUNDEF - Daniel Matos","isPartOf":{"@id":"https:\/\/www.blogsoestado.com\/danielmatos\/#website"},"primaryImageOfPage":{"@id":"https:\/\/www.blogsoestado.com\/danielmatos\/deputado-wellington-solicita-divulgacao-do-calendario-de-pagamento-da-2a-parcela-do-precatorio-do-fundef\/#primaryimage"},"image":{"@id":"https:\/\/www.blogsoestado.com\/danielmatos\/deputado-wellington-solicita-divulgacao-do-calendario-de-pagamento-da-2a-parcela-do-precatorio-do-fundef\/#primaryimage"},"thumbnailUrl":"https:\/\/www.blogsoestado.com\/danielmatos\/wp-content\/uploads\/sites\/2\/2025\/08\/1003373129.jpg","datePublished":"2025-08-20T17:13:50+00:00","dateModified":"2025-08-20T17:13:53+00:00","author":{"@id":"https:\/\/www.blogsoestado.com\/danielmatos\/#\/schema\/person\/9a209d407cd45631f131e1285b661bb0"},"breadcrumb":{"@id":"https:\/\/www.blogsoestado.com\/danielmatos\/deputado-wellington-solicita-divulgacao-do-calendario-de-pagamento-da-2a-parcela-do-precatorio-do-fundef\/#breadcrumb"},"inLanguage":"pt-BR","potentialAction":[{"@type":"ReadAction","target":["https:\/\/www.blogsoestado.com\/danielmatos\/deputado-wellington-solicita-divulgacao-do-calendario-de-pagamento-da-2a-parcela-do-precatorio-do-fundef\/"]}]},{"@type":"ImageObject","inLanguage":"pt-BR","@id":"https:\/\/www.blogsoestado.com\/danielmatos\/deputado-wellington-solicita-divulgacao-do-calendario-de-pagamento-da-2a-parcela-do-precatorio-do-fundef\/#primaryimage","url":"https:\/\/www.blogsoestado.com\/danielmatos\/wp-content\/uploads\/sites\/2\/2025\/08\/1003373129.jpg","contentUrl":"https:\/\/www.blogsoestado.com\/danielmatos\/wp-content\/uploads\/sites\/2\/2025\/08\/1003373129.jpg","width":799,"height":584},{"@type":"BreadcrumbList","@id":"https:\/\/www.blogsoestado.com\/danielmatos\/deputado-wellington-solicita-divulgacao-do-calendario-de-pagamento-da-2a-parcela-do-precatorio-do-fundef\/#breadcrumb","itemListElement":[{"@type":"ListItem","position":1,"name":"In\u00edcio","item":"https:\/\/www.blogsoestado.com\/danielmatos\/"},{"@type":"ListItem","position":2,"name":"Deputado Wellington solicita divulga\u00e7\u00e3o do calend\u00e1rio de pagamento da 2\u00aa parcela do precat\u00f3rio do FUNDEF"}]},{"@type":"WebSite","@id":"https:\/\/www.blogsoestado.com\/danielmatos\/#website","url":"https:\/\/www.blogsoestado.com\/danielmatos\/","name":"Daniel Matos","description":"","potentialAction":[{"@type":"SearchAction","target":{"@type":"EntryPoint","urlTemplate":"https:\/\/www.blogsoestado.com\/danielmatos\/?s={search_term_string}"},"query-input":{"@type":"PropertyValueSpecification","valueRequired":true,"valueName":"search_term_string"}}],"inLanguage":"pt-BR"},{"@type":"Person","@id":"https:\/\/www.blogsoestado.com\/danielmatos\/#\/schema\/person\/9a209d407cd45631f131e1285b661bb0","name":"Daniel Matos","image":{"@type":"ImageObject","inLanguage":"pt-BR","@id":"https:\/\/www.blogsoestado.com\/danielmatos\/#\/schema\/person\/image\/","url":"https:\/\/secure.gravatar.com\/avatar\/2f26c36ee355da19a257f0dfef43952a2588b324ca35d6719e859fe338ac0392?s=96&d=mm&r=g","contentUrl":"https:\/\/secure.gravatar.com\/avatar\/2f26c36ee355da19a257f0dfef43952a2588b324ca35d6719e859fe338ac0392?s=96&d=mm&r=g","caption":"Daniel Matos"},"url":"https:\/\/www.blogsoestado.com\/danielmatos\/author\/danielmatos\/"}]}},"jetpack_featured_media_url":"","_links":{"self":[{"href":"https:\/\/www.blogsoestado.com\/danielmatos\/wp-json\/wp\/v2\/posts\/147457","targetHints":{"allow":["GET"]}}],"collection":[{"href":"https:\/\/www.blogsoestado.com\/danielmatos\/wp-json\/wp\/v2\/posts"}],"about":[{"href":"https:\/\/www.blogsoestado.com\/danielmatos\/wp-json\/wp\/v2\/types\/post"}],"author":[{"embeddable":true,"href":"https:\/\/www.blogsoestado.com\/danielmatos\/wp-json\/wp\/v2\/users\/2"}],"replies":[{"embeddable":true,"href":"https:\/\/www.blogsoestado.com\/danielmatos\/wp-json\/wp\/v2\/comments?post=147457"}],"version-history":[{"count":1,"href":"https:\/\/www.blogsoestado.com\/danielmatos\/wp-json\/wp\/v2\/posts\/147457\/revisions"}],"predecessor-version":[{"id":147459,"href":"https:\/\/www.blogsoestado.com\/danielmatos\/wp-json\/wp\/v2\/posts\/147457\/revisions\/147459"}],"wp:attachment":[{"href":"https:\/\/www.blogsoestado.com\/danielmatos\/wp-json\/wp\/v2\/media?parent=147457"}],"wp:term":[{"taxonomy":"category","embeddable":true,"href":"https:\/\/www.blogsoestado.com\/danielmatos\/wp-json\/wp\/v2\/categories?post=147457"},{"taxonomy":"post_tag","embeddable":true,"href":"https:\/\/www.blogsoestado.com\/danielmatos\/wp-json\/wp\/v2\/tags?post=147457"}],"curies":[{"name":"wp","href":"https:\/\/api.w.org\/{rel}","templated":true}]}}