{"id":147460,"date":"2025-08-20T14:34:20","date_gmt":"2025-08-20T17:34:20","guid":{"rendered":"https:\/\/www.blogsoestado.com\/danielmatos\/?p=147460"},"modified":"2025-08-20T14:34:23","modified_gmt":"2025-08-20T17:34:23","slug":"mulheres-do-maranhao-conquistam-autonomia-com-projeto-social-da-fenae-e-apcef-ma","status":"publish","type":"post","link":"https:\/\/www.blogsoestado.com\/danielmatos\/mulheres-do-maranhao-conquistam-autonomia-com-projeto-social-da-fenae-e-apcef-ma\/","title":{"rendered":"Mulheres do Maranh\u00e3o conquistam autonomia com projeto social da Fenae e APCEF\/MA"},"content":{"rendered":"\n<p><strong><mark style=\"color:#cf2e2e\" class=\"has-inline-color\">A iniciativa aposta em educa\u00e7\u00e3o, cultura e gera\u00e7\u00e3o de renda para prevenir a viol\u00eancia de g\u00eanero e fortalecer o protagonismo feminino<\/mark><\/strong><\/p>\n\n\n\n<figure class=\"wp-block-image aligncenter size-full\"><img fetchpriority=\"high\" decoding=\"async\" width=\"960\" height=\"540\" src=\"https:\/\/www.blogsoestado.com\/danielmatos\/wp-content\/uploads\/sites\/2\/2025\/08\/1003373322.jpg\" alt=\"\" class=\"wp-image-147461\" srcset=\"https:\/\/www.blogsoestado.com\/danielmatos\/wp-content\/uploads\/sites\/2\/2025\/08\/1003373322.jpg 960w, https:\/\/www.blogsoestado.com\/danielmatos\/wp-content\/uploads\/sites\/2\/2025\/08\/1003373322-300x169.jpg 300w, https:\/\/www.blogsoestado.com\/danielmatos\/wp-content\/uploads\/sites\/2\/2025\/08\/1003373322-768x432.jpg 768w\" sizes=\"(max-width: 960px) 100vw, 960px\" \/><figcaption class=\"wp-element-caption\">O projeto social \u201cSou Porque Somos\u201d aposta na igualdade de g\u00eanero e no empoderamento de mulheres que vivem no Quilombo Urbano do bairro Liberdade, em S\u00e3o Lu\u00eds (<strong>Foto<\/strong>: Fenae)<\/figcaption><\/figure>\n\n\n\n<p>Por meio de a\u00e7\u00f5es educativas, culturais e econ\u00f4micas voltadas \u00e0 preven\u00e7\u00e3o da viol\u00eancia de g\u00eanero, o projeto social da Federa\u00e7\u00e3o Nacional das Associa\u00e7\u00f5es do Pessoal da Caixa (Fenae) e da Associa\u00e7\u00e3o do Pessoal da Caixa no Maranh\u00e3o (APCEF\/MA) tem promovido uma verdadeira transforma\u00e7\u00e3o na vida de meninas e mulheres no Maranh\u00e3o. Selecionada pelo Edital 004 de Responsabilidade Social da Fenae e desenvolvida em parceria com a ONG Moradia e Cidadania, o projeto social \u201cSou Porque Somos\u201d aposta na igualdade de g\u00eanero e no empoderamento de mulheres que vivem no Quilombo Urbano do bairro Liberdade, em S\u00e3o Lu\u00eds (MA).<\/p>\n\n\n\n<p>Desenvolvido na sede da Associa\u00e7\u00e3o dos Remanescentes Quilombolas Urbanos, a iniciativa oferece cursos trimestrais. O primeiro deles foi o de comunica\u00e7\u00e3o b\u00e1sica, cujo objetivo foi proporcionar \u00e0s meninas e mulheres, por meio de aulas pr\u00e1ticas e te\u00f3ricas sobre fotos, v\u00eddeos, aplicativos de edi\u00e7\u00e3o e cria\u00e7\u00e3o de cards, mais autonomia sobre seus trabalhos e processos criativos. O curso tamb\u00e9m oferece ferramentas para registrar e denunciar poss\u00edveis casos de abuso ou viol\u00eancia, seja em casa ou na comunidade. Al\u00e9m disso, contribui para a gera\u00e7\u00e3o de renda, capacitando-as a produzir conte\u00fado para e-commerce e realizar cobertura de eventos. O pr\u00f3ximo curso ser\u00e1 de artesanato, com foco principal na gera\u00e7\u00e3o de renda e no fortalecimento da independ\u00eancia econ\u00f4mica dessas mulheres.<\/p>\n\n\n\n<p>Ao falar sobre o projeto, o presidente da Fenae, Sergio Takemoto, ressaltou que a iniciativa vai muito al\u00e9m de oferecer apoio: representa esperan\u00e7a, transforma\u00e7\u00e3o e novas possibilidades para mulheres em situa\u00e7\u00e3o de vulnerabilidade. \u201cInfelizmente, o Maranh\u00e3o ainda est\u00e1 entre os estados mais pobres do Brasil. Com este projeto, buscamos oferecer oportunidades para que essas mulheres assumam o protagonismo e o comando de suas vidas, conquistando autonomia financeira e condi\u00e7\u00f5es de viver com dignidade, longe da viol\u00eancia que tantas vezes as vitimiza. \u00c9 uma grande satisfa\u00e7\u00e3o poder contribuir com uma causa t\u00e3o nobre\u201d, enfatiza Takemoto.<\/p>\n\n\n\n<p>Giselle Menezes, presidente da Apcef\/MA e coordenadora da ONG Moradia e Cidadania, destaca que o projeto Sou Porque Somos coloca as mulheres como protagonistas de sua pr\u00f3pria transforma\u00e7\u00e3o social. \u201cMais do que um projeto isolado, esta iniciativa promove a emancipa\u00e7\u00e3o feminina e refor\u00e7a nosso compromisso com a igualdade de g\u00eanero. Ao investir na autonomia e no desenvolvimento das mulheres, ajudamos a construir uma sociedade mais justa, criando espa\u00e7os para que prosperem, cres\u00e7am e se destaquem. Cada conquista delas \u00e9 tamb\u00e9m uma vit\u00f3ria coletiva, que mostra como juntos podemos transformar vidas e inspirar um futuro mais solid\u00e1rio e inclusivo\u201d, ressalta Giselle.<\/p>\n\n\n\n<p><strong>Fonte: <\/strong><a href=\"https:\/\/www.fenae.org.br\/portal\/fenae-portal\/projeto-da-fenae-no-maranhao-ganha-destaque-na-midia-8A19A30498C7C71D0198C80D85250E82-00.htm\">Fenae<\/a><\/p>\n","protected":false},"excerpt":{"rendered":"<p>A iniciativa aposta em educa\u00e7\u00e3o, cultura e gera\u00e7\u00e3o de renda para prevenir a viol\u00eancia de g\u00eanero e fortalecer o protagonismo [&hellip;]<\/p>\n","protected":false},"author":2,"featured_media":0,"comment_status":"open","ping_status":"open","sticky":false,"template":"","format":"standard","meta":{"site-sidebar-layout":"default","site-content-layout":"","ast-site-content-layout":"default","site-content-style":"default","site-sidebar-style":"default","ast-global-header-display":"","ast-banner-title-visibility":"","ast-main-header-display":"","ast-hfb-above-header-display":"","ast-hfb-below-header-display":"","ast-hfb-mobile-header-display":"","site-post-title":"","ast-breadcrumbs-content":"","ast-featured-img":"","footer-sml-layout":"","ast-disable-related-posts":"","theme-transparent-header-meta":"","adv-header-id-meta":"","stick-header-meta":"","header-above-stick-meta":"","header-main-stick-meta":"","header-below-stick-meta":"","astra-migrate-meta-layouts":"default","ast-page-background-enabled":"default","ast-page-background-meta":{"desktop":{"background-color":"var(--ast-global-color-5)","background-image":"","background-repeat":"repeat","background-position":"center center","background-size":"auto","background-attachment":"scroll","background-type":"","background-media":"","overlay-type":"","overlay-color":"","overlay-opacity":"","overlay-gradient":""},"tablet":{"background-color":"","background-image":"","background-repeat":"repeat","background-position":"center center","background-size":"auto","background-attachment":"scroll","background-type":"","background-media":"","overlay-type":"","overlay-color":"","overlay-opacity":"","overlay-gradient":""},"mobile":{"background-color":"","background-image":"","background-repeat":"repeat","background-position":"center center","background-size":"auto","background-attachment":"scroll","background-type":"","background-media":"","overlay-type":"","overlay-color":"","overlay-opacity":"","overlay-gradient":""}},"ast-content-background-meta":{"desktop":{"background-color":"var(--ast-global-color-4)","background-image":"","background-repeat":"repeat","background-position":"center center","background-size":"auto","background-attachment":"scroll","background-type":"","background-media":"","overlay-type":"","overlay-color":"","overlay-opacity":"","overlay-gradient":""},"tablet":{"background-color":"var(--ast-global-color-4)","background-image":"","background-repeat":"repeat","background-position":"center center","background-size":"auto","background-attachment":"scroll","background-type":"","background-media":"","overlay-type":"","overlay-color":"","overlay-opacity":"","overlay-gradient":""},"mobile":{"background-color":"var(--ast-global-color-4)","background-image":"","background-repeat":"repeat","background-position":"center center","background-size":"auto","background-attachment":"scroll","background-type":"","background-media":"","overlay-type":"","overlay-color":"","overlay-opacity":"","overlay-gradient":""}},"footnotes":""},"categories":[1],"tags":[],"class_list":["post-147460","post","type-post","status-publish","format-standard","hentry","category-sem-categoria"],"yoast_head":"<!-- This site is optimized with the Yoast SEO plugin v26.6 - https:\/\/yoast.com\/wordpress\/plugins\/seo\/ -->\n<title>Mulheres do Maranh\u00e3o conquistam autonomia com projeto social da Fenae e APCEF\/MA - Daniel Matos<\/title>\n<meta name=\"robots\" content=\"index, follow, max-snippet:-1, max-image-preview:large, max-video-preview:-1\" \/>\n<link rel=\"canonical\" href=\"https:\/\/www.blogsoestado.com\/danielmatos\/mulheres-do-maranhao-conquistam-autonomia-com-projeto-social-da-fenae-e-apcef-ma\/\" \/>\n<meta property=\"og:locale\" content=\"pt_BR\" \/>\n<meta property=\"og:type\" content=\"article\" \/>\n<meta property=\"og:title\" content=\"Mulheres do Maranh\u00e3o conquistam autonomia com projeto social da Fenae e APCEF\/MA - Daniel Matos\" \/>\n<meta property=\"og:description\" content=\"A iniciativa aposta em educa\u00e7\u00e3o, cultura e gera\u00e7\u00e3o de renda para prevenir a viol\u00eancia de g\u00eanero e fortalecer o protagonismo [&hellip;]\" \/>\n<meta property=\"og:url\" content=\"https:\/\/www.blogsoestado.com\/danielmatos\/mulheres-do-maranhao-conquistam-autonomia-com-projeto-social-da-fenae-e-apcef-ma\/\" \/>\n<meta property=\"og:site_name\" content=\"Daniel Matos\" \/>\n<meta property=\"article:published_time\" content=\"2025-08-20T17:34:20+00:00\" \/>\n<meta property=\"article:modified_time\" content=\"2025-08-20T17:34:23+00:00\" \/>\n<meta property=\"og:image\" content=\"https:\/\/www.blogsoestado.com\/danielmatos\/wp-content\/uploads\/sites\/2\/2025\/08\/1003373322.jpg\" \/>\n\t<meta property=\"og:image:width\" content=\"960\" \/>\n\t<meta property=\"og:image:height\" content=\"540\" \/>\n\t<meta property=\"og:image:type\" content=\"image\/jpeg\" \/>\n<meta name=\"author\" content=\"Daniel Matos\" \/>\n<meta name=\"twitter:card\" content=\"summary_large_image\" \/>\n<meta name=\"twitter:label1\" content=\"Escrito por\" \/>\n\t<meta name=\"twitter:data1\" content=\"Daniel Matos\" \/>\n\t<meta name=\"twitter:label2\" content=\"Est. tempo de leitura\" \/>\n\t<meta name=\"twitter:data2\" content=\"3 minutos\" \/>\n<script type=\"application\/ld+json\" class=\"yoast-schema-graph\">{\"@context\":\"https:\/\/schema.org\",\"@graph\":[{\"@type\":\"WebPage\",\"@id\":\"https:\/\/www.blogsoestado.com\/danielmatos\/mulheres-do-maranhao-conquistam-autonomia-com-projeto-social-da-fenae-e-apcef-ma\/\",\"url\":\"https:\/\/www.blogsoestado.com\/danielmatos\/mulheres-do-maranhao-conquistam-autonomia-com-projeto-social-da-fenae-e-apcef-ma\/\",\"name\":\"Mulheres do Maranh\u00e3o conquistam autonomia com projeto social da Fenae e APCEF\/MA - Daniel Matos\",\"isPartOf\":{\"@id\":\"https:\/\/www.blogsoestado.com\/danielmatos\/#website\"},\"primaryImageOfPage\":{\"@id\":\"https:\/\/www.blogsoestado.com\/danielmatos\/mulheres-do-maranhao-conquistam-autonomia-com-projeto-social-da-fenae-e-apcef-ma\/#primaryimage\"},\"image\":{\"@id\":\"https:\/\/www.blogsoestado.com\/danielmatos\/mulheres-do-maranhao-conquistam-autonomia-com-projeto-social-da-fenae-e-apcef-ma\/#primaryimage\"},\"thumbnailUrl\":\"https:\/\/www.blogsoestado.com\/danielmatos\/wp-content\/uploads\/sites\/2\/2025\/08\/1003373322.jpg\",\"datePublished\":\"2025-08-20T17:34:20+00:00\",\"dateModified\":\"2025-08-20T17:34:23+00:00\",\"author\":{\"@id\":\"https:\/\/www.blogsoestado.com\/danielmatos\/#\/schema\/person\/9a209d407cd45631f131e1285b661bb0\"},\"breadcrumb\":{\"@id\":\"https:\/\/www.blogsoestado.com\/danielmatos\/mulheres-do-maranhao-conquistam-autonomia-com-projeto-social-da-fenae-e-apcef-ma\/#breadcrumb\"},\"inLanguage\":\"pt-BR\",\"potentialAction\":[{\"@type\":\"ReadAction\",\"target\":[\"https:\/\/www.blogsoestado.com\/danielmatos\/mulheres-do-maranhao-conquistam-autonomia-com-projeto-social-da-fenae-e-apcef-ma\/\"]}]},{\"@type\":\"ImageObject\",\"inLanguage\":\"pt-BR\",\"@id\":\"https:\/\/www.blogsoestado.com\/danielmatos\/mulheres-do-maranhao-conquistam-autonomia-com-projeto-social-da-fenae-e-apcef-ma\/#primaryimage\",\"url\":\"https:\/\/www.blogsoestado.com\/danielmatos\/wp-content\/uploads\/sites\/2\/2025\/08\/1003373322.jpg\",\"contentUrl\":\"https:\/\/www.blogsoestado.com\/danielmatos\/wp-content\/uploads\/sites\/2\/2025\/08\/1003373322.jpg\",\"width\":960,\"height\":540},{\"@type\":\"BreadcrumbList\",\"@id\":\"https:\/\/www.blogsoestado.com\/danielmatos\/mulheres-do-maranhao-conquistam-autonomia-com-projeto-social-da-fenae-e-apcef-ma\/#breadcrumb\",\"itemListElement\":[{\"@type\":\"ListItem\",\"position\":1,\"name\":\"In\u00edcio\",\"item\":\"https:\/\/www.blogsoestado.com\/danielmatos\/\"},{\"@type\":\"ListItem\",\"position\":2,\"name\":\"Mulheres do Maranh\u00e3o conquistam autonomia com projeto social da Fenae e APCEF\/MA\"}]},{\"@type\":\"WebSite\",\"@id\":\"https:\/\/www.blogsoestado.com\/danielmatos\/#website\",\"url\":\"https:\/\/www.blogsoestado.com\/danielmatos\/\",\"name\":\"Daniel Matos\",\"description\":\"\",\"potentialAction\":[{\"@type\":\"SearchAction\",\"target\":{\"@type\":\"EntryPoint\",\"urlTemplate\":\"https:\/\/www.blogsoestado.com\/danielmatos\/?s={search_term_string}\"},\"query-input\":{\"@type\":\"PropertyValueSpecification\",\"valueRequired\":true,\"valueName\":\"search_term_string\"}}],\"inLanguage\":\"pt-BR\"},{\"@type\":\"Person\",\"@id\":\"https:\/\/www.blogsoestado.com\/danielmatos\/#\/schema\/person\/9a209d407cd45631f131e1285b661bb0\",\"name\":\"Daniel Matos\",\"image\":{\"@type\":\"ImageObject\",\"inLanguage\":\"pt-BR\",\"@id\":\"https:\/\/www.blogsoestado.com\/danielmatos\/#\/schema\/person\/image\/\",\"url\":\"https:\/\/secure.gravatar.com\/avatar\/2f26c36ee355da19a257f0dfef43952a2588b324ca35d6719e859fe338ac0392?s=96&d=mm&r=g\",\"contentUrl\":\"https:\/\/secure.gravatar.com\/avatar\/2f26c36ee355da19a257f0dfef43952a2588b324ca35d6719e859fe338ac0392?s=96&d=mm&r=g\",\"caption\":\"Daniel Matos\"},\"url\":\"https:\/\/www.blogsoestado.com\/danielmatos\/author\/danielmatos\/\"}]}<\/script>\n<!-- \/ Yoast SEO plugin. -->","yoast_head_json":{"title":"Mulheres do Maranh\u00e3o conquistam autonomia com projeto social da Fenae e APCEF\/MA - Daniel Matos","robots":{"index":"index","follow":"follow","max-snippet":"max-snippet:-1","max-image-preview":"max-image-preview:large","max-video-preview":"max-video-preview:-1"},"canonical":"https:\/\/www.blogsoestado.com\/danielmatos\/mulheres-do-maranhao-conquistam-autonomia-com-projeto-social-da-fenae-e-apcef-ma\/","og_locale":"pt_BR","og_type":"article","og_title":"Mulheres do Maranh\u00e3o conquistam autonomia com projeto social da Fenae e APCEF\/MA - Daniel Matos","og_description":"A iniciativa aposta em educa\u00e7\u00e3o, cultura e gera\u00e7\u00e3o de renda para prevenir a viol\u00eancia de g\u00eanero e fortalecer o protagonismo [&hellip;]","og_url":"https:\/\/www.blogsoestado.com\/danielmatos\/mulheres-do-maranhao-conquistam-autonomia-com-projeto-social-da-fenae-e-apcef-ma\/","og_site_name":"Daniel Matos","article_published_time":"2025-08-20T17:34:20+00:00","article_modified_time":"2025-08-20T17:34:23+00:00","og_image":[{"width":960,"height":540,"url":"https:\/\/www.blogsoestado.com\/danielmatos\/wp-content\/uploads\/sites\/2\/2025\/08\/1003373322.jpg","type":"image\/jpeg"}],"author":"Daniel Matos","twitter_card":"summary_large_image","twitter_misc":{"Escrito por":"Daniel Matos","Est. tempo de leitura":"3 minutos"},"schema":{"@context":"https:\/\/schema.org","@graph":[{"@type":"WebPage","@id":"https:\/\/www.blogsoestado.com\/danielmatos\/mulheres-do-maranhao-conquistam-autonomia-com-projeto-social-da-fenae-e-apcef-ma\/","url":"https:\/\/www.blogsoestado.com\/danielmatos\/mulheres-do-maranhao-conquistam-autonomia-com-projeto-social-da-fenae-e-apcef-ma\/","name":"Mulheres do Maranh\u00e3o conquistam autonomia com projeto social da Fenae e APCEF\/MA - Daniel Matos","isPartOf":{"@id":"https:\/\/www.blogsoestado.com\/danielmatos\/#website"},"primaryImageOfPage":{"@id":"https:\/\/www.blogsoestado.com\/danielmatos\/mulheres-do-maranhao-conquistam-autonomia-com-projeto-social-da-fenae-e-apcef-ma\/#primaryimage"},"image":{"@id":"https:\/\/www.blogsoestado.com\/danielmatos\/mulheres-do-maranhao-conquistam-autonomia-com-projeto-social-da-fenae-e-apcef-ma\/#primaryimage"},"thumbnailUrl":"https:\/\/www.blogsoestado.com\/danielmatos\/wp-content\/uploads\/sites\/2\/2025\/08\/1003373322.jpg","datePublished":"2025-08-20T17:34:20+00:00","dateModified":"2025-08-20T17:34:23+00:00","author":{"@id":"https:\/\/www.blogsoestado.com\/danielmatos\/#\/schema\/person\/9a209d407cd45631f131e1285b661bb0"},"breadcrumb":{"@id":"https:\/\/www.blogsoestado.com\/danielmatos\/mulheres-do-maranhao-conquistam-autonomia-com-projeto-social-da-fenae-e-apcef-ma\/#breadcrumb"},"inLanguage":"pt-BR","potentialAction":[{"@type":"ReadAction","target":["https:\/\/www.blogsoestado.com\/danielmatos\/mulheres-do-maranhao-conquistam-autonomia-com-projeto-social-da-fenae-e-apcef-ma\/"]}]},{"@type":"ImageObject","inLanguage":"pt-BR","@id":"https:\/\/www.blogsoestado.com\/danielmatos\/mulheres-do-maranhao-conquistam-autonomia-com-projeto-social-da-fenae-e-apcef-ma\/#primaryimage","url":"https:\/\/www.blogsoestado.com\/danielmatos\/wp-content\/uploads\/sites\/2\/2025\/08\/1003373322.jpg","contentUrl":"https:\/\/www.blogsoestado.com\/danielmatos\/wp-content\/uploads\/sites\/2\/2025\/08\/1003373322.jpg","width":960,"height":540},{"@type":"BreadcrumbList","@id":"https:\/\/www.blogsoestado.com\/danielmatos\/mulheres-do-maranhao-conquistam-autonomia-com-projeto-social-da-fenae-e-apcef-ma\/#breadcrumb","itemListElement":[{"@type":"ListItem","position":1,"name":"In\u00edcio","item":"https:\/\/www.blogsoestado.com\/danielmatos\/"},{"@type":"ListItem","position":2,"name":"Mulheres do Maranh\u00e3o conquistam autonomia com projeto social da Fenae e APCEF\/MA"}]},{"@type":"WebSite","@id":"https:\/\/www.blogsoestado.com\/danielmatos\/#website","url":"https:\/\/www.blogsoestado.com\/danielmatos\/","name":"Daniel Matos","description":"","potentialAction":[{"@type":"SearchAction","target":{"@type":"EntryPoint","urlTemplate":"https:\/\/www.blogsoestado.com\/danielmatos\/?s={search_term_string}"},"query-input":{"@type":"PropertyValueSpecification","valueRequired":true,"valueName":"search_term_string"}}],"inLanguage":"pt-BR"},{"@type":"Person","@id":"https:\/\/www.blogsoestado.com\/danielmatos\/#\/schema\/person\/9a209d407cd45631f131e1285b661bb0","name":"Daniel Matos","image":{"@type":"ImageObject","inLanguage":"pt-BR","@id":"https:\/\/www.blogsoestado.com\/danielmatos\/#\/schema\/person\/image\/","url":"https:\/\/secure.gravatar.com\/avatar\/2f26c36ee355da19a257f0dfef43952a2588b324ca35d6719e859fe338ac0392?s=96&d=mm&r=g","contentUrl":"https:\/\/secure.gravatar.com\/avatar\/2f26c36ee355da19a257f0dfef43952a2588b324ca35d6719e859fe338ac0392?s=96&d=mm&r=g","caption":"Daniel Matos"},"url":"https:\/\/www.blogsoestado.com\/danielmatos\/author\/danielmatos\/"}]}},"jetpack_featured_media_url":"","_links":{"self":[{"href":"https:\/\/www.blogsoestado.com\/danielmatos\/wp-json\/wp\/v2\/posts\/147460","targetHints":{"allow":["GET"]}}],"collection":[{"href":"https:\/\/www.blogsoestado.com\/danielmatos\/wp-json\/wp\/v2\/posts"}],"about":[{"href":"https:\/\/www.blogsoestado.com\/danielmatos\/wp-json\/wp\/v2\/types\/post"}],"author":[{"embeddable":true,"href":"https:\/\/www.blogsoestado.com\/danielmatos\/wp-json\/wp\/v2\/users\/2"}],"replies":[{"embeddable":true,"href":"https:\/\/www.blogsoestado.com\/danielmatos\/wp-json\/wp\/v2\/comments?post=147460"}],"version-history":[{"count":1,"href":"https:\/\/www.blogsoestado.com\/danielmatos\/wp-json\/wp\/v2\/posts\/147460\/revisions"}],"predecessor-version":[{"id":147462,"href":"https:\/\/www.blogsoestado.com\/danielmatos\/wp-json\/wp\/v2\/posts\/147460\/revisions\/147462"}],"wp:attachment":[{"href":"https:\/\/www.blogsoestado.com\/danielmatos\/wp-json\/wp\/v2\/media?parent=147460"}],"wp:term":[{"taxonomy":"category","embeddable":true,"href":"https:\/\/www.blogsoestado.com\/danielmatos\/wp-json\/wp\/v2\/categories?post=147460"},{"taxonomy":"post_tag","embeddable":true,"href":"https:\/\/www.blogsoestado.com\/danielmatos\/wp-json\/wp\/v2\/tags?post=147460"}],"curies":[{"name":"wp","href":"https:\/\/api.w.org\/{rel}","templated":true}]}}