{"id":147471,"date":"2025-08-20T16:50:01","date_gmt":"2025-08-20T19:50:01","guid":{"rendered":"https:\/\/www.blogsoestado.com\/danielmatos\/?p=147471"},"modified":"2025-08-20T16:50:05","modified_gmt":"2025-08-20T19:50:05","slug":"corrida-do-aeroporto-de-sao-luis-ja-reune-mais-de-2-700-inscritos-e-expectativa-e-alcancar-3-mil-participantes","status":"publish","type":"post","link":"https:\/\/www.blogsoestado.com\/danielmatos\/corrida-do-aeroporto-de-sao-luis-ja-reune-mais-de-2-700-inscritos-e-expectativa-e-alcancar-3-mil-participantes\/","title":{"rendered":"Corrida do Aeroporto de S\u00e3o Lu\u00eds j\u00e1 re\u00fane mais de 2.700 inscritos e expectativa \u00e9 alcan\u00e7ar 3 mil participantes"},"content":{"rendered":"\n<figure class=\"wp-block-image aligncenter size-full\"><img fetchpriority=\"high\" decoding=\"async\" width=\"768\" height=\"512\" src=\"https:\/\/www.blogsoestado.com\/danielmatos\/wp-content\/uploads\/sites\/2\/2025\/08\/1003375006.jpg\" alt=\"\" class=\"wp-image-147472\" srcset=\"https:\/\/www.blogsoestado.com\/danielmatos\/wp-content\/uploads\/sites\/2\/2025\/08\/1003375006.jpg 768w, https:\/\/www.blogsoestado.com\/danielmatos\/wp-content\/uploads\/sites\/2\/2025\/08\/1003375006-300x200.jpg 300w\" sizes=\"(max-width: 768px) 100vw, 768px\" \/><figcaption class=\"wp-element-caption\">No ano passado, a corrida estreou com grande sucesso, reunindo mais de 2 mil participantes <\/figcaption><\/figure>\n\n\n\n<p>A corrida do Aeroporto de S\u00e3o Lu\u00eds chega \u00e0 sua segunda edi\u00e7\u00e3o, j\u00e1 consolidada como um dos eventos esportivos mais aguardados da capital maranhense. Programada para o dia 30 de agosto, com a realiza\u00e7\u00e3o da Santander Track&amp;Field Run Series, em parceria com a Motiva Aeroportos, administradora do terminal, a prova j\u00e1 soma 2.778 inscritos e a expectativa \u00e9 ultrapassar a marca de 3 mil participantes at\u00e9 o dia da corrida.<\/p>\n\n\n\n<p>No ano passado, a corrida estreou com grande sucesso, reunindo mais de 2 mil participantes que viveram a experi\u00eancia in\u00e9dita de disputar uma prova dentro da pista de pousos e decolagens do aeroporto.<\/p>\n\n\n\n<p>Este ano, os atletas poder\u00e3o escolher entre os percursos de 4 km e 8 km, novamente em um cen\u00e1rio exclusivo: a pista do Aeroporto de S\u00e3o Lu\u00eds, que ser\u00e1 liberada durante a noite, per\u00edodo em que n\u00e3o h\u00e1 fluxo a\u00e9reo.<\/p>\n\n\n\n<p>Segundo o gerente do Aeroporto de S\u00e3o Lu\u00eds, Marcelo Angelim, o crescimento do evento reflete a receptividade do p\u00fablico. \u201cNosso objetivo \u00e9 aproximar cada vez mais o aeroporto da comunidade, mostrando que este espa\u00e7o vai al\u00e9m da fun\u00e7\u00e3o de embarque e desembarque. A corrida j\u00e1 entrou para o calend\u00e1rio esportivo da cidade porque une sa\u00fade, lazer e uma experi\u00eancia \u00fanica: correr dentro de uma pista de avia\u00e7\u00e3o\u201d, ressalta.<\/p>\n\n\n\n<p>A prova reunir\u00e1 desde atletas profissionais at\u00e9 corredores amadores e fam\u00edlias que desejam viver esse momento hist\u00f3rico para a cidade.<\/p>\n\n\n\n<p><em><strong>Planejamento operacional rigoroso<\/strong><\/em><\/p>\n\n\n\n<p>Para garantir a seguran\u00e7a dos participantes, o Aeroporto de S\u00e3o Lu\u00eds contar\u00e1 com um planejamento operacional detalhado, seguindo todas as normas de seguran\u00e7a aeroportu\u00e1ria.<\/p>\n\n\n\n<p>\u201cO sucesso da primeira edi\u00e7\u00e3o da corrida no Aeroporto de S\u00e3o Lu\u00eds no ano passado mostrou o grande potencial desse evento, e estamos trabalhando para tornar esta nova edi\u00e7\u00e3o ainda mais especial. Estamos cuidando de cada detalhe da opera\u00e7\u00e3o para garantir que a corrida aconte\u00e7a com total seguran\u00e7a. A pista ser\u00e1 liberada exclusivamente para os corredores dentro de um per\u00edodo previamente estabelecido, proporcionando uma experi\u00eancia \u00fanica e totalmente alinhada aos mais altos padr\u00f5es aeroportu\u00e1rios\u201d, explica Marcelo Angelim, Gerente do Aeroporto de S\u00e3o Lu\u00eds.<\/p>\n\n\n\n<figure class=\"wp-block-image aligncenter size-full\"><img decoding=\"async\" width=\"1024\" height=\"682\" src=\"https:\/\/www.blogsoestado.com\/danielmatos\/wp-content\/uploads\/sites\/2\/2025\/08\/1003375018.jpg\" alt=\"\" class=\"wp-image-147473\" srcset=\"https:\/\/www.blogsoestado.com\/danielmatos\/wp-content\/uploads\/sites\/2\/2025\/08\/1003375018.jpg 1024w, https:\/\/www.blogsoestado.com\/danielmatos\/wp-content\/uploads\/sites\/2\/2025\/08\/1003375018-300x200.jpg 300w, https:\/\/www.blogsoestado.com\/danielmatos\/wp-content\/uploads\/sites\/2\/2025\/08\/1003375018-768x512.jpg 768w\" sizes=\"(max-width: 1024px) 100vw, 1024px\" \/><figcaption class=\"wp-element-caption\">A prova reunir\u00e1 desde atletas profissionais at\u00e9 corredores amadores e fam\u00edlias que desejam viver esse momento hist\u00f3rico para a cidade<\/figcaption><\/figure>\n\n\n\n<p>As inscri\u00e7\u00f5es continuam abertas pelo app TFSports, onde os corredores podem acessar todas as informa\u00e7\u00f5es sobre a prova, kit do participante, hor\u00e1rios e programa\u00e7\u00e3o.<\/p>\n\n\n\n<p><em><strong>Corridas em aeroportos Motiva<\/strong><\/em><\/p>\n\n\n\n<p>Al\u00e9m de S\u00e3o Lu\u00eds, outros aeroportos administrados pela Motiva Aeroportos tamb\u00e9m receber\u00e3o etapas da Santander Track&amp;Field Run Series em 2025:<\/p>\n\n\n\n<p>21 de setembro: Aeroporto de Londrina (PR)<\/p>\n\n\n\n<p>30 de novembro: Aeroporto de Curitiba (PR)<\/p>\n\n\n\n<p><em>Sobre o Aeroporto de S\u00e3o Lu\u00eds:<\/em> Atende a capital maranhense com voos para os principais centros urbanos do pa\u00eds, sendo um elo essencial para o turismo e o desenvolvimento econ\u00f4mico do Maranh\u00e3o. Est\u00e1 sob administra\u00e7\u00e3o da Motiva desde mar\u00e7o de 2022.<\/p>\n\n\n\n<p>Sobre a Motiva: Maior empresa de infraestrutura de mobilidade do Brasil, a Motiva atua nas plataformas de Rodovias, Trilhos e Aeroportos. S\u00e3o 39 ativos, em 13 estados brasileiros e mais de 16 mil colaboradores. A Companhia \u00e9 respons\u00e1vel pela gest\u00e3o e manuten\u00e7\u00e3o de 4.475 quil\u00f4metros de rodovias, realizando cerca de 3,6 mil atendimentos diariamente. Em sua plataforma de trilhos, por meio da gest\u00e3o de metr\u00f4s, trens e VLT, transporta anualmente 750 milh\u00f5es de passageiros. Em aeroportos, com 17 unidades no Brasil e tr\u00eas no exterior, atende aproximadamente 45 milh\u00f5es de clientes anualmente. Primeira empresa do Brasil a integrar o Novo Mercado, a Companhia est\u00e1 listada h\u00e1 14 anos no hall de sustentabilidade da B3.<\/p>\n","protected":false},"excerpt":{"rendered":"<p>A corrida do Aeroporto de S\u00e3o Lu\u00eds chega \u00e0 sua segunda edi\u00e7\u00e3o, j\u00e1 consolidada como um dos eventos esportivos mais [&hellip;]<\/p>\n","protected":false},"author":2,"featured_media":0,"comment_status":"open","ping_status":"open","sticky":false,"template":"","format":"standard","meta":{"site-sidebar-layout":"default","site-content-layout":"","ast-site-content-layout":"default","site-content-style":"default","site-sidebar-style":"default","ast-global-header-display":"","ast-banner-title-visibility":"","ast-main-header-display":"","ast-hfb-above-header-display":"","ast-hfb-below-header-display":"","ast-hfb-mobile-header-display":"","site-post-title":"","ast-breadcrumbs-content":"","ast-featured-img":"","footer-sml-layout":"","ast-disable-related-posts":"","theme-transparent-header-meta":"","adv-header-id-meta":"","stick-header-meta":"","header-above-stick-meta":"","header-main-stick-meta":"","header-below-stick-meta":"","astra-migrate-meta-layouts":"default","ast-page-background-enabled":"default","ast-page-background-meta":{"desktop":{"background-color":"var(--ast-global-color-5)","background-image":"","background-repeat":"repeat","background-position":"center center","background-size":"auto","background-attachment":"scroll","background-type":"","background-media":"","overlay-type":"","overlay-color":"","overlay-opacity":"","overlay-gradient":""},"tablet":{"background-color":"","background-image":"","background-repeat":"repeat","background-position":"center center","background-size":"auto","background-attachment":"scroll","background-type":"","background-media":"","overlay-type":"","overlay-color":"","overlay-opacity":"","overlay-gradient":""},"mobile":{"background-color":"","background-image":"","background-repeat":"repeat","background-position":"center center","background-size":"auto","background-attachment":"scroll","background-type":"","background-media":"","overlay-type":"","overlay-color":"","overlay-opacity":"","overlay-gradient":""}},"ast-content-background-meta":{"desktop":{"background-color":"var(--ast-global-color-4)","background-image":"","background-repeat":"repeat","background-position":"center center","background-size":"auto","background-attachment":"scroll","background-type":"","background-media":"","overlay-type":"","overlay-color":"","overlay-opacity":"","overlay-gradient":""},"tablet":{"background-color":"var(--ast-global-color-4)","background-image":"","background-repeat":"repeat","background-position":"center center","background-size":"auto","background-attachment":"scroll","background-type":"","background-media":"","overlay-type":"","overlay-color":"","overlay-opacity":"","overlay-gradient":""},"mobile":{"background-color":"var(--ast-global-color-4)","background-image":"","background-repeat":"repeat","background-position":"center center","background-size":"auto","background-attachment":"scroll","background-type":"","background-media":"","overlay-type":"","overlay-color":"","overlay-opacity":"","overlay-gradient":""}},"footnotes":""},"categories":[1],"tags":[],"class_list":["post-147471","post","type-post","status-publish","format-standard","hentry","category-sem-categoria"],"yoast_head":"<!-- This site is optimized with the Yoast SEO plugin v26.6 - https:\/\/yoast.com\/wordpress\/plugins\/seo\/ -->\n<title>Corrida do Aeroporto de S\u00e3o Lu\u00eds j\u00e1 re\u00fane mais de 2.700 inscritos e expectativa \u00e9 alcan\u00e7ar 3 mil participantes - Daniel Matos<\/title>\n<meta name=\"robots\" content=\"index, follow, max-snippet:-1, max-image-preview:large, max-video-preview:-1\" \/>\n<link rel=\"canonical\" href=\"https:\/\/www.blogsoestado.com\/danielmatos\/corrida-do-aeroporto-de-sao-luis-ja-reune-mais-de-2-700-inscritos-e-expectativa-e-alcancar-3-mil-participantes\/\" \/>\n<meta property=\"og:locale\" content=\"pt_BR\" \/>\n<meta property=\"og:type\" content=\"article\" \/>\n<meta property=\"og:title\" content=\"Corrida do Aeroporto de S\u00e3o Lu\u00eds j\u00e1 re\u00fane mais de 2.700 inscritos e expectativa \u00e9 alcan\u00e7ar 3 mil participantes - Daniel Matos\" \/>\n<meta property=\"og:description\" content=\"A corrida do Aeroporto de S\u00e3o Lu\u00eds chega \u00e0 sua segunda edi\u00e7\u00e3o, j\u00e1 consolidada como um dos eventos esportivos mais [&hellip;]\" \/>\n<meta property=\"og:url\" content=\"https:\/\/www.blogsoestado.com\/danielmatos\/corrida-do-aeroporto-de-sao-luis-ja-reune-mais-de-2-700-inscritos-e-expectativa-e-alcancar-3-mil-participantes\/\" \/>\n<meta property=\"og:site_name\" content=\"Daniel Matos\" \/>\n<meta property=\"article:published_time\" content=\"2025-08-20T19:50:01+00:00\" \/>\n<meta property=\"article:modified_time\" content=\"2025-08-20T19:50:05+00:00\" \/>\n<meta property=\"og:image\" content=\"https:\/\/www.blogsoestado.com\/danielmatos\/wp-content\/uploads\/sites\/2\/2025\/08\/1003375006.jpg\" \/>\n\t<meta property=\"og:image:width\" content=\"768\" \/>\n\t<meta property=\"og:image:height\" content=\"512\" \/>\n\t<meta property=\"og:image:type\" content=\"image\/jpeg\" \/>\n<meta name=\"author\" content=\"Daniel Matos\" \/>\n<meta name=\"twitter:card\" content=\"summary_large_image\" \/>\n<meta name=\"twitter:label1\" content=\"Escrito por\" \/>\n\t<meta name=\"twitter:data1\" content=\"Daniel Matos\" \/>\n\t<meta name=\"twitter:label2\" content=\"Est. tempo de leitura\" \/>\n\t<meta name=\"twitter:data2\" content=\"4 minutos\" \/>\n<script type=\"application\/ld+json\" class=\"yoast-schema-graph\">{\"@context\":\"https:\/\/schema.org\",\"@graph\":[{\"@type\":\"WebPage\",\"@id\":\"https:\/\/www.blogsoestado.com\/danielmatos\/corrida-do-aeroporto-de-sao-luis-ja-reune-mais-de-2-700-inscritos-e-expectativa-e-alcancar-3-mil-participantes\/\",\"url\":\"https:\/\/www.blogsoestado.com\/danielmatos\/corrida-do-aeroporto-de-sao-luis-ja-reune-mais-de-2-700-inscritos-e-expectativa-e-alcancar-3-mil-participantes\/\",\"name\":\"Corrida do Aeroporto de S\u00e3o Lu\u00eds j\u00e1 re\u00fane mais de 2.700 inscritos e expectativa \u00e9 alcan\u00e7ar 3 mil participantes - Daniel Matos\",\"isPartOf\":{\"@id\":\"https:\/\/www.blogsoestado.com\/danielmatos\/#website\"},\"primaryImageOfPage\":{\"@id\":\"https:\/\/www.blogsoestado.com\/danielmatos\/corrida-do-aeroporto-de-sao-luis-ja-reune-mais-de-2-700-inscritos-e-expectativa-e-alcancar-3-mil-participantes\/#primaryimage\"},\"image\":{\"@id\":\"https:\/\/www.blogsoestado.com\/danielmatos\/corrida-do-aeroporto-de-sao-luis-ja-reune-mais-de-2-700-inscritos-e-expectativa-e-alcancar-3-mil-participantes\/#primaryimage\"},\"thumbnailUrl\":\"https:\/\/www.blogsoestado.com\/danielmatos\/wp-content\/uploads\/sites\/2\/2025\/08\/1003375006.jpg\",\"datePublished\":\"2025-08-20T19:50:01+00:00\",\"dateModified\":\"2025-08-20T19:50:05+00:00\",\"author\":{\"@id\":\"https:\/\/www.blogsoestado.com\/danielmatos\/#\/schema\/person\/9a209d407cd45631f131e1285b661bb0\"},\"breadcrumb\":{\"@id\":\"https:\/\/www.blogsoestado.com\/danielmatos\/corrida-do-aeroporto-de-sao-luis-ja-reune-mais-de-2-700-inscritos-e-expectativa-e-alcancar-3-mil-participantes\/#breadcrumb\"},\"inLanguage\":\"pt-BR\",\"potentialAction\":[{\"@type\":\"ReadAction\",\"target\":[\"https:\/\/www.blogsoestado.com\/danielmatos\/corrida-do-aeroporto-de-sao-luis-ja-reune-mais-de-2-700-inscritos-e-expectativa-e-alcancar-3-mil-participantes\/\"]}]},{\"@type\":\"ImageObject\",\"inLanguage\":\"pt-BR\",\"@id\":\"https:\/\/www.blogsoestado.com\/danielmatos\/corrida-do-aeroporto-de-sao-luis-ja-reune-mais-de-2-700-inscritos-e-expectativa-e-alcancar-3-mil-participantes\/#primaryimage\",\"url\":\"https:\/\/www.blogsoestado.com\/danielmatos\/wp-content\/uploads\/sites\/2\/2025\/08\/1003375006.jpg\",\"contentUrl\":\"https:\/\/www.blogsoestado.com\/danielmatos\/wp-content\/uploads\/sites\/2\/2025\/08\/1003375006.jpg\",\"width\":768,\"height\":512},{\"@type\":\"BreadcrumbList\",\"@id\":\"https:\/\/www.blogsoestado.com\/danielmatos\/corrida-do-aeroporto-de-sao-luis-ja-reune-mais-de-2-700-inscritos-e-expectativa-e-alcancar-3-mil-participantes\/#breadcrumb\",\"itemListElement\":[{\"@type\":\"ListItem\",\"position\":1,\"name\":\"In\u00edcio\",\"item\":\"https:\/\/www.blogsoestado.com\/danielmatos\/\"},{\"@type\":\"ListItem\",\"position\":2,\"name\":\"Corrida do Aeroporto de S\u00e3o Lu\u00eds j\u00e1 re\u00fane mais de 2.700 inscritos e expectativa \u00e9 alcan\u00e7ar 3 mil participantes\"}]},{\"@type\":\"WebSite\",\"@id\":\"https:\/\/www.blogsoestado.com\/danielmatos\/#website\",\"url\":\"https:\/\/www.blogsoestado.com\/danielmatos\/\",\"name\":\"Daniel Matos\",\"description\":\"\",\"potentialAction\":[{\"@type\":\"SearchAction\",\"target\":{\"@type\":\"EntryPoint\",\"urlTemplate\":\"https:\/\/www.blogsoestado.com\/danielmatos\/?s={search_term_string}\"},\"query-input\":{\"@type\":\"PropertyValueSpecification\",\"valueRequired\":true,\"valueName\":\"search_term_string\"}}],\"inLanguage\":\"pt-BR\"},{\"@type\":\"Person\",\"@id\":\"https:\/\/www.blogsoestado.com\/danielmatos\/#\/schema\/person\/9a209d407cd45631f131e1285b661bb0\",\"name\":\"Daniel Matos\",\"image\":{\"@type\":\"ImageObject\",\"inLanguage\":\"pt-BR\",\"@id\":\"https:\/\/www.blogsoestado.com\/danielmatos\/#\/schema\/person\/image\/\",\"url\":\"https:\/\/secure.gravatar.com\/avatar\/2f26c36ee355da19a257f0dfef43952a2588b324ca35d6719e859fe338ac0392?s=96&d=mm&r=g\",\"contentUrl\":\"https:\/\/secure.gravatar.com\/avatar\/2f26c36ee355da19a257f0dfef43952a2588b324ca35d6719e859fe338ac0392?s=96&d=mm&r=g\",\"caption\":\"Daniel Matos\"},\"url\":\"https:\/\/www.blogsoestado.com\/danielmatos\/author\/danielmatos\/\"}]}<\/script>\n<!-- \/ Yoast SEO plugin. -->","yoast_head_json":{"title":"Corrida do Aeroporto de S\u00e3o Lu\u00eds j\u00e1 re\u00fane mais de 2.700 inscritos e expectativa \u00e9 alcan\u00e7ar 3 mil participantes - Daniel Matos","robots":{"index":"index","follow":"follow","max-snippet":"max-snippet:-1","max-image-preview":"max-image-preview:large","max-video-preview":"max-video-preview:-1"},"canonical":"https:\/\/www.blogsoestado.com\/danielmatos\/corrida-do-aeroporto-de-sao-luis-ja-reune-mais-de-2-700-inscritos-e-expectativa-e-alcancar-3-mil-participantes\/","og_locale":"pt_BR","og_type":"article","og_title":"Corrida do Aeroporto de S\u00e3o Lu\u00eds j\u00e1 re\u00fane mais de 2.700 inscritos e expectativa \u00e9 alcan\u00e7ar 3 mil participantes - Daniel Matos","og_description":"A corrida do Aeroporto de S\u00e3o Lu\u00eds chega \u00e0 sua segunda edi\u00e7\u00e3o, j\u00e1 consolidada como um dos eventos esportivos mais [&hellip;]","og_url":"https:\/\/www.blogsoestado.com\/danielmatos\/corrida-do-aeroporto-de-sao-luis-ja-reune-mais-de-2-700-inscritos-e-expectativa-e-alcancar-3-mil-participantes\/","og_site_name":"Daniel Matos","article_published_time":"2025-08-20T19:50:01+00:00","article_modified_time":"2025-08-20T19:50:05+00:00","og_image":[{"width":768,"height":512,"url":"https:\/\/www.blogsoestado.com\/danielmatos\/wp-content\/uploads\/sites\/2\/2025\/08\/1003375006.jpg","type":"image\/jpeg"}],"author":"Daniel Matos","twitter_card":"summary_large_image","twitter_misc":{"Escrito por":"Daniel Matos","Est. tempo de leitura":"4 minutos"},"schema":{"@context":"https:\/\/schema.org","@graph":[{"@type":"WebPage","@id":"https:\/\/www.blogsoestado.com\/danielmatos\/corrida-do-aeroporto-de-sao-luis-ja-reune-mais-de-2-700-inscritos-e-expectativa-e-alcancar-3-mil-participantes\/","url":"https:\/\/www.blogsoestado.com\/danielmatos\/corrida-do-aeroporto-de-sao-luis-ja-reune-mais-de-2-700-inscritos-e-expectativa-e-alcancar-3-mil-participantes\/","name":"Corrida do Aeroporto de S\u00e3o Lu\u00eds j\u00e1 re\u00fane mais de 2.700 inscritos e expectativa \u00e9 alcan\u00e7ar 3 mil participantes - Daniel Matos","isPartOf":{"@id":"https:\/\/www.blogsoestado.com\/danielmatos\/#website"},"primaryImageOfPage":{"@id":"https:\/\/www.blogsoestado.com\/danielmatos\/corrida-do-aeroporto-de-sao-luis-ja-reune-mais-de-2-700-inscritos-e-expectativa-e-alcancar-3-mil-participantes\/#primaryimage"},"image":{"@id":"https:\/\/www.blogsoestado.com\/danielmatos\/corrida-do-aeroporto-de-sao-luis-ja-reune-mais-de-2-700-inscritos-e-expectativa-e-alcancar-3-mil-participantes\/#primaryimage"},"thumbnailUrl":"https:\/\/www.blogsoestado.com\/danielmatos\/wp-content\/uploads\/sites\/2\/2025\/08\/1003375006.jpg","datePublished":"2025-08-20T19:50:01+00:00","dateModified":"2025-08-20T19:50:05+00:00","author":{"@id":"https:\/\/www.blogsoestado.com\/danielmatos\/#\/schema\/person\/9a209d407cd45631f131e1285b661bb0"},"breadcrumb":{"@id":"https:\/\/www.blogsoestado.com\/danielmatos\/corrida-do-aeroporto-de-sao-luis-ja-reune-mais-de-2-700-inscritos-e-expectativa-e-alcancar-3-mil-participantes\/#breadcrumb"},"inLanguage":"pt-BR","potentialAction":[{"@type":"ReadAction","target":["https:\/\/www.blogsoestado.com\/danielmatos\/corrida-do-aeroporto-de-sao-luis-ja-reune-mais-de-2-700-inscritos-e-expectativa-e-alcancar-3-mil-participantes\/"]}]},{"@type":"ImageObject","inLanguage":"pt-BR","@id":"https:\/\/www.blogsoestado.com\/danielmatos\/corrida-do-aeroporto-de-sao-luis-ja-reune-mais-de-2-700-inscritos-e-expectativa-e-alcancar-3-mil-participantes\/#primaryimage","url":"https:\/\/www.blogsoestado.com\/danielmatos\/wp-content\/uploads\/sites\/2\/2025\/08\/1003375006.jpg","contentUrl":"https:\/\/www.blogsoestado.com\/danielmatos\/wp-content\/uploads\/sites\/2\/2025\/08\/1003375006.jpg","width":768,"height":512},{"@type":"BreadcrumbList","@id":"https:\/\/www.blogsoestado.com\/danielmatos\/corrida-do-aeroporto-de-sao-luis-ja-reune-mais-de-2-700-inscritos-e-expectativa-e-alcancar-3-mil-participantes\/#breadcrumb","itemListElement":[{"@type":"ListItem","position":1,"name":"In\u00edcio","item":"https:\/\/www.blogsoestado.com\/danielmatos\/"},{"@type":"ListItem","position":2,"name":"Corrida do Aeroporto de S\u00e3o Lu\u00eds j\u00e1 re\u00fane mais de 2.700 inscritos e expectativa \u00e9 alcan\u00e7ar 3 mil participantes"}]},{"@type":"WebSite","@id":"https:\/\/www.blogsoestado.com\/danielmatos\/#website","url":"https:\/\/www.blogsoestado.com\/danielmatos\/","name":"Daniel Matos","description":"","potentialAction":[{"@type":"SearchAction","target":{"@type":"EntryPoint","urlTemplate":"https:\/\/www.blogsoestado.com\/danielmatos\/?s={search_term_string}"},"query-input":{"@type":"PropertyValueSpecification","valueRequired":true,"valueName":"search_term_string"}}],"inLanguage":"pt-BR"},{"@type":"Person","@id":"https:\/\/www.blogsoestado.com\/danielmatos\/#\/schema\/person\/9a209d407cd45631f131e1285b661bb0","name":"Daniel Matos","image":{"@type":"ImageObject","inLanguage":"pt-BR","@id":"https:\/\/www.blogsoestado.com\/danielmatos\/#\/schema\/person\/image\/","url":"https:\/\/secure.gravatar.com\/avatar\/2f26c36ee355da19a257f0dfef43952a2588b324ca35d6719e859fe338ac0392?s=96&d=mm&r=g","contentUrl":"https:\/\/secure.gravatar.com\/avatar\/2f26c36ee355da19a257f0dfef43952a2588b324ca35d6719e859fe338ac0392?s=96&d=mm&r=g","caption":"Daniel Matos"},"url":"https:\/\/www.blogsoestado.com\/danielmatos\/author\/danielmatos\/"}]}},"jetpack_featured_media_url":"","_links":{"self":[{"href":"https:\/\/www.blogsoestado.com\/danielmatos\/wp-json\/wp\/v2\/posts\/147471","targetHints":{"allow":["GET"]}}],"collection":[{"href":"https:\/\/www.blogsoestado.com\/danielmatos\/wp-json\/wp\/v2\/posts"}],"about":[{"href":"https:\/\/www.blogsoestado.com\/danielmatos\/wp-json\/wp\/v2\/types\/post"}],"author":[{"embeddable":true,"href":"https:\/\/www.blogsoestado.com\/danielmatos\/wp-json\/wp\/v2\/users\/2"}],"replies":[{"embeddable":true,"href":"https:\/\/www.blogsoestado.com\/danielmatos\/wp-json\/wp\/v2\/comments?post=147471"}],"version-history":[{"count":1,"href":"https:\/\/www.blogsoestado.com\/danielmatos\/wp-json\/wp\/v2\/posts\/147471\/revisions"}],"predecessor-version":[{"id":147474,"href":"https:\/\/www.blogsoestado.com\/danielmatos\/wp-json\/wp\/v2\/posts\/147471\/revisions\/147474"}],"wp:attachment":[{"href":"https:\/\/www.blogsoestado.com\/danielmatos\/wp-json\/wp\/v2\/media?parent=147471"}],"wp:term":[{"taxonomy":"category","embeddable":true,"href":"https:\/\/www.blogsoestado.com\/danielmatos\/wp-json\/wp\/v2\/categories?post=147471"},{"taxonomy":"post_tag","embeddable":true,"href":"https:\/\/www.blogsoestado.com\/danielmatos\/wp-json\/wp\/v2\/tags?post=147471"}],"curies":[{"name":"wp","href":"https:\/\/api.w.org\/{rel}","templated":true}]}}