{"id":147478,"date":"2025-08-20T19:56:52","date_gmt":"2025-08-20T22:56:52","guid":{"rendered":"https:\/\/www.blogsoestado.com\/danielmatos\/?p=147478"},"modified":"2025-08-20T19:56:54","modified_gmt":"2025-08-20T22:56:54","slug":"mais-6-792-familias-inseridas-no-maranhao-livre-da-fome","status":"publish","type":"post","link":"https:\/\/www.blogsoestado.com\/danielmatos\/mais-6-792-familias-inseridas-no-maranhao-livre-da-fome\/","title":{"rendered":"Mais 6.792 fam\u00edlias inseridas no Maranh\u00e3o Livre da Fome"},"content":{"rendered":"\n<figure class=\"wp-block-image aligncenter size-large\"><img fetchpriority=\"high\" decoding=\"async\" width=\"1024\" height=\"683\" src=\"https:\/\/www.blogsoestado.com\/danielmatos\/wp-content\/uploads\/sites\/2\/2025\/08\/1003377160-1024x683.jpg\" alt=\"\" class=\"wp-image-147481\" srcset=\"https:\/\/www.blogsoestado.com\/danielmatos\/wp-content\/uploads\/sites\/2\/2025\/08\/1003377160-1024x683.jpg 1024w, https:\/\/www.blogsoestado.com\/danielmatos\/wp-content\/uploads\/sites\/2\/2025\/08\/1003377160-300x200.jpg 300w, https:\/\/www.blogsoestado.com\/danielmatos\/wp-content\/uploads\/sites\/2\/2025\/08\/1003377160-768x512.jpg 768w, https:\/\/www.blogsoestado.com\/danielmatos\/wp-content\/uploads\/sites\/2\/2025\/08\/1003377160-1536x1024.jpg 1536w, https:\/\/www.blogsoestado.com\/danielmatos\/wp-content\/uploads\/sites\/2\/2025\/08\/1003377160-2048x1366.jpg 2048w\" sizes=\"(max-width: 1024px) 100vw, 1024px\" \/><figcaption class=\"wp-element-caption\">O secret\u00e1rio de Assuntos Municipalistas, Orleans Brand\u00e3o fez a entrega dos cart\u00f5es que d\u00e3o acesso ao maior programa de transfer\u00eancia de renda da hist\u00f3ria do Maranh\u00e3o<\/figcaption><\/figure>\n\n\n\n<p>Mais 6.792 fam\u00edlias foram inseridas no programa Maranh\u00e3o Livre da Fome nos munic\u00edpios de Samba\u00edba, Mirador e Colinas, onde o secret\u00e1rio de Assuntos Municipalistas, Orleans Brand\u00e3o fez a entrega dos cart\u00f5es que d\u00e3o acesso ao maior programa de transfer\u00eancia de renda da hist\u00f3ria do estado. Nas tr\u00eas cidades, tamb\u00e9m foram entregues e autorizados obras e servi\u00e7os estaduais nas \u00e1reas de sa\u00fade, educa\u00e7\u00e3o, esporte, infraestrutura e gera\u00e7\u00e3o de emprego e renda.<\/p>\n\n\n\n<p>\u201cAqui temos gest\u00e3o municipal de excel\u00eancia e a parceria com o governo estadual j\u00e1 garantiu a reforma completa do hospital municipal, a pavimenta\u00e7\u00e3o das vias urbanas e a constru\u00e7\u00e3o de pontes. Hoje, viemos inaugurar o 192\u00ba Restaurante Popular e entregar 483 cart\u00f5es do Maranh\u00e3o Livre da Fome, para garantir que essas fam\u00edlias tenham comida na mesa, assist\u00eancia \u00e0 sa\u00fade e capacita\u00e7\u00e3o para o trabalho\u201d, declarou Orleans Brand\u00e3o, em Samba\u00edba.<\/p>\n\n\n\n<p>Com a prefeita F\u00e1tima Dantas, o secret\u00e1rio tamb\u00e9m assinou ordens de servi\u00e7o para reforma da pra\u00e7a Matriz, constru\u00e7\u00e3o do portal da cidade, implanta\u00e7\u00e3o do Col\u00e9gio Militar e da Esta\u00e7\u00e3o Tech, para a capacita\u00e7\u00e3o tecnol\u00f3gica dos jovens. Tamb\u00e9m foram entregues 12 carrinhos dos programas Minha Renda e Mais Renda, e anunciados mais quatro quil\u00f4metros de pavimenta\u00e7\u00e3o de ruas.<\/p>\n\n\n\n<figure class=\"wp-block-image aligncenter size-large\"><img decoding=\"async\" width=\"1024\" height=\"683\" src=\"https:\/\/www.blogsoestado.com\/danielmatos\/wp-content\/uploads\/sites\/2\/2025\/08\/1003377155-1-1024x683.jpg\" alt=\"\" class=\"wp-image-147482\" srcset=\"https:\/\/www.blogsoestado.com\/danielmatos\/wp-content\/uploads\/sites\/2\/2025\/08\/1003377155-1-1024x683.jpg 1024w, https:\/\/www.blogsoestado.com\/danielmatos\/wp-content\/uploads\/sites\/2\/2025\/08\/1003377155-1-300x200.jpg 300w, https:\/\/www.blogsoestado.com\/danielmatos\/wp-content\/uploads\/sites\/2\/2025\/08\/1003377155-1-768x512.jpg 768w, https:\/\/www.blogsoestado.com\/danielmatos\/wp-content\/uploads\/sites\/2\/2025\/08\/1003377155-1-1536x1024.jpg 1536w, https:\/\/www.blogsoestado.com\/danielmatos\/wp-content\/uploads\/sites\/2\/2025\/08\/1003377155-1-2048x1366.jpg 2048w\" sizes=\"(max-width: 1024px) 100vw, 1024px\" \/><figcaption class=\"wp-element-caption\">Em Mirador, ao lado da prefeita Domingas Cabral, Orleans tamb\u00e9m inaugurou a Areninha Esportiva<\/figcaption><\/figure>\n\n\n\n<p>\u201cAgradecemos ao governador e ao secret\u00e1rio Orleans, por trabalharem por Samba\u00edba. Quando Munic\u00edpio e Estado trabalham juntos, com o mesmo objetivo, a popula\u00e7\u00e3o \u00e9 quem ganha\u201d, declarou a prefeita F\u00e1tima Dantas.<\/p>\n\n\n\n<p>Mais 892 fam\u00edlias foram beneficiadas pelo Maranh\u00e3o Livre da Fome em Mirador. No munic\u00edpio, ao lado da prefeita Domingas Cabral, Orleans tamb\u00e9m inaugurou no munic\u00edpio a Areninha Esportiva, entregou uma ambul\u00e2ncia e 12 carrinhos dos programas Minha Renda e Mais Renda. \u201cAnunciamos ainda mais cinco quil\u00f4metros de pavimenta\u00e7\u00e3o de ruas desta cidade, sempre ampliando nossa parceria pelo desenvolvimento de Mirador\u201d, acrescentou o secret\u00e1rio de Assuntos Municipalistas.<\/p>\n\n\n\n<p>Em Colinas, onde 5.417 benefici\u00e1rios foram inclu\u00eddos no programa Maranh\u00e3o Livre da Fome, ao lado do prefeito Renato Santos, Orleans destacou os grandes investimentos feitos pelo governo estadual em todo o Maranh\u00e3o e em Colinas: \u201cTemos um prefeito arrojado, que j\u00e1 nos ajudou a trazer areninhas esportivas, o Parque Linear, a reforma de escolas, mais de 20 quil\u00f4metros de pavimenta\u00e7\u00e3o asf\u00e1ltica, bloquetes, estamos construindo o centro de hemodi\u00e1lise. Juntos, trabalhamos pelos colinenses\u201d.<\/p>\n\n\n\n<figure class=\"wp-block-image aligncenter size-large\"><img decoding=\"async\" width=\"1024\" height=\"683\" src=\"https:\/\/www.blogsoestado.com\/danielmatos\/wp-content\/uploads\/sites\/2\/2025\/08\/1003377144-1024x683.jpg\" alt=\"\" class=\"wp-image-147479\" srcset=\"https:\/\/www.blogsoestado.com\/danielmatos\/wp-content\/uploads\/sites\/2\/2025\/08\/1003377144-1024x683.jpg 1024w, https:\/\/www.blogsoestado.com\/danielmatos\/wp-content\/uploads\/sites\/2\/2025\/08\/1003377144-300x200.jpg 300w, https:\/\/www.blogsoestado.com\/danielmatos\/wp-content\/uploads\/sites\/2\/2025\/08\/1003377144-768x512.jpg 768w, https:\/\/www.blogsoestado.com\/danielmatos\/wp-content\/uploads\/sites\/2\/2025\/08\/1003377144-1536x1024.jpg 1536w, https:\/\/www.blogsoestado.com\/danielmatos\/wp-content\/uploads\/sites\/2\/2025\/08\/1003377144-2048x1366.jpg 2048w\" sizes=\"(max-width: 1024px) 100vw, 1024px\" \/><figcaption class=\"wp-element-caption\">Com a prefeita de Samba\u00edba, F\u00e1tima Dantas, o secret\u00e1rio tamb\u00e9m assinou ordens de servi\u00e7o para reforma da pra\u00e7a Matriz, constru\u00e7\u00e3o do portal da cidade, implanta\u00e7\u00e3o do Col\u00e9gio Militar e da Esta\u00e7\u00e3o Tech, para a capacita\u00e7\u00e3o tecnol\u00f3gica dos jovens <\/figcaption><\/figure>\n\n\n\n<p>O secret\u00e1rio tamb\u00e9m destacou os grandes investimentos feitos em seguran\u00e7a alimentar, no combate \u00e0 fome e na gera\u00e7\u00e3o de emprego e renda, citando que foi inaugurado o Restaurante Popular de n\u00famero 192, praticamente dobrando a quantidade de unidades j\u00e1 instaladas. \u201cTamb\u00e9m entregamos mais de 12 mil carrinhos dos programas Minha Renda e Mais Renda, para que esses pequenos empreendedores tenham melhores condi\u00e7\u00f5es de trabalho. Esse \u00e9 o nosso foco: melhorar cada vez mais a vida das pessoas\u201d, afirmou o secret\u00e1rio.<\/p>\n\n\n\n<p>Ao finalizar mais uma intensa agenda municipalista, Orleans falou sobre sua miss\u00e3o de rodar o Maranh\u00e3o inteiro, conversando com prefeitos, vereadores e a popula\u00e7\u00e3o, para entender as necessidades de cada cidade: \u201cTr\u00eas mil obras entregues, seguran\u00e7a alimentar forte, mais de um milh\u00e3o de pessoas sa\u00edram da extrema pobreza. N\u00e3o basta obras, investimos no social. E vamos continuar trabalhando para desenvolver o estado e melhorar a vida das pessoas\u201d.<\/p>\n","protected":false},"excerpt":{"rendered":"<p>Mais 6.792 fam\u00edlias foram inseridas no programa Maranh\u00e3o Livre da Fome nos munic\u00edpios de Samba\u00edba, Mirador e Colinas, onde o [&hellip;]<\/p>\n","protected":false},"author":2,"featured_media":0,"comment_status":"open","ping_status":"open","sticky":false,"template":"","format":"standard","meta":{"site-sidebar-layout":"default","site-content-layout":"","ast-site-content-layout":"default","site-content-style":"default","site-sidebar-style":"default","ast-global-header-display":"","ast-banner-title-visibility":"","ast-main-header-display":"","ast-hfb-above-header-display":"","ast-hfb-below-header-display":"","ast-hfb-mobile-header-display":"","site-post-title":"","ast-breadcrumbs-content":"","ast-featured-img":"","footer-sml-layout":"","ast-disable-related-posts":"","theme-transparent-header-meta":"","adv-header-id-meta":"","stick-header-meta":"","header-above-stick-meta":"","header-main-stick-meta":"","header-below-stick-meta":"","astra-migrate-meta-layouts":"default","ast-page-background-enabled":"default","ast-page-background-meta":{"desktop":{"background-color":"var(--ast-global-color-5)","background-image":"","background-repeat":"repeat","background-position":"center center","background-size":"auto","background-attachment":"scroll","background-type":"","background-media":"","overlay-type":"","overlay-color":"","overlay-opacity":"","overlay-gradient":""},"tablet":{"background-color":"","background-image":"","background-repeat":"repeat","background-position":"center center","background-size":"auto","background-attachment":"scroll","background-type":"","background-media":"","overlay-type":"","overlay-color":"","overlay-opacity":"","overlay-gradient":""},"mobile":{"background-color":"","background-image":"","background-repeat":"repeat","background-position":"center center","background-size":"auto","background-attachment":"scroll","background-type":"","background-media":"","overlay-type":"","overlay-color":"","overlay-opacity":"","overlay-gradient":""}},"ast-content-background-meta":{"desktop":{"background-color":"var(--ast-global-color-4)","background-image":"","background-repeat":"repeat","background-position":"center center","background-size":"auto","background-attachment":"scroll","background-type":"","background-media":"","overlay-type":"","overlay-color":"","overlay-opacity":"","overlay-gradient":""},"tablet":{"background-color":"var(--ast-global-color-4)","background-image":"","background-repeat":"repeat","background-position":"center center","background-size":"auto","background-attachment":"scroll","background-type":"","background-media":"","overlay-type":"","overlay-color":"","overlay-opacity":"","overlay-gradient":""},"mobile":{"background-color":"var(--ast-global-color-4)","background-image":"","background-repeat":"repeat","background-position":"center center","background-size":"auto","background-attachment":"scroll","background-type":"","background-media":"","overlay-type":"","overlay-color":"","overlay-opacity":"","overlay-gradient":""}},"footnotes":""},"categories":[1],"tags":[],"class_list":["post-147478","post","type-post","status-publish","format-standard","hentry","category-sem-categoria"],"yoast_head":"<!-- This site is optimized with the Yoast SEO plugin v26.6 - https:\/\/yoast.com\/wordpress\/plugins\/seo\/ -->\n<title>Mais 6.792 fam\u00edlias inseridas no Maranh\u00e3o Livre da Fome - Daniel Matos<\/title>\n<meta name=\"robots\" content=\"index, follow, max-snippet:-1, max-image-preview:large, max-video-preview:-1\" \/>\n<link rel=\"canonical\" href=\"https:\/\/www.blogsoestado.com\/danielmatos\/mais-6-792-familias-inseridas-no-maranhao-livre-da-fome\/\" \/>\n<meta property=\"og:locale\" content=\"pt_BR\" \/>\n<meta property=\"og:type\" content=\"article\" \/>\n<meta property=\"og:title\" content=\"Mais 6.792 fam\u00edlias inseridas no Maranh\u00e3o Livre da Fome - Daniel Matos\" \/>\n<meta property=\"og:description\" content=\"Mais 6.792 fam\u00edlias foram inseridas no programa Maranh\u00e3o Livre da Fome nos munic\u00edpios de Samba\u00edba, Mirador e Colinas, onde o [&hellip;]\" \/>\n<meta property=\"og:url\" content=\"https:\/\/www.blogsoestado.com\/danielmatos\/mais-6-792-familias-inseridas-no-maranhao-livre-da-fome\/\" \/>\n<meta property=\"og:site_name\" content=\"Daniel Matos\" \/>\n<meta property=\"article:published_time\" content=\"2025-08-20T22:56:52+00:00\" \/>\n<meta property=\"article:modified_time\" content=\"2025-08-20T22:56:54+00:00\" \/>\n<meta property=\"og:image\" content=\"https:\/\/www.blogsoestado.com\/danielmatos\/wp-content\/uploads\/sites\/2\/2025\/08\/1003377160.jpg\" \/>\n\t<meta property=\"og:image:width\" content=\"2560\" \/>\n\t<meta property=\"og:image:height\" content=\"1707\" \/>\n\t<meta property=\"og:image:type\" content=\"image\/jpeg\" \/>\n<meta name=\"author\" content=\"Daniel Matos\" \/>\n<meta name=\"twitter:card\" content=\"summary_large_image\" \/>\n<meta name=\"twitter:label1\" content=\"Escrito por\" \/>\n\t<meta name=\"twitter:data1\" content=\"Daniel Matos\" \/>\n\t<meta name=\"twitter:label2\" content=\"Est. tempo de leitura\" \/>\n\t<meta name=\"twitter:data2\" content=\"4 minutos\" \/>\n<script type=\"application\/ld+json\" class=\"yoast-schema-graph\">{\"@context\":\"https:\/\/schema.org\",\"@graph\":[{\"@type\":\"WebPage\",\"@id\":\"https:\/\/www.blogsoestado.com\/danielmatos\/mais-6-792-familias-inseridas-no-maranhao-livre-da-fome\/\",\"url\":\"https:\/\/www.blogsoestado.com\/danielmatos\/mais-6-792-familias-inseridas-no-maranhao-livre-da-fome\/\",\"name\":\"Mais 6.792 fam\u00edlias inseridas no Maranh\u00e3o Livre da Fome - Daniel Matos\",\"isPartOf\":{\"@id\":\"https:\/\/www.blogsoestado.com\/danielmatos\/#website\"},\"primaryImageOfPage\":{\"@id\":\"https:\/\/www.blogsoestado.com\/danielmatos\/mais-6-792-familias-inseridas-no-maranhao-livre-da-fome\/#primaryimage\"},\"image\":{\"@id\":\"https:\/\/www.blogsoestado.com\/danielmatos\/mais-6-792-familias-inseridas-no-maranhao-livre-da-fome\/#primaryimage\"},\"thumbnailUrl\":\"https:\/\/www.blogsoestado.com\/danielmatos\/wp-content\/uploads\/sites\/2\/2025\/08\/1003377160-1024x683.jpg\",\"datePublished\":\"2025-08-20T22:56:52+00:00\",\"dateModified\":\"2025-08-20T22:56:54+00:00\",\"author\":{\"@id\":\"https:\/\/www.blogsoestado.com\/danielmatos\/#\/schema\/person\/9a209d407cd45631f131e1285b661bb0\"},\"breadcrumb\":{\"@id\":\"https:\/\/www.blogsoestado.com\/danielmatos\/mais-6-792-familias-inseridas-no-maranhao-livre-da-fome\/#breadcrumb\"},\"inLanguage\":\"pt-BR\",\"potentialAction\":[{\"@type\":\"ReadAction\",\"target\":[\"https:\/\/www.blogsoestado.com\/danielmatos\/mais-6-792-familias-inseridas-no-maranhao-livre-da-fome\/\"]}]},{\"@type\":\"ImageObject\",\"inLanguage\":\"pt-BR\",\"@id\":\"https:\/\/www.blogsoestado.com\/danielmatos\/mais-6-792-familias-inseridas-no-maranhao-livre-da-fome\/#primaryimage\",\"url\":\"https:\/\/www.blogsoestado.com\/danielmatos\/wp-content\/uploads\/sites\/2\/2025\/08\/1003377160.jpg\",\"contentUrl\":\"https:\/\/www.blogsoestado.com\/danielmatos\/wp-content\/uploads\/sites\/2\/2025\/08\/1003377160.jpg\",\"width\":2560,\"height\":1707},{\"@type\":\"BreadcrumbList\",\"@id\":\"https:\/\/www.blogsoestado.com\/danielmatos\/mais-6-792-familias-inseridas-no-maranhao-livre-da-fome\/#breadcrumb\",\"itemListElement\":[{\"@type\":\"ListItem\",\"position\":1,\"name\":\"In\u00edcio\",\"item\":\"https:\/\/www.blogsoestado.com\/danielmatos\/\"},{\"@type\":\"ListItem\",\"position\":2,\"name\":\"Mais 6.792 fam\u00edlias inseridas no Maranh\u00e3o Livre da Fome\"}]},{\"@type\":\"WebSite\",\"@id\":\"https:\/\/www.blogsoestado.com\/danielmatos\/#website\",\"url\":\"https:\/\/www.blogsoestado.com\/danielmatos\/\",\"name\":\"Daniel Matos\",\"description\":\"\",\"potentialAction\":[{\"@type\":\"SearchAction\",\"target\":{\"@type\":\"EntryPoint\",\"urlTemplate\":\"https:\/\/www.blogsoestado.com\/danielmatos\/?s={search_term_string}\"},\"query-input\":{\"@type\":\"PropertyValueSpecification\",\"valueRequired\":true,\"valueName\":\"search_term_string\"}}],\"inLanguage\":\"pt-BR\"},{\"@type\":\"Person\",\"@id\":\"https:\/\/www.blogsoestado.com\/danielmatos\/#\/schema\/person\/9a209d407cd45631f131e1285b661bb0\",\"name\":\"Daniel Matos\",\"image\":{\"@type\":\"ImageObject\",\"inLanguage\":\"pt-BR\",\"@id\":\"https:\/\/www.blogsoestado.com\/danielmatos\/#\/schema\/person\/image\/\",\"url\":\"https:\/\/secure.gravatar.com\/avatar\/2f26c36ee355da19a257f0dfef43952a2588b324ca35d6719e859fe338ac0392?s=96&d=mm&r=g\",\"contentUrl\":\"https:\/\/secure.gravatar.com\/avatar\/2f26c36ee355da19a257f0dfef43952a2588b324ca35d6719e859fe338ac0392?s=96&d=mm&r=g\",\"caption\":\"Daniel Matos\"},\"url\":\"https:\/\/www.blogsoestado.com\/danielmatos\/author\/danielmatos\/\"}]}<\/script>\n<!-- \/ Yoast SEO plugin. -->","yoast_head_json":{"title":"Mais 6.792 fam\u00edlias inseridas no Maranh\u00e3o Livre da Fome - Daniel Matos","robots":{"index":"index","follow":"follow","max-snippet":"max-snippet:-1","max-image-preview":"max-image-preview:large","max-video-preview":"max-video-preview:-1"},"canonical":"https:\/\/www.blogsoestado.com\/danielmatos\/mais-6-792-familias-inseridas-no-maranhao-livre-da-fome\/","og_locale":"pt_BR","og_type":"article","og_title":"Mais 6.792 fam\u00edlias inseridas no Maranh\u00e3o Livre da Fome - Daniel Matos","og_description":"Mais 6.792 fam\u00edlias foram inseridas no programa Maranh\u00e3o Livre da Fome nos munic\u00edpios de Samba\u00edba, Mirador e Colinas, onde o [&hellip;]","og_url":"https:\/\/www.blogsoestado.com\/danielmatos\/mais-6-792-familias-inseridas-no-maranhao-livre-da-fome\/","og_site_name":"Daniel Matos","article_published_time":"2025-08-20T22:56:52+00:00","article_modified_time":"2025-08-20T22:56:54+00:00","og_image":[{"width":2560,"height":1707,"url":"https:\/\/www.blogsoestado.com\/danielmatos\/wp-content\/uploads\/sites\/2\/2025\/08\/1003377160.jpg","type":"image\/jpeg"}],"author":"Daniel Matos","twitter_card":"summary_large_image","twitter_misc":{"Escrito por":"Daniel Matos","Est. tempo de leitura":"4 minutos"},"schema":{"@context":"https:\/\/schema.org","@graph":[{"@type":"WebPage","@id":"https:\/\/www.blogsoestado.com\/danielmatos\/mais-6-792-familias-inseridas-no-maranhao-livre-da-fome\/","url":"https:\/\/www.blogsoestado.com\/danielmatos\/mais-6-792-familias-inseridas-no-maranhao-livre-da-fome\/","name":"Mais 6.792 fam\u00edlias inseridas no Maranh\u00e3o Livre da Fome - Daniel Matos","isPartOf":{"@id":"https:\/\/www.blogsoestado.com\/danielmatos\/#website"},"primaryImageOfPage":{"@id":"https:\/\/www.blogsoestado.com\/danielmatos\/mais-6-792-familias-inseridas-no-maranhao-livre-da-fome\/#primaryimage"},"image":{"@id":"https:\/\/www.blogsoestado.com\/danielmatos\/mais-6-792-familias-inseridas-no-maranhao-livre-da-fome\/#primaryimage"},"thumbnailUrl":"https:\/\/www.blogsoestado.com\/danielmatos\/wp-content\/uploads\/sites\/2\/2025\/08\/1003377160-1024x683.jpg","datePublished":"2025-08-20T22:56:52+00:00","dateModified":"2025-08-20T22:56:54+00:00","author":{"@id":"https:\/\/www.blogsoestado.com\/danielmatos\/#\/schema\/person\/9a209d407cd45631f131e1285b661bb0"},"breadcrumb":{"@id":"https:\/\/www.blogsoestado.com\/danielmatos\/mais-6-792-familias-inseridas-no-maranhao-livre-da-fome\/#breadcrumb"},"inLanguage":"pt-BR","potentialAction":[{"@type":"ReadAction","target":["https:\/\/www.blogsoestado.com\/danielmatos\/mais-6-792-familias-inseridas-no-maranhao-livre-da-fome\/"]}]},{"@type":"ImageObject","inLanguage":"pt-BR","@id":"https:\/\/www.blogsoestado.com\/danielmatos\/mais-6-792-familias-inseridas-no-maranhao-livre-da-fome\/#primaryimage","url":"https:\/\/www.blogsoestado.com\/danielmatos\/wp-content\/uploads\/sites\/2\/2025\/08\/1003377160.jpg","contentUrl":"https:\/\/www.blogsoestado.com\/danielmatos\/wp-content\/uploads\/sites\/2\/2025\/08\/1003377160.jpg","width":2560,"height":1707},{"@type":"BreadcrumbList","@id":"https:\/\/www.blogsoestado.com\/danielmatos\/mais-6-792-familias-inseridas-no-maranhao-livre-da-fome\/#breadcrumb","itemListElement":[{"@type":"ListItem","position":1,"name":"In\u00edcio","item":"https:\/\/www.blogsoestado.com\/danielmatos\/"},{"@type":"ListItem","position":2,"name":"Mais 6.792 fam\u00edlias inseridas no Maranh\u00e3o Livre da Fome"}]},{"@type":"WebSite","@id":"https:\/\/www.blogsoestado.com\/danielmatos\/#website","url":"https:\/\/www.blogsoestado.com\/danielmatos\/","name":"Daniel Matos","description":"","potentialAction":[{"@type":"SearchAction","target":{"@type":"EntryPoint","urlTemplate":"https:\/\/www.blogsoestado.com\/danielmatos\/?s={search_term_string}"},"query-input":{"@type":"PropertyValueSpecification","valueRequired":true,"valueName":"search_term_string"}}],"inLanguage":"pt-BR"},{"@type":"Person","@id":"https:\/\/www.blogsoestado.com\/danielmatos\/#\/schema\/person\/9a209d407cd45631f131e1285b661bb0","name":"Daniel Matos","image":{"@type":"ImageObject","inLanguage":"pt-BR","@id":"https:\/\/www.blogsoestado.com\/danielmatos\/#\/schema\/person\/image\/","url":"https:\/\/secure.gravatar.com\/avatar\/2f26c36ee355da19a257f0dfef43952a2588b324ca35d6719e859fe338ac0392?s=96&d=mm&r=g","contentUrl":"https:\/\/secure.gravatar.com\/avatar\/2f26c36ee355da19a257f0dfef43952a2588b324ca35d6719e859fe338ac0392?s=96&d=mm&r=g","caption":"Daniel Matos"},"url":"https:\/\/www.blogsoestado.com\/danielmatos\/author\/danielmatos\/"}]}},"jetpack_featured_media_url":"","_links":{"self":[{"href":"https:\/\/www.blogsoestado.com\/danielmatos\/wp-json\/wp\/v2\/posts\/147478","targetHints":{"allow":["GET"]}}],"collection":[{"href":"https:\/\/www.blogsoestado.com\/danielmatos\/wp-json\/wp\/v2\/posts"}],"about":[{"href":"https:\/\/www.blogsoestado.com\/danielmatos\/wp-json\/wp\/v2\/types\/post"}],"author":[{"embeddable":true,"href":"https:\/\/www.blogsoestado.com\/danielmatos\/wp-json\/wp\/v2\/users\/2"}],"replies":[{"embeddable":true,"href":"https:\/\/www.blogsoestado.com\/danielmatos\/wp-json\/wp\/v2\/comments?post=147478"}],"version-history":[{"count":1,"href":"https:\/\/www.blogsoestado.com\/danielmatos\/wp-json\/wp\/v2\/posts\/147478\/revisions"}],"predecessor-version":[{"id":147483,"href":"https:\/\/www.blogsoestado.com\/danielmatos\/wp-json\/wp\/v2\/posts\/147478\/revisions\/147483"}],"wp:attachment":[{"href":"https:\/\/www.blogsoestado.com\/danielmatos\/wp-json\/wp\/v2\/media?parent=147478"}],"wp:term":[{"taxonomy":"category","embeddable":true,"href":"https:\/\/www.blogsoestado.com\/danielmatos\/wp-json\/wp\/v2\/categories?post=147478"},{"taxonomy":"post_tag","embeddable":true,"href":"https:\/\/www.blogsoestado.com\/danielmatos\/wp-json\/wp\/v2\/tags?post=147478"}],"curies":[{"name":"wp","href":"https:\/\/api.w.org\/{rel}","templated":true}]}}