{"id":147484,"date":"2025-08-20T22:03:10","date_gmt":"2025-08-21T01:03:10","guid":{"rendered":"https:\/\/www.blogsoestado.com\/danielmatos\/?p=147484"},"modified":"2025-08-20T22:03:14","modified_gmt":"2025-08-21T01:03:14","slug":"programacao-do-mobiliza-slz-2025-e-apresentada-em-primeira-mao-a-produtores-de-eventos-confirmados-na-5a-edicao","status":"publish","type":"post","link":"https:\/\/www.blogsoestado.com\/danielmatos\/programacao-do-mobiliza-slz-2025-e-apresentada-em-primeira-mao-a-produtores-de-eventos-confirmados-na-5a-edicao\/","title":{"rendered":"Programa\u00e7\u00e3o do Mobiliza SLZ 2025 \u00e9 apresentada em primeira m\u00e3o a produtores de eventos confirmados na 5\u00aa edi\u00e7\u00e3o"},"content":{"rendered":"\n<p><em><strong><mark style=\"color:#cf2e2e\" class=\"has-inline-color\">Al\u00e9m de mostrar a agenda completa, coordena\u00e7\u00e3o do movimento reuniu criativos com iniciativas confirmadas nesta edi\u00e7\u00e3o para fazer alinhamentos importantes. A comunidade criativa tamb\u00e9m recebeu instru\u00e7\u00f5es sobre descarboniza\u00e7\u00e3o das atividades<\/mark><\/strong><\/em><\/p>\n\n\n\n<figure class=\"wp-block-image aligncenter size-large\"><img fetchpriority=\"high\" decoding=\"async\" width=\"1024\" height=\"576\" src=\"https:\/\/www.blogsoestado.com\/danielmatos\/wp-content\/uploads\/sites\/2\/2025\/08\/1003379040-2-1024x576.jpg\" alt=\"\" class=\"wp-image-147496\" srcset=\"https:\/\/www.blogsoestado.com\/danielmatos\/wp-content\/uploads\/sites\/2\/2025\/08\/1003379040-2-1024x576.jpg 1024w, https:\/\/www.blogsoestado.com\/danielmatos\/wp-content\/uploads\/sites\/2\/2025\/08\/1003379040-2-300x169.jpg 300w, https:\/\/www.blogsoestado.com\/danielmatos\/wp-content\/uploads\/sites\/2\/2025\/08\/1003379040-2-768x432.jpg 768w, https:\/\/www.blogsoestado.com\/danielmatos\/wp-content\/uploads\/sites\/2\/2025\/08\/1003379040-2-1536x864.jpg 1536w, https:\/\/www.blogsoestado.com\/danielmatos\/wp-content\/uploads\/sites\/2\/2025\/08\/1003379040-2-2048x1152.jpg 2048w\" sizes=\"(max-width: 1024px) 100vw, 1024px\" \/><figcaption class=\"wp-element-caption\"><em>Mauro Borralho, diretor t\u00e9cnico do Sebrae Maranh\u00e3o, idealizador do Mobiliza SLZ, deu as boas-vindas aos participantes do Esquenta (Foto: Divulga\u00e7\u00e3o\/Mobiliza SLZ)<\/em><\/figcaption><\/figure>\n\n\n\n<p>Movimento que estimular\u00e1 o turismo, a cultura e a economia criativa de S\u00e3o Lu\u00eds nos pr\u00f3ximos dias 6 a 14 de setembro, a 5\u00aa edi\u00e7\u00e3o do Mobiliza SLZ j\u00e1 est\u00e1 nos preparativos finais! Na noite de ter\u00e7a-feira (19), a programa\u00e7\u00e3o geral foi revelada durante o Esquenta Mobiliza SLZ 2025, encontro com os organizadores das atividades e dos eventos que integrar\u00e3o o movimento deste ano. A previs\u00e3o \u00e9 que a agenda completa seja divulgada ao p\u00fablico em geral at\u00e9 o in\u00edcio da pr\u00f3xima semana no site&nbsp;<a href=\"http:\/\/mobilizaslz.com.br\/\" target=\"_blank\" rel=\"noreferrer noopener\">mobilizaslz.com.br<\/a>.<\/p>\n\n\n\n<figure class=\"wp-block-image aligncenter size-large\"><img decoding=\"async\" width=\"1024\" height=\"768\" src=\"https:\/\/www.blogsoestado.com\/danielmatos\/wp-content\/uploads\/sites\/2\/2025\/08\/1003379043-2-1024x768.jpg\" alt=\"\" class=\"wp-image-147494\" srcset=\"https:\/\/www.blogsoestado.com\/danielmatos\/wp-content\/uploads\/sites\/2\/2025\/08\/1003379043-2-1024x768.jpg 1024w, https:\/\/www.blogsoestado.com\/danielmatos\/wp-content\/uploads\/sites\/2\/2025\/08\/1003379043-2-300x225.jpg 300w, https:\/\/www.blogsoestado.com\/danielmatos\/wp-content\/uploads\/sites\/2\/2025\/08\/1003379043-2-768x576.jpg 768w, https:\/\/www.blogsoestado.com\/danielmatos\/wp-content\/uploads\/sites\/2\/2025\/08\/1003379043-2-1536x1152.jpg 1536w, https:\/\/www.blogsoestado.com\/danielmatos\/wp-content\/uploads\/sites\/2\/2025\/08\/1003379043-2-2048x1536.jpg 2048w\" sizes=\"(max-width: 1024px) 100vw, 1024px\" \/><figcaption class=\"wp-element-caption\"><em>A coordenadora do movimento, Danielle Abreu, refor\u00e7ou que a edi\u00e7\u00e3o de 2025 tem \u00eanfase na sustentabilidade (Foto: Divulga\u00e7\u00e3o\/Mobiliza SLZ)<\/em><\/figcaption><\/figure>\n\n\n\n<p>O Esquenta tamb\u00e9m foi um momento para transmitir orienta\u00e7\u00f5es, inclusive sobre processos de Comunica\u00e7\u00e3o antes e durante o movimento, para sanar d\u00favidas dos produtores e para construir ou aprofundar rela\u00e7\u00f5es entre os criativos. &#8220;A ideia do Mobiliza SLZ sempre foi que n\u00f3s nos enxerg\u00e1ssemos enquanto rede. Ent\u00e3o esse \u00e9 o primeiro momento do ano para isso, para esses empreendedores que est\u00e3o confirmados se conhecerem, interagirem entre eles e, quem sabe, ainda fazer conex\u00f5es dentro do movimento ou fazer neg\u00f3cios futuros&#8221;, comentou Danielle Abreu, coordenadora do Mobiliza SLZ.<\/p>\n\n\n\n<figure class=\"wp-block-image aligncenter size-large\"><img decoding=\"async\" width=\"1024\" height=\"768\" src=\"https:\/\/www.blogsoestado.com\/danielmatos\/wp-content\/uploads\/sites\/2\/2025\/08\/1003379044-2-1024x768.jpg\" alt=\"\" class=\"wp-image-147493\" srcset=\"https:\/\/www.blogsoestado.com\/danielmatos\/wp-content\/uploads\/sites\/2\/2025\/08\/1003379044-2-1024x768.jpg 1024w, https:\/\/www.blogsoestado.com\/danielmatos\/wp-content\/uploads\/sites\/2\/2025\/08\/1003379044-2-300x225.jpg 300w, https:\/\/www.blogsoestado.com\/danielmatos\/wp-content\/uploads\/sites\/2\/2025\/08\/1003379044-2-768x576.jpg 768w, https:\/\/www.blogsoestado.com\/danielmatos\/wp-content\/uploads\/sites\/2\/2025\/08\/1003379044-2-1536x1152.jpg 1536w, https:\/\/www.blogsoestado.com\/danielmatos\/wp-content\/uploads\/sites\/2\/2025\/08\/1003379044-2-2048x1536.jpg 2048w\" sizes=\"(max-width: 1024px) 100vw, 1024px\" \/><figcaption class=\"wp-element-caption\"><em>Elivania Estrela \u00e9 respons\u00e1vel pelo evento &#8220;A Pot\u00eancia \u2014 Encontro das Mulheres Empres\u00e1rias da Cidade Oper\u00e1ria&#8221; (Foto: Divulga\u00e7\u00e3o\/Mobiliza SLZ)<\/em><\/figcaption><\/figure>\n\n\n\n<p>Segundo Elivania Estrela, executiva social da Pot\u00eancia Social e organizadora de uma das atividades confirmadas, o que a atraiu ao Mobiliza SLZ foi a possibilidade de somar for\u00e7as em um movimento coletivo que valoriza iniciativas do territ\u00f3rio. &#8220;Realizar &#8216;A Pot\u00eancia&#8217; dentro da programa\u00e7\u00e3o amplia a visibilidade do projeto, fortalece a rede de apoio ao empreendedorismo feminino e conecta nossas a\u00e7\u00f5es locais a uma agenda maior da cidade. Para mim, estar no Mobiliza potencializa o alcance da iniciativa e cria oportunidades de troca que, sozinha, eu n\u00e3o conseguiria&#8221;, avaliou.<\/p>\n\n\n\n<figure class=\"wp-block-image aligncenter size-large\"><img loading=\"lazy\" decoding=\"async\" width=\"1024\" height=\"1024\" src=\"https:\/\/www.blogsoestado.com\/danielmatos\/wp-content\/uploads\/sites\/2\/2025\/08\/1003379042-2-1024x1024.jpg\" alt=\"\" class=\"wp-image-147497\" srcset=\"https:\/\/www.blogsoestado.com\/danielmatos\/wp-content\/uploads\/sites\/2\/2025\/08\/1003379042-2-1024x1024.jpg 1024w, https:\/\/www.blogsoestado.com\/danielmatos\/wp-content\/uploads\/sites\/2\/2025\/08\/1003379042-2-300x300.jpg 300w, https:\/\/www.blogsoestado.com\/danielmatos\/wp-content\/uploads\/sites\/2\/2025\/08\/1003379042-2-150x150.jpg 150w, https:\/\/www.blogsoestado.com\/danielmatos\/wp-content\/uploads\/sites\/2\/2025\/08\/1003379042-2-768x768.jpg 768w, https:\/\/www.blogsoestado.com\/danielmatos\/wp-content\/uploads\/sites\/2\/2025\/08\/1003379042-2-1536x1536.jpg 1536w, https:\/\/www.blogsoestado.com\/danielmatos\/wp-content\/uploads\/sites\/2\/2025\/08\/1003379042-2-2048x2048.jpg 2048w\" sizes=\"(max-width: 1024px) 100vw, 1024px\" \/><figcaption class=\"wp-element-caption\"><em>A professora Vilena Silva \u00e9 CEO da Compensei (Foto: Divulga\u00e7\u00e3o\/Mobiliza SLZ)<\/em><\/figcaption><\/figure>\n\n\n\n<p><strong>Agenda clim\u00e1tica<\/strong>&nbsp;\u2014 Na ocasi\u00e3o, a startup Compensei, especializada em descarboniza\u00e7\u00e3o que atuar\u00e1 na redu\u00e7\u00e3o e compensa\u00e7\u00e3o de emiss\u00f5es de carbono de eventos do Mobiliza SLZ 2025, discorreu sobre como economia criativa, inova\u00e7\u00e3o e a\u00e7\u00f5es clim\u00e1ticas podem caminhar juntas. Para isso, algumas medidas simples podem ser adotadas pelos produtores, a exemplo de privilegiar o uso de mat\u00e9rias-primas recicladas, reaproveitadas ou de baixo impacto, evitando pl\u00e1sticos descart\u00e1veis e embalagens desnecess\u00e1rias, e de se deslocar at\u00e9 os pontos da programa\u00e7\u00e3o a p\u00e9, de bicicleta, transporte coletivo ou carona compartilhada com amigos.<\/p>\n\n\n\n<figure class=\"wp-block-image aligncenter size-large\"><img loading=\"lazy\" decoding=\"async\" width=\"1024\" height=\"572\" src=\"https:\/\/www.blogsoestado.com\/danielmatos\/wp-content\/uploads\/sites\/2\/2025\/08\/1003379334-1024x572.png\" alt=\"\" class=\"wp-image-147495\" srcset=\"https:\/\/www.blogsoestado.com\/danielmatos\/wp-content\/uploads\/sites\/2\/2025\/08\/1003379334-1024x572.png 1024w, https:\/\/www.blogsoestado.com\/danielmatos\/wp-content\/uploads\/sites\/2\/2025\/08\/1003379334-300x168.png 300w, https:\/\/www.blogsoestado.com\/danielmatos\/wp-content\/uploads\/sites\/2\/2025\/08\/1003379334-768x429.png 768w, https:\/\/www.blogsoestado.com\/danielmatos\/wp-content\/uploads\/sites\/2\/2025\/08\/1003379334.png 1080w\" sizes=\"(max-width: 1024px) 100vw, 1024px\" \/><figcaption class=\"wp-element-caption\"><em>O encontro com os produtores do Mobiliza SLZ 2025 ocorreu no SebraeLab (Foto: Divulga\u00e7\u00e3o\/Mobiliza SLZ)<\/em><\/figcaption><\/figure>\n\n\n\n<p>Focando sustentabilidade, esta edi\u00e7\u00e3o do Mobiliza SLZ foi inclu\u00edda na Jornada Pr\u00e9-COP30 do Sebrae Nacional, que consiste em um calend\u00e1rio de participa\u00e7\u00f5es da institui\u00e7\u00e3o em eventos realizados pelo pa\u00eds em 2025, nos quais s\u00e3o discutidas pautas da 30\u00aa Confer\u00eancia das Partes (COP) da Conven\u00e7\u00e3o-Quadro das Na\u00e7\u00f5es Unidas sobre Mudan\u00e7a do Clima, programada para ocorrer no m\u00eas de novembro, em Bel\u00e9m.<\/p>\n","protected":false},"excerpt":{"rendered":"<p>Al\u00e9m de mostrar a agenda completa, coordena\u00e7\u00e3o do movimento reuniu criativos com iniciativas confirmadas nesta edi\u00e7\u00e3o para fazer alinhamentos importantes. [&hellip;]<\/p>\n","protected":false},"author":2,"featured_media":0,"comment_status":"open","ping_status":"open","sticky":false,"template":"","format":"standard","meta":{"site-sidebar-layout":"default","site-content-layout":"","ast-site-content-layout":"default","site-content-style":"default","site-sidebar-style":"default","ast-global-header-display":"","ast-banner-title-visibility":"","ast-main-header-display":"","ast-hfb-above-header-display":"","ast-hfb-below-header-display":"","ast-hfb-mobile-header-display":"","site-post-title":"","ast-breadcrumbs-content":"","ast-featured-img":"","footer-sml-layout":"","ast-disable-related-posts":"","theme-transparent-header-meta":"","adv-header-id-meta":"","stick-header-meta":"","header-above-stick-meta":"","header-main-stick-meta":"","header-below-stick-meta":"","astra-migrate-meta-layouts":"default","ast-page-background-enabled":"default","ast-page-background-meta":{"desktop":{"background-color":"var(--ast-global-color-5)","background-image":"","background-repeat":"repeat","background-position":"center center","background-size":"auto","background-attachment":"scroll","background-type":"","background-media":"","overlay-type":"","overlay-color":"","overlay-opacity":"","overlay-gradient":""},"tablet":{"background-color":"","background-image":"","background-repeat":"repeat","background-position":"center center","background-size":"auto","background-attachment":"scroll","background-type":"","background-media":"","overlay-type":"","overlay-color":"","overlay-opacity":"","overlay-gradient":""},"mobile":{"background-color":"","background-image":"","background-repeat":"repeat","background-position":"center center","background-size":"auto","background-attachment":"scroll","background-type":"","background-media":"","overlay-type":"","overlay-color":"","overlay-opacity":"","overlay-gradient":""}},"ast-content-background-meta":{"desktop":{"background-color":"var(--ast-global-color-4)","background-image":"","background-repeat":"repeat","background-position":"center center","background-size":"auto","background-attachment":"scroll","background-type":"","background-media":"","overlay-type":"","overlay-color":"","overlay-opacity":"","overlay-gradient":""},"tablet":{"background-color":"var(--ast-global-color-4)","background-image":"","background-repeat":"repeat","background-position":"center center","background-size":"auto","background-attachment":"scroll","background-type":"","background-media":"","overlay-type":"","overlay-color":"","overlay-opacity":"","overlay-gradient":""},"mobile":{"background-color":"var(--ast-global-color-4)","background-image":"","background-repeat":"repeat","background-position":"center center","background-size":"auto","background-attachment":"scroll","background-type":"","background-media":"","overlay-type":"","overlay-color":"","overlay-opacity":"","overlay-gradient":""}},"footnotes":""},"categories":[1],"tags":[],"class_list":["post-147484","post","type-post","status-publish","format-standard","hentry","category-sem-categoria"],"yoast_head":"<!-- This site is optimized with the Yoast SEO plugin v26.6 - https:\/\/yoast.com\/wordpress\/plugins\/seo\/ -->\n<title>Programa\u00e7\u00e3o do Mobiliza SLZ 2025 \u00e9 apresentada em primeira m\u00e3o a produtores de eventos confirmados na 5\u00aa edi\u00e7\u00e3o - Daniel Matos<\/title>\n<meta name=\"robots\" content=\"index, follow, max-snippet:-1, max-image-preview:large, max-video-preview:-1\" \/>\n<link rel=\"canonical\" href=\"https:\/\/www.blogsoestado.com\/danielmatos\/programacao-do-mobiliza-slz-2025-e-apresentada-em-primeira-mao-a-produtores-de-eventos-confirmados-na-5a-edicao\/\" \/>\n<meta property=\"og:locale\" content=\"pt_BR\" \/>\n<meta property=\"og:type\" content=\"article\" \/>\n<meta property=\"og:title\" content=\"Programa\u00e7\u00e3o do Mobiliza SLZ 2025 \u00e9 apresentada em primeira m\u00e3o a produtores de eventos confirmados na 5\u00aa edi\u00e7\u00e3o - Daniel Matos\" \/>\n<meta property=\"og:description\" content=\"Al\u00e9m de mostrar a agenda completa, coordena\u00e7\u00e3o do movimento reuniu criativos com iniciativas confirmadas nesta edi\u00e7\u00e3o para fazer alinhamentos importantes. [&hellip;]\" \/>\n<meta property=\"og:url\" content=\"https:\/\/www.blogsoestado.com\/danielmatos\/programacao-do-mobiliza-slz-2025-e-apresentada-em-primeira-mao-a-produtores-de-eventos-confirmados-na-5a-edicao\/\" \/>\n<meta property=\"og:site_name\" content=\"Daniel Matos\" \/>\n<meta property=\"article:published_time\" content=\"2025-08-21T01:03:10+00:00\" \/>\n<meta property=\"article:modified_time\" content=\"2025-08-21T01:03:14+00:00\" \/>\n<meta property=\"og:image\" content=\"https:\/\/www.blogsoestado.com\/danielmatos\/wp-content\/uploads\/sites\/2\/2025\/08\/1003379040-2.jpg\" \/>\n\t<meta property=\"og:image:width\" content=\"2560\" \/>\n\t<meta property=\"og:image:height\" content=\"1440\" \/>\n\t<meta property=\"og:image:type\" content=\"image\/jpeg\" \/>\n<meta name=\"author\" content=\"Daniel Matos\" \/>\n<meta name=\"twitter:card\" content=\"summary_large_image\" \/>\n<meta name=\"twitter:label1\" content=\"Escrito por\" \/>\n\t<meta name=\"twitter:data1\" content=\"Daniel Matos\" \/>\n\t<meta name=\"twitter:label2\" content=\"Est. tempo de leitura\" \/>\n\t<meta name=\"twitter:data2\" content=\"4 minutos\" \/>\n<script type=\"application\/ld+json\" class=\"yoast-schema-graph\">{\"@context\":\"https:\/\/schema.org\",\"@graph\":[{\"@type\":\"WebPage\",\"@id\":\"https:\/\/www.blogsoestado.com\/danielmatos\/programacao-do-mobiliza-slz-2025-e-apresentada-em-primeira-mao-a-produtores-de-eventos-confirmados-na-5a-edicao\/\",\"url\":\"https:\/\/www.blogsoestado.com\/danielmatos\/programacao-do-mobiliza-slz-2025-e-apresentada-em-primeira-mao-a-produtores-de-eventos-confirmados-na-5a-edicao\/\",\"name\":\"Programa\u00e7\u00e3o do Mobiliza SLZ 2025 \u00e9 apresentada em primeira m\u00e3o a produtores de eventos confirmados na 5\u00aa edi\u00e7\u00e3o - Daniel Matos\",\"isPartOf\":{\"@id\":\"https:\/\/www.blogsoestado.com\/danielmatos\/#website\"},\"primaryImageOfPage\":{\"@id\":\"https:\/\/www.blogsoestado.com\/danielmatos\/programacao-do-mobiliza-slz-2025-e-apresentada-em-primeira-mao-a-produtores-de-eventos-confirmados-na-5a-edicao\/#primaryimage\"},\"image\":{\"@id\":\"https:\/\/www.blogsoestado.com\/danielmatos\/programacao-do-mobiliza-slz-2025-e-apresentada-em-primeira-mao-a-produtores-de-eventos-confirmados-na-5a-edicao\/#primaryimage\"},\"thumbnailUrl\":\"https:\/\/www.blogsoestado.com\/danielmatos\/wp-content\/uploads\/sites\/2\/2025\/08\/1003379040-2-1024x576.jpg\",\"datePublished\":\"2025-08-21T01:03:10+00:00\",\"dateModified\":\"2025-08-21T01:03:14+00:00\",\"author\":{\"@id\":\"https:\/\/www.blogsoestado.com\/danielmatos\/#\/schema\/person\/9a209d407cd45631f131e1285b661bb0\"},\"breadcrumb\":{\"@id\":\"https:\/\/www.blogsoestado.com\/danielmatos\/programacao-do-mobiliza-slz-2025-e-apresentada-em-primeira-mao-a-produtores-de-eventos-confirmados-na-5a-edicao\/#breadcrumb\"},\"inLanguage\":\"pt-BR\",\"potentialAction\":[{\"@type\":\"ReadAction\",\"target\":[\"https:\/\/www.blogsoestado.com\/danielmatos\/programacao-do-mobiliza-slz-2025-e-apresentada-em-primeira-mao-a-produtores-de-eventos-confirmados-na-5a-edicao\/\"]}]},{\"@type\":\"ImageObject\",\"inLanguage\":\"pt-BR\",\"@id\":\"https:\/\/www.blogsoestado.com\/danielmatos\/programacao-do-mobiliza-slz-2025-e-apresentada-em-primeira-mao-a-produtores-de-eventos-confirmados-na-5a-edicao\/#primaryimage\",\"url\":\"https:\/\/www.blogsoestado.com\/danielmatos\/wp-content\/uploads\/sites\/2\/2025\/08\/1003379040-2.jpg\",\"contentUrl\":\"https:\/\/www.blogsoestado.com\/danielmatos\/wp-content\/uploads\/sites\/2\/2025\/08\/1003379040-2.jpg\",\"width\":2560,\"height\":1440},{\"@type\":\"BreadcrumbList\",\"@id\":\"https:\/\/www.blogsoestado.com\/danielmatos\/programacao-do-mobiliza-slz-2025-e-apresentada-em-primeira-mao-a-produtores-de-eventos-confirmados-na-5a-edicao\/#breadcrumb\",\"itemListElement\":[{\"@type\":\"ListItem\",\"position\":1,\"name\":\"In\u00edcio\",\"item\":\"https:\/\/www.blogsoestado.com\/danielmatos\/\"},{\"@type\":\"ListItem\",\"position\":2,\"name\":\"Programa\u00e7\u00e3o do Mobiliza SLZ 2025 \u00e9 apresentada em primeira m\u00e3o a produtores de eventos confirmados na 5\u00aa edi\u00e7\u00e3o\"}]},{\"@type\":\"WebSite\",\"@id\":\"https:\/\/www.blogsoestado.com\/danielmatos\/#website\",\"url\":\"https:\/\/www.blogsoestado.com\/danielmatos\/\",\"name\":\"Daniel Matos\",\"description\":\"\",\"potentialAction\":[{\"@type\":\"SearchAction\",\"target\":{\"@type\":\"EntryPoint\",\"urlTemplate\":\"https:\/\/www.blogsoestado.com\/danielmatos\/?s={search_term_string}\"},\"query-input\":{\"@type\":\"PropertyValueSpecification\",\"valueRequired\":true,\"valueName\":\"search_term_string\"}}],\"inLanguage\":\"pt-BR\"},{\"@type\":\"Person\",\"@id\":\"https:\/\/www.blogsoestado.com\/danielmatos\/#\/schema\/person\/9a209d407cd45631f131e1285b661bb0\",\"name\":\"Daniel Matos\",\"image\":{\"@type\":\"ImageObject\",\"inLanguage\":\"pt-BR\",\"@id\":\"https:\/\/www.blogsoestado.com\/danielmatos\/#\/schema\/person\/image\/\",\"url\":\"https:\/\/secure.gravatar.com\/avatar\/2f26c36ee355da19a257f0dfef43952a2588b324ca35d6719e859fe338ac0392?s=96&d=mm&r=g\",\"contentUrl\":\"https:\/\/secure.gravatar.com\/avatar\/2f26c36ee355da19a257f0dfef43952a2588b324ca35d6719e859fe338ac0392?s=96&d=mm&r=g\",\"caption\":\"Daniel Matos\"},\"url\":\"https:\/\/www.blogsoestado.com\/danielmatos\/author\/danielmatos\/\"}]}<\/script>\n<!-- \/ Yoast SEO plugin. -->","yoast_head_json":{"title":"Programa\u00e7\u00e3o do Mobiliza SLZ 2025 \u00e9 apresentada em primeira m\u00e3o a produtores de eventos confirmados na 5\u00aa edi\u00e7\u00e3o - Daniel Matos","robots":{"index":"index","follow":"follow","max-snippet":"max-snippet:-1","max-image-preview":"max-image-preview:large","max-video-preview":"max-video-preview:-1"},"canonical":"https:\/\/www.blogsoestado.com\/danielmatos\/programacao-do-mobiliza-slz-2025-e-apresentada-em-primeira-mao-a-produtores-de-eventos-confirmados-na-5a-edicao\/","og_locale":"pt_BR","og_type":"article","og_title":"Programa\u00e7\u00e3o do Mobiliza SLZ 2025 \u00e9 apresentada em primeira m\u00e3o a produtores de eventos confirmados na 5\u00aa edi\u00e7\u00e3o - Daniel Matos","og_description":"Al\u00e9m de mostrar a agenda completa, coordena\u00e7\u00e3o do movimento reuniu criativos com iniciativas confirmadas nesta edi\u00e7\u00e3o para fazer alinhamentos importantes. [&hellip;]","og_url":"https:\/\/www.blogsoestado.com\/danielmatos\/programacao-do-mobiliza-slz-2025-e-apresentada-em-primeira-mao-a-produtores-de-eventos-confirmados-na-5a-edicao\/","og_site_name":"Daniel Matos","article_published_time":"2025-08-21T01:03:10+00:00","article_modified_time":"2025-08-21T01:03:14+00:00","og_image":[{"width":2560,"height":1440,"url":"https:\/\/www.blogsoestado.com\/danielmatos\/wp-content\/uploads\/sites\/2\/2025\/08\/1003379040-2.jpg","type":"image\/jpeg"}],"author":"Daniel Matos","twitter_card":"summary_large_image","twitter_misc":{"Escrito por":"Daniel Matos","Est. tempo de leitura":"4 minutos"},"schema":{"@context":"https:\/\/schema.org","@graph":[{"@type":"WebPage","@id":"https:\/\/www.blogsoestado.com\/danielmatos\/programacao-do-mobiliza-slz-2025-e-apresentada-em-primeira-mao-a-produtores-de-eventos-confirmados-na-5a-edicao\/","url":"https:\/\/www.blogsoestado.com\/danielmatos\/programacao-do-mobiliza-slz-2025-e-apresentada-em-primeira-mao-a-produtores-de-eventos-confirmados-na-5a-edicao\/","name":"Programa\u00e7\u00e3o do Mobiliza SLZ 2025 \u00e9 apresentada em primeira m\u00e3o a produtores de eventos confirmados na 5\u00aa edi\u00e7\u00e3o - Daniel Matos","isPartOf":{"@id":"https:\/\/www.blogsoestado.com\/danielmatos\/#website"},"primaryImageOfPage":{"@id":"https:\/\/www.blogsoestado.com\/danielmatos\/programacao-do-mobiliza-slz-2025-e-apresentada-em-primeira-mao-a-produtores-de-eventos-confirmados-na-5a-edicao\/#primaryimage"},"image":{"@id":"https:\/\/www.blogsoestado.com\/danielmatos\/programacao-do-mobiliza-slz-2025-e-apresentada-em-primeira-mao-a-produtores-de-eventos-confirmados-na-5a-edicao\/#primaryimage"},"thumbnailUrl":"https:\/\/www.blogsoestado.com\/danielmatos\/wp-content\/uploads\/sites\/2\/2025\/08\/1003379040-2-1024x576.jpg","datePublished":"2025-08-21T01:03:10+00:00","dateModified":"2025-08-21T01:03:14+00:00","author":{"@id":"https:\/\/www.blogsoestado.com\/danielmatos\/#\/schema\/person\/9a209d407cd45631f131e1285b661bb0"},"breadcrumb":{"@id":"https:\/\/www.blogsoestado.com\/danielmatos\/programacao-do-mobiliza-slz-2025-e-apresentada-em-primeira-mao-a-produtores-de-eventos-confirmados-na-5a-edicao\/#breadcrumb"},"inLanguage":"pt-BR","potentialAction":[{"@type":"ReadAction","target":["https:\/\/www.blogsoestado.com\/danielmatos\/programacao-do-mobiliza-slz-2025-e-apresentada-em-primeira-mao-a-produtores-de-eventos-confirmados-na-5a-edicao\/"]}]},{"@type":"ImageObject","inLanguage":"pt-BR","@id":"https:\/\/www.blogsoestado.com\/danielmatos\/programacao-do-mobiliza-slz-2025-e-apresentada-em-primeira-mao-a-produtores-de-eventos-confirmados-na-5a-edicao\/#primaryimage","url":"https:\/\/www.blogsoestado.com\/danielmatos\/wp-content\/uploads\/sites\/2\/2025\/08\/1003379040-2.jpg","contentUrl":"https:\/\/www.blogsoestado.com\/danielmatos\/wp-content\/uploads\/sites\/2\/2025\/08\/1003379040-2.jpg","width":2560,"height":1440},{"@type":"BreadcrumbList","@id":"https:\/\/www.blogsoestado.com\/danielmatos\/programacao-do-mobiliza-slz-2025-e-apresentada-em-primeira-mao-a-produtores-de-eventos-confirmados-na-5a-edicao\/#breadcrumb","itemListElement":[{"@type":"ListItem","position":1,"name":"In\u00edcio","item":"https:\/\/www.blogsoestado.com\/danielmatos\/"},{"@type":"ListItem","position":2,"name":"Programa\u00e7\u00e3o do Mobiliza SLZ 2025 \u00e9 apresentada em primeira m\u00e3o a produtores de eventos confirmados na 5\u00aa edi\u00e7\u00e3o"}]},{"@type":"WebSite","@id":"https:\/\/www.blogsoestado.com\/danielmatos\/#website","url":"https:\/\/www.blogsoestado.com\/danielmatos\/","name":"Daniel Matos","description":"","potentialAction":[{"@type":"SearchAction","target":{"@type":"EntryPoint","urlTemplate":"https:\/\/www.blogsoestado.com\/danielmatos\/?s={search_term_string}"},"query-input":{"@type":"PropertyValueSpecification","valueRequired":true,"valueName":"search_term_string"}}],"inLanguage":"pt-BR"},{"@type":"Person","@id":"https:\/\/www.blogsoestado.com\/danielmatos\/#\/schema\/person\/9a209d407cd45631f131e1285b661bb0","name":"Daniel Matos","image":{"@type":"ImageObject","inLanguage":"pt-BR","@id":"https:\/\/www.blogsoestado.com\/danielmatos\/#\/schema\/person\/image\/","url":"https:\/\/secure.gravatar.com\/avatar\/2f26c36ee355da19a257f0dfef43952a2588b324ca35d6719e859fe338ac0392?s=96&d=mm&r=g","contentUrl":"https:\/\/secure.gravatar.com\/avatar\/2f26c36ee355da19a257f0dfef43952a2588b324ca35d6719e859fe338ac0392?s=96&d=mm&r=g","caption":"Daniel Matos"},"url":"https:\/\/www.blogsoestado.com\/danielmatos\/author\/danielmatos\/"}]}},"jetpack_featured_media_url":"","_links":{"self":[{"href":"https:\/\/www.blogsoestado.com\/danielmatos\/wp-json\/wp\/v2\/posts\/147484","targetHints":{"allow":["GET"]}}],"collection":[{"href":"https:\/\/www.blogsoestado.com\/danielmatos\/wp-json\/wp\/v2\/posts"}],"about":[{"href":"https:\/\/www.blogsoestado.com\/danielmatos\/wp-json\/wp\/v2\/types\/post"}],"author":[{"embeddable":true,"href":"https:\/\/www.blogsoestado.com\/danielmatos\/wp-json\/wp\/v2\/users\/2"}],"replies":[{"embeddable":true,"href":"https:\/\/www.blogsoestado.com\/danielmatos\/wp-json\/wp\/v2\/comments?post=147484"}],"version-history":[{"count":1,"href":"https:\/\/www.blogsoestado.com\/danielmatos\/wp-json\/wp\/v2\/posts\/147484\/revisions"}],"predecessor-version":[{"id":147498,"href":"https:\/\/www.blogsoestado.com\/danielmatos\/wp-json\/wp\/v2\/posts\/147484\/revisions\/147498"}],"wp:attachment":[{"href":"https:\/\/www.blogsoestado.com\/danielmatos\/wp-json\/wp\/v2\/media?parent=147484"}],"wp:term":[{"taxonomy":"category","embeddable":true,"href":"https:\/\/www.blogsoestado.com\/danielmatos\/wp-json\/wp\/v2\/categories?post=147484"},{"taxonomy":"post_tag","embeddable":true,"href":"https:\/\/www.blogsoestado.com\/danielmatos\/wp-json\/wp\/v2\/tags?post=147484"}],"curies":[{"name":"wp","href":"https:\/\/api.w.org\/{rel}","templated":true}]}}