{"id":147499,"date":"2025-08-20T22:50:59","date_gmt":"2025-08-21T01:50:59","guid":{"rendered":"https:\/\/www.blogsoestado.com\/danielmatos\/?p=147499"},"modified":"2025-08-20T22:51:03","modified_gmt":"2025-08-21T01:51:03","slug":"brk-recebe-time-de-palestrantes-do-seminario-estadual-de-direito-do-saneamento-para-visita-a-sede-da-empresa-no-maranhao","status":"publish","type":"post","link":"https:\/\/www.blogsoestado.com\/danielmatos\/brk-recebe-time-de-palestrantes-do-seminario-estadual-de-direito-do-saneamento-para-visita-a-sede-da-empresa-no-maranhao\/","title":{"rendered":"BRK recebe time de palestrantes do Semin\u00e1rio Estadual de Direito do Saneamento para visita \u00e0 sede da empresa no Maranh\u00e3o"},"content":{"rendered":"\n<figure class=\"wp-block-image aligncenter size-large\"><img fetchpriority=\"high\" decoding=\"async\" width=\"1024\" height=\"724\" src=\"https:\/\/www.blogsoestado.com\/danielmatos\/wp-content\/uploads\/sites\/2\/2025\/08\/1003379928-1024x724.jpg\" alt=\"\" class=\"wp-image-147500\" srcset=\"https:\/\/www.blogsoestado.com\/danielmatos\/wp-content\/uploads\/sites\/2\/2025\/08\/1003379928-1024x724.jpg 1024w, https:\/\/www.blogsoestado.com\/danielmatos\/wp-content\/uploads\/sites\/2\/2025\/08\/1003379928-300x212.jpg 300w, https:\/\/www.blogsoestado.com\/danielmatos\/wp-content\/uploads\/sites\/2\/2025\/08\/1003379928-768x543.jpg 768w, https:\/\/www.blogsoestado.com\/danielmatos\/wp-content\/uploads\/sites\/2\/2025\/08\/1003379928-1536x1086.jpg 1536w, https:\/\/www.blogsoestado.com\/danielmatos\/wp-content\/uploads\/sites\/2\/2025\/08\/1003379928-2048x1448.jpg 2048w\" sizes=\"(max-width: 1024px) 100vw, 1024px\" \/><figcaption class=\"wp-element-caption\">O gerente de Opera\u00e7\u00e3o &amp; Manuten\u00e7\u00e3o da BRK, Jefferson de Paula, apresentando o sistema de abastecimento que atende \u00e0s cidades de Pa\u00e7o do Lumiar e Ribamar<\/figcaption><\/figure>\n\n\n\n<p>A BRK recebeu em sua unidade no Maranh\u00e3o a visita de um time de profissionais de destaque na \u00e1rea de saneamento. A comitiva foi formada por especialistas que atuaram como palestrantes no II Semin\u00e1rio Estadual do Direito do Saneamento, promovido pela Organiza\u00e7\u00e3o de Advogados do Maranh\u00e3o (OAB\/MA).<\/p>\n\n\n\n<p>O encontro teve como objetivo promover a troca de experi\u00eancias e apresentar o trabalho realizado pela BRK como concession\u00e1ria dos servi\u00e7os de \u00e1gua e esgoto nos munic\u00edpios de Pa\u00e7o do Lumiar e S\u00e3o Jos\u00e9 de Ribamar.<\/p>\n\n\n\n<figure class=\"wp-block-image aligncenter size-large\"><img decoding=\"async\" width=\"1024\" height=\"726\" src=\"https:\/\/www.blogsoestado.com\/danielmatos\/wp-content\/uploads\/sites\/2\/2025\/08\/1003379927-1024x726.jpg\" alt=\"\" class=\"wp-image-147501\" srcset=\"https:\/\/www.blogsoestado.com\/danielmatos\/wp-content\/uploads\/sites\/2\/2025\/08\/1003379927-1024x726.jpg 1024w, https:\/\/www.blogsoestado.com\/danielmatos\/wp-content\/uploads\/sites\/2\/2025\/08\/1003379927-300x213.jpg 300w, https:\/\/www.blogsoestado.com\/danielmatos\/wp-content\/uploads\/sites\/2\/2025\/08\/1003379927-768x545.jpg 768w, https:\/\/www.blogsoestado.com\/danielmatos\/wp-content\/uploads\/sites\/2\/2025\/08\/1003379927-1536x1090.jpg 1536w, https:\/\/www.blogsoestado.com\/danielmatos\/wp-content\/uploads\/sites\/2\/2025\/08\/1003379927.jpg 1748w\" sizes=\"(max-width: 1024px) 100vw, 1024px\" \/><figcaption class=\"wp-element-caption\">Apresenta\u00e7\u00e3o do sistema de gera\u00e7\u00e3o de cloro utilizado pela BRK no Maranh\u00e3o<\/figcaption><\/figure>\n\n\n\n<p>Entre os visitantes, estiveram nomes de relev\u00e2ncia nacional e internacional, como o Professor Doutor e Pesquisador da Universidade Aut\u00f3noma de Lisboa, Eduardo Cardadeiro; &nbsp;a Vice-presidente da Comiss\u00e3o de Infraestrutura e Saneamento da OAB\/MA e Membro da Comiss\u00e3o de Saneamento B\u00e1sico do CFOAB, Luciana Marques; a Advogada, Doutora em Pol\u00edticas P\u00fablicas, Mestre em Sa\u00fade e Meio Ambiente, Lorena Saboya; e a Advogada, Mestranda em Ci\u00eancias Jur\u00eddicas e Pol\u00edticas pela&nbsp;<a href=\"https:\/\/www.google.com\/maps\/search\/Universidade+Portucalense+(Porto%2FPortugal?entry=gmail&amp;source=g\">Universidade Portucalense (Porto\/Portugal<\/a>), Vice-presidente da Comiss\u00e3o de Defesa do Meio Ambiente \u2013 OAB\/MA e Membro da Comiss\u00e3o Nacional de Direito Ambiental, Priscila Costa.<\/p>\n\n\n\n<p>Durante a visita, os profissionais conheceram a sede da empresa, em Pa\u00e7o do Lumiar, onde funciona o Centro de Controle Operacional (CCO) \u2013 respons\u00e1vel por monitorar e controlar, de forma remota e automatizada, diversas unidades operacionais do sistema de abastecimento.<\/p>\n\n\n\n<figure class=\"wp-block-image aligncenter size-large\"><img decoding=\"async\" width=\"1024\" height=\"724\" src=\"https:\/\/www.blogsoestado.com\/danielmatos\/wp-content\/uploads\/sites\/2\/2025\/08\/1003379926-1024x724.png\" alt=\"\" class=\"wp-image-147502\" srcset=\"https:\/\/www.blogsoestado.com\/danielmatos\/wp-content\/uploads\/sites\/2\/2025\/08\/1003379926-1024x724.png 1024w, https:\/\/www.blogsoestado.com\/danielmatos\/wp-content\/uploads\/sites\/2\/2025\/08\/1003379926-300x212.png 300w, https:\/\/www.blogsoestado.com\/danielmatos\/wp-content\/uploads\/sites\/2\/2025\/08\/1003379926-768x543.png 768w, https:\/\/www.blogsoestado.com\/danielmatos\/wp-content\/uploads\/sites\/2\/2025\/08\/1003379926-1536x1086.png 1536w, https:\/\/www.blogsoestado.com\/danielmatos\/wp-content\/uploads\/sites\/2\/2025\/08\/1003379926-2048x1448.png 2048w\" sizes=\"(max-width: 1024px) 100vw, 1024px\" \/><figcaption class=\"wp-element-caption\">O time de Gerentes da BRK com a comitiva de visitantes no Centro de Reserva\u00e7\u00e3o, Tratamento e Distribui\u00e7\u00e3o de \u00c1gua<\/figcaption><\/figure>\n\n\n\n<p>O grupo visitou ainda um dos Centros de Reserva\u00e7\u00e3o, Tratamento e Distribui\u00e7\u00e3o de \u00c1gua dos munic\u00edpios e o Laborat\u00f3rio da BRK Maranh\u00e3o, onde p\u00f4de acompanhar de perto os processos envolvidos nos servi\u00e7os oferecidos \u00e0 popula\u00e7\u00e3o, com qualidade e inova\u00e7\u00e3o.<\/p>\n\n\n\n<p>O encontro reafirmou o compromisso da BRK em transformar a realidade dos munic\u00edpios onde atua, evidenciado pelo trabalho e pelos investimentos, um esfor\u00e7o reconhecido por importantes profissionais do setor de saneamento.<\/p>\n","protected":false},"excerpt":{"rendered":"<p>A BRK recebeu em sua unidade no Maranh\u00e3o a visita de um time de profissionais de destaque na \u00e1rea de [&hellip;]<\/p>\n","protected":false},"author":2,"featured_media":0,"comment_status":"open","ping_status":"open","sticky":false,"template":"","format":"standard","meta":{"site-sidebar-layout":"default","site-content-layout":"","ast-site-content-layout":"default","site-content-style":"default","site-sidebar-style":"default","ast-global-header-display":"","ast-banner-title-visibility":"","ast-main-header-display":"","ast-hfb-above-header-display":"","ast-hfb-below-header-display":"","ast-hfb-mobile-header-display":"","site-post-title":"","ast-breadcrumbs-content":"","ast-featured-img":"","footer-sml-layout":"","ast-disable-related-posts":"","theme-transparent-header-meta":"","adv-header-id-meta":"","stick-header-meta":"","header-above-stick-meta":"","header-main-stick-meta":"","header-below-stick-meta":"","astra-migrate-meta-layouts":"default","ast-page-background-enabled":"default","ast-page-background-meta":{"desktop":{"background-color":"var(--ast-global-color-5)","background-image":"","background-repeat":"repeat","background-position":"center center","background-size":"auto","background-attachment":"scroll","background-type":"","background-media":"","overlay-type":"","overlay-color":"","overlay-opacity":"","overlay-gradient":""},"tablet":{"background-color":"","background-image":"","background-repeat":"repeat","background-position":"center center","background-size":"auto","background-attachment":"scroll","background-type":"","background-media":"","overlay-type":"","overlay-color":"","overlay-opacity":"","overlay-gradient":""},"mobile":{"background-color":"","background-image":"","background-repeat":"repeat","background-position":"center center","background-size":"auto","background-attachment":"scroll","background-type":"","background-media":"","overlay-type":"","overlay-color":"","overlay-opacity":"","overlay-gradient":""}},"ast-content-background-meta":{"desktop":{"background-color":"var(--ast-global-color-4)","background-image":"","background-repeat":"repeat","background-position":"center center","background-size":"auto","background-attachment":"scroll","background-type":"","background-media":"","overlay-type":"","overlay-color":"","overlay-opacity":"","overlay-gradient":""},"tablet":{"background-color":"var(--ast-global-color-4)","background-image":"","background-repeat":"repeat","background-position":"center center","background-size":"auto","background-attachment":"scroll","background-type":"","background-media":"","overlay-type":"","overlay-color":"","overlay-opacity":"","overlay-gradient":""},"mobile":{"background-color":"var(--ast-global-color-4)","background-image":"","background-repeat":"repeat","background-position":"center center","background-size":"auto","background-attachment":"scroll","background-type":"","background-media":"","overlay-type":"","overlay-color":"","overlay-opacity":"","overlay-gradient":""}},"footnotes":""},"categories":[1],"tags":[],"class_list":["post-147499","post","type-post","status-publish","format-standard","hentry","category-sem-categoria"],"yoast_head":"<!-- This site is optimized with the Yoast SEO plugin v26.6 - https:\/\/yoast.com\/wordpress\/plugins\/seo\/ -->\n<title>BRK recebe time de palestrantes do Semin\u00e1rio Estadual de Direito do Saneamento para visita \u00e0 sede da empresa no Maranh\u00e3o - Daniel Matos<\/title>\n<meta name=\"robots\" content=\"index, follow, max-snippet:-1, max-image-preview:large, max-video-preview:-1\" \/>\n<link rel=\"canonical\" href=\"https:\/\/www.blogsoestado.com\/danielmatos\/brk-recebe-time-de-palestrantes-do-seminario-estadual-de-direito-do-saneamento-para-visita-a-sede-da-empresa-no-maranhao\/\" \/>\n<meta property=\"og:locale\" content=\"pt_BR\" \/>\n<meta property=\"og:type\" content=\"article\" \/>\n<meta property=\"og:title\" content=\"BRK recebe time de palestrantes do Semin\u00e1rio Estadual de Direito do Saneamento para visita \u00e0 sede da empresa no Maranh\u00e3o - Daniel Matos\" \/>\n<meta property=\"og:description\" content=\"A BRK recebeu em sua unidade no Maranh\u00e3o a visita de um time de profissionais de destaque na \u00e1rea de [&hellip;]\" \/>\n<meta property=\"og:url\" content=\"https:\/\/www.blogsoestado.com\/danielmatos\/brk-recebe-time-de-palestrantes-do-seminario-estadual-de-direito-do-saneamento-para-visita-a-sede-da-empresa-no-maranhao\/\" \/>\n<meta property=\"og:site_name\" content=\"Daniel Matos\" \/>\n<meta property=\"article:published_time\" content=\"2025-08-21T01:50:59+00:00\" \/>\n<meta property=\"article:modified_time\" content=\"2025-08-21T01:51:03+00:00\" \/>\n<meta property=\"og:image\" content=\"https:\/\/www.blogsoestado.com\/danielmatos\/wp-content\/uploads\/sites\/2\/2025\/08\/1003379928.jpg\" \/>\n\t<meta property=\"og:image:width\" content=\"2245\" \/>\n\t<meta property=\"og:image:height\" content=\"1587\" \/>\n\t<meta property=\"og:image:type\" content=\"image\/jpeg\" \/>\n<meta name=\"author\" content=\"Daniel Matos\" \/>\n<meta name=\"twitter:card\" content=\"summary_large_image\" \/>\n<meta name=\"twitter:label1\" content=\"Escrito por\" \/>\n\t<meta name=\"twitter:data1\" content=\"Daniel Matos\" \/>\n\t<meta name=\"twitter:label2\" content=\"Est. tempo de leitura\" \/>\n\t<meta name=\"twitter:data2\" content=\"3 minutos\" \/>\n<script type=\"application\/ld+json\" class=\"yoast-schema-graph\">{\"@context\":\"https:\/\/schema.org\",\"@graph\":[{\"@type\":\"WebPage\",\"@id\":\"https:\/\/www.blogsoestado.com\/danielmatos\/brk-recebe-time-de-palestrantes-do-seminario-estadual-de-direito-do-saneamento-para-visita-a-sede-da-empresa-no-maranhao\/\",\"url\":\"https:\/\/www.blogsoestado.com\/danielmatos\/brk-recebe-time-de-palestrantes-do-seminario-estadual-de-direito-do-saneamento-para-visita-a-sede-da-empresa-no-maranhao\/\",\"name\":\"BRK recebe time de palestrantes do Semin\u00e1rio Estadual de Direito do Saneamento para visita \u00e0 sede da empresa no Maranh\u00e3o - Daniel Matos\",\"isPartOf\":{\"@id\":\"https:\/\/www.blogsoestado.com\/danielmatos\/#website\"},\"primaryImageOfPage\":{\"@id\":\"https:\/\/www.blogsoestado.com\/danielmatos\/brk-recebe-time-de-palestrantes-do-seminario-estadual-de-direito-do-saneamento-para-visita-a-sede-da-empresa-no-maranhao\/#primaryimage\"},\"image\":{\"@id\":\"https:\/\/www.blogsoestado.com\/danielmatos\/brk-recebe-time-de-palestrantes-do-seminario-estadual-de-direito-do-saneamento-para-visita-a-sede-da-empresa-no-maranhao\/#primaryimage\"},\"thumbnailUrl\":\"https:\/\/www.blogsoestado.com\/danielmatos\/wp-content\/uploads\/sites\/2\/2025\/08\/1003379928-1024x724.jpg\",\"datePublished\":\"2025-08-21T01:50:59+00:00\",\"dateModified\":\"2025-08-21T01:51:03+00:00\",\"author\":{\"@id\":\"https:\/\/www.blogsoestado.com\/danielmatos\/#\/schema\/person\/9a209d407cd45631f131e1285b661bb0\"},\"breadcrumb\":{\"@id\":\"https:\/\/www.blogsoestado.com\/danielmatos\/brk-recebe-time-de-palestrantes-do-seminario-estadual-de-direito-do-saneamento-para-visita-a-sede-da-empresa-no-maranhao\/#breadcrumb\"},\"inLanguage\":\"pt-BR\",\"potentialAction\":[{\"@type\":\"ReadAction\",\"target\":[\"https:\/\/www.blogsoestado.com\/danielmatos\/brk-recebe-time-de-palestrantes-do-seminario-estadual-de-direito-do-saneamento-para-visita-a-sede-da-empresa-no-maranhao\/\"]}]},{\"@type\":\"ImageObject\",\"inLanguage\":\"pt-BR\",\"@id\":\"https:\/\/www.blogsoestado.com\/danielmatos\/brk-recebe-time-de-palestrantes-do-seminario-estadual-de-direito-do-saneamento-para-visita-a-sede-da-empresa-no-maranhao\/#primaryimage\",\"url\":\"https:\/\/www.blogsoestado.com\/danielmatos\/wp-content\/uploads\/sites\/2\/2025\/08\/1003379928.jpg\",\"contentUrl\":\"https:\/\/www.blogsoestado.com\/danielmatos\/wp-content\/uploads\/sites\/2\/2025\/08\/1003379928.jpg\",\"width\":2245,\"height\":1587},{\"@type\":\"BreadcrumbList\",\"@id\":\"https:\/\/www.blogsoestado.com\/danielmatos\/brk-recebe-time-de-palestrantes-do-seminario-estadual-de-direito-do-saneamento-para-visita-a-sede-da-empresa-no-maranhao\/#breadcrumb\",\"itemListElement\":[{\"@type\":\"ListItem\",\"position\":1,\"name\":\"In\u00edcio\",\"item\":\"https:\/\/www.blogsoestado.com\/danielmatos\/\"},{\"@type\":\"ListItem\",\"position\":2,\"name\":\"BRK recebe time de palestrantes do Semin\u00e1rio Estadual de Direito do Saneamento para visita \u00e0 sede da empresa no Maranh\u00e3o\"}]},{\"@type\":\"WebSite\",\"@id\":\"https:\/\/www.blogsoestado.com\/danielmatos\/#website\",\"url\":\"https:\/\/www.blogsoestado.com\/danielmatos\/\",\"name\":\"Daniel Matos\",\"description\":\"\",\"potentialAction\":[{\"@type\":\"SearchAction\",\"target\":{\"@type\":\"EntryPoint\",\"urlTemplate\":\"https:\/\/www.blogsoestado.com\/danielmatos\/?s={search_term_string}\"},\"query-input\":{\"@type\":\"PropertyValueSpecification\",\"valueRequired\":true,\"valueName\":\"search_term_string\"}}],\"inLanguage\":\"pt-BR\"},{\"@type\":\"Person\",\"@id\":\"https:\/\/www.blogsoestado.com\/danielmatos\/#\/schema\/person\/9a209d407cd45631f131e1285b661bb0\",\"name\":\"Daniel Matos\",\"image\":{\"@type\":\"ImageObject\",\"inLanguage\":\"pt-BR\",\"@id\":\"https:\/\/www.blogsoestado.com\/danielmatos\/#\/schema\/person\/image\/\",\"url\":\"https:\/\/secure.gravatar.com\/avatar\/2f26c36ee355da19a257f0dfef43952a2588b324ca35d6719e859fe338ac0392?s=96&d=mm&r=g\",\"contentUrl\":\"https:\/\/secure.gravatar.com\/avatar\/2f26c36ee355da19a257f0dfef43952a2588b324ca35d6719e859fe338ac0392?s=96&d=mm&r=g\",\"caption\":\"Daniel Matos\"},\"url\":\"https:\/\/www.blogsoestado.com\/danielmatos\/author\/danielmatos\/\"}]}<\/script>\n<!-- \/ Yoast SEO plugin. -->","yoast_head_json":{"title":"BRK recebe time de palestrantes do Semin\u00e1rio Estadual de Direito do Saneamento para visita \u00e0 sede da empresa no Maranh\u00e3o - Daniel Matos","robots":{"index":"index","follow":"follow","max-snippet":"max-snippet:-1","max-image-preview":"max-image-preview:large","max-video-preview":"max-video-preview:-1"},"canonical":"https:\/\/www.blogsoestado.com\/danielmatos\/brk-recebe-time-de-palestrantes-do-seminario-estadual-de-direito-do-saneamento-para-visita-a-sede-da-empresa-no-maranhao\/","og_locale":"pt_BR","og_type":"article","og_title":"BRK recebe time de palestrantes do Semin\u00e1rio Estadual de Direito do Saneamento para visita \u00e0 sede da empresa no Maranh\u00e3o - Daniel Matos","og_description":"A BRK recebeu em sua unidade no Maranh\u00e3o a visita de um time de profissionais de destaque na \u00e1rea de [&hellip;]","og_url":"https:\/\/www.blogsoestado.com\/danielmatos\/brk-recebe-time-de-palestrantes-do-seminario-estadual-de-direito-do-saneamento-para-visita-a-sede-da-empresa-no-maranhao\/","og_site_name":"Daniel Matos","article_published_time":"2025-08-21T01:50:59+00:00","article_modified_time":"2025-08-21T01:51:03+00:00","og_image":[{"width":2245,"height":1587,"url":"https:\/\/www.blogsoestado.com\/danielmatos\/wp-content\/uploads\/sites\/2\/2025\/08\/1003379928.jpg","type":"image\/jpeg"}],"author":"Daniel Matos","twitter_card":"summary_large_image","twitter_misc":{"Escrito por":"Daniel Matos","Est. tempo de leitura":"3 minutos"},"schema":{"@context":"https:\/\/schema.org","@graph":[{"@type":"WebPage","@id":"https:\/\/www.blogsoestado.com\/danielmatos\/brk-recebe-time-de-palestrantes-do-seminario-estadual-de-direito-do-saneamento-para-visita-a-sede-da-empresa-no-maranhao\/","url":"https:\/\/www.blogsoestado.com\/danielmatos\/brk-recebe-time-de-palestrantes-do-seminario-estadual-de-direito-do-saneamento-para-visita-a-sede-da-empresa-no-maranhao\/","name":"BRK recebe time de palestrantes do Semin\u00e1rio Estadual de Direito do Saneamento para visita \u00e0 sede da empresa no Maranh\u00e3o - Daniel Matos","isPartOf":{"@id":"https:\/\/www.blogsoestado.com\/danielmatos\/#website"},"primaryImageOfPage":{"@id":"https:\/\/www.blogsoestado.com\/danielmatos\/brk-recebe-time-de-palestrantes-do-seminario-estadual-de-direito-do-saneamento-para-visita-a-sede-da-empresa-no-maranhao\/#primaryimage"},"image":{"@id":"https:\/\/www.blogsoestado.com\/danielmatos\/brk-recebe-time-de-palestrantes-do-seminario-estadual-de-direito-do-saneamento-para-visita-a-sede-da-empresa-no-maranhao\/#primaryimage"},"thumbnailUrl":"https:\/\/www.blogsoestado.com\/danielmatos\/wp-content\/uploads\/sites\/2\/2025\/08\/1003379928-1024x724.jpg","datePublished":"2025-08-21T01:50:59+00:00","dateModified":"2025-08-21T01:51:03+00:00","author":{"@id":"https:\/\/www.blogsoestado.com\/danielmatos\/#\/schema\/person\/9a209d407cd45631f131e1285b661bb0"},"breadcrumb":{"@id":"https:\/\/www.blogsoestado.com\/danielmatos\/brk-recebe-time-de-palestrantes-do-seminario-estadual-de-direito-do-saneamento-para-visita-a-sede-da-empresa-no-maranhao\/#breadcrumb"},"inLanguage":"pt-BR","potentialAction":[{"@type":"ReadAction","target":["https:\/\/www.blogsoestado.com\/danielmatos\/brk-recebe-time-de-palestrantes-do-seminario-estadual-de-direito-do-saneamento-para-visita-a-sede-da-empresa-no-maranhao\/"]}]},{"@type":"ImageObject","inLanguage":"pt-BR","@id":"https:\/\/www.blogsoestado.com\/danielmatos\/brk-recebe-time-de-palestrantes-do-seminario-estadual-de-direito-do-saneamento-para-visita-a-sede-da-empresa-no-maranhao\/#primaryimage","url":"https:\/\/www.blogsoestado.com\/danielmatos\/wp-content\/uploads\/sites\/2\/2025\/08\/1003379928.jpg","contentUrl":"https:\/\/www.blogsoestado.com\/danielmatos\/wp-content\/uploads\/sites\/2\/2025\/08\/1003379928.jpg","width":2245,"height":1587},{"@type":"BreadcrumbList","@id":"https:\/\/www.blogsoestado.com\/danielmatos\/brk-recebe-time-de-palestrantes-do-seminario-estadual-de-direito-do-saneamento-para-visita-a-sede-da-empresa-no-maranhao\/#breadcrumb","itemListElement":[{"@type":"ListItem","position":1,"name":"In\u00edcio","item":"https:\/\/www.blogsoestado.com\/danielmatos\/"},{"@type":"ListItem","position":2,"name":"BRK recebe time de palestrantes do Semin\u00e1rio Estadual de Direito do Saneamento para visita \u00e0 sede da empresa no Maranh\u00e3o"}]},{"@type":"WebSite","@id":"https:\/\/www.blogsoestado.com\/danielmatos\/#website","url":"https:\/\/www.blogsoestado.com\/danielmatos\/","name":"Daniel Matos","description":"","potentialAction":[{"@type":"SearchAction","target":{"@type":"EntryPoint","urlTemplate":"https:\/\/www.blogsoestado.com\/danielmatos\/?s={search_term_string}"},"query-input":{"@type":"PropertyValueSpecification","valueRequired":true,"valueName":"search_term_string"}}],"inLanguage":"pt-BR"},{"@type":"Person","@id":"https:\/\/www.blogsoestado.com\/danielmatos\/#\/schema\/person\/9a209d407cd45631f131e1285b661bb0","name":"Daniel Matos","image":{"@type":"ImageObject","inLanguage":"pt-BR","@id":"https:\/\/www.blogsoestado.com\/danielmatos\/#\/schema\/person\/image\/","url":"https:\/\/secure.gravatar.com\/avatar\/2f26c36ee355da19a257f0dfef43952a2588b324ca35d6719e859fe338ac0392?s=96&d=mm&r=g","contentUrl":"https:\/\/secure.gravatar.com\/avatar\/2f26c36ee355da19a257f0dfef43952a2588b324ca35d6719e859fe338ac0392?s=96&d=mm&r=g","caption":"Daniel Matos"},"url":"https:\/\/www.blogsoestado.com\/danielmatos\/author\/danielmatos\/"}]}},"jetpack_featured_media_url":"","_links":{"self":[{"href":"https:\/\/www.blogsoestado.com\/danielmatos\/wp-json\/wp\/v2\/posts\/147499","targetHints":{"allow":["GET"]}}],"collection":[{"href":"https:\/\/www.blogsoestado.com\/danielmatos\/wp-json\/wp\/v2\/posts"}],"about":[{"href":"https:\/\/www.blogsoestado.com\/danielmatos\/wp-json\/wp\/v2\/types\/post"}],"author":[{"embeddable":true,"href":"https:\/\/www.blogsoestado.com\/danielmatos\/wp-json\/wp\/v2\/users\/2"}],"replies":[{"embeddable":true,"href":"https:\/\/www.blogsoestado.com\/danielmatos\/wp-json\/wp\/v2\/comments?post=147499"}],"version-history":[{"count":1,"href":"https:\/\/www.blogsoestado.com\/danielmatos\/wp-json\/wp\/v2\/posts\/147499\/revisions"}],"predecessor-version":[{"id":147503,"href":"https:\/\/www.blogsoestado.com\/danielmatos\/wp-json\/wp\/v2\/posts\/147499\/revisions\/147503"}],"wp:attachment":[{"href":"https:\/\/www.blogsoestado.com\/danielmatos\/wp-json\/wp\/v2\/media?parent=147499"}],"wp:term":[{"taxonomy":"category","embeddable":true,"href":"https:\/\/www.blogsoestado.com\/danielmatos\/wp-json\/wp\/v2\/categories?post=147499"},{"taxonomy":"post_tag","embeddable":true,"href":"https:\/\/www.blogsoestado.com\/danielmatos\/wp-json\/wp\/v2\/tags?post=147499"}],"curies":[{"name":"wp","href":"https:\/\/api.w.org\/{rel}","templated":true}]}}