{"id":147623,"date":"2025-08-24T10:15:51","date_gmt":"2025-08-24T13:15:51","guid":{"rendered":"https:\/\/www.blogsoestado.com\/danielmatos\/?p=147623"},"modified":"2025-08-24T18:51:53","modified_gmt":"2025-08-24T21:51:53","slug":"maranhao-tem-mais-de-536-mil-pessoas-com-deficiencia","status":"publish","type":"post","link":"https:\/\/www.blogsoestado.com\/danielmatos\/maranhao-tem-mais-de-536-mil-pessoas-com-deficiencia\/","title":{"rendered":"Maranh\u00e3o tem mais de 536 mil pessoas com defici\u00eancia"},"content":{"rendered":"\n<p><strong><mark style=\"color:#cf2e2e\" class=\"has-inline-color\">Inclus\u00e3o \u00e9 chave para autoestima e dignidade<\/mark><\/strong><\/p>\n\n\n\n<figure class=\"wp-block-image alignleft size-full\"><img decoding=\"async\" width=\"274\" height=\"182\" src=\"https:\/\/www.blogsoestado.com\/danielmatos\/wp-content\/uploads\/sites\/2\/2025\/08\/1003414881.jpg\" alt=\"\" class=\"wp-image-147624\" \/><figcaption class=\"wp-element-caption\">De acordo com o IBGE, o Maranh\u00e3o possui 536.103 pessoas com algum tipo de defici\u00eancia<\/figcaption><\/figure>\n\n\n\n<p>Era fim de tarde no interior do Maranh\u00e3o quando a inf\u00e2ncia de Giovanni Lima mudou para sempre. Ele tinha apenas 8 anos quando come\u00e7ou a apresentar sintomas que, com o tempo, resultaram em paralisia em uma das pernas. O diagn\u00f3stico foi de paraparesia esp\u00e1stica, uma condi\u00e7\u00e3o neurol\u00f3gica caracterizada por rigidez e fraqueza progressiva nos membros inferiores. Al\u00e9m disso, Giovanni tamb\u00e9m enfrenta dificuldade de se comunicar com clareza, uma esp\u00e9cie de disartria. As duas condi\u00e7\u00f5es, juntas, fazem dele uma pessoa com defici\u00eancia m\u00faltipla.<\/p>\n\n\n\n<p>Desde cedo, Giovanni enfrentou desafios que exigiram resili\u00eancia. A inf\u00e2ncia marcada por limita\u00e7\u00f5es f\u00edsicas tamb\u00e9m foi permeada por preconceito e exclus\u00e3o. Mas o que poderia ter sido apenas um obst\u00e1culo tornou-se for\u00e7a para seguir. Hoje, aos 44 anos, ele \u00e9 assistente administrativo no Centro Universit\u00e1rio Est\u00e1cio S\u00e3o Lu\u00eds e v\u00ea na inclus\u00e3o profissional a chave para o resgate da sua qualidade de vida.<\/p>\n\n\n\n<p>\u201cEstar no mercado de trabalho n\u00e3o \u00e9 s\u00f3 ter um sal\u00e1rio. \u00c9 ter dignidade, respeito e sentir que eu fa\u00e7o parte da sociedade. Isso mexeu muito com a minha confian\u00e7a e com o meu bem-estar. Eu consigo mostrar que posso contribuir tanto quanto qualquer outra pessoa\u201d, afirma.<\/p>\n\n\n\n<p>Para a psic\u00f3loga Renata Pacheco, hist\u00f3rias como a de Giovanni demonstram como a inclus\u00e3o social impacta diretamente a sa\u00fade mental. Segundo ela, o preconceito e os estigmas ainda s\u00e3o barreiras frequentes.<\/p>\n\n\n\n<p>\u201cQuando uma pessoa com defici\u00eancia \u00e9 exclu\u00edda, isso afeta sua autoestima, gera tristeza e pode levar ao isolamento. J\u00e1 a inclus\u00e3o promove o sentimento de pertencimento, melhora o bem-estar psicol\u00f3gico e ajuda a desenvolver habilidades sociais e emocionais\u201d, explica.<\/p>\n\n\n\n<p><em><strong>Incluir \u00e9 transformar<\/strong><\/em><\/p>\n\n\n\n<p>Para Renata Pacheco, compreender o que significa viver com defici\u00eancia \u00e9 o primeiro passo para uma sociedade mais justa. A defici\u00eancia intelectual est\u00e1 ligada a limita\u00e7\u00f5es nas habilidades mentais gerais, enquanto a defici\u00eancia m\u00faltipla ocorre quando uma pessoa apresenta mais de uma condi\u00e7\u00e3o que impacta seu desenvolvimento. Mas, mais do que os conceitos, o que realmente importa \u00e9 o olhar que temos sobre essas pessoas. \u201cMuitas vezes, esse olhar \u00e9 de exclus\u00e3o, quando deveria ser de acolhimento e oportunidade\u201d, destaca a especialista.<\/p>\n\n\n\n<p>Renata ressalta ainda que a defici\u00eancia intelectual e a defici\u00eancia m\u00faltipla trazem desafios adicionais, mas que podem ser amenizados com acolhimento e oportunidades. \u201cNa escola, incluir uma crian\u00e7a com defici\u00eancia em uma simples brincadeira j\u00e1 contribui para o desenvolvimento motor e social. \u00c9 um gesto pequeno que faz uma diferen\u00e7a enorme no futuro dela\u201d, acrescenta.<\/p>\n\n\n\n<p><em><strong>ESTAT\u00cdSTICAS<\/strong><\/em><\/p>\n\n\n\n<p>De acordo com o IBGE, o Maranh\u00e3o possui 536.103 pessoas com algum tipo de defici\u00eancia, o equivalente a 8,1% da popula\u00e7\u00e3o com dois anos ou mais. Esse dado est\u00e1 acima da m\u00e9dia nacional, que \u00e9 de 7,3%.<\/p>\n\n\n\n<p>O levantamento mostra ainda que 34,5% das pessoas com defici\u00eancia s\u00e3o analfabetas, quase tr\u00eas vezes mais do que a popula\u00e7\u00e3o sem defici\u00eancia (11,39%). Dentre as pessoas com defici\u00eancia, 41% t\u00eam 60 anos ou mais e a defici\u00eancia visual \u00e9 a mais comum, atingindo 328.803 pessoas. Pela primeira vez, o IBGE incluiu dados sobre o Transtorno do Espectro Autista (TEA): no Maranh\u00e3o, a maior incid\u00eancia est\u00e1 entre crian\u00e7as de 5 a 9 anos (2,2%), sendo a maioria meninos (60,3%).<\/p>\n\n\n\n<p><em><strong>DESDE A INF\u00c2NCIA<\/strong><\/em><\/p>\n\n\n\n<p>Segundo Renata, a inclus\u00e3o social \u00e9 decisiva para a autoestima e o bem-estar psicol\u00f3gico da pessoa com defici\u00eancia. \u201cQuando uma crian\u00e7a \u00e9 chamada para brincar no intervalo da escola, por exemplo, ela n\u00e3o apenas se diverte: sente-se parte de um grupo, fortalece sua autonomia e desenvolve habilidades motoras e sociais. O contr\u00e1rio tamb\u00e9m \u00e9 verdadeiro: a exclus\u00e3o, somada aos estigmas sociais, aprofunda sentimentos de tristeza, inferioridade e isolamento, impactando tanto a pessoa com defici\u00eancia quanto seus familiares\u201d, explica.<\/p>\n\n\n\n<p>Ao refletir sobre sua trajet\u00f3ria, Giovanni resume o que especialistas e dados comprovam: a inclus\u00e3o muda vidas.<\/p>\n\n\n\n<p>\u201cSe eu n\u00e3o tivesse tido essa oportunidade, talvez eu fosse mais um n\u00famero nas estat\u00edsticas. Mas quando a sociedade abre espa\u00e7o, a gente mostra o quanto pode contribuir. Isso faz toda diferen\u00e7a na autoestima e na qualidade de vida\u201d, conclui.<\/p>\n","protected":false},"excerpt":{"rendered":"<p>Inclus\u00e3o \u00e9 chave para autoestima e dignidade Era fim de tarde no interior do Maranh\u00e3o quando a inf\u00e2ncia de Giovanni [&hellip;]<\/p>\n","protected":false},"author":2,"featured_media":0,"comment_status":"open","ping_status":"open","sticky":false,"template":"","format":"standard","meta":{"site-sidebar-layout":"default","site-content-layout":"","ast-site-content-layout":"default","site-content-style":"default","site-sidebar-style":"default","ast-global-header-display":"","ast-banner-title-visibility":"","ast-main-header-display":"","ast-hfb-above-header-display":"","ast-hfb-below-header-display":"","ast-hfb-mobile-header-display":"","site-post-title":"","ast-breadcrumbs-content":"","ast-featured-img":"","footer-sml-layout":"","ast-disable-related-posts":"","theme-transparent-header-meta":"","adv-header-id-meta":"","stick-header-meta":"","header-above-stick-meta":"","header-main-stick-meta":"","header-below-stick-meta":"","astra-migrate-meta-layouts":"default","ast-page-background-enabled":"default","ast-page-background-meta":{"desktop":{"background-color":"var(--ast-global-color-5)","background-image":"","background-repeat":"repeat","background-position":"center center","background-size":"auto","background-attachment":"scroll","background-type":"","background-media":"","overlay-type":"","overlay-color":"","overlay-opacity":"","overlay-gradient":""},"tablet":{"background-color":"","background-image":"","background-repeat":"repeat","background-position":"center center","background-size":"auto","background-attachment":"scroll","background-type":"","background-media":"","overlay-type":"","overlay-color":"","overlay-opacity":"","overlay-gradient":""},"mobile":{"background-color":"","background-image":"","background-repeat":"repeat","background-position":"center center","background-size":"auto","background-attachment":"scroll","background-type":"","background-media":"","overlay-type":"","overlay-color":"","overlay-opacity":"","overlay-gradient":""}},"ast-content-background-meta":{"desktop":{"background-color":"var(--ast-global-color-4)","background-image":"","background-repeat":"repeat","background-position":"center center","background-size":"auto","background-attachment":"scroll","background-type":"","background-media":"","overlay-type":"","overlay-color":"","overlay-opacity":"","overlay-gradient":""},"tablet":{"background-color":"var(--ast-global-color-4)","background-image":"","background-repeat":"repeat","background-position":"center center","background-size":"auto","background-attachment":"scroll","background-type":"","background-media":"","overlay-type":"","overlay-color":"","overlay-opacity":"","overlay-gradient":""},"mobile":{"background-color":"var(--ast-global-color-4)","background-image":"","background-repeat":"repeat","background-position":"center center","background-size":"auto","background-attachment":"scroll","background-type":"","background-media":"","overlay-type":"","overlay-color":"","overlay-opacity":"","overlay-gradient":""}},"footnotes":""},"categories":[1],"tags":[],"class_list":["post-147623","post","type-post","status-publish","format-standard","hentry","category-sem-categoria"],"yoast_head":"<!-- This site is optimized with the Yoast SEO plugin v26.6 - https:\/\/yoast.com\/wordpress\/plugins\/seo\/ -->\n<title>Maranh\u00e3o tem mais de 536 mil pessoas com defici\u00eancia - Daniel Matos<\/title>\n<meta name=\"robots\" content=\"index, follow, max-snippet:-1, max-image-preview:large, max-video-preview:-1\" \/>\n<link rel=\"canonical\" href=\"https:\/\/www.blogsoestado.com\/danielmatos\/maranhao-tem-mais-de-536-mil-pessoas-com-deficiencia\/\" \/>\n<meta property=\"og:locale\" content=\"pt_BR\" \/>\n<meta property=\"og:type\" content=\"article\" \/>\n<meta property=\"og:title\" content=\"Maranh\u00e3o tem mais de 536 mil pessoas com defici\u00eancia - Daniel Matos\" \/>\n<meta property=\"og:description\" content=\"Inclus\u00e3o \u00e9 chave para autoestima e dignidade Era fim de tarde no interior do Maranh\u00e3o quando a inf\u00e2ncia de Giovanni [&hellip;]\" \/>\n<meta property=\"og:url\" content=\"https:\/\/www.blogsoestado.com\/danielmatos\/maranhao-tem-mais-de-536-mil-pessoas-com-deficiencia\/\" \/>\n<meta property=\"og:site_name\" content=\"Daniel Matos\" \/>\n<meta property=\"article:published_time\" content=\"2025-08-24T13:15:51+00:00\" \/>\n<meta property=\"article:modified_time\" content=\"2025-08-24T21:51:53+00:00\" \/>\n<meta property=\"og:image\" content=\"https:\/\/www.blogsoestado.com\/danielmatos\/wp-content\/uploads\/sites\/2\/2025\/08\/1003414881.jpg\" \/>\n\t<meta property=\"og:image:width\" content=\"274\" \/>\n\t<meta property=\"og:image:height\" content=\"182\" \/>\n\t<meta property=\"og:image:type\" content=\"image\/jpeg\" \/>\n<meta name=\"author\" content=\"Daniel Matos\" \/>\n<meta name=\"twitter:card\" content=\"summary_large_image\" \/>\n<meta name=\"twitter:label1\" content=\"Escrito por\" \/>\n\t<meta name=\"twitter:data1\" content=\"Daniel Matos\" \/>\n\t<meta name=\"twitter:label2\" content=\"Est. tempo de leitura\" \/>\n\t<meta name=\"twitter:data2\" content=\"4 minutos\" \/>\n<script type=\"application\/ld+json\" class=\"yoast-schema-graph\">{\"@context\":\"https:\/\/schema.org\",\"@graph\":[{\"@type\":\"WebPage\",\"@id\":\"https:\/\/www.blogsoestado.com\/danielmatos\/maranhao-tem-mais-de-536-mil-pessoas-com-deficiencia\/\",\"url\":\"https:\/\/www.blogsoestado.com\/danielmatos\/maranhao-tem-mais-de-536-mil-pessoas-com-deficiencia\/\",\"name\":\"Maranh\u00e3o tem mais de 536 mil pessoas com defici\u00eancia - Daniel Matos\",\"isPartOf\":{\"@id\":\"https:\/\/www.blogsoestado.com\/danielmatos\/#website\"},\"primaryImageOfPage\":{\"@id\":\"https:\/\/www.blogsoestado.com\/danielmatos\/maranhao-tem-mais-de-536-mil-pessoas-com-deficiencia\/#primaryimage\"},\"image\":{\"@id\":\"https:\/\/www.blogsoestado.com\/danielmatos\/maranhao-tem-mais-de-536-mil-pessoas-com-deficiencia\/#primaryimage\"},\"thumbnailUrl\":\"https:\/\/www.blogsoestado.com\/danielmatos\/wp-content\/uploads\/sites\/2\/2025\/08\/1003414881.jpg\",\"datePublished\":\"2025-08-24T13:15:51+00:00\",\"dateModified\":\"2025-08-24T21:51:53+00:00\",\"author\":{\"@id\":\"https:\/\/www.blogsoestado.com\/danielmatos\/#\/schema\/person\/9a209d407cd45631f131e1285b661bb0\"},\"breadcrumb\":{\"@id\":\"https:\/\/www.blogsoestado.com\/danielmatos\/maranhao-tem-mais-de-536-mil-pessoas-com-deficiencia\/#breadcrumb\"},\"inLanguage\":\"pt-BR\",\"potentialAction\":[{\"@type\":\"ReadAction\",\"target\":[\"https:\/\/www.blogsoestado.com\/danielmatos\/maranhao-tem-mais-de-536-mil-pessoas-com-deficiencia\/\"]}]},{\"@type\":\"ImageObject\",\"inLanguage\":\"pt-BR\",\"@id\":\"https:\/\/www.blogsoestado.com\/danielmatos\/maranhao-tem-mais-de-536-mil-pessoas-com-deficiencia\/#primaryimage\",\"url\":\"https:\/\/www.blogsoestado.com\/danielmatos\/wp-content\/uploads\/sites\/2\/2025\/08\/1003414881.jpg\",\"contentUrl\":\"https:\/\/www.blogsoestado.com\/danielmatos\/wp-content\/uploads\/sites\/2\/2025\/08\/1003414881.jpg\",\"width\":274,\"height\":182},{\"@type\":\"BreadcrumbList\",\"@id\":\"https:\/\/www.blogsoestado.com\/danielmatos\/maranhao-tem-mais-de-536-mil-pessoas-com-deficiencia\/#breadcrumb\",\"itemListElement\":[{\"@type\":\"ListItem\",\"position\":1,\"name\":\"In\u00edcio\",\"item\":\"https:\/\/www.blogsoestado.com\/danielmatos\/\"},{\"@type\":\"ListItem\",\"position\":2,\"name\":\"Maranh\u00e3o tem mais de 536 mil pessoas com defici\u00eancia\"}]},{\"@type\":\"WebSite\",\"@id\":\"https:\/\/www.blogsoestado.com\/danielmatos\/#website\",\"url\":\"https:\/\/www.blogsoestado.com\/danielmatos\/\",\"name\":\"Daniel Matos\",\"description\":\"\",\"potentialAction\":[{\"@type\":\"SearchAction\",\"target\":{\"@type\":\"EntryPoint\",\"urlTemplate\":\"https:\/\/www.blogsoestado.com\/danielmatos\/?s={search_term_string}\"},\"query-input\":{\"@type\":\"PropertyValueSpecification\",\"valueRequired\":true,\"valueName\":\"search_term_string\"}}],\"inLanguage\":\"pt-BR\"},{\"@type\":\"Person\",\"@id\":\"https:\/\/www.blogsoestado.com\/danielmatos\/#\/schema\/person\/9a209d407cd45631f131e1285b661bb0\",\"name\":\"Daniel Matos\",\"image\":{\"@type\":\"ImageObject\",\"inLanguage\":\"pt-BR\",\"@id\":\"https:\/\/www.blogsoestado.com\/danielmatos\/#\/schema\/person\/image\/\",\"url\":\"https:\/\/secure.gravatar.com\/avatar\/2f26c36ee355da19a257f0dfef43952a2588b324ca35d6719e859fe338ac0392?s=96&d=mm&r=g\",\"contentUrl\":\"https:\/\/secure.gravatar.com\/avatar\/2f26c36ee355da19a257f0dfef43952a2588b324ca35d6719e859fe338ac0392?s=96&d=mm&r=g\",\"caption\":\"Daniel Matos\"},\"url\":\"https:\/\/www.blogsoestado.com\/danielmatos\/author\/danielmatos\/\"}]}<\/script>\n<!-- \/ Yoast SEO plugin. -->","yoast_head_json":{"title":"Maranh\u00e3o tem mais de 536 mil pessoas com defici\u00eancia - Daniel Matos","robots":{"index":"index","follow":"follow","max-snippet":"max-snippet:-1","max-image-preview":"max-image-preview:large","max-video-preview":"max-video-preview:-1"},"canonical":"https:\/\/www.blogsoestado.com\/danielmatos\/maranhao-tem-mais-de-536-mil-pessoas-com-deficiencia\/","og_locale":"pt_BR","og_type":"article","og_title":"Maranh\u00e3o tem mais de 536 mil pessoas com defici\u00eancia - Daniel Matos","og_description":"Inclus\u00e3o \u00e9 chave para autoestima e dignidade Era fim de tarde no interior do Maranh\u00e3o quando a inf\u00e2ncia de Giovanni [&hellip;]","og_url":"https:\/\/www.blogsoestado.com\/danielmatos\/maranhao-tem-mais-de-536-mil-pessoas-com-deficiencia\/","og_site_name":"Daniel Matos","article_published_time":"2025-08-24T13:15:51+00:00","article_modified_time":"2025-08-24T21:51:53+00:00","og_image":[{"width":274,"height":182,"url":"https:\/\/www.blogsoestado.com\/danielmatos\/wp-content\/uploads\/sites\/2\/2025\/08\/1003414881.jpg","type":"image\/jpeg"}],"author":"Daniel Matos","twitter_card":"summary_large_image","twitter_misc":{"Escrito por":"Daniel Matos","Est. tempo de leitura":"4 minutos"},"schema":{"@context":"https:\/\/schema.org","@graph":[{"@type":"WebPage","@id":"https:\/\/www.blogsoestado.com\/danielmatos\/maranhao-tem-mais-de-536-mil-pessoas-com-deficiencia\/","url":"https:\/\/www.blogsoestado.com\/danielmatos\/maranhao-tem-mais-de-536-mil-pessoas-com-deficiencia\/","name":"Maranh\u00e3o tem mais de 536 mil pessoas com defici\u00eancia - Daniel Matos","isPartOf":{"@id":"https:\/\/www.blogsoestado.com\/danielmatos\/#website"},"primaryImageOfPage":{"@id":"https:\/\/www.blogsoestado.com\/danielmatos\/maranhao-tem-mais-de-536-mil-pessoas-com-deficiencia\/#primaryimage"},"image":{"@id":"https:\/\/www.blogsoestado.com\/danielmatos\/maranhao-tem-mais-de-536-mil-pessoas-com-deficiencia\/#primaryimage"},"thumbnailUrl":"https:\/\/www.blogsoestado.com\/danielmatos\/wp-content\/uploads\/sites\/2\/2025\/08\/1003414881.jpg","datePublished":"2025-08-24T13:15:51+00:00","dateModified":"2025-08-24T21:51:53+00:00","author":{"@id":"https:\/\/www.blogsoestado.com\/danielmatos\/#\/schema\/person\/9a209d407cd45631f131e1285b661bb0"},"breadcrumb":{"@id":"https:\/\/www.blogsoestado.com\/danielmatos\/maranhao-tem-mais-de-536-mil-pessoas-com-deficiencia\/#breadcrumb"},"inLanguage":"pt-BR","potentialAction":[{"@type":"ReadAction","target":["https:\/\/www.blogsoestado.com\/danielmatos\/maranhao-tem-mais-de-536-mil-pessoas-com-deficiencia\/"]}]},{"@type":"ImageObject","inLanguage":"pt-BR","@id":"https:\/\/www.blogsoestado.com\/danielmatos\/maranhao-tem-mais-de-536-mil-pessoas-com-deficiencia\/#primaryimage","url":"https:\/\/www.blogsoestado.com\/danielmatos\/wp-content\/uploads\/sites\/2\/2025\/08\/1003414881.jpg","contentUrl":"https:\/\/www.blogsoestado.com\/danielmatos\/wp-content\/uploads\/sites\/2\/2025\/08\/1003414881.jpg","width":274,"height":182},{"@type":"BreadcrumbList","@id":"https:\/\/www.blogsoestado.com\/danielmatos\/maranhao-tem-mais-de-536-mil-pessoas-com-deficiencia\/#breadcrumb","itemListElement":[{"@type":"ListItem","position":1,"name":"In\u00edcio","item":"https:\/\/www.blogsoestado.com\/danielmatos\/"},{"@type":"ListItem","position":2,"name":"Maranh\u00e3o tem mais de 536 mil pessoas com defici\u00eancia"}]},{"@type":"WebSite","@id":"https:\/\/www.blogsoestado.com\/danielmatos\/#website","url":"https:\/\/www.blogsoestado.com\/danielmatos\/","name":"Daniel Matos","description":"","potentialAction":[{"@type":"SearchAction","target":{"@type":"EntryPoint","urlTemplate":"https:\/\/www.blogsoestado.com\/danielmatos\/?s={search_term_string}"},"query-input":{"@type":"PropertyValueSpecification","valueRequired":true,"valueName":"search_term_string"}}],"inLanguage":"pt-BR"},{"@type":"Person","@id":"https:\/\/www.blogsoestado.com\/danielmatos\/#\/schema\/person\/9a209d407cd45631f131e1285b661bb0","name":"Daniel Matos","image":{"@type":"ImageObject","inLanguage":"pt-BR","@id":"https:\/\/www.blogsoestado.com\/danielmatos\/#\/schema\/person\/image\/","url":"https:\/\/secure.gravatar.com\/avatar\/2f26c36ee355da19a257f0dfef43952a2588b324ca35d6719e859fe338ac0392?s=96&d=mm&r=g","contentUrl":"https:\/\/secure.gravatar.com\/avatar\/2f26c36ee355da19a257f0dfef43952a2588b324ca35d6719e859fe338ac0392?s=96&d=mm&r=g","caption":"Daniel Matos"},"url":"https:\/\/www.blogsoestado.com\/danielmatos\/author\/danielmatos\/"}]}},"jetpack_featured_media_url":"","_links":{"self":[{"href":"https:\/\/www.blogsoestado.com\/danielmatos\/wp-json\/wp\/v2\/posts\/147623","targetHints":{"allow":["GET"]}}],"collection":[{"href":"https:\/\/www.blogsoestado.com\/danielmatos\/wp-json\/wp\/v2\/posts"}],"about":[{"href":"https:\/\/www.blogsoestado.com\/danielmatos\/wp-json\/wp\/v2\/types\/post"}],"author":[{"embeddable":true,"href":"https:\/\/www.blogsoestado.com\/danielmatos\/wp-json\/wp\/v2\/users\/2"}],"replies":[{"embeddable":true,"href":"https:\/\/www.blogsoestado.com\/danielmatos\/wp-json\/wp\/v2\/comments?post=147623"}],"version-history":[{"count":3,"href":"https:\/\/www.blogsoestado.com\/danielmatos\/wp-json\/wp\/v2\/posts\/147623\/revisions"}],"predecessor-version":[{"id":147627,"href":"https:\/\/www.blogsoestado.com\/danielmatos\/wp-json\/wp\/v2\/posts\/147623\/revisions\/147627"}],"wp:attachment":[{"href":"https:\/\/www.blogsoestado.com\/danielmatos\/wp-json\/wp\/v2\/media?parent=147623"}],"wp:term":[{"taxonomy":"category","embeddable":true,"href":"https:\/\/www.blogsoestado.com\/danielmatos\/wp-json\/wp\/v2\/categories?post=147623"},{"taxonomy":"post_tag","embeddable":true,"href":"https:\/\/www.blogsoestado.com\/danielmatos\/wp-json\/wp\/v2\/tags?post=147623"}],"curies":[{"name":"wp","href":"https:\/\/api.w.org\/{rel}","templated":true}]}}