{"id":147635,"date":"2025-08-25T18:36:42","date_gmt":"2025-08-25T21:36:42","guid":{"rendered":"https:\/\/www.blogsoestado.com\/danielmatos\/?p=147635"},"modified":"2025-08-26T00:53:49","modified_gmt":"2025-08-26T03:53:49","slug":"pf-prende-foragido-da-justica-do-maranhao-que-embarcaria-para-o-exterior-com-capsulas-de-cocaina-ingeridas","status":"publish","type":"post","link":"https:\/\/www.blogsoestado.com\/danielmatos\/pf-prende-foragido-da-justica-do-maranhao-que-embarcaria-para-o-exterior-com-capsulas-de-cocaina-ingeridas\/","title":{"rendered":"PF prende foragido da Justi\u00e7a do Maranh\u00e3o que embarcaria para o exterior com c\u00e1psulas de coca\u00edna ingeridas"},"content":{"rendered":"\n<p><strong><mark style=\"color:#cf2e2e\" class=\"has-inline-color\">A\u00e7\u00f5es foram realizadas no decorrer dos procedimentos de controle migrat\u00f3rio<\/mark><\/strong><\/p>\n\n\n\n<figure class=\"wp-block-image aligncenter size-full\"><img fetchpriority=\"high\" decoding=\"async\" width=\"768\" height=\"424\" src=\"https:\/\/www.blogsoestado.com\/danielmatos\/wp-content\/uploads\/sites\/2\/2025\/08\/1003429356-1.jpg\" alt=\"\" class=\"wp-image-147639\" srcset=\"https:\/\/www.blogsoestado.com\/danielmatos\/wp-content\/uploads\/sites\/2\/2025\/08\/1003429356-1.jpg 768w, https:\/\/www.blogsoestado.com\/danielmatos\/wp-content\/uploads\/sites\/2\/2025\/08\/1003429356-1-300x166.jpg 300w\" sizes=\"(max-width: 768px) 100vw, 768px\" \/><figcaption class=\"wp-element-caption\">C\u00e1psulas de coca\u00edna que haviam sido ingeridas por pessoas detidas pela PF no Aeroporto Internacional de Guarulhos<\/figcaption><\/figure>\n\n\n\n<p><strong>Guarulhos\/SP.&nbsp;<\/strong>Em uma s\u00e9rie de a\u00e7\u00f5es realizadas, entre os dias 22 e 25\/8, no Aeroporto Internacional de S\u00e3o Paulo\/Guarulhos, a PF efetuou a pris\u00e3o de tr\u00eas procurados pela Justi\u00e7a, a apreens\u00e3o de tr\u00eas passaportes por decis\u00e3o judicial e a pris\u00e3o de seis pessoas por tr\u00e1fico internacional de drogas. Um dos foragidos detidos tem pend\u00eancia com o Poder Judici\u00e1rio do <strong>Maranh\u00e3o<\/strong>. O montante de entorpecentes apreendidos superou seis quilos de coca\u00edna e anfetamina.<\/p>\n\n\n\n<p><strong>Captura de Procurados pela Justi\u00e7a<\/strong><\/p>\n\n\n\n<p>No decorrer dos procedimentos de controle migrat\u00f3rio, policiais federais prenderam tr\u00eas homens com mandados de pris\u00e3o civil em aberto, expedidos pelas Justi\u00e7as dos Estados do&nbsp;<strong>Maranh\u00e3o<\/strong>, Piau\u00ed e S\u00e3o Paulo. Os indiv\u00edduos, interceptados em momentos distintos entre os dias 22 e 24\/8, foram detidos ap\u00f3s tentarem imigrar e serem identificados pelo sistema de alerta da PF.<\/p>\n\n\n\n<figure class=\"wp-block-image aligncenter size-full\"><img decoding=\"async\" width=\"768\" height=\"432\" src=\"https:\/\/www.blogsoestado.com\/danielmatos\/wp-content\/uploads\/sites\/2\/2025\/08\/1003429378.jpg\" alt=\"\" class=\"wp-image-147638\" srcset=\"https:\/\/www.blogsoestado.com\/danielmatos\/wp-content\/uploads\/sites\/2\/2025\/08\/1003429378.jpg 768w, https:\/\/www.blogsoestado.com\/danielmatos\/wp-content\/uploads\/sites\/2\/2025\/08\/1003429378-300x169.jpg 300w\" sizes=\"(max-width: 768px) 100vw, 768px\" \/><figcaption class=\"wp-element-caption\">C\u00e1psulas de coca\u00edna foram retiradas do est\u00f4mago de &#8220;mulas&#8221; do tr\u00e1fico em hospital<\/figcaption><\/figure>\n\n\n\n<p><strong>Apreens\u00e3o de passaportes<\/strong><\/p>\n\n\n\n<p>Na sexta-feira (23\/8), foi efetuada a apreens\u00e3o de tr\u00eas passaportes (dois italianos e um brasileiro). Os documentos, de propriedade de uma brasileira e de um nacional da It\u00e1lia, foram retidos logo ap\u00f3s o desembarque do casal de um voo procedente da It\u00e1lia. A medida foi cumprida pelos policiais no controle migrat\u00f3rio, em atendimento a decis\u00e3o judicial.<\/p>\n\n\n\n<figure class=\"wp-block-image aligncenter size-full\"><img decoding=\"async\" width=\"768\" height=\"492\" src=\"https:\/\/www.blogsoestado.com\/danielmatos\/wp-content\/uploads\/sites\/2\/2025\/08\/1003429372.jpg\" alt=\"\" class=\"wp-image-147637\" srcset=\"https:\/\/www.blogsoestado.com\/danielmatos\/wp-content\/uploads\/sites\/2\/2025\/08\/1003429372.jpg 768w, https:\/\/www.blogsoestado.com\/danielmatos\/wp-content\/uploads\/sites\/2\/2025\/08\/1003429372-300x192.jpg 300w\" sizes=\"(max-width: 768px) 100vw, 768px\" \/><figcaption class=\"wp-element-caption\">Balan\u00e7a aponta peso de droga interceptada pelo setor de Imigra\u00e7\u00e3o do Aeroporto Internacional de Guarulhos<\/figcaption><\/figure>\n\n\n\n<p><strong>Combate ao Tr\u00e1fico Internacional de Drogas<\/strong><\/p>\n\n\n\n<p>As a\u00e7\u00f5es de repress\u00e3o ao narcotr\u00e1fico resultaram na pris\u00e3o de seis passageiros:<\/p>\n\n\n\n<p>Quatro passageiros&nbsp;foram presos por transportar coca\u00edna dentro de c\u00e1psulas que foram ingeridas. Os presos, que embarcariam com destino \u00e0 Fran\u00e7a (2),&nbsp;Turquia (1) e Inglaterra (1), foram conduzidos ao Hospital Geral de Guarulhos para a remo\u00e7\u00e3o segura da droga, onde permanecer\u00e3o sob cust\u00f3dia hospitalar da Pol\u00edcia Penal do Estado de S\u00e3o Paulo at\u00e9 receberem alta m\u00e9dica, devido ao alto risco \u00e0 sa\u00fade que a pr\u00e1tica oferece.<\/p>\n\n\n\n<figure class=\"wp-block-image aligncenter size-full\"><img loading=\"lazy\" decoding=\"async\" width=\"768\" height=\"430\" src=\"https:\/\/www.blogsoestado.com\/danielmatos\/wp-content\/uploads\/sites\/2\/2025\/08\/1003429373.jpg\" alt=\"\" class=\"wp-image-147640\" srcset=\"https:\/\/www.blogsoestado.com\/danielmatos\/wp-content\/uploads\/sites\/2\/2025\/08\/1003429373.jpg 768w, https:\/\/www.blogsoestado.com\/danielmatos\/wp-content\/uploads\/sites\/2\/2025\/08\/1003429373-300x168.jpg 300w\" sizes=\"(max-width: 768px) 100vw, 768px\" \/><figcaption class=\"wp-element-caption\">Coca\u00edna apreendida por policiais federais atingiu peso de quase quatro quilos<\/figcaption><\/figure>\n\n\n\n<p>Uma brasileira&nbsp;foi presa ap\u00f3s os policiais federais localizarem mais de dois quilos de coca\u00edna ocultos em fundos falsos de sua mala de viagem. Ela pretendia levar a droga para a Tail\u00e2ndia.<\/p>\n\n\n\n<p>Um nacional da Cro\u00e1cia&nbsp;foi preso ao desembarcar de um voo procedente do M\u00e9xico. Em sua bagagem, foram encontrados quatro quilos de anfetamina escondidos em fundos falsos.<\/p>\n\n\n\n<figure class=\"wp-block-image aligncenter size-full\"><img loading=\"lazy\" decoding=\"async\" width=\"768\" height=\"428\" src=\"https:\/\/www.blogsoestado.com\/danielmatos\/wp-content\/uploads\/sites\/2\/2025\/08\/1003429384.jpg\" alt=\"\" class=\"wp-image-147641\" srcset=\"https:\/\/www.blogsoestado.com\/danielmatos\/wp-content\/uploads\/sites\/2\/2025\/08\/1003429384.jpg 768w, https:\/\/www.blogsoestado.com\/danielmatos\/wp-content\/uploads\/sites\/2\/2025\/08\/1003429384-300x167.jpg 300w\" sizes=\"(max-width: 768px) 100vw, 768px\" \/><figcaption class=\"wp-element-caption\">Droga interceptada no Aeroporto Internacional de Guarulhos em poder de &#8220;mulas&#8221; que estavam a servi\u00e7o do tr\u00e1fico internacional<\/figcaption><\/figure>\n\n\n\n<p>Todos os presos no \u00e2mbito do tr\u00e1fico de drogas foram apresentados \u00e0 Justi\u00e7a Federal e os presos em raz\u00e3o de mandados de pris\u00e3o em aberto ser\u00e3o encaminhados \u00e0s penitenci\u00e1rias dos devidos estados<\/p>\n","protected":false},"excerpt":{"rendered":"<p>A\u00e7\u00f5es foram realizadas no decorrer dos procedimentos de controle migrat\u00f3rio Guarulhos\/SP.&nbsp;Em uma s\u00e9rie de a\u00e7\u00f5es realizadas, entre os dias 22 [&hellip;]<\/p>\n","protected":false},"author":2,"featured_media":0,"comment_status":"open","ping_status":"open","sticky":false,"template":"","format":"standard","meta":{"site-sidebar-layout":"default","site-content-layout":"","ast-site-content-layout":"default","site-content-style":"default","site-sidebar-style":"default","ast-global-header-display":"","ast-banner-title-visibility":"","ast-main-header-display":"","ast-hfb-above-header-display":"","ast-hfb-below-header-display":"","ast-hfb-mobile-header-display":"","site-post-title":"","ast-breadcrumbs-content":"","ast-featured-img":"","footer-sml-layout":"","ast-disable-related-posts":"","theme-transparent-header-meta":"","adv-header-id-meta":"","stick-header-meta":"","header-above-stick-meta":"","header-main-stick-meta":"","header-below-stick-meta":"","astra-migrate-meta-layouts":"default","ast-page-background-enabled":"default","ast-page-background-meta":{"desktop":{"background-color":"var(--ast-global-color-5)","background-image":"","background-repeat":"repeat","background-position":"center center","background-size":"auto","background-attachment":"scroll","background-type":"","background-media":"","overlay-type":"","overlay-color":"","overlay-opacity":"","overlay-gradient":""},"tablet":{"background-color":"","background-image":"","background-repeat":"repeat","background-position":"center center","background-size":"auto","background-attachment":"scroll","background-type":"","background-media":"","overlay-type":"","overlay-color":"","overlay-opacity":"","overlay-gradient":""},"mobile":{"background-color":"","background-image":"","background-repeat":"repeat","background-position":"center center","background-size":"auto","background-attachment":"scroll","background-type":"","background-media":"","overlay-type":"","overlay-color":"","overlay-opacity":"","overlay-gradient":""}},"ast-content-background-meta":{"desktop":{"background-color":"var(--ast-global-color-4)","background-image":"","background-repeat":"repeat","background-position":"center center","background-size":"auto","background-attachment":"scroll","background-type":"","background-media":"","overlay-type":"","overlay-color":"","overlay-opacity":"","overlay-gradient":""},"tablet":{"background-color":"var(--ast-global-color-4)","background-image":"","background-repeat":"repeat","background-position":"center center","background-size":"auto","background-attachment":"scroll","background-type":"","background-media":"","overlay-type":"","overlay-color":"","overlay-opacity":"","overlay-gradient":""},"mobile":{"background-color":"var(--ast-global-color-4)","background-image":"","background-repeat":"repeat","background-position":"center center","background-size":"auto","background-attachment":"scroll","background-type":"","background-media":"","overlay-type":"","overlay-color":"","overlay-opacity":"","overlay-gradient":""}},"footnotes":""},"categories":[1],"tags":[],"class_list":["post-147635","post","type-post","status-publish","format-standard","hentry","category-sem-categoria"],"yoast_head":"<!-- This site is optimized with the Yoast SEO plugin v26.6 - https:\/\/yoast.com\/wordpress\/plugins\/seo\/ -->\n<title>PF prende foragido da Justi\u00e7a do Maranh\u00e3o que embarcaria para o exterior com c\u00e1psulas de coca\u00edna ingeridas - Daniel Matos<\/title>\n<meta name=\"robots\" content=\"index, follow, max-snippet:-1, max-image-preview:large, max-video-preview:-1\" \/>\n<link rel=\"canonical\" href=\"https:\/\/www.blogsoestado.com\/danielmatos\/pf-prende-foragido-da-justica-do-maranhao-que-embarcaria-para-o-exterior-com-capsulas-de-cocaina-ingeridas\/\" \/>\n<meta property=\"og:locale\" content=\"pt_BR\" \/>\n<meta property=\"og:type\" content=\"article\" \/>\n<meta property=\"og:title\" content=\"PF prende foragido da Justi\u00e7a do Maranh\u00e3o que embarcaria para o exterior com c\u00e1psulas de coca\u00edna ingeridas - Daniel Matos\" \/>\n<meta property=\"og:description\" content=\"A\u00e7\u00f5es foram realizadas no decorrer dos procedimentos de controle migrat\u00f3rio Guarulhos\/SP.&nbsp;Em uma s\u00e9rie de a\u00e7\u00f5es realizadas, entre os dias 22 [&hellip;]\" \/>\n<meta property=\"og:url\" content=\"https:\/\/www.blogsoestado.com\/danielmatos\/pf-prende-foragido-da-justica-do-maranhao-que-embarcaria-para-o-exterior-com-capsulas-de-cocaina-ingeridas\/\" \/>\n<meta property=\"og:site_name\" content=\"Daniel Matos\" \/>\n<meta property=\"article:published_time\" content=\"2025-08-25T21:36:42+00:00\" \/>\n<meta property=\"article:modified_time\" content=\"2025-08-26T03:53:49+00:00\" \/>\n<meta property=\"og:image\" content=\"https:\/\/www.blogsoestado.com\/danielmatos\/wp-content\/uploads\/sites\/2\/2025\/08\/1003429356-1.jpg\" \/>\n\t<meta property=\"og:image:width\" content=\"768\" \/>\n\t<meta property=\"og:image:height\" content=\"424\" \/>\n\t<meta property=\"og:image:type\" content=\"image\/jpeg\" \/>\n<meta name=\"author\" content=\"Daniel Matos\" \/>\n<meta name=\"twitter:card\" content=\"summary_large_image\" \/>\n<meta name=\"twitter:label1\" content=\"Escrito por\" \/>\n\t<meta name=\"twitter:data1\" content=\"Daniel Matos\" \/>\n\t<meta name=\"twitter:label2\" content=\"Est. tempo de leitura\" \/>\n\t<meta name=\"twitter:data2\" content=\"4 minutos\" \/>\n<script type=\"application\/ld+json\" class=\"yoast-schema-graph\">{\"@context\":\"https:\/\/schema.org\",\"@graph\":[{\"@type\":\"WebPage\",\"@id\":\"https:\/\/www.blogsoestado.com\/danielmatos\/pf-prende-foragido-da-justica-do-maranhao-que-embarcaria-para-o-exterior-com-capsulas-de-cocaina-ingeridas\/\",\"url\":\"https:\/\/www.blogsoestado.com\/danielmatos\/pf-prende-foragido-da-justica-do-maranhao-que-embarcaria-para-o-exterior-com-capsulas-de-cocaina-ingeridas\/\",\"name\":\"PF prende foragido da Justi\u00e7a do Maranh\u00e3o que embarcaria para o exterior com c\u00e1psulas de coca\u00edna ingeridas - Daniel Matos\",\"isPartOf\":{\"@id\":\"https:\/\/www.blogsoestado.com\/danielmatos\/#website\"},\"primaryImageOfPage\":{\"@id\":\"https:\/\/www.blogsoestado.com\/danielmatos\/pf-prende-foragido-da-justica-do-maranhao-que-embarcaria-para-o-exterior-com-capsulas-de-cocaina-ingeridas\/#primaryimage\"},\"image\":{\"@id\":\"https:\/\/www.blogsoestado.com\/danielmatos\/pf-prende-foragido-da-justica-do-maranhao-que-embarcaria-para-o-exterior-com-capsulas-de-cocaina-ingeridas\/#primaryimage\"},\"thumbnailUrl\":\"https:\/\/www.blogsoestado.com\/danielmatos\/wp-content\/uploads\/sites\/2\/2025\/08\/1003429356-1.jpg\",\"datePublished\":\"2025-08-25T21:36:42+00:00\",\"dateModified\":\"2025-08-26T03:53:49+00:00\",\"author\":{\"@id\":\"https:\/\/www.blogsoestado.com\/danielmatos\/#\/schema\/person\/9a209d407cd45631f131e1285b661bb0\"},\"breadcrumb\":{\"@id\":\"https:\/\/www.blogsoestado.com\/danielmatos\/pf-prende-foragido-da-justica-do-maranhao-que-embarcaria-para-o-exterior-com-capsulas-de-cocaina-ingeridas\/#breadcrumb\"},\"inLanguage\":\"pt-BR\",\"potentialAction\":[{\"@type\":\"ReadAction\",\"target\":[\"https:\/\/www.blogsoestado.com\/danielmatos\/pf-prende-foragido-da-justica-do-maranhao-que-embarcaria-para-o-exterior-com-capsulas-de-cocaina-ingeridas\/\"]}]},{\"@type\":\"ImageObject\",\"inLanguage\":\"pt-BR\",\"@id\":\"https:\/\/www.blogsoestado.com\/danielmatos\/pf-prende-foragido-da-justica-do-maranhao-que-embarcaria-para-o-exterior-com-capsulas-de-cocaina-ingeridas\/#primaryimage\",\"url\":\"https:\/\/www.blogsoestado.com\/danielmatos\/wp-content\/uploads\/sites\/2\/2025\/08\/1003429356-1.jpg\",\"contentUrl\":\"https:\/\/www.blogsoestado.com\/danielmatos\/wp-content\/uploads\/sites\/2\/2025\/08\/1003429356-1.jpg\",\"width\":768,\"height\":424},{\"@type\":\"BreadcrumbList\",\"@id\":\"https:\/\/www.blogsoestado.com\/danielmatos\/pf-prende-foragido-da-justica-do-maranhao-que-embarcaria-para-o-exterior-com-capsulas-de-cocaina-ingeridas\/#breadcrumb\",\"itemListElement\":[{\"@type\":\"ListItem\",\"position\":1,\"name\":\"In\u00edcio\",\"item\":\"https:\/\/www.blogsoestado.com\/danielmatos\/\"},{\"@type\":\"ListItem\",\"position\":2,\"name\":\"PF prende foragido da Justi\u00e7a do Maranh\u00e3o que embarcaria para o exterior com c\u00e1psulas de coca\u00edna ingeridas\"}]},{\"@type\":\"WebSite\",\"@id\":\"https:\/\/www.blogsoestado.com\/danielmatos\/#website\",\"url\":\"https:\/\/www.blogsoestado.com\/danielmatos\/\",\"name\":\"Daniel Matos\",\"description\":\"\",\"potentialAction\":[{\"@type\":\"SearchAction\",\"target\":{\"@type\":\"EntryPoint\",\"urlTemplate\":\"https:\/\/www.blogsoestado.com\/danielmatos\/?s={search_term_string}\"},\"query-input\":{\"@type\":\"PropertyValueSpecification\",\"valueRequired\":true,\"valueName\":\"search_term_string\"}}],\"inLanguage\":\"pt-BR\"},{\"@type\":\"Person\",\"@id\":\"https:\/\/www.blogsoestado.com\/danielmatos\/#\/schema\/person\/9a209d407cd45631f131e1285b661bb0\",\"name\":\"Daniel Matos\",\"image\":{\"@type\":\"ImageObject\",\"inLanguage\":\"pt-BR\",\"@id\":\"https:\/\/www.blogsoestado.com\/danielmatos\/#\/schema\/person\/image\/\",\"url\":\"https:\/\/secure.gravatar.com\/avatar\/2f26c36ee355da19a257f0dfef43952a2588b324ca35d6719e859fe338ac0392?s=96&d=mm&r=g\",\"contentUrl\":\"https:\/\/secure.gravatar.com\/avatar\/2f26c36ee355da19a257f0dfef43952a2588b324ca35d6719e859fe338ac0392?s=96&d=mm&r=g\",\"caption\":\"Daniel Matos\"},\"url\":\"https:\/\/www.blogsoestado.com\/danielmatos\/author\/danielmatos\/\"}]}<\/script>\n<!-- \/ Yoast SEO plugin. -->","yoast_head_json":{"title":"PF prende foragido da Justi\u00e7a do Maranh\u00e3o que embarcaria para o exterior com c\u00e1psulas de coca\u00edna ingeridas - Daniel Matos","robots":{"index":"index","follow":"follow","max-snippet":"max-snippet:-1","max-image-preview":"max-image-preview:large","max-video-preview":"max-video-preview:-1"},"canonical":"https:\/\/www.blogsoestado.com\/danielmatos\/pf-prende-foragido-da-justica-do-maranhao-que-embarcaria-para-o-exterior-com-capsulas-de-cocaina-ingeridas\/","og_locale":"pt_BR","og_type":"article","og_title":"PF prende foragido da Justi\u00e7a do Maranh\u00e3o que embarcaria para o exterior com c\u00e1psulas de coca\u00edna ingeridas - Daniel Matos","og_description":"A\u00e7\u00f5es foram realizadas no decorrer dos procedimentos de controle migrat\u00f3rio Guarulhos\/SP.&nbsp;Em uma s\u00e9rie de a\u00e7\u00f5es realizadas, entre os dias 22 [&hellip;]","og_url":"https:\/\/www.blogsoestado.com\/danielmatos\/pf-prende-foragido-da-justica-do-maranhao-que-embarcaria-para-o-exterior-com-capsulas-de-cocaina-ingeridas\/","og_site_name":"Daniel Matos","article_published_time":"2025-08-25T21:36:42+00:00","article_modified_time":"2025-08-26T03:53:49+00:00","og_image":[{"width":768,"height":424,"url":"https:\/\/www.blogsoestado.com\/danielmatos\/wp-content\/uploads\/sites\/2\/2025\/08\/1003429356-1.jpg","type":"image\/jpeg"}],"author":"Daniel Matos","twitter_card":"summary_large_image","twitter_misc":{"Escrito por":"Daniel Matos","Est. tempo de leitura":"4 minutos"},"schema":{"@context":"https:\/\/schema.org","@graph":[{"@type":"WebPage","@id":"https:\/\/www.blogsoestado.com\/danielmatos\/pf-prende-foragido-da-justica-do-maranhao-que-embarcaria-para-o-exterior-com-capsulas-de-cocaina-ingeridas\/","url":"https:\/\/www.blogsoestado.com\/danielmatos\/pf-prende-foragido-da-justica-do-maranhao-que-embarcaria-para-o-exterior-com-capsulas-de-cocaina-ingeridas\/","name":"PF prende foragido da Justi\u00e7a do Maranh\u00e3o que embarcaria para o exterior com c\u00e1psulas de coca\u00edna ingeridas - Daniel Matos","isPartOf":{"@id":"https:\/\/www.blogsoestado.com\/danielmatos\/#website"},"primaryImageOfPage":{"@id":"https:\/\/www.blogsoestado.com\/danielmatos\/pf-prende-foragido-da-justica-do-maranhao-que-embarcaria-para-o-exterior-com-capsulas-de-cocaina-ingeridas\/#primaryimage"},"image":{"@id":"https:\/\/www.blogsoestado.com\/danielmatos\/pf-prende-foragido-da-justica-do-maranhao-que-embarcaria-para-o-exterior-com-capsulas-de-cocaina-ingeridas\/#primaryimage"},"thumbnailUrl":"https:\/\/www.blogsoestado.com\/danielmatos\/wp-content\/uploads\/sites\/2\/2025\/08\/1003429356-1.jpg","datePublished":"2025-08-25T21:36:42+00:00","dateModified":"2025-08-26T03:53:49+00:00","author":{"@id":"https:\/\/www.blogsoestado.com\/danielmatos\/#\/schema\/person\/9a209d407cd45631f131e1285b661bb0"},"breadcrumb":{"@id":"https:\/\/www.blogsoestado.com\/danielmatos\/pf-prende-foragido-da-justica-do-maranhao-que-embarcaria-para-o-exterior-com-capsulas-de-cocaina-ingeridas\/#breadcrumb"},"inLanguage":"pt-BR","potentialAction":[{"@type":"ReadAction","target":["https:\/\/www.blogsoestado.com\/danielmatos\/pf-prende-foragido-da-justica-do-maranhao-que-embarcaria-para-o-exterior-com-capsulas-de-cocaina-ingeridas\/"]}]},{"@type":"ImageObject","inLanguage":"pt-BR","@id":"https:\/\/www.blogsoestado.com\/danielmatos\/pf-prende-foragido-da-justica-do-maranhao-que-embarcaria-para-o-exterior-com-capsulas-de-cocaina-ingeridas\/#primaryimage","url":"https:\/\/www.blogsoestado.com\/danielmatos\/wp-content\/uploads\/sites\/2\/2025\/08\/1003429356-1.jpg","contentUrl":"https:\/\/www.blogsoestado.com\/danielmatos\/wp-content\/uploads\/sites\/2\/2025\/08\/1003429356-1.jpg","width":768,"height":424},{"@type":"BreadcrumbList","@id":"https:\/\/www.blogsoestado.com\/danielmatos\/pf-prende-foragido-da-justica-do-maranhao-que-embarcaria-para-o-exterior-com-capsulas-de-cocaina-ingeridas\/#breadcrumb","itemListElement":[{"@type":"ListItem","position":1,"name":"In\u00edcio","item":"https:\/\/www.blogsoestado.com\/danielmatos\/"},{"@type":"ListItem","position":2,"name":"PF prende foragido da Justi\u00e7a do Maranh\u00e3o que embarcaria para o exterior com c\u00e1psulas de coca\u00edna ingeridas"}]},{"@type":"WebSite","@id":"https:\/\/www.blogsoestado.com\/danielmatos\/#website","url":"https:\/\/www.blogsoestado.com\/danielmatos\/","name":"Daniel Matos","description":"","potentialAction":[{"@type":"SearchAction","target":{"@type":"EntryPoint","urlTemplate":"https:\/\/www.blogsoestado.com\/danielmatos\/?s={search_term_string}"},"query-input":{"@type":"PropertyValueSpecification","valueRequired":true,"valueName":"search_term_string"}}],"inLanguage":"pt-BR"},{"@type":"Person","@id":"https:\/\/www.blogsoestado.com\/danielmatos\/#\/schema\/person\/9a209d407cd45631f131e1285b661bb0","name":"Daniel Matos","image":{"@type":"ImageObject","inLanguage":"pt-BR","@id":"https:\/\/www.blogsoestado.com\/danielmatos\/#\/schema\/person\/image\/","url":"https:\/\/secure.gravatar.com\/avatar\/2f26c36ee355da19a257f0dfef43952a2588b324ca35d6719e859fe338ac0392?s=96&d=mm&r=g","contentUrl":"https:\/\/secure.gravatar.com\/avatar\/2f26c36ee355da19a257f0dfef43952a2588b324ca35d6719e859fe338ac0392?s=96&d=mm&r=g","caption":"Daniel Matos"},"url":"https:\/\/www.blogsoestado.com\/danielmatos\/author\/danielmatos\/"}]}},"jetpack_featured_media_url":"","_links":{"self":[{"href":"https:\/\/www.blogsoestado.com\/danielmatos\/wp-json\/wp\/v2\/posts\/147635","targetHints":{"allow":["GET"]}}],"collection":[{"href":"https:\/\/www.blogsoestado.com\/danielmatos\/wp-json\/wp\/v2\/posts"}],"about":[{"href":"https:\/\/www.blogsoestado.com\/danielmatos\/wp-json\/wp\/v2\/types\/post"}],"author":[{"embeddable":true,"href":"https:\/\/www.blogsoestado.com\/danielmatos\/wp-json\/wp\/v2\/users\/2"}],"replies":[{"embeddable":true,"href":"https:\/\/www.blogsoestado.com\/danielmatos\/wp-json\/wp\/v2\/comments?post=147635"}],"version-history":[{"count":2,"href":"https:\/\/www.blogsoestado.com\/danielmatos\/wp-json\/wp\/v2\/posts\/147635\/revisions"}],"predecessor-version":[{"id":147659,"href":"https:\/\/www.blogsoestado.com\/danielmatos\/wp-json\/wp\/v2\/posts\/147635\/revisions\/147659"}],"wp:attachment":[{"href":"https:\/\/www.blogsoestado.com\/danielmatos\/wp-json\/wp\/v2\/media?parent=147635"}],"wp:term":[{"taxonomy":"category","embeddable":true,"href":"https:\/\/www.blogsoestado.com\/danielmatos\/wp-json\/wp\/v2\/categories?post=147635"},{"taxonomy":"post_tag","embeddable":true,"href":"https:\/\/www.blogsoestado.com\/danielmatos\/wp-json\/wp\/v2\/tags?post=147635"}],"curies":[{"name":"wp","href":"https:\/\/api.w.org\/{rel}","templated":true}]}}