{"id":147643,"date":"2025-08-25T21:48:48","date_gmt":"2025-08-26T00:48:48","guid":{"rendered":"https:\/\/www.blogsoestado.com\/danielmatos\/?p=147643"},"modified":"2025-08-25T21:48:51","modified_gmt":"2025-08-26T00:48:51","slug":"projeto-arte-na-praca-fortalece-a-cultura-em-paco-do-lumiar","status":"publish","type":"post","link":"https:\/\/www.blogsoestado.com\/danielmatos\/projeto-arte-na-praca-fortalece-a-cultura-em-paco-do-lumiar\/","title":{"rendered":"Projeto Arte na Pra\u00e7a fortalece a cultura em Pa\u00e7o do Lumiar"},"content":{"rendered":"\n<figure class=\"wp-block-image aligncenter size-large\"><img fetchpriority=\"high\" decoding=\"async\" width=\"1024\" height=\"576\" src=\"https:\/\/www.blogsoestado.com\/danielmatos\/wp-content\/uploads\/sites\/2\/2025\/08\/1003431696-1024x576.jpg\" alt=\"\" class=\"wp-image-147644\" srcset=\"https:\/\/www.blogsoestado.com\/danielmatos\/wp-content\/uploads\/sites\/2\/2025\/08\/1003431696-1024x576.jpg 1024w, https:\/\/www.blogsoestado.com\/danielmatos\/wp-content\/uploads\/sites\/2\/2025\/08\/1003431696-300x169.jpg 300w, https:\/\/www.blogsoestado.com\/danielmatos\/wp-content\/uploads\/sites\/2\/2025\/08\/1003431696-768x432.jpg 768w, https:\/\/www.blogsoestado.com\/danielmatos\/wp-content\/uploads\/sites\/2\/2025\/08\/1003431696-1536x864.jpg 1536w, https:\/\/www.blogsoestado.com\/danielmatos\/wp-content\/uploads\/sites\/2\/2025\/08\/1003431696.jpg 1600w\" sizes=\"(max-width: 1024px) 100vw, 1024px\" \/><figcaption class=\"wp-element-caption\">O secret\u00e1rio municipal de Cultura, Esporte e Juventude, Zico, destacou que projeto Arte na Pra\u00e7a est\u00e1 tendo uma grande aceita\u00e7\u00e3o por parte da comunidade luminense<\/figcaption><\/figure>\n\n\n\n<p>Os logradouros p\u00fablicos de Pa\u00e7o do Lumiar ganharam mais din\u00e2mica e presen\u00e7a das familiar com o Projeto Arte na Pra\u00e7a. O projeto tem como objetivo reunir m\u00fasica, dan\u00e7a, gastronomia, artesanato e manifesta\u00e7\u00f5es culturais para a popula\u00e7\u00e3o local ao ar livre e de forma gratuita. A a\u00e7\u00e3o est\u00e1 sendo promovida pela Prefeitura de Pa\u00e7o do Lumiar, por meio da Secretaria Municipal de Cultura, Esporte e Juventude (Semcej), em parceria com o Grupo Passo Livre.<\/p>\n\n\n\n<p>Neste fim de semana, os bairros do Mana\u00edra e o Igua\u00edba serviram de palco para o Arte na Pra\u00e7a e de acordo com o secret\u00e1rio da pasta, Zico, o projeto est\u00e1 tendo uma grande aceita\u00e7\u00e3o por parte da comunidade luminense, levando arte cultura e lazer para toda a fam\u00edlia. &#8220;O Arte na Pra\u00e7a fortalece a cultura local, al\u00e9m de levar entretenimento para os moradores, sem que eles precisem sair de seus bairros. \u00c9 importante tamb\u00e9m frisar que esse tipo de servi\u00e7o gera renda e movimenta a economia local\u201d, pontua o secret\u00e1rio, Zico.<\/p>\n\n\n\n<p>No Mana\u00edra, a programa\u00e7\u00e3o contou com Lucas Candeira; Furac\u00e3o Coutry; Elly Rodrigues. A estudante, Sarah Amorim, comentou a sua satisfa\u00e7\u00e3o com a atua\u00e7\u00e3o da gest\u00e3o p\u00fablica atual. \u201cestou muito feliz e satisfeita com a a\u00e7\u00e3o do prefeito Fred Campos, com a constru\u00e7\u00e3o dessa pra\u00e7a maravilhosa e agora o Arte na Pra\u00e7a. Uma demonstra\u00e7\u00e3o de cuidado e carinho com toda a popula\u00e7\u00e3o\u201d, relatou a estudante.<\/p>\n\n\n\n<figure class=\"wp-block-image aligncenter size-large\"><img decoding=\"async\" width=\"1024\" height=\"576\" src=\"https:\/\/www.blogsoestado.com\/danielmatos\/wp-content\/uploads\/sites\/2\/2025\/08\/1003431699-1024x576.jpg\" alt=\"\" class=\"wp-image-147645\" srcset=\"https:\/\/www.blogsoestado.com\/danielmatos\/wp-content\/uploads\/sites\/2\/2025\/08\/1003431699-1024x576.jpg 1024w, https:\/\/www.blogsoestado.com\/danielmatos\/wp-content\/uploads\/sites\/2\/2025\/08\/1003431699-300x169.jpg 300w, https:\/\/www.blogsoestado.com\/danielmatos\/wp-content\/uploads\/sites\/2\/2025\/08\/1003431699-768x432.jpg 768w, https:\/\/www.blogsoestado.com\/danielmatos\/wp-content\/uploads\/sites\/2\/2025\/08\/1003431699-1536x864.jpg 1536w, https:\/\/www.blogsoestado.com\/danielmatos\/wp-content\/uploads\/sites\/2\/2025\/08\/1003431699.jpg 1574w\" sizes=\"(max-width: 1024px) 100vw, 1024px\" \/><figcaption class=\"wp-element-caption\">O secret\u00e1rio Zico com artistas de Pa\u00e7o do Lumiar que se apresentaram na programa\u00e7\u00e3o do projeto Arte na Pra\u00e7a<\/figcaption><\/figure>\n\n\n\n<p>A satisfa\u00e7\u00e3o dos moradores do Igua\u00edba n\u00e3o foi diferente. O morador Alex Brito, agradeceu ao prefeito Fred Campos e ao secret\u00e1rio da Semcej Zico, pela oportunidade de levar para os iguaibenses, cultura de forma gratuita. &#8220;A prefeitura est\u00e1 de parab\u00e9ns com esse projeto que hoje chegou aqui no Igua\u00edba. A gente agradece ao prefeito Fred pelo bel\u00edssimo trabalho que est\u00e1 sendo feito em nossa cidade\u201d, frisou Alex Brito.<\/p>\n\n\n\n<p><strong>Fomento &#8211; <\/strong>O projeto Arte na Pra\u00e7a n\u00e3o leva somente arte para os bairros, ele tamb\u00e9m fomenta gastronomia e artesanato. Al\u00e9m da parte cultural, empreendedores do Programa Mais Renda e artes\u00e3s tamb\u00e9m foram inseridos no projeto, agregando gera\u00e7\u00e3o de renda para a economia local.<br>O comerciante do Igua\u00edba, Mauro Sergio, agradeceu a oportunidade em poder fazer sua renda sem precisar sair do bairro onde mora. \u201cEstamos todos felizes com a vinda do projeto Arte na Pra\u00e7a para o Igua\u00edba, pois al\u00e9m da atra\u00e7\u00e3o cultural de forma gratuita, n\u00f3s comerciantes tamb\u00e9m estamos podendo fazer uma renda extra\u201d, disse o comerciante.<\/p>\n\n\n\n<p>Mais do que apresenta\u00e7\u00f5es, o Arte na Pra\u00e7a cria um ambiente de conviv\u00eancia, lazer e fortalecimento da identidade luminense, incentivando a economia criativa e promovendo a inclus\u00e3o social.<\/p>\n","protected":false},"excerpt":{"rendered":"<p>Os logradouros p\u00fablicos de Pa\u00e7o do Lumiar ganharam mais din\u00e2mica e presen\u00e7a das familiar com o Projeto Arte na Pra\u00e7a. [&hellip;]<\/p>\n","protected":false},"author":2,"featured_media":0,"comment_status":"open","ping_status":"open","sticky":false,"template":"","format":"standard","meta":{"site-sidebar-layout":"default","site-content-layout":"","ast-site-content-layout":"default","site-content-style":"default","site-sidebar-style":"default","ast-global-header-display":"","ast-banner-title-visibility":"","ast-main-header-display":"","ast-hfb-above-header-display":"","ast-hfb-below-header-display":"","ast-hfb-mobile-header-display":"","site-post-title":"","ast-breadcrumbs-content":"","ast-featured-img":"","footer-sml-layout":"","ast-disable-related-posts":"","theme-transparent-header-meta":"","adv-header-id-meta":"","stick-header-meta":"","header-above-stick-meta":"","header-main-stick-meta":"","header-below-stick-meta":"","astra-migrate-meta-layouts":"default","ast-page-background-enabled":"default","ast-page-background-meta":{"desktop":{"background-color":"var(--ast-global-color-5)","background-image":"","background-repeat":"repeat","background-position":"center center","background-size":"auto","background-attachment":"scroll","background-type":"","background-media":"","overlay-type":"","overlay-color":"","overlay-opacity":"","overlay-gradient":""},"tablet":{"background-color":"","background-image":"","background-repeat":"repeat","background-position":"center center","background-size":"auto","background-attachment":"scroll","background-type":"","background-media":"","overlay-type":"","overlay-color":"","overlay-opacity":"","overlay-gradient":""},"mobile":{"background-color":"","background-image":"","background-repeat":"repeat","background-position":"center center","background-size":"auto","background-attachment":"scroll","background-type":"","background-media":"","overlay-type":"","overlay-color":"","overlay-opacity":"","overlay-gradient":""}},"ast-content-background-meta":{"desktop":{"background-color":"var(--ast-global-color-4)","background-image":"","background-repeat":"repeat","background-position":"center center","background-size":"auto","background-attachment":"scroll","background-type":"","background-media":"","overlay-type":"","overlay-color":"","overlay-opacity":"","overlay-gradient":""},"tablet":{"background-color":"var(--ast-global-color-4)","background-image":"","background-repeat":"repeat","background-position":"center center","background-size":"auto","background-attachment":"scroll","background-type":"","background-media":"","overlay-type":"","overlay-color":"","overlay-opacity":"","overlay-gradient":""},"mobile":{"background-color":"var(--ast-global-color-4)","background-image":"","background-repeat":"repeat","background-position":"center center","background-size":"auto","background-attachment":"scroll","background-type":"","background-media":"","overlay-type":"","overlay-color":"","overlay-opacity":"","overlay-gradient":""}},"footnotes":""},"categories":[1],"tags":[],"class_list":["post-147643","post","type-post","status-publish","format-standard","hentry","category-sem-categoria"],"yoast_head":"<!-- This site is optimized with the Yoast SEO plugin v26.6 - https:\/\/yoast.com\/wordpress\/plugins\/seo\/ -->\n<title>Projeto Arte na Pra\u00e7a fortalece a cultura em Pa\u00e7o do Lumiar - Daniel Matos<\/title>\n<meta name=\"robots\" content=\"index, follow, max-snippet:-1, max-image-preview:large, max-video-preview:-1\" \/>\n<link rel=\"canonical\" href=\"https:\/\/www.blogsoestado.com\/danielmatos\/projeto-arte-na-praca-fortalece-a-cultura-em-paco-do-lumiar\/\" \/>\n<meta property=\"og:locale\" content=\"pt_BR\" \/>\n<meta property=\"og:type\" content=\"article\" \/>\n<meta property=\"og:title\" content=\"Projeto Arte na Pra\u00e7a fortalece a cultura em Pa\u00e7o do Lumiar - Daniel Matos\" \/>\n<meta property=\"og:description\" content=\"Os logradouros p\u00fablicos de Pa\u00e7o do Lumiar ganharam mais din\u00e2mica e presen\u00e7a das familiar com o Projeto Arte na Pra\u00e7a. [&hellip;]\" \/>\n<meta property=\"og:url\" content=\"https:\/\/www.blogsoestado.com\/danielmatos\/projeto-arte-na-praca-fortalece-a-cultura-em-paco-do-lumiar\/\" \/>\n<meta property=\"og:site_name\" content=\"Daniel Matos\" \/>\n<meta property=\"article:published_time\" content=\"2025-08-26T00:48:48+00:00\" \/>\n<meta property=\"article:modified_time\" content=\"2025-08-26T00:48:51+00:00\" \/>\n<meta property=\"og:image\" content=\"https:\/\/www.blogsoestado.com\/danielmatos\/wp-content\/uploads\/sites\/2\/2025\/08\/1003431696.jpg\" \/>\n\t<meta property=\"og:image:width\" content=\"1600\" \/>\n\t<meta property=\"og:image:height\" content=\"900\" \/>\n\t<meta property=\"og:image:type\" content=\"image\/jpeg\" \/>\n<meta name=\"author\" content=\"Daniel Matos\" \/>\n<meta name=\"twitter:card\" content=\"summary_large_image\" \/>\n<meta name=\"twitter:label1\" content=\"Escrito por\" \/>\n\t<meta name=\"twitter:data1\" content=\"Daniel Matos\" \/>\n\t<meta name=\"twitter:label2\" content=\"Est. tempo de leitura\" \/>\n\t<meta name=\"twitter:data2\" content=\"3 minutos\" \/>\n<script type=\"application\/ld+json\" class=\"yoast-schema-graph\">{\"@context\":\"https:\/\/schema.org\",\"@graph\":[{\"@type\":\"WebPage\",\"@id\":\"https:\/\/www.blogsoestado.com\/danielmatos\/projeto-arte-na-praca-fortalece-a-cultura-em-paco-do-lumiar\/\",\"url\":\"https:\/\/www.blogsoestado.com\/danielmatos\/projeto-arte-na-praca-fortalece-a-cultura-em-paco-do-lumiar\/\",\"name\":\"Projeto Arte na Pra\u00e7a fortalece a cultura em Pa\u00e7o do Lumiar - Daniel Matos\",\"isPartOf\":{\"@id\":\"https:\/\/www.blogsoestado.com\/danielmatos\/#website\"},\"primaryImageOfPage\":{\"@id\":\"https:\/\/www.blogsoestado.com\/danielmatos\/projeto-arte-na-praca-fortalece-a-cultura-em-paco-do-lumiar\/#primaryimage\"},\"image\":{\"@id\":\"https:\/\/www.blogsoestado.com\/danielmatos\/projeto-arte-na-praca-fortalece-a-cultura-em-paco-do-lumiar\/#primaryimage\"},\"thumbnailUrl\":\"https:\/\/www.blogsoestado.com\/danielmatos\/wp-content\/uploads\/sites\/2\/2025\/08\/1003431696-1024x576.jpg\",\"datePublished\":\"2025-08-26T00:48:48+00:00\",\"dateModified\":\"2025-08-26T00:48:51+00:00\",\"author\":{\"@id\":\"https:\/\/www.blogsoestado.com\/danielmatos\/#\/schema\/person\/9a209d407cd45631f131e1285b661bb0\"},\"breadcrumb\":{\"@id\":\"https:\/\/www.blogsoestado.com\/danielmatos\/projeto-arte-na-praca-fortalece-a-cultura-em-paco-do-lumiar\/#breadcrumb\"},\"inLanguage\":\"pt-BR\",\"potentialAction\":[{\"@type\":\"ReadAction\",\"target\":[\"https:\/\/www.blogsoestado.com\/danielmatos\/projeto-arte-na-praca-fortalece-a-cultura-em-paco-do-lumiar\/\"]}]},{\"@type\":\"ImageObject\",\"inLanguage\":\"pt-BR\",\"@id\":\"https:\/\/www.blogsoestado.com\/danielmatos\/projeto-arte-na-praca-fortalece-a-cultura-em-paco-do-lumiar\/#primaryimage\",\"url\":\"https:\/\/www.blogsoestado.com\/danielmatos\/wp-content\/uploads\/sites\/2\/2025\/08\/1003431696.jpg\",\"contentUrl\":\"https:\/\/www.blogsoestado.com\/danielmatos\/wp-content\/uploads\/sites\/2\/2025\/08\/1003431696.jpg\",\"width\":1600,\"height\":900},{\"@type\":\"BreadcrumbList\",\"@id\":\"https:\/\/www.blogsoestado.com\/danielmatos\/projeto-arte-na-praca-fortalece-a-cultura-em-paco-do-lumiar\/#breadcrumb\",\"itemListElement\":[{\"@type\":\"ListItem\",\"position\":1,\"name\":\"In\u00edcio\",\"item\":\"https:\/\/www.blogsoestado.com\/danielmatos\/\"},{\"@type\":\"ListItem\",\"position\":2,\"name\":\"Projeto Arte na Pra\u00e7a fortalece a cultura em Pa\u00e7o do Lumiar\"}]},{\"@type\":\"WebSite\",\"@id\":\"https:\/\/www.blogsoestado.com\/danielmatos\/#website\",\"url\":\"https:\/\/www.blogsoestado.com\/danielmatos\/\",\"name\":\"Daniel Matos\",\"description\":\"\",\"potentialAction\":[{\"@type\":\"SearchAction\",\"target\":{\"@type\":\"EntryPoint\",\"urlTemplate\":\"https:\/\/www.blogsoestado.com\/danielmatos\/?s={search_term_string}\"},\"query-input\":{\"@type\":\"PropertyValueSpecification\",\"valueRequired\":true,\"valueName\":\"search_term_string\"}}],\"inLanguage\":\"pt-BR\"},{\"@type\":\"Person\",\"@id\":\"https:\/\/www.blogsoestado.com\/danielmatos\/#\/schema\/person\/9a209d407cd45631f131e1285b661bb0\",\"name\":\"Daniel Matos\",\"image\":{\"@type\":\"ImageObject\",\"inLanguage\":\"pt-BR\",\"@id\":\"https:\/\/www.blogsoestado.com\/danielmatos\/#\/schema\/person\/image\/\",\"url\":\"https:\/\/secure.gravatar.com\/avatar\/2f26c36ee355da19a257f0dfef43952a2588b324ca35d6719e859fe338ac0392?s=96&d=mm&r=g\",\"contentUrl\":\"https:\/\/secure.gravatar.com\/avatar\/2f26c36ee355da19a257f0dfef43952a2588b324ca35d6719e859fe338ac0392?s=96&d=mm&r=g\",\"caption\":\"Daniel Matos\"},\"url\":\"https:\/\/www.blogsoestado.com\/danielmatos\/author\/danielmatos\/\"}]}<\/script>\n<!-- \/ Yoast SEO plugin. -->","yoast_head_json":{"title":"Projeto Arte na Pra\u00e7a fortalece a cultura em Pa\u00e7o do Lumiar - Daniel Matos","robots":{"index":"index","follow":"follow","max-snippet":"max-snippet:-1","max-image-preview":"max-image-preview:large","max-video-preview":"max-video-preview:-1"},"canonical":"https:\/\/www.blogsoestado.com\/danielmatos\/projeto-arte-na-praca-fortalece-a-cultura-em-paco-do-lumiar\/","og_locale":"pt_BR","og_type":"article","og_title":"Projeto Arte na Pra\u00e7a fortalece a cultura em Pa\u00e7o do Lumiar - Daniel Matos","og_description":"Os logradouros p\u00fablicos de Pa\u00e7o do Lumiar ganharam mais din\u00e2mica e presen\u00e7a das familiar com o Projeto Arte na Pra\u00e7a. [&hellip;]","og_url":"https:\/\/www.blogsoestado.com\/danielmatos\/projeto-arte-na-praca-fortalece-a-cultura-em-paco-do-lumiar\/","og_site_name":"Daniel Matos","article_published_time":"2025-08-26T00:48:48+00:00","article_modified_time":"2025-08-26T00:48:51+00:00","og_image":[{"width":1600,"height":900,"url":"https:\/\/www.blogsoestado.com\/danielmatos\/wp-content\/uploads\/sites\/2\/2025\/08\/1003431696.jpg","type":"image\/jpeg"}],"author":"Daniel Matos","twitter_card":"summary_large_image","twitter_misc":{"Escrito por":"Daniel Matos","Est. tempo de leitura":"3 minutos"},"schema":{"@context":"https:\/\/schema.org","@graph":[{"@type":"WebPage","@id":"https:\/\/www.blogsoestado.com\/danielmatos\/projeto-arte-na-praca-fortalece-a-cultura-em-paco-do-lumiar\/","url":"https:\/\/www.blogsoestado.com\/danielmatos\/projeto-arte-na-praca-fortalece-a-cultura-em-paco-do-lumiar\/","name":"Projeto Arte na Pra\u00e7a fortalece a cultura em Pa\u00e7o do Lumiar - Daniel Matos","isPartOf":{"@id":"https:\/\/www.blogsoestado.com\/danielmatos\/#website"},"primaryImageOfPage":{"@id":"https:\/\/www.blogsoestado.com\/danielmatos\/projeto-arte-na-praca-fortalece-a-cultura-em-paco-do-lumiar\/#primaryimage"},"image":{"@id":"https:\/\/www.blogsoestado.com\/danielmatos\/projeto-arte-na-praca-fortalece-a-cultura-em-paco-do-lumiar\/#primaryimage"},"thumbnailUrl":"https:\/\/www.blogsoestado.com\/danielmatos\/wp-content\/uploads\/sites\/2\/2025\/08\/1003431696-1024x576.jpg","datePublished":"2025-08-26T00:48:48+00:00","dateModified":"2025-08-26T00:48:51+00:00","author":{"@id":"https:\/\/www.blogsoestado.com\/danielmatos\/#\/schema\/person\/9a209d407cd45631f131e1285b661bb0"},"breadcrumb":{"@id":"https:\/\/www.blogsoestado.com\/danielmatos\/projeto-arte-na-praca-fortalece-a-cultura-em-paco-do-lumiar\/#breadcrumb"},"inLanguage":"pt-BR","potentialAction":[{"@type":"ReadAction","target":["https:\/\/www.blogsoestado.com\/danielmatos\/projeto-arte-na-praca-fortalece-a-cultura-em-paco-do-lumiar\/"]}]},{"@type":"ImageObject","inLanguage":"pt-BR","@id":"https:\/\/www.blogsoestado.com\/danielmatos\/projeto-arte-na-praca-fortalece-a-cultura-em-paco-do-lumiar\/#primaryimage","url":"https:\/\/www.blogsoestado.com\/danielmatos\/wp-content\/uploads\/sites\/2\/2025\/08\/1003431696.jpg","contentUrl":"https:\/\/www.blogsoestado.com\/danielmatos\/wp-content\/uploads\/sites\/2\/2025\/08\/1003431696.jpg","width":1600,"height":900},{"@type":"BreadcrumbList","@id":"https:\/\/www.blogsoestado.com\/danielmatos\/projeto-arte-na-praca-fortalece-a-cultura-em-paco-do-lumiar\/#breadcrumb","itemListElement":[{"@type":"ListItem","position":1,"name":"In\u00edcio","item":"https:\/\/www.blogsoestado.com\/danielmatos\/"},{"@type":"ListItem","position":2,"name":"Projeto Arte na Pra\u00e7a fortalece a cultura em Pa\u00e7o do Lumiar"}]},{"@type":"WebSite","@id":"https:\/\/www.blogsoestado.com\/danielmatos\/#website","url":"https:\/\/www.blogsoestado.com\/danielmatos\/","name":"Daniel Matos","description":"","potentialAction":[{"@type":"SearchAction","target":{"@type":"EntryPoint","urlTemplate":"https:\/\/www.blogsoestado.com\/danielmatos\/?s={search_term_string}"},"query-input":{"@type":"PropertyValueSpecification","valueRequired":true,"valueName":"search_term_string"}}],"inLanguage":"pt-BR"},{"@type":"Person","@id":"https:\/\/www.blogsoestado.com\/danielmatos\/#\/schema\/person\/9a209d407cd45631f131e1285b661bb0","name":"Daniel Matos","image":{"@type":"ImageObject","inLanguage":"pt-BR","@id":"https:\/\/www.blogsoestado.com\/danielmatos\/#\/schema\/person\/image\/","url":"https:\/\/secure.gravatar.com\/avatar\/2f26c36ee355da19a257f0dfef43952a2588b324ca35d6719e859fe338ac0392?s=96&d=mm&r=g","contentUrl":"https:\/\/secure.gravatar.com\/avatar\/2f26c36ee355da19a257f0dfef43952a2588b324ca35d6719e859fe338ac0392?s=96&d=mm&r=g","caption":"Daniel Matos"},"url":"https:\/\/www.blogsoestado.com\/danielmatos\/author\/danielmatos\/"}]}},"jetpack_featured_media_url":"","_links":{"self":[{"href":"https:\/\/www.blogsoestado.com\/danielmatos\/wp-json\/wp\/v2\/posts\/147643","targetHints":{"allow":["GET"]}}],"collection":[{"href":"https:\/\/www.blogsoestado.com\/danielmatos\/wp-json\/wp\/v2\/posts"}],"about":[{"href":"https:\/\/www.blogsoestado.com\/danielmatos\/wp-json\/wp\/v2\/types\/post"}],"author":[{"embeddable":true,"href":"https:\/\/www.blogsoestado.com\/danielmatos\/wp-json\/wp\/v2\/users\/2"}],"replies":[{"embeddable":true,"href":"https:\/\/www.blogsoestado.com\/danielmatos\/wp-json\/wp\/v2\/comments?post=147643"}],"version-history":[{"count":1,"href":"https:\/\/www.blogsoestado.com\/danielmatos\/wp-json\/wp\/v2\/posts\/147643\/revisions"}],"predecessor-version":[{"id":147646,"href":"https:\/\/www.blogsoestado.com\/danielmatos\/wp-json\/wp\/v2\/posts\/147643\/revisions\/147646"}],"wp:attachment":[{"href":"https:\/\/www.blogsoestado.com\/danielmatos\/wp-json\/wp\/v2\/media?parent=147643"}],"wp:term":[{"taxonomy":"category","embeddable":true,"href":"https:\/\/www.blogsoestado.com\/danielmatos\/wp-json\/wp\/v2\/categories?post=147643"},{"taxonomy":"post_tag","embeddable":true,"href":"https:\/\/www.blogsoestado.com\/danielmatos\/wp-json\/wp\/v2\/tags?post=147643"}],"curies":[{"name":"wp","href":"https:\/\/api.w.org\/{rel}","templated":true}]}}