{"id":147647,"date":"2025-08-26T00:27:06","date_gmt":"2025-08-26T03:27:06","guid":{"rendered":"https:\/\/www.blogsoestado.com\/danielmatos\/?p=147647"},"modified":"2025-08-26T00:27:09","modified_gmt":"2025-08-26T03:27:09","slug":"mobiliza-slz-2025-divulga-programacao-dos-nove-dias-de-atividade","status":"publish","type":"post","link":"https:\/\/www.blogsoestado.com\/danielmatos\/mobiliza-slz-2025-divulga-programacao-dos-nove-dias-de-atividade\/","title":{"rendered":"Mobiliza SLZ 2025 divulga programa\u00e7\u00e3o dos nove dias de atividade"},"content":{"rendered":"\n<p><em><strong><mark style=\"color:#cf2e2e\" class=\"has-inline-color\">Realizadas em setembro, as agendas do movimento s\u00e3o organizadas por profissionais do turismo, da cultura e da economia criativa da capital<\/mark><\/strong><\/em><\/p>\n\n\n\n<figure class=\"wp-block-image aligncenter size-large\"><img fetchpriority=\"high\" decoding=\"async\" width=\"1024\" height=\"577\" src=\"https:\/\/www.blogsoestado.com\/danielmatos\/wp-content\/uploads\/sites\/2\/2025\/08\/1003432657-1-1024x577.jpg\" alt=\"\" class=\"wp-image-147653\" srcset=\"https:\/\/www.blogsoestado.com\/danielmatos\/wp-content\/uploads\/sites\/2\/2025\/08\/1003432657-1-1024x577.jpg 1024w, https:\/\/www.blogsoestado.com\/danielmatos\/wp-content\/uploads\/sites\/2\/2025\/08\/1003432657-1-300x169.jpg 300w, https:\/\/www.blogsoestado.com\/danielmatos\/wp-content\/uploads\/sites\/2\/2025\/08\/1003432657-1-768x432.jpg 768w, https:\/\/www.blogsoestado.com\/danielmatos\/wp-content\/uploads\/sites\/2\/2025\/08\/1003432657-1.jpg 1229w\" sizes=\"(max-width: 1024px) 100vw, 1024px\" \/><figcaption class=\"wp-element-caption\"><em>Mobiliza SLZ incentiva o turismo, a cultura e a economia criativa da Ilha h\u00e1 cinco anos (Foto: Divulga\u00e7\u00e3o\/Mobiliza SLZ)<\/em><\/figcaption><\/figure>\n\n\n\n<p>De 6 a 14 de setembro, S\u00e3o Lu\u00eds ser\u00e1 tomada pela criatividade com a realiza\u00e7\u00e3o do Mobiliza SLZ, que acontece pelo quinto ano na capital maranhense. A intensa agenda de atividades que integram a programa\u00e7\u00e3o foi divulgada nesta sexta-feira (22), contando com mais de 60 a\u00e7\u00f5es simult\u00e2neas em diversos pontos da cidade, que v\u00e3o desde workshops, palestras, pain\u00e9is, rodas de conversa e oficinas at\u00e9 feiras criativas, degusta\u00e7\u00f5es e eventos culturais, musicais e esportivos. O programa completo pode ser consultado no site&nbsp;<a href=\"https:\/\/mobilizaslz.com.br\/\" target=\"_blank\" rel=\"noreferrer noopener\">mobilizaslz.com.br<\/a>.<\/p>\n\n\n\n<p>A programa\u00e7\u00e3o foi consolidada ap\u00f3s cuidadosa curadoria, que analisou 73 iniciativas inscritas por criativos veteranos e novatos no Mobiliza SLZ. Entre elas, foram aprovados eventos que fazem parte do movimento desde a primeira edi\u00e7\u00e3o, como \u00e9 o caso do &#8220;CPDMODA Fashion Show&#8221;, &#8220;Feira Encontro de Brech\u00f3s&#8221;, &#8220;Reggae Cruise&#8221;, &#8220;V Semana de Di\u00e1logos sobre o Audiovisual como Economia Criativa&#8221;, &#8220;Degusta S\u00e3o Lu\u00eds \u2014 Cacha\u00e7a, Pimenta e Tambor de Crioula&#8221;, &#8220;Caminho Ancestral&#8221; e &#8220;Passeio Eco-hist\u00f3rico pelo Rio Bacanga&#8221;.<\/p>\n\n\n\n<figure class=\"wp-block-image aligncenter size-large\"><img decoding=\"async\" width=\"1024\" height=\"768\" src=\"https:\/\/www.blogsoestado.com\/danielmatos\/wp-content\/uploads\/sites\/2\/2025\/08\/1003432656-2-1024x768.jpg\" alt=\"\" class=\"wp-image-147654\" srcset=\"https:\/\/www.blogsoestado.com\/danielmatos\/wp-content\/uploads\/sites\/2\/2025\/08\/1003432656-2-1024x768.jpg 1024w, https:\/\/www.blogsoestado.com\/danielmatos\/wp-content\/uploads\/sites\/2\/2025\/08\/1003432656-2-300x225.jpg 300w, https:\/\/www.blogsoestado.com\/danielmatos\/wp-content\/uploads\/sites\/2\/2025\/08\/1003432656-2-768x576.jpg 768w, https:\/\/www.blogsoestado.com\/danielmatos\/wp-content\/uploads\/sites\/2\/2025\/08\/1003432656-2-1536x1152.jpg 1536w, https:\/\/www.blogsoestado.com\/danielmatos\/wp-content\/uploads\/sites\/2\/2025\/08\/1003432656-2-2048x1536.jpg 2048w\" sizes=\"(max-width: 1024px) 100vw, 1024px\" \/><figcaption class=\"wp-element-caption\"><em>Vit\u00f3ria Martins, Dayane Brito e Daysi Brito, do MAI, v\u00e3o promover empoderamento e autonomia de mulheres no Mobiliza SLZ (Foto: Divulga\u00e7\u00e3o\/Mobiliza SLZ)<\/em><\/figcaption><\/figure>\n\n\n\n<p>Para o professor Flaviomiro Mendon\u00e7a, respons\u00e1vel pelo &#8220;Passeio Eco-hist\u00f3rico pelo Rio Bacanga&#8221;, atividade n\u00e1utica que acontecer\u00e1 nos dias 7 e 14 de setembro, o movimento oportuniza expressar seu encantamento por S\u00e3o Lu\u00eds e contribuir como professor de Hist\u00f3ria apaixonado pela tem\u00e1tica da Hist\u00f3ria do Maranh\u00e3o, em especial a da capital. &#8220;Na pr\u00f3pria bacia do Rio Bacanga n\u00f3s temos grandes hist\u00f3rias que precisam ainda ser reveladas&#8221;, destacou o docente de 47 anos de idade, natural de Penalva (MA).<\/p>\n\n\n\n<p><strong>Novidades<\/strong>&nbsp;\u2014 Tamb\u00e9m haver\u00e1 espa\u00e7o para a\u00e7\u00f5es estreantes no Mobiliza SLZ. Algumas delas s\u00e3o o &#8220;Rol\u00ea 60+&#8221;, &#8220;Imagem e Territ\u00f3rio: oficina de fotografia com celulares&#8221;, &#8220;CRIAtiva: Prospera fortalecendo o ecossistema criativo na Liberdade&#8221;, &#8220;Oficina de Videomaker para Mulheres&#8221;, &#8220;Gruta Aberta \u2014 Feira Criativa&#8221;, &#8220;Feirinha Cultural e Criativa da Madre Deus&#8221; e o &#8220;Workshop Meu Produto, Minha Voz: ingl\u00eas b\u00e1sico para empreendedoras e comunidades criativas&#8221;.<\/p>\n\n\n\n<figure class=\"wp-block-image aligncenter size-large\"><img decoding=\"async\" width=\"1024\" height=\"576\" src=\"https:\/\/www.blogsoestado.com\/danielmatos\/wp-content\/uploads\/sites\/2\/2025\/08\/1003432658-1024x576.jpg\" alt=\"\" class=\"wp-image-147655\" srcset=\"https:\/\/www.blogsoestado.com\/danielmatos\/wp-content\/uploads\/sites\/2\/2025\/08\/1003432658-1024x576.jpg 1024w, https:\/\/www.blogsoestado.com\/danielmatos\/wp-content\/uploads\/sites\/2\/2025\/08\/1003432658-300x169.jpg 300w, https:\/\/www.blogsoestado.com\/danielmatos\/wp-content\/uploads\/sites\/2\/2025\/08\/1003432658-768x432.jpg 768w, https:\/\/www.blogsoestado.com\/danielmatos\/wp-content\/uploads\/sites\/2\/2025\/08\/1003432658.jpg 1279w\" sizes=\"(max-width: 1024px) 100vw, 1024px\" \/><figcaption class=\"wp-element-caption\"><em>\u201cPasseio Eco-hist\u00f3rico pelo Rio Bacanga\u201d est\u00e1 na agenda do Mobiliza SLZ desde a primeira edi\u00e7\u00e3o (Foto: Divulga\u00e7\u00e3o\/Mobiliza SLZ)<\/em><\/figcaption><\/figure>\n\n\n\n<p>\u00c9 a primeira vez que o movimento oferta workshop de ingl\u00eas. Gratuito, o projeto \u00e9 desenvolvido pelo Mulheres Aprendendo Ingl\u00eas (MAI), iniciativa educacional voltada \u00e0 democratiza\u00e7\u00e3o do acesso \u00e0 l\u00edngua inglesa a meninas e mulheres. O evento pretende fornecer uma introdu\u00e7\u00e3o pr\u00e1tica, acolhedora e contextualizada do ingl\u00eas, trazendo frases e vocabul\u00e1rio b\u00e1sico voltados ao cotidiano de quem produz, vende ou apresenta produtos e experi\u00eancias ligadas \u00e0 cultura local e ao turismo.<\/p>\n\n\n\n<figure class=\"wp-block-image aligncenter size-large\"><img loading=\"lazy\" decoding=\"async\" width=\"1024\" height=\"768\" src=\"https:\/\/www.blogsoestado.com\/danielmatos\/wp-content\/uploads\/sites\/2\/2025\/08\/1003432654-1024x768.jpg\" alt=\"\" class=\"wp-image-147656\" srcset=\"https:\/\/www.blogsoestado.com\/danielmatos\/wp-content\/uploads\/sites\/2\/2025\/08\/1003432654-1024x768.jpg 1024w, https:\/\/www.blogsoestado.com\/danielmatos\/wp-content\/uploads\/sites\/2\/2025\/08\/1003432654-300x225.jpg 300w, https:\/\/www.blogsoestado.com\/danielmatos\/wp-content\/uploads\/sites\/2\/2025\/08\/1003432654-768x576.jpg 768w, https:\/\/www.blogsoestado.com\/danielmatos\/wp-content\/uploads\/sites\/2\/2025\/08\/1003432654-1536x1152.jpg 1536w, https:\/\/www.blogsoestado.com\/danielmatos\/wp-content\/uploads\/sites\/2\/2025\/08\/1003432654-2048x1536.jpg 2048w\" sizes=\"(max-width: 1024px) 100vw, 1024px\" \/><figcaption class=\"wp-element-caption\"><em>O diretor t\u00e9cnico do Sebrae Maranh\u00e3o, Mauro Borralho, refor\u00e7a que o Mobiliza SLZ estimula o empreendedorismo na capital (Foto: Divulga\u00e7\u00e3o\/Mobiliza SLZ<\/em><\/figcaption><\/figure>\n\n\n\n<p>O workshop tamb\u00e9m quer fortalecer a autoestima e reconhecer a pot\u00eancia criativa das mulheres da cidade, valorizando seus saberes, produtos e hist\u00f3rias. &#8220;Nossa expectativa \u00e9 que haja muita troca. Ser\u00e1 uma manh\u00e3 de s\u00e1bado em que as mulheres poder\u00e3o sentir que elas s\u00e3o capazes tamb\u00e9m de aprender, de iniciar ou at\u00e9 mesmo de utilizar os conhecimentos que elas j\u00e1 t\u00eam&#8221;, disse a ludovicense Dayane Brito, de 33 anos, que \u00e9 professora de ingl\u00eas e cofundadora do MAI. Ano passado, ela participou do movimento como expositora em feira criativa, experi\u00eancia que a impulsionou a inscrever evento pr\u00f3prio nesta edi\u00e7\u00e3o.<\/p>\n\n\n\n<figure class=\"wp-block-image aligncenter size-large\"><img loading=\"lazy\" decoding=\"async\" width=\"1024\" height=\"768\" src=\"https:\/\/www.blogsoestado.com\/danielmatos\/wp-content\/uploads\/sites\/2\/2025\/08\/1003432655-2-1024x768.jpg\" alt=\"\" class=\"wp-image-147657\" srcset=\"https:\/\/www.blogsoestado.com\/danielmatos\/wp-content\/uploads\/sites\/2\/2025\/08\/1003432655-2-1024x768.jpg 1024w, https:\/\/www.blogsoestado.com\/danielmatos\/wp-content\/uploads\/sites\/2\/2025\/08\/1003432655-2-300x225.jpg 300w, https:\/\/www.blogsoestado.com\/danielmatos\/wp-content\/uploads\/sites\/2\/2025\/08\/1003432655-2-768x576.jpg 768w, https:\/\/www.blogsoestado.com\/danielmatos\/wp-content\/uploads\/sites\/2\/2025\/08\/1003432655-2-1536x1152.jpg 1536w, https:\/\/www.blogsoestado.com\/danielmatos\/wp-content\/uploads\/sites\/2\/2025\/08\/1003432655-2-2048x1536.jpg 2048w\" sizes=\"(max-width: 1024px) 100vw, 1024px\" \/><figcaption class=\"wp-element-caption\"><em>Flaviomiro Mendon\u00e7a \u00e9 professor de Hist\u00f3ria e realiza passeio guiado com abordagem hist\u00f3rico-cultural desde a primeira edi\u00e7\u00e3o do Mobiliza SLZ (Foto: Divulga\u00e7\u00e3o\/Mobiliza SLZ)<\/em><\/figcaption><\/figure>\n\n\n\n<p>Na vis\u00e3o do diretor t\u00e9cnico do Sebrae Maranh\u00e3o, Mauro Borralho, idealizador do Mobiliza SLZ, a qualidade das propostas apresentadas pelos produtores evoluiu no decorrer dos anos. &#8220;Vemos esse movimento se fortalecer com diversidade, com inclus\u00e3o, com mais neg\u00f3cios participando desse processo e a cidade se envolvendo&#8221;, avaliou o gestor. \u201c\u00c9 um movimento do empreendedorismo, feito por pessoas para pessoas, pensando no desenvolvimento da cidade de S\u00e3o Lu\u00eds\u201d, finalizou Borralho.<\/p>\n\n\n\n<p><\/p>\n\n\n\n<p><\/p>\n","protected":false},"excerpt":{"rendered":"<p>Realizadas em setembro, as agendas do movimento s\u00e3o organizadas por profissionais do turismo, da cultura e da economia criativa da [&hellip;]<\/p>\n","protected":false},"author":2,"featured_media":0,"comment_status":"open","ping_status":"open","sticky":false,"template":"","format":"standard","meta":{"site-sidebar-layout":"default","site-content-layout":"","ast-site-content-layout":"default","site-content-style":"default","site-sidebar-style":"default","ast-global-header-display":"","ast-banner-title-visibility":"","ast-main-header-display":"","ast-hfb-above-header-display":"","ast-hfb-below-header-display":"","ast-hfb-mobile-header-display":"","site-post-title":"","ast-breadcrumbs-content":"","ast-featured-img":"","footer-sml-layout":"","ast-disable-related-posts":"","theme-transparent-header-meta":"","adv-header-id-meta":"","stick-header-meta":"","header-above-stick-meta":"","header-main-stick-meta":"","header-below-stick-meta":"","astra-migrate-meta-layouts":"default","ast-page-background-enabled":"default","ast-page-background-meta":{"desktop":{"background-color":"var(--ast-global-color-5)","background-image":"","background-repeat":"repeat","background-position":"center center","background-size":"auto","background-attachment":"scroll","background-type":"","background-media":"","overlay-type":"","overlay-color":"","overlay-opacity":"","overlay-gradient":""},"tablet":{"background-color":"","background-image":"","background-repeat":"repeat","background-position":"center center","background-size":"auto","background-attachment":"scroll","background-type":"","background-media":"","overlay-type":"","overlay-color":"","overlay-opacity":"","overlay-gradient":""},"mobile":{"background-color":"","background-image":"","background-repeat":"repeat","background-position":"center center","background-size":"auto","background-attachment":"scroll","background-type":"","background-media":"","overlay-type":"","overlay-color":"","overlay-opacity":"","overlay-gradient":""}},"ast-content-background-meta":{"desktop":{"background-color":"var(--ast-global-color-4)","background-image":"","background-repeat":"repeat","background-position":"center center","background-size":"auto","background-attachment":"scroll","background-type":"","background-media":"","overlay-type":"","overlay-color":"","overlay-opacity":"","overlay-gradient":""},"tablet":{"background-color":"var(--ast-global-color-4)","background-image":"","background-repeat":"repeat","background-position":"center center","background-size":"auto","background-attachment":"scroll","background-type":"","background-media":"","overlay-type":"","overlay-color":"","overlay-opacity":"","overlay-gradient":""},"mobile":{"background-color":"var(--ast-global-color-4)","background-image":"","background-repeat":"repeat","background-position":"center center","background-size":"auto","background-attachment":"scroll","background-type":"","background-media":"","overlay-type":"","overlay-color":"","overlay-opacity":"","overlay-gradient":""}},"footnotes":""},"categories":[1],"tags":[],"class_list":["post-147647","post","type-post","status-publish","format-standard","hentry","category-sem-categoria"],"yoast_head":"<!-- This site is optimized with the Yoast SEO plugin v26.6 - https:\/\/yoast.com\/wordpress\/plugins\/seo\/ -->\n<title>Mobiliza SLZ 2025 divulga programa\u00e7\u00e3o dos nove dias de atividade - Daniel Matos<\/title>\n<meta name=\"robots\" content=\"index, follow, max-snippet:-1, max-image-preview:large, max-video-preview:-1\" \/>\n<link rel=\"canonical\" href=\"https:\/\/www.blogsoestado.com\/danielmatos\/mobiliza-slz-2025-divulga-programacao-dos-nove-dias-de-atividade\/\" \/>\n<meta property=\"og:locale\" content=\"pt_BR\" \/>\n<meta property=\"og:type\" content=\"article\" \/>\n<meta property=\"og:title\" content=\"Mobiliza SLZ 2025 divulga programa\u00e7\u00e3o dos nove dias de atividade - Daniel Matos\" \/>\n<meta property=\"og:description\" content=\"Realizadas em setembro, as agendas do movimento s\u00e3o organizadas por profissionais do turismo, da cultura e da economia criativa da [&hellip;]\" \/>\n<meta property=\"og:url\" content=\"https:\/\/www.blogsoestado.com\/danielmatos\/mobiliza-slz-2025-divulga-programacao-dos-nove-dias-de-atividade\/\" \/>\n<meta property=\"og:site_name\" content=\"Daniel Matos\" \/>\n<meta property=\"article:published_time\" content=\"2025-08-26T03:27:06+00:00\" \/>\n<meta property=\"article:modified_time\" content=\"2025-08-26T03:27:09+00:00\" \/>\n<meta property=\"og:image\" content=\"https:\/\/www.blogsoestado.com\/danielmatos\/wp-content\/uploads\/sites\/2\/2025\/08\/1003432657-1.jpg\" \/>\n\t<meta property=\"og:image:width\" content=\"1229\" \/>\n\t<meta property=\"og:image:height\" content=\"692\" \/>\n\t<meta property=\"og:image:type\" content=\"image\/jpeg\" \/>\n<meta name=\"author\" content=\"Daniel Matos\" \/>\n<meta name=\"twitter:card\" content=\"summary_large_image\" \/>\n<meta name=\"twitter:label1\" content=\"Escrito por\" \/>\n\t<meta name=\"twitter:data1\" content=\"Daniel Matos\" \/>\n\t<meta name=\"twitter:label2\" content=\"Est. tempo de leitura\" \/>\n\t<meta name=\"twitter:data2\" content=\"5 minutos\" \/>\n<script type=\"application\/ld+json\" class=\"yoast-schema-graph\">{\"@context\":\"https:\/\/schema.org\",\"@graph\":[{\"@type\":\"WebPage\",\"@id\":\"https:\/\/www.blogsoestado.com\/danielmatos\/mobiliza-slz-2025-divulga-programacao-dos-nove-dias-de-atividade\/\",\"url\":\"https:\/\/www.blogsoestado.com\/danielmatos\/mobiliza-slz-2025-divulga-programacao-dos-nove-dias-de-atividade\/\",\"name\":\"Mobiliza SLZ 2025 divulga programa\u00e7\u00e3o dos nove dias de atividade - Daniel Matos\",\"isPartOf\":{\"@id\":\"https:\/\/www.blogsoestado.com\/danielmatos\/#website\"},\"primaryImageOfPage\":{\"@id\":\"https:\/\/www.blogsoestado.com\/danielmatos\/mobiliza-slz-2025-divulga-programacao-dos-nove-dias-de-atividade\/#primaryimage\"},\"image\":{\"@id\":\"https:\/\/www.blogsoestado.com\/danielmatos\/mobiliza-slz-2025-divulga-programacao-dos-nove-dias-de-atividade\/#primaryimage\"},\"thumbnailUrl\":\"https:\/\/www.blogsoestado.com\/danielmatos\/wp-content\/uploads\/sites\/2\/2025\/08\/1003432657-1-1024x577.jpg\",\"datePublished\":\"2025-08-26T03:27:06+00:00\",\"dateModified\":\"2025-08-26T03:27:09+00:00\",\"author\":{\"@id\":\"https:\/\/www.blogsoestado.com\/danielmatos\/#\/schema\/person\/9a209d407cd45631f131e1285b661bb0\"},\"breadcrumb\":{\"@id\":\"https:\/\/www.blogsoestado.com\/danielmatos\/mobiliza-slz-2025-divulga-programacao-dos-nove-dias-de-atividade\/#breadcrumb\"},\"inLanguage\":\"pt-BR\",\"potentialAction\":[{\"@type\":\"ReadAction\",\"target\":[\"https:\/\/www.blogsoestado.com\/danielmatos\/mobiliza-slz-2025-divulga-programacao-dos-nove-dias-de-atividade\/\"]}]},{\"@type\":\"ImageObject\",\"inLanguage\":\"pt-BR\",\"@id\":\"https:\/\/www.blogsoestado.com\/danielmatos\/mobiliza-slz-2025-divulga-programacao-dos-nove-dias-de-atividade\/#primaryimage\",\"url\":\"https:\/\/www.blogsoestado.com\/danielmatos\/wp-content\/uploads\/sites\/2\/2025\/08\/1003432657-1.jpg\",\"contentUrl\":\"https:\/\/www.blogsoestado.com\/danielmatos\/wp-content\/uploads\/sites\/2\/2025\/08\/1003432657-1.jpg\",\"width\":1229,\"height\":692},{\"@type\":\"BreadcrumbList\",\"@id\":\"https:\/\/www.blogsoestado.com\/danielmatos\/mobiliza-slz-2025-divulga-programacao-dos-nove-dias-de-atividade\/#breadcrumb\",\"itemListElement\":[{\"@type\":\"ListItem\",\"position\":1,\"name\":\"In\u00edcio\",\"item\":\"https:\/\/www.blogsoestado.com\/danielmatos\/\"},{\"@type\":\"ListItem\",\"position\":2,\"name\":\"Mobiliza SLZ 2025 divulga programa\u00e7\u00e3o dos nove dias de atividade\"}]},{\"@type\":\"WebSite\",\"@id\":\"https:\/\/www.blogsoestado.com\/danielmatos\/#website\",\"url\":\"https:\/\/www.blogsoestado.com\/danielmatos\/\",\"name\":\"Daniel Matos\",\"description\":\"\",\"potentialAction\":[{\"@type\":\"SearchAction\",\"target\":{\"@type\":\"EntryPoint\",\"urlTemplate\":\"https:\/\/www.blogsoestado.com\/danielmatos\/?s={search_term_string}\"},\"query-input\":{\"@type\":\"PropertyValueSpecification\",\"valueRequired\":true,\"valueName\":\"search_term_string\"}}],\"inLanguage\":\"pt-BR\"},{\"@type\":\"Person\",\"@id\":\"https:\/\/www.blogsoestado.com\/danielmatos\/#\/schema\/person\/9a209d407cd45631f131e1285b661bb0\",\"name\":\"Daniel Matos\",\"image\":{\"@type\":\"ImageObject\",\"inLanguage\":\"pt-BR\",\"@id\":\"https:\/\/www.blogsoestado.com\/danielmatos\/#\/schema\/person\/image\/\",\"url\":\"https:\/\/secure.gravatar.com\/avatar\/2f26c36ee355da19a257f0dfef43952a2588b324ca35d6719e859fe338ac0392?s=96&d=mm&r=g\",\"contentUrl\":\"https:\/\/secure.gravatar.com\/avatar\/2f26c36ee355da19a257f0dfef43952a2588b324ca35d6719e859fe338ac0392?s=96&d=mm&r=g\",\"caption\":\"Daniel Matos\"},\"url\":\"https:\/\/www.blogsoestado.com\/danielmatos\/author\/danielmatos\/\"}]}<\/script>\n<!-- \/ Yoast SEO plugin. -->","yoast_head_json":{"title":"Mobiliza SLZ 2025 divulga programa\u00e7\u00e3o dos nove dias de atividade - Daniel Matos","robots":{"index":"index","follow":"follow","max-snippet":"max-snippet:-1","max-image-preview":"max-image-preview:large","max-video-preview":"max-video-preview:-1"},"canonical":"https:\/\/www.blogsoestado.com\/danielmatos\/mobiliza-slz-2025-divulga-programacao-dos-nove-dias-de-atividade\/","og_locale":"pt_BR","og_type":"article","og_title":"Mobiliza SLZ 2025 divulga programa\u00e7\u00e3o dos nove dias de atividade - Daniel Matos","og_description":"Realizadas em setembro, as agendas do movimento s\u00e3o organizadas por profissionais do turismo, da cultura e da economia criativa da [&hellip;]","og_url":"https:\/\/www.blogsoestado.com\/danielmatos\/mobiliza-slz-2025-divulga-programacao-dos-nove-dias-de-atividade\/","og_site_name":"Daniel Matos","article_published_time":"2025-08-26T03:27:06+00:00","article_modified_time":"2025-08-26T03:27:09+00:00","og_image":[{"width":1229,"height":692,"url":"https:\/\/www.blogsoestado.com\/danielmatos\/wp-content\/uploads\/sites\/2\/2025\/08\/1003432657-1.jpg","type":"image\/jpeg"}],"author":"Daniel Matos","twitter_card":"summary_large_image","twitter_misc":{"Escrito por":"Daniel Matos","Est. tempo de leitura":"5 minutos"},"schema":{"@context":"https:\/\/schema.org","@graph":[{"@type":"WebPage","@id":"https:\/\/www.blogsoestado.com\/danielmatos\/mobiliza-slz-2025-divulga-programacao-dos-nove-dias-de-atividade\/","url":"https:\/\/www.blogsoestado.com\/danielmatos\/mobiliza-slz-2025-divulga-programacao-dos-nove-dias-de-atividade\/","name":"Mobiliza SLZ 2025 divulga programa\u00e7\u00e3o dos nove dias de atividade - Daniel Matos","isPartOf":{"@id":"https:\/\/www.blogsoestado.com\/danielmatos\/#website"},"primaryImageOfPage":{"@id":"https:\/\/www.blogsoestado.com\/danielmatos\/mobiliza-slz-2025-divulga-programacao-dos-nove-dias-de-atividade\/#primaryimage"},"image":{"@id":"https:\/\/www.blogsoestado.com\/danielmatos\/mobiliza-slz-2025-divulga-programacao-dos-nove-dias-de-atividade\/#primaryimage"},"thumbnailUrl":"https:\/\/www.blogsoestado.com\/danielmatos\/wp-content\/uploads\/sites\/2\/2025\/08\/1003432657-1-1024x577.jpg","datePublished":"2025-08-26T03:27:06+00:00","dateModified":"2025-08-26T03:27:09+00:00","author":{"@id":"https:\/\/www.blogsoestado.com\/danielmatos\/#\/schema\/person\/9a209d407cd45631f131e1285b661bb0"},"breadcrumb":{"@id":"https:\/\/www.blogsoestado.com\/danielmatos\/mobiliza-slz-2025-divulga-programacao-dos-nove-dias-de-atividade\/#breadcrumb"},"inLanguage":"pt-BR","potentialAction":[{"@type":"ReadAction","target":["https:\/\/www.blogsoestado.com\/danielmatos\/mobiliza-slz-2025-divulga-programacao-dos-nove-dias-de-atividade\/"]}]},{"@type":"ImageObject","inLanguage":"pt-BR","@id":"https:\/\/www.blogsoestado.com\/danielmatos\/mobiliza-slz-2025-divulga-programacao-dos-nove-dias-de-atividade\/#primaryimage","url":"https:\/\/www.blogsoestado.com\/danielmatos\/wp-content\/uploads\/sites\/2\/2025\/08\/1003432657-1.jpg","contentUrl":"https:\/\/www.blogsoestado.com\/danielmatos\/wp-content\/uploads\/sites\/2\/2025\/08\/1003432657-1.jpg","width":1229,"height":692},{"@type":"BreadcrumbList","@id":"https:\/\/www.blogsoestado.com\/danielmatos\/mobiliza-slz-2025-divulga-programacao-dos-nove-dias-de-atividade\/#breadcrumb","itemListElement":[{"@type":"ListItem","position":1,"name":"In\u00edcio","item":"https:\/\/www.blogsoestado.com\/danielmatos\/"},{"@type":"ListItem","position":2,"name":"Mobiliza SLZ 2025 divulga programa\u00e7\u00e3o dos nove dias de atividade"}]},{"@type":"WebSite","@id":"https:\/\/www.blogsoestado.com\/danielmatos\/#website","url":"https:\/\/www.blogsoestado.com\/danielmatos\/","name":"Daniel Matos","description":"","potentialAction":[{"@type":"SearchAction","target":{"@type":"EntryPoint","urlTemplate":"https:\/\/www.blogsoestado.com\/danielmatos\/?s={search_term_string}"},"query-input":{"@type":"PropertyValueSpecification","valueRequired":true,"valueName":"search_term_string"}}],"inLanguage":"pt-BR"},{"@type":"Person","@id":"https:\/\/www.blogsoestado.com\/danielmatos\/#\/schema\/person\/9a209d407cd45631f131e1285b661bb0","name":"Daniel Matos","image":{"@type":"ImageObject","inLanguage":"pt-BR","@id":"https:\/\/www.blogsoestado.com\/danielmatos\/#\/schema\/person\/image\/","url":"https:\/\/secure.gravatar.com\/avatar\/2f26c36ee355da19a257f0dfef43952a2588b324ca35d6719e859fe338ac0392?s=96&d=mm&r=g","contentUrl":"https:\/\/secure.gravatar.com\/avatar\/2f26c36ee355da19a257f0dfef43952a2588b324ca35d6719e859fe338ac0392?s=96&d=mm&r=g","caption":"Daniel Matos"},"url":"https:\/\/www.blogsoestado.com\/danielmatos\/author\/danielmatos\/"}]}},"jetpack_featured_media_url":"","_links":{"self":[{"href":"https:\/\/www.blogsoestado.com\/danielmatos\/wp-json\/wp\/v2\/posts\/147647","targetHints":{"allow":["GET"]}}],"collection":[{"href":"https:\/\/www.blogsoestado.com\/danielmatos\/wp-json\/wp\/v2\/posts"}],"about":[{"href":"https:\/\/www.blogsoestado.com\/danielmatos\/wp-json\/wp\/v2\/types\/post"}],"author":[{"embeddable":true,"href":"https:\/\/www.blogsoestado.com\/danielmatos\/wp-json\/wp\/v2\/users\/2"}],"replies":[{"embeddable":true,"href":"https:\/\/www.blogsoestado.com\/danielmatos\/wp-json\/wp\/v2\/comments?post=147647"}],"version-history":[{"count":1,"href":"https:\/\/www.blogsoestado.com\/danielmatos\/wp-json\/wp\/v2\/posts\/147647\/revisions"}],"predecessor-version":[{"id":147658,"href":"https:\/\/www.blogsoestado.com\/danielmatos\/wp-json\/wp\/v2\/posts\/147647\/revisions\/147658"}],"wp:attachment":[{"href":"https:\/\/www.blogsoestado.com\/danielmatos\/wp-json\/wp\/v2\/media?parent=147647"}],"wp:term":[{"taxonomy":"category","embeddable":true,"href":"https:\/\/www.blogsoestado.com\/danielmatos\/wp-json\/wp\/v2\/categories?post=147647"},{"taxonomy":"post_tag","embeddable":true,"href":"https:\/\/www.blogsoestado.com\/danielmatos\/wp-json\/wp\/v2\/tags?post=147647"}],"curies":[{"name":"wp","href":"https:\/\/api.w.org\/{rel}","templated":true}]}}