{"id":147672,"date":"2025-08-26T08:54:39","date_gmt":"2025-08-26T11:54:39","guid":{"rendered":"https:\/\/www.blogsoestado.com\/danielmatos\/?p=147672"},"modified":"2025-08-26T08:56:04","modified_gmt":"2025-08-26T11:56:04","slug":"vitima-de-sequestro-no-maranhao-recebe-bmw-como-reparacao-de-danos-materiais","status":"publish","type":"post","link":"https:\/\/www.blogsoestado.com\/danielmatos\/vitima-de-sequestro-no-maranhao-recebe-bmw-como-reparacao-de-danos-materiais\/","title":{"rendered":"V\u00edtima de sequestro no Maranh\u00e3o recebe BMW como repara\u00e7\u00e3o de danos materiais"},"content":{"rendered":"\n<figure class=\"wp-block-image aligncenter size-full\"><img fetchpriority=\"high\" decoding=\"async\" width=\"582\" height=\"327\" src=\"https:\/\/www.blogsoestado.com\/danielmatos\/wp-content\/uploads\/sites\/2\/2025\/08\/1003434497.jpg\" alt=\"\" class=\"wp-image-147673\" srcset=\"https:\/\/www.blogsoestado.com\/danielmatos\/wp-content\/uploads\/sites\/2\/2025\/08\/1003434497.jpg 582w, https:\/\/www.blogsoestado.com\/danielmatos\/wp-content\/uploads\/sites\/2\/2025\/08\/1003434497-300x169.jpg 300w\" sizes=\"(max-width: 582px) 100vw, 582px\" \/><figcaption class=\"wp-element-caption\">Entrega da BMW foi determinada pela Justi\u00e7a a t\u00edtulo de danos materiais <\/figcaption><\/figure>\n\n\n\n<p>Ap\u00f3s pedido do Minist\u00e9rio P\u00fablico do Maranh\u00e3o (MPMA), por meio da 2\u00aa Promotoria de Justi\u00e7a Criminal de Imperatriz, a Justi\u00e7a determinou nesta quinta-feira, 21, a entrega de um ve\u00edculo BMW a Jerson dos Santos Bastos, v\u00edtima de crime de extors\u00e3o mediante sequestro, ocorrido em 2 de novembro de 2022. Apreendido durante as investiga\u00e7\u00f5es sobre o crime, o ve\u00edculo \u00e9 uma repara\u00e7\u00e3o dos danos materiais sofridos por Jerson.<\/p>\n\n\n\n<p>O perdimento (perda de bem de r\u00e9u e revertido \u00e0 v\u00edtima do crime) do autom\u00f3vel foi determinado em senten\u00e7a do juiz Glender Malheiros Guimar\u00e3es e acolheu a solicita\u00e7\u00e3o feita em 22 de fevereiro de 2024 pelo promotor de justi\u00e7a Ossian Bezerra Pinho Filho.<\/p>\n\n\n\n<p><strong>CRIME<\/strong><\/p>\n\n\n\n<p>Na noite do crime, Jerson estava no ve\u00edculo dele em uma rua no bairro Bom Sucesso e foi abordado por um criminoso que anunciou um roubo, usando uma arma de fogo. O criminoso determinou que a v\u00edtima fosse a uma rua no bairro de Parque Buriti. No local, tr\u00eas indiv\u00edduos entraram no ve\u00edculo, um assumiu o controle do autom\u00f3vel e a v\u00edtima foi colocada no banco traseiro.<\/p>\n\n\n\n<p>Os criminosos realizaram diversas opera\u00e7\u00f5es financeiras via Pix. Um deles pegou o celular de Jerson e solicitou eletronicamente um empr\u00e9stimo no valor de R$ 7,2 mil. Eles ligaram para o chefe e familiares da v\u00edtima e exigiram resgate no valor de R$ 10 mil.<\/p>\n\n\n\n<p>O caso resultou na condena\u00e7\u00e3o definitiva de cinco r\u00e9us pelos crimes de extors\u00e3o mediante sequestro e associa\u00e7\u00e3o criminosa armada, todos com penas fixadas em regime fechado. Foi reconhecido que Jerson foi mantido em cativeiro por quase 24 horas, amea\u00e7ado com armas de fogo, agredido e for\u00e7ado a realizar diversas transa\u00e7\u00f5es banc\u00e1rias.<\/p>\n\n\n\n<p>Para o MPMA, o perdimento do ve\u00edculo promove n\u00e3o apenas a responsabiliza\u00e7\u00e3o dos autores do crime, mas tamb\u00e9m a tentativa de restaura\u00e7\u00e3o m\u00ednima da dignidade e dos preju\u00edzos causados \u00e0 v\u00edtima.<\/p>\n\n\n\n<p><em>&#8220;<\/em>A entrega do bem \u00e9 mais do que uma formalidade judicial. \u00c9 um reconhecimento claro de que a v\u00edtima precisa ser ouvida, acolhida e reparada. \u00c9 um passo para que o processo penal deixe de girar apenas em torno do r\u00e9u e passe a atender tamb\u00e9m aos interesses leg\u00edtimos de quem sofreu o crime\u201d, enfatiza o promotor de justi\u00e7a. \u201cAssim, o MPMA&nbsp;refor\u00e7a o compromisso com a prote\u00e7\u00e3o das v\u00edtimas e sobreviventes de crimes, promovendo atua\u00e7\u00e3o firme e humanizada\u201d.<\/p>\n","protected":false},"excerpt":{"rendered":"<p>Ap\u00f3s pedido do Minist\u00e9rio P\u00fablico do Maranh\u00e3o (MPMA), por meio da 2\u00aa Promotoria de Justi\u00e7a Criminal de Imperatriz, a Justi\u00e7a [&hellip;]<\/p>\n","protected":false},"author":2,"featured_media":0,"comment_status":"open","ping_status":"open","sticky":false,"template":"","format":"standard","meta":{"site-sidebar-layout":"default","site-content-layout":"","ast-site-content-layout":"default","site-content-style":"default","site-sidebar-style":"default","ast-global-header-display":"","ast-banner-title-visibility":"","ast-main-header-display":"","ast-hfb-above-header-display":"","ast-hfb-below-header-display":"","ast-hfb-mobile-header-display":"","site-post-title":"","ast-breadcrumbs-content":"","ast-featured-img":"","footer-sml-layout":"","ast-disable-related-posts":"","theme-transparent-header-meta":"","adv-header-id-meta":"","stick-header-meta":"","header-above-stick-meta":"","header-main-stick-meta":"","header-below-stick-meta":"","astra-migrate-meta-layouts":"default","ast-page-background-enabled":"default","ast-page-background-meta":{"desktop":{"background-color":"var(--ast-global-color-5)","background-image":"","background-repeat":"repeat","background-position":"center center","background-size":"auto","background-attachment":"scroll","background-type":"","background-media":"","overlay-type":"","overlay-color":"","overlay-opacity":"","overlay-gradient":""},"tablet":{"background-color":"","background-image":"","background-repeat":"repeat","background-position":"center center","background-size":"auto","background-attachment":"scroll","background-type":"","background-media":"","overlay-type":"","overlay-color":"","overlay-opacity":"","overlay-gradient":""},"mobile":{"background-color":"","background-image":"","background-repeat":"repeat","background-position":"center center","background-size":"auto","background-attachment":"scroll","background-type":"","background-media":"","overlay-type":"","overlay-color":"","overlay-opacity":"","overlay-gradient":""}},"ast-content-background-meta":{"desktop":{"background-color":"var(--ast-global-color-4)","background-image":"","background-repeat":"repeat","background-position":"center center","background-size":"auto","background-attachment":"scroll","background-type":"","background-media":"","overlay-type":"","overlay-color":"","overlay-opacity":"","overlay-gradient":""},"tablet":{"background-color":"var(--ast-global-color-4)","background-image":"","background-repeat":"repeat","background-position":"center center","background-size":"auto","background-attachment":"scroll","background-type":"","background-media":"","overlay-type":"","overlay-color":"","overlay-opacity":"","overlay-gradient":""},"mobile":{"background-color":"var(--ast-global-color-4)","background-image":"","background-repeat":"repeat","background-position":"center center","background-size":"auto","background-attachment":"scroll","background-type":"","background-media":"","overlay-type":"","overlay-color":"","overlay-opacity":"","overlay-gradient":""}},"footnotes":""},"categories":[1],"tags":[],"class_list":["post-147672","post","type-post","status-publish","format-standard","hentry","category-sem-categoria"],"yoast_head":"<!-- This site is optimized with the Yoast SEO plugin v26.6 - https:\/\/yoast.com\/wordpress\/plugins\/seo\/ -->\n<title>V\u00edtima de sequestro no Maranh\u00e3o recebe BMW como repara\u00e7\u00e3o de danos materiais - Daniel Matos<\/title>\n<meta name=\"robots\" content=\"index, follow, max-snippet:-1, max-image-preview:large, max-video-preview:-1\" \/>\n<link rel=\"canonical\" href=\"https:\/\/www.blogsoestado.com\/danielmatos\/vitima-de-sequestro-no-maranhao-recebe-bmw-como-reparacao-de-danos-materiais\/\" \/>\n<meta property=\"og:locale\" content=\"pt_BR\" \/>\n<meta property=\"og:type\" content=\"article\" \/>\n<meta property=\"og:title\" content=\"V\u00edtima de sequestro no Maranh\u00e3o recebe BMW como repara\u00e7\u00e3o de danos materiais - Daniel Matos\" \/>\n<meta property=\"og:description\" content=\"Ap\u00f3s pedido do Minist\u00e9rio P\u00fablico do Maranh\u00e3o (MPMA), por meio da 2\u00aa Promotoria de Justi\u00e7a Criminal de Imperatriz, a Justi\u00e7a [&hellip;]\" \/>\n<meta property=\"og:url\" content=\"https:\/\/www.blogsoestado.com\/danielmatos\/vitima-de-sequestro-no-maranhao-recebe-bmw-como-reparacao-de-danos-materiais\/\" \/>\n<meta property=\"og:site_name\" content=\"Daniel Matos\" \/>\n<meta property=\"article:published_time\" content=\"2025-08-26T11:54:39+00:00\" \/>\n<meta property=\"article:modified_time\" content=\"2025-08-26T11:56:04+00:00\" \/>\n<meta property=\"og:image\" content=\"https:\/\/www.blogsoestado.com\/danielmatos\/wp-content\/uploads\/sites\/2\/2025\/08\/1003434497.jpg\" \/>\n\t<meta property=\"og:image:width\" content=\"582\" \/>\n\t<meta property=\"og:image:height\" content=\"327\" \/>\n\t<meta property=\"og:image:type\" content=\"image\/jpeg\" \/>\n<meta name=\"author\" content=\"Daniel Matos\" \/>\n<meta name=\"twitter:card\" content=\"summary_large_image\" \/>\n<meta name=\"twitter:label1\" content=\"Escrito por\" \/>\n\t<meta name=\"twitter:data1\" content=\"Daniel Matos\" \/>\n\t<meta name=\"twitter:label2\" content=\"Est. tempo de leitura\" \/>\n\t<meta name=\"twitter:data2\" content=\"3 minutos\" \/>\n<script type=\"application\/ld+json\" class=\"yoast-schema-graph\">{\"@context\":\"https:\/\/schema.org\",\"@graph\":[{\"@type\":\"WebPage\",\"@id\":\"https:\/\/www.blogsoestado.com\/danielmatos\/vitima-de-sequestro-no-maranhao-recebe-bmw-como-reparacao-de-danos-materiais\/\",\"url\":\"https:\/\/www.blogsoestado.com\/danielmatos\/vitima-de-sequestro-no-maranhao-recebe-bmw-como-reparacao-de-danos-materiais\/\",\"name\":\"V\u00edtima de sequestro no Maranh\u00e3o recebe BMW como repara\u00e7\u00e3o de danos materiais - Daniel Matos\",\"isPartOf\":{\"@id\":\"https:\/\/www.blogsoestado.com\/danielmatos\/#website\"},\"primaryImageOfPage\":{\"@id\":\"https:\/\/www.blogsoestado.com\/danielmatos\/vitima-de-sequestro-no-maranhao-recebe-bmw-como-reparacao-de-danos-materiais\/#primaryimage\"},\"image\":{\"@id\":\"https:\/\/www.blogsoestado.com\/danielmatos\/vitima-de-sequestro-no-maranhao-recebe-bmw-como-reparacao-de-danos-materiais\/#primaryimage\"},\"thumbnailUrl\":\"https:\/\/www.blogsoestado.com\/danielmatos\/wp-content\/uploads\/sites\/2\/2025\/08\/1003434497.jpg\",\"datePublished\":\"2025-08-26T11:54:39+00:00\",\"dateModified\":\"2025-08-26T11:56:04+00:00\",\"author\":{\"@id\":\"https:\/\/www.blogsoestado.com\/danielmatos\/#\/schema\/person\/9a209d407cd45631f131e1285b661bb0\"},\"breadcrumb\":{\"@id\":\"https:\/\/www.blogsoestado.com\/danielmatos\/vitima-de-sequestro-no-maranhao-recebe-bmw-como-reparacao-de-danos-materiais\/#breadcrumb\"},\"inLanguage\":\"pt-BR\",\"potentialAction\":[{\"@type\":\"ReadAction\",\"target\":[\"https:\/\/www.blogsoestado.com\/danielmatos\/vitima-de-sequestro-no-maranhao-recebe-bmw-como-reparacao-de-danos-materiais\/\"]}]},{\"@type\":\"ImageObject\",\"inLanguage\":\"pt-BR\",\"@id\":\"https:\/\/www.blogsoestado.com\/danielmatos\/vitima-de-sequestro-no-maranhao-recebe-bmw-como-reparacao-de-danos-materiais\/#primaryimage\",\"url\":\"https:\/\/www.blogsoestado.com\/danielmatos\/wp-content\/uploads\/sites\/2\/2025\/08\/1003434497.jpg\",\"contentUrl\":\"https:\/\/www.blogsoestado.com\/danielmatos\/wp-content\/uploads\/sites\/2\/2025\/08\/1003434497.jpg\",\"width\":582,\"height\":327},{\"@type\":\"BreadcrumbList\",\"@id\":\"https:\/\/www.blogsoestado.com\/danielmatos\/vitima-de-sequestro-no-maranhao-recebe-bmw-como-reparacao-de-danos-materiais\/#breadcrumb\",\"itemListElement\":[{\"@type\":\"ListItem\",\"position\":1,\"name\":\"In\u00edcio\",\"item\":\"https:\/\/www.blogsoestado.com\/danielmatos\/\"},{\"@type\":\"ListItem\",\"position\":2,\"name\":\"V\u00edtima de sequestro no Maranh\u00e3o recebe BMW como repara\u00e7\u00e3o de danos materiais\"}]},{\"@type\":\"WebSite\",\"@id\":\"https:\/\/www.blogsoestado.com\/danielmatos\/#website\",\"url\":\"https:\/\/www.blogsoestado.com\/danielmatos\/\",\"name\":\"Daniel Matos\",\"description\":\"\",\"potentialAction\":[{\"@type\":\"SearchAction\",\"target\":{\"@type\":\"EntryPoint\",\"urlTemplate\":\"https:\/\/www.blogsoestado.com\/danielmatos\/?s={search_term_string}\"},\"query-input\":{\"@type\":\"PropertyValueSpecification\",\"valueRequired\":true,\"valueName\":\"search_term_string\"}}],\"inLanguage\":\"pt-BR\"},{\"@type\":\"Person\",\"@id\":\"https:\/\/www.blogsoestado.com\/danielmatos\/#\/schema\/person\/9a209d407cd45631f131e1285b661bb0\",\"name\":\"Daniel Matos\",\"image\":{\"@type\":\"ImageObject\",\"inLanguage\":\"pt-BR\",\"@id\":\"https:\/\/www.blogsoestado.com\/danielmatos\/#\/schema\/person\/image\/\",\"url\":\"https:\/\/secure.gravatar.com\/avatar\/2f26c36ee355da19a257f0dfef43952a2588b324ca35d6719e859fe338ac0392?s=96&d=mm&r=g\",\"contentUrl\":\"https:\/\/secure.gravatar.com\/avatar\/2f26c36ee355da19a257f0dfef43952a2588b324ca35d6719e859fe338ac0392?s=96&d=mm&r=g\",\"caption\":\"Daniel Matos\"},\"url\":\"https:\/\/www.blogsoestado.com\/danielmatos\/author\/danielmatos\/\"}]}<\/script>\n<!-- \/ Yoast SEO plugin. -->","yoast_head_json":{"title":"V\u00edtima de sequestro no Maranh\u00e3o recebe BMW como repara\u00e7\u00e3o de danos materiais - Daniel Matos","robots":{"index":"index","follow":"follow","max-snippet":"max-snippet:-1","max-image-preview":"max-image-preview:large","max-video-preview":"max-video-preview:-1"},"canonical":"https:\/\/www.blogsoestado.com\/danielmatos\/vitima-de-sequestro-no-maranhao-recebe-bmw-como-reparacao-de-danos-materiais\/","og_locale":"pt_BR","og_type":"article","og_title":"V\u00edtima de sequestro no Maranh\u00e3o recebe BMW como repara\u00e7\u00e3o de danos materiais - Daniel Matos","og_description":"Ap\u00f3s pedido do Minist\u00e9rio P\u00fablico do Maranh\u00e3o (MPMA), por meio da 2\u00aa Promotoria de Justi\u00e7a Criminal de Imperatriz, a Justi\u00e7a [&hellip;]","og_url":"https:\/\/www.blogsoestado.com\/danielmatos\/vitima-de-sequestro-no-maranhao-recebe-bmw-como-reparacao-de-danos-materiais\/","og_site_name":"Daniel Matos","article_published_time":"2025-08-26T11:54:39+00:00","article_modified_time":"2025-08-26T11:56:04+00:00","og_image":[{"width":582,"height":327,"url":"https:\/\/www.blogsoestado.com\/danielmatos\/wp-content\/uploads\/sites\/2\/2025\/08\/1003434497.jpg","type":"image\/jpeg"}],"author":"Daniel Matos","twitter_card":"summary_large_image","twitter_misc":{"Escrito por":"Daniel Matos","Est. tempo de leitura":"3 minutos"},"schema":{"@context":"https:\/\/schema.org","@graph":[{"@type":"WebPage","@id":"https:\/\/www.blogsoestado.com\/danielmatos\/vitima-de-sequestro-no-maranhao-recebe-bmw-como-reparacao-de-danos-materiais\/","url":"https:\/\/www.blogsoestado.com\/danielmatos\/vitima-de-sequestro-no-maranhao-recebe-bmw-como-reparacao-de-danos-materiais\/","name":"V\u00edtima de sequestro no Maranh\u00e3o recebe BMW como repara\u00e7\u00e3o de danos materiais - Daniel Matos","isPartOf":{"@id":"https:\/\/www.blogsoestado.com\/danielmatos\/#website"},"primaryImageOfPage":{"@id":"https:\/\/www.blogsoestado.com\/danielmatos\/vitima-de-sequestro-no-maranhao-recebe-bmw-como-reparacao-de-danos-materiais\/#primaryimage"},"image":{"@id":"https:\/\/www.blogsoestado.com\/danielmatos\/vitima-de-sequestro-no-maranhao-recebe-bmw-como-reparacao-de-danos-materiais\/#primaryimage"},"thumbnailUrl":"https:\/\/www.blogsoestado.com\/danielmatos\/wp-content\/uploads\/sites\/2\/2025\/08\/1003434497.jpg","datePublished":"2025-08-26T11:54:39+00:00","dateModified":"2025-08-26T11:56:04+00:00","author":{"@id":"https:\/\/www.blogsoestado.com\/danielmatos\/#\/schema\/person\/9a209d407cd45631f131e1285b661bb0"},"breadcrumb":{"@id":"https:\/\/www.blogsoestado.com\/danielmatos\/vitima-de-sequestro-no-maranhao-recebe-bmw-como-reparacao-de-danos-materiais\/#breadcrumb"},"inLanguage":"pt-BR","potentialAction":[{"@type":"ReadAction","target":["https:\/\/www.blogsoestado.com\/danielmatos\/vitima-de-sequestro-no-maranhao-recebe-bmw-como-reparacao-de-danos-materiais\/"]}]},{"@type":"ImageObject","inLanguage":"pt-BR","@id":"https:\/\/www.blogsoestado.com\/danielmatos\/vitima-de-sequestro-no-maranhao-recebe-bmw-como-reparacao-de-danos-materiais\/#primaryimage","url":"https:\/\/www.blogsoestado.com\/danielmatos\/wp-content\/uploads\/sites\/2\/2025\/08\/1003434497.jpg","contentUrl":"https:\/\/www.blogsoestado.com\/danielmatos\/wp-content\/uploads\/sites\/2\/2025\/08\/1003434497.jpg","width":582,"height":327},{"@type":"BreadcrumbList","@id":"https:\/\/www.blogsoestado.com\/danielmatos\/vitima-de-sequestro-no-maranhao-recebe-bmw-como-reparacao-de-danos-materiais\/#breadcrumb","itemListElement":[{"@type":"ListItem","position":1,"name":"In\u00edcio","item":"https:\/\/www.blogsoestado.com\/danielmatos\/"},{"@type":"ListItem","position":2,"name":"V\u00edtima de sequestro no Maranh\u00e3o recebe BMW como repara\u00e7\u00e3o de danos materiais"}]},{"@type":"WebSite","@id":"https:\/\/www.blogsoestado.com\/danielmatos\/#website","url":"https:\/\/www.blogsoestado.com\/danielmatos\/","name":"Daniel Matos","description":"","potentialAction":[{"@type":"SearchAction","target":{"@type":"EntryPoint","urlTemplate":"https:\/\/www.blogsoestado.com\/danielmatos\/?s={search_term_string}"},"query-input":{"@type":"PropertyValueSpecification","valueRequired":true,"valueName":"search_term_string"}}],"inLanguage":"pt-BR"},{"@type":"Person","@id":"https:\/\/www.blogsoestado.com\/danielmatos\/#\/schema\/person\/9a209d407cd45631f131e1285b661bb0","name":"Daniel Matos","image":{"@type":"ImageObject","inLanguage":"pt-BR","@id":"https:\/\/www.blogsoestado.com\/danielmatos\/#\/schema\/person\/image\/","url":"https:\/\/secure.gravatar.com\/avatar\/2f26c36ee355da19a257f0dfef43952a2588b324ca35d6719e859fe338ac0392?s=96&d=mm&r=g","contentUrl":"https:\/\/secure.gravatar.com\/avatar\/2f26c36ee355da19a257f0dfef43952a2588b324ca35d6719e859fe338ac0392?s=96&d=mm&r=g","caption":"Daniel Matos"},"url":"https:\/\/www.blogsoestado.com\/danielmatos\/author\/danielmatos\/"}]}},"jetpack_featured_media_url":"","_links":{"self":[{"href":"https:\/\/www.blogsoestado.com\/danielmatos\/wp-json\/wp\/v2\/posts\/147672","targetHints":{"allow":["GET"]}}],"collection":[{"href":"https:\/\/www.blogsoestado.com\/danielmatos\/wp-json\/wp\/v2\/posts"}],"about":[{"href":"https:\/\/www.blogsoestado.com\/danielmatos\/wp-json\/wp\/v2\/types\/post"}],"author":[{"embeddable":true,"href":"https:\/\/www.blogsoestado.com\/danielmatos\/wp-json\/wp\/v2\/users\/2"}],"replies":[{"embeddable":true,"href":"https:\/\/www.blogsoestado.com\/danielmatos\/wp-json\/wp\/v2\/comments?post=147672"}],"version-history":[{"count":2,"href":"https:\/\/www.blogsoestado.com\/danielmatos\/wp-json\/wp\/v2\/posts\/147672\/revisions"}],"predecessor-version":[{"id":147675,"href":"https:\/\/www.blogsoestado.com\/danielmatos\/wp-json\/wp\/v2\/posts\/147672\/revisions\/147675"}],"wp:attachment":[{"href":"https:\/\/www.blogsoestado.com\/danielmatos\/wp-json\/wp\/v2\/media?parent=147672"}],"wp:term":[{"taxonomy":"category","embeddable":true,"href":"https:\/\/www.blogsoestado.com\/danielmatos\/wp-json\/wp\/v2\/categories?post=147672"},{"taxonomy":"post_tag","embeddable":true,"href":"https:\/\/www.blogsoestado.com\/danielmatos\/wp-json\/wp\/v2\/tags?post=147672"}],"curies":[{"name":"wp","href":"https:\/\/api.w.org\/{rel}","templated":true}]}}