{"id":147685,"date":"2025-08-26T13:35:01","date_gmt":"2025-08-26T16:35:01","guid":{"rendered":"https:\/\/www.blogsoestado.com\/danielmatos\/?p=147685"},"modified":"2025-08-26T14:04:16","modified_gmt":"2025-08-26T17:04:16","slug":"com-desemprego-historico-o-porto-do-itaqui-registra-recorde-de-movimentacao-em-julho","status":"publish","type":"post","link":"https:\/\/www.blogsoestado.com\/danielmatos\/com-desemprego-historico-o-porto-do-itaqui-registra-recorde-de-movimentacao-em-julho\/","title":{"rendered":"Com desemprego hist\u00f3rico, Porto do Itaqui registra recorde de movimenta\u00e7\u00e3o em julho"},"content":{"rendered":"\n<p><strong><mark style=\"color:#cf2e2e\" class=\"has-inline-color\">No m\u00eas, terminal p\u00fablico maranhense movimentou 3,76 milh\u00f5es de toneladas em cargas diversificadas<\/mark><\/strong><\/p>\n\n\n\n<figure class=\"wp-block-image aligncenter size-full\"><img fetchpriority=\"high\" decoding=\"async\" width=\"768\" height=\"576\" src=\"https:\/\/www.blogsoestado.com\/danielmatos\/wp-content\/uploads\/sites\/2\/2025\/08\/1003437684.jpg\" alt=\"\" class=\"wp-image-147686\" srcset=\"https:\/\/www.blogsoestado.com\/danielmatos\/wp-content\/uploads\/sites\/2\/2025\/08\/1003437684.jpg 768w, https:\/\/www.blogsoestado.com\/danielmatos\/wp-content\/uploads\/sites\/2\/2025\/08\/1003437684-300x225.jpg 300w\" sizes=\"(max-width: 768px) 100vw, 768px\" \/><figcaption class=\"wp-element-caption\">Somente em julho, foram 415 mil toneladas movimentadas nesse modelo, o dobro do previsto para o m\u00eas e tamb\u00e9m do volume registrado em julho de 2024 (<strong>Foto:<\/strong> Divulga\u00e7\u00e3o\/Porto do Itaqui)<\/figcaption><\/figure>\n\n\n\n<p>\u00c0s margens da Ba\u00eda de S\u00e3o Marcos, em S\u00e3o Lu\u00eds, o Porto do Itaqui confirma sua posi\u00e7\u00e3o como um dos motores do desenvolvimento do&nbsp;Maranh\u00e3o&nbsp;e do Brasil. Em julho, o terminal p\u00fablico alcan\u00e7ou o melhor resultado de sua hist\u00f3ria, com 3,76 milh\u00f5es de toneladas movimentadas e 112 navios atracados. No acumulado do ano, j\u00e1 s\u00e3o mais de 21 milh\u00f5es de toneladas, refor\u00e7ando o papel estrat\u00e9gico do porto como porta de entrada de fertilizantes e de sa\u00edda de gr\u00e3os para o mercado internacional.<\/p>\n\n\n\n<p>Um dos fatores que explicam o desempenho \u00e9 a intensifica\u00e7\u00e3o das opera\u00e7\u00f5es Ship-to-Ship (StS). Somente em julho, foram 415 mil toneladas movimentadas nesse modelo, o dobro do previsto para o m\u00eas e tamb\u00e9m do volume registrado em julho de 2024. Ao todo, 11 navios foram atendidos a contrabordo, o que corresponde a um ter\u00e7o das opera\u00e7\u00f5es StS realizadas em 2025 e a 65% do total de todo o ano passado.<\/p>\n\n\n\n<p>\u201cO desempenho do Porto do Itaqui demonstra a for\u00e7a da infraestrutura portu\u00e1ria brasileira e o papel estrat\u00e9gico do&nbsp;Maranh\u00e3o&nbsp;e do Nordeste na integra\u00e7\u00e3o log\u00edstica nacional e internacional, refor\u00e7ando a import\u00e2ncia de ampliar investimentos para garantir competitividade e gera\u00e7\u00e3o de empregos\u201d, afirmou o ministro de Portos e Aeroportos, Silvio Costa Filho.<\/p>\n\n\n\n<p>A presidente em exerc\u00edcio do Porto do Itaqui, Isa Mary Mendon\u00e7a, destacou que os resultados refletem a estrat\u00e9gia de expans\u00e3o. \u201cOs n\u00fameros confirmam o impacto positivo dos investimentos do Itaqui em capacidade operacional, melhoria cont\u00ednua dos processos e fortalecimento da infraestrutura para atender \u00e0 crescente demanda log\u00edstica no&nbsp;Maranh\u00e3o&nbsp;e no Brasil.\u201d&nbsp;<\/p>\n\n\n\n<p><strong>Resultados positivos<\/strong><\/p>\n\n\n\n<p>De janeiro a julho, o Itaqui movimentou 21,042 milh\u00f5es de toneladas, com crescimento em todos os segmentos: gran\u00e9is s\u00f3lidos (+8%), gran\u00e9is l\u00edquidos (+11%) e carga geral (+3%). Entre os produtos com maior avan\u00e7o est\u00e3o: soja (+7%), fertilizantes (+25%), cobre (+12%), derivados de petr\u00f3leo (+6%), transbordo de derivados de petr\u00f3leo (+19%), sebo bovino (+34%), celulose (+2%) e trilhos (+69%).<\/p>\n\n\n\n<figure class=\"wp-block-image aligncenter size-large\"><img decoding=\"async\" width=\"801\" height=\"1024\" src=\"https:\/\/www.blogsoestado.com\/danielmatos\/wp-content\/uploads\/sites\/2\/2025\/08\/1003437694-801x1024.jpg\" alt=\"\" class=\"wp-image-147687\" srcset=\"https:\/\/www.blogsoestado.com\/danielmatos\/wp-content\/uploads\/sites\/2\/2025\/08\/1003437694-801x1024.jpg 801w, https:\/\/www.blogsoestado.com\/danielmatos\/wp-content\/uploads\/sites\/2\/2025\/08\/1003437694-235x300.jpg 235w, https:\/\/www.blogsoestado.com\/danielmatos\/wp-content\/uploads\/sites\/2\/2025\/08\/1003437694-768x981.jpg 768w, https:\/\/www.blogsoestado.com\/danielmatos\/wp-content\/uploads\/sites\/2\/2025\/08\/1003437694.jpg 900w\" sizes=\"(max-width: 801px) 100vw, 801px\" \/><\/figure>\n\n\n\n<p>A soja segue como principal produto exportado, escoada principalmente de estados do MATOPIBA (Maranh\u00e3o, Tocantins, Piau\u00ed e Bahia), al\u00e9m de Goi\u00e1s, Mato Grosso e Par\u00e1. A celulose tamb\u00e9m ganhou espa\u00e7o, cerca de 1,6 milh\u00e3o de toneladas produzidas em Imperatriz (MA) foram enviadas para mercados como Estados Unidos e Espanha.<\/p>\n\n\n\n<p>Nas importa\u00e7\u00f5es, fertilizantes vindos da R\u00fassia, China, Canad\u00e1 e Om\u00e3 refor\u00e7am a base do agroneg\u00f3cio brasileiro. O porto tamb\u00e9m recebe derivados de petr\u00f3leo de pa\u00edses como Estados Unidos, \u00cdndia e Emirados \u00c1rabes. Do lado das exporta\u00e7\u00f5es, a China continua como principal destino da soja, enquanto os Estados Unidos importam celulose, ferro-gusa e sebo. Outros mercados relevantes s\u00e3o Espanha, Egito, Alemanha, Turquia, Paquist\u00e3o e Vietn\u00e3.<\/p>\n\n\n\n<p>A movimenta\u00e7\u00e3o de celulose superou em 13% o planejado e cresceu 46% em rela\u00e7\u00e3o a julho de 2024. O resultado evidencia a capacidade do Itaqui de atender n\u00e3o apenas ao agroneg\u00f3cio, mas tamb\u00e9m \u00e0 ind\u00fastria de maior valor agregado, consolidando-se como hub log\u00edstico do Arco Norte.<br><br>Com localiza\u00e7\u00e3o estrat\u00e9gica, conex\u00e3o ferrovi\u00e1ria pelas malhas Norte-Sul e Caraj\u00e1s, ampla capacidade de armazenagem e investimentos permanentes em efici\u00eancia, o Itaqui deve seguir em trajet\u00f3ria de crescimento sustent\u00e1vel.<\/p>\n","protected":false},"excerpt":{"rendered":"<p>No m\u00eas, terminal p\u00fablico maranhense movimentou 3,76 milh\u00f5es de toneladas em cargas diversificadas \u00c0s margens da Ba\u00eda de S\u00e3o Marcos, [&hellip;]<\/p>\n","protected":false},"author":2,"featured_media":0,"comment_status":"open","ping_status":"open","sticky":false,"template":"","format":"standard","meta":{"site-sidebar-layout":"default","site-content-layout":"","ast-site-content-layout":"default","site-content-style":"default","site-sidebar-style":"default","ast-global-header-display":"","ast-banner-title-visibility":"","ast-main-header-display":"","ast-hfb-above-header-display":"","ast-hfb-below-header-display":"","ast-hfb-mobile-header-display":"","site-post-title":"","ast-breadcrumbs-content":"","ast-featured-img":"","footer-sml-layout":"","ast-disable-related-posts":"","theme-transparent-header-meta":"","adv-header-id-meta":"","stick-header-meta":"","header-above-stick-meta":"","header-main-stick-meta":"","header-below-stick-meta":"","astra-migrate-meta-layouts":"default","ast-page-background-enabled":"default","ast-page-background-meta":{"desktop":{"background-color":"var(--ast-global-color-5)","background-image":"","background-repeat":"repeat","background-position":"center center","background-size":"auto","background-attachment":"scroll","background-type":"","background-media":"","overlay-type":"","overlay-color":"","overlay-opacity":"","overlay-gradient":""},"tablet":{"background-color":"","background-image":"","background-repeat":"repeat","background-position":"center center","background-size":"auto","background-attachment":"scroll","background-type":"","background-media":"","overlay-type":"","overlay-color":"","overlay-opacity":"","overlay-gradient":""},"mobile":{"background-color":"","background-image":"","background-repeat":"repeat","background-position":"center center","background-size":"auto","background-attachment":"scroll","background-type":"","background-media":"","overlay-type":"","overlay-color":"","overlay-opacity":"","overlay-gradient":""}},"ast-content-background-meta":{"desktop":{"background-color":"var(--ast-global-color-4)","background-image":"","background-repeat":"repeat","background-position":"center center","background-size":"auto","background-attachment":"scroll","background-type":"","background-media":"","overlay-type":"","overlay-color":"","overlay-opacity":"","overlay-gradient":""},"tablet":{"background-color":"var(--ast-global-color-4)","background-image":"","background-repeat":"repeat","background-position":"center center","background-size":"auto","background-attachment":"scroll","background-type":"","background-media":"","overlay-type":"","overlay-color":"","overlay-opacity":"","overlay-gradient":""},"mobile":{"background-color":"var(--ast-global-color-4)","background-image":"","background-repeat":"repeat","background-position":"center center","background-size":"auto","background-attachment":"scroll","background-type":"","background-media":"","overlay-type":"","overlay-color":"","overlay-opacity":"","overlay-gradient":""}},"footnotes":""},"categories":[1],"tags":[],"class_list":["post-147685","post","type-post","status-publish","format-standard","hentry","category-sem-categoria"],"yoast_head":"<!-- This site is optimized with the Yoast SEO plugin v26.6 - https:\/\/yoast.com\/wordpress\/plugins\/seo\/ -->\n<title>Com desemprego hist\u00f3rico, Porto do Itaqui registra recorde de movimenta\u00e7\u00e3o em julho - Daniel Matos<\/title>\n<meta name=\"robots\" content=\"index, follow, max-snippet:-1, max-image-preview:large, max-video-preview:-1\" \/>\n<link rel=\"canonical\" href=\"https:\/\/www.blogsoestado.com\/danielmatos\/com-desemprego-historico-o-porto-do-itaqui-registra-recorde-de-movimentacao-em-julho\/\" \/>\n<meta property=\"og:locale\" content=\"pt_BR\" \/>\n<meta property=\"og:type\" content=\"article\" \/>\n<meta property=\"og:title\" content=\"Com desemprego hist\u00f3rico, Porto do Itaqui registra recorde de movimenta\u00e7\u00e3o em julho - Daniel Matos\" \/>\n<meta property=\"og:description\" content=\"No m\u00eas, terminal p\u00fablico maranhense movimentou 3,76 milh\u00f5es de toneladas em cargas diversificadas \u00c0s margens da Ba\u00eda de S\u00e3o Marcos, [&hellip;]\" \/>\n<meta property=\"og:url\" content=\"https:\/\/www.blogsoestado.com\/danielmatos\/com-desemprego-historico-o-porto-do-itaqui-registra-recorde-de-movimentacao-em-julho\/\" \/>\n<meta property=\"og:site_name\" content=\"Daniel Matos\" \/>\n<meta property=\"article:published_time\" content=\"2025-08-26T16:35:01+00:00\" \/>\n<meta property=\"article:modified_time\" content=\"2025-08-26T17:04:16+00:00\" \/>\n<meta property=\"og:image\" content=\"https:\/\/www.blogsoestado.com\/danielmatos\/wp-content\/uploads\/sites\/2\/2025\/08\/1003437684.jpg\" \/>\n\t<meta property=\"og:image:width\" content=\"768\" \/>\n\t<meta property=\"og:image:height\" content=\"576\" \/>\n\t<meta property=\"og:image:type\" content=\"image\/jpeg\" \/>\n<meta name=\"author\" content=\"Daniel Matos\" \/>\n<meta name=\"twitter:card\" content=\"summary_large_image\" \/>\n<meta name=\"twitter:label1\" content=\"Escrito por\" \/>\n\t<meta name=\"twitter:data1\" content=\"Daniel Matos\" \/>\n\t<meta name=\"twitter:label2\" content=\"Est. tempo de leitura\" \/>\n\t<meta name=\"twitter:data2\" content=\"4 minutos\" \/>\n<script type=\"application\/ld+json\" class=\"yoast-schema-graph\">{\"@context\":\"https:\/\/schema.org\",\"@graph\":[{\"@type\":\"WebPage\",\"@id\":\"https:\/\/www.blogsoestado.com\/danielmatos\/com-desemprego-historico-o-porto-do-itaqui-registra-recorde-de-movimentacao-em-julho\/\",\"url\":\"https:\/\/www.blogsoestado.com\/danielmatos\/com-desemprego-historico-o-porto-do-itaqui-registra-recorde-de-movimentacao-em-julho\/\",\"name\":\"Com desemprego hist\u00f3rico, Porto do Itaqui registra recorde de movimenta\u00e7\u00e3o em julho - Daniel Matos\",\"isPartOf\":{\"@id\":\"https:\/\/www.blogsoestado.com\/danielmatos\/#website\"},\"primaryImageOfPage\":{\"@id\":\"https:\/\/www.blogsoestado.com\/danielmatos\/com-desemprego-historico-o-porto-do-itaqui-registra-recorde-de-movimentacao-em-julho\/#primaryimage\"},\"image\":{\"@id\":\"https:\/\/www.blogsoestado.com\/danielmatos\/com-desemprego-historico-o-porto-do-itaqui-registra-recorde-de-movimentacao-em-julho\/#primaryimage\"},\"thumbnailUrl\":\"https:\/\/www.blogsoestado.com\/danielmatos\/wp-content\/uploads\/sites\/2\/2025\/08\/1003437684.jpg\",\"datePublished\":\"2025-08-26T16:35:01+00:00\",\"dateModified\":\"2025-08-26T17:04:16+00:00\",\"author\":{\"@id\":\"https:\/\/www.blogsoestado.com\/danielmatos\/#\/schema\/person\/9a209d407cd45631f131e1285b661bb0\"},\"breadcrumb\":{\"@id\":\"https:\/\/www.blogsoestado.com\/danielmatos\/com-desemprego-historico-o-porto-do-itaqui-registra-recorde-de-movimentacao-em-julho\/#breadcrumb\"},\"inLanguage\":\"pt-BR\",\"potentialAction\":[{\"@type\":\"ReadAction\",\"target\":[\"https:\/\/www.blogsoestado.com\/danielmatos\/com-desemprego-historico-o-porto-do-itaqui-registra-recorde-de-movimentacao-em-julho\/\"]}]},{\"@type\":\"ImageObject\",\"inLanguage\":\"pt-BR\",\"@id\":\"https:\/\/www.blogsoestado.com\/danielmatos\/com-desemprego-historico-o-porto-do-itaqui-registra-recorde-de-movimentacao-em-julho\/#primaryimage\",\"url\":\"https:\/\/www.blogsoestado.com\/danielmatos\/wp-content\/uploads\/sites\/2\/2025\/08\/1003437684.jpg\",\"contentUrl\":\"https:\/\/www.blogsoestado.com\/danielmatos\/wp-content\/uploads\/sites\/2\/2025\/08\/1003437684.jpg\",\"width\":768,\"height\":576},{\"@type\":\"BreadcrumbList\",\"@id\":\"https:\/\/www.blogsoestado.com\/danielmatos\/com-desemprego-historico-o-porto-do-itaqui-registra-recorde-de-movimentacao-em-julho\/#breadcrumb\",\"itemListElement\":[{\"@type\":\"ListItem\",\"position\":1,\"name\":\"In\u00edcio\",\"item\":\"https:\/\/www.blogsoestado.com\/danielmatos\/\"},{\"@type\":\"ListItem\",\"position\":2,\"name\":\"Com desemprego hist\u00f3rico, Porto do Itaqui registra recorde de movimenta\u00e7\u00e3o em julho\"}]},{\"@type\":\"WebSite\",\"@id\":\"https:\/\/www.blogsoestado.com\/danielmatos\/#website\",\"url\":\"https:\/\/www.blogsoestado.com\/danielmatos\/\",\"name\":\"Daniel Matos\",\"description\":\"\",\"potentialAction\":[{\"@type\":\"SearchAction\",\"target\":{\"@type\":\"EntryPoint\",\"urlTemplate\":\"https:\/\/www.blogsoestado.com\/danielmatos\/?s={search_term_string}\"},\"query-input\":{\"@type\":\"PropertyValueSpecification\",\"valueRequired\":true,\"valueName\":\"search_term_string\"}}],\"inLanguage\":\"pt-BR\"},{\"@type\":\"Person\",\"@id\":\"https:\/\/www.blogsoestado.com\/danielmatos\/#\/schema\/person\/9a209d407cd45631f131e1285b661bb0\",\"name\":\"Daniel Matos\",\"image\":{\"@type\":\"ImageObject\",\"inLanguage\":\"pt-BR\",\"@id\":\"https:\/\/www.blogsoestado.com\/danielmatos\/#\/schema\/person\/image\/\",\"url\":\"https:\/\/secure.gravatar.com\/avatar\/2f26c36ee355da19a257f0dfef43952a2588b324ca35d6719e859fe338ac0392?s=96&d=mm&r=g\",\"contentUrl\":\"https:\/\/secure.gravatar.com\/avatar\/2f26c36ee355da19a257f0dfef43952a2588b324ca35d6719e859fe338ac0392?s=96&d=mm&r=g\",\"caption\":\"Daniel Matos\"},\"url\":\"https:\/\/www.blogsoestado.com\/danielmatos\/author\/danielmatos\/\"}]}<\/script>\n<!-- \/ Yoast SEO plugin. -->","yoast_head_json":{"title":"Com desemprego hist\u00f3rico, Porto do Itaqui registra recorde de movimenta\u00e7\u00e3o em julho - Daniel Matos","robots":{"index":"index","follow":"follow","max-snippet":"max-snippet:-1","max-image-preview":"max-image-preview:large","max-video-preview":"max-video-preview:-1"},"canonical":"https:\/\/www.blogsoestado.com\/danielmatos\/com-desemprego-historico-o-porto-do-itaqui-registra-recorde-de-movimentacao-em-julho\/","og_locale":"pt_BR","og_type":"article","og_title":"Com desemprego hist\u00f3rico, Porto do Itaqui registra recorde de movimenta\u00e7\u00e3o em julho - Daniel Matos","og_description":"No m\u00eas, terminal p\u00fablico maranhense movimentou 3,76 milh\u00f5es de toneladas em cargas diversificadas \u00c0s margens da Ba\u00eda de S\u00e3o Marcos, [&hellip;]","og_url":"https:\/\/www.blogsoestado.com\/danielmatos\/com-desemprego-historico-o-porto-do-itaqui-registra-recorde-de-movimentacao-em-julho\/","og_site_name":"Daniel Matos","article_published_time":"2025-08-26T16:35:01+00:00","article_modified_time":"2025-08-26T17:04:16+00:00","og_image":[{"width":768,"height":576,"url":"https:\/\/www.blogsoestado.com\/danielmatos\/wp-content\/uploads\/sites\/2\/2025\/08\/1003437684.jpg","type":"image\/jpeg"}],"author":"Daniel Matos","twitter_card":"summary_large_image","twitter_misc":{"Escrito por":"Daniel Matos","Est. tempo de leitura":"4 minutos"},"schema":{"@context":"https:\/\/schema.org","@graph":[{"@type":"WebPage","@id":"https:\/\/www.blogsoestado.com\/danielmatos\/com-desemprego-historico-o-porto-do-itaqui-registra-recorde-de-movimentacao-em-julho\/","url":"https:\/\/www.blogsoestado.com\/danielmatos\/com-desemprego-historico-o-porto-do-itaqui-registra-recorde-de-movimentacao-em-julho\/","name":"Com desemprego hist\u00f3rico, Porto do Itaqui registra recorde de movimenta\u00e7\u00e3o em julho - Daniel Matos","isPartOf":{"@id":"https:\/\/www.blogsoestado.com\/danielmatos\/#website"},"primaryImageOfPage":{"@id":"https:\/\/www.blogsoestado.com\/danielmatos\/com-desemprego-historico-o-porto-do-itaqui-registra-recorde-de-movimentacao-em-julho\/#primaryimage"},"image":{"@id":"https:\/\/www.blogsoestado.com\/danielmatos\/com-desemprego-historico-o-porto-do-itaqui-registra-recorde-de-movimentacao-em-julho\/#primaryimage"},"thumbnailUrl":"https:\/\/www.blogsoestado.com\/danielmatos\/wp-content\/uploads\/sites\/2\/2025\/08\/1003437684.jpg","datePublished":"2025-08-26T16:35:01+00:00","dateModified":"2025-08-26T17:04:16+00:00","author":{"@id":"https:\/\/www.blogsoestado.com\/danielmatos\/#\/schema\/person\/9a209d407cd45631f131e1285b661bb0"},"breadcrumb":{"@id":"https:\/\/www.blogsoestado.com\/danielmatos\/com-desemprego-historico-o-porto-do-itaqui-registra-recorde-de-movimentacao-em-julho\/#breadcrumb"},"inLanguage":"pt-BR","potentialAction":[{"@type":"ReadAction","target":["https:\/\/www.blogsoestado.com\/danielmatos\/com-desemprego-historico-o-porto-do-itaqui-registra-recorde-de-movimentacao-em-julho\/"]}]},{"@type":"ImageObject","inLanguage":"pt-BR","@id":"https:\/\/www.blogsoestado.com\/danielmatos\/com-desemprego-historico-o-porto-do-itaqui-registra-recorde-de-movimentacao-em-julho\/#primaryimage","url":"https:\/\/www.blogsoestado.com\/danielmatos\/wp-content\/uploads\/sites\/2\/2025\/08\/1003437684.jpg","contentUrl":"https:\/\/www.blogsoestado.com\/danielmatos\/wp-content\/uploads\/sites\/2\/2025\/08\/1003437684.jpg","width":768,"height":576},{"@type":"BreadcrumbList","@id":"https:\/\/www.blogsoestado.com\/danielmatos\/com-desemprego-historico-o-porto-do-itaqui-registra-recorde-de-movimentacao-em-julho\/#breadcrumb","itemListElement":[{"@type":"ListItem","position":1,"name":"In\u00edcio","item":"https:\/\/www.blogsoestado.com\/danielmatos\/"},{"@type":"ListItem","position":2,"name":"Com desemprego hist\u00f3rico, Porto do Itaqui registra recorde de movimenta\u00e7\u00e3o em julho"}]},{"@type":"WebSite","@id":"https:\/\/www.blogsoestado.com\/danielmatos\/#website","url":"https:\/\/www.blogsoestado.com\/danielmatos\/","name":"Daniel Matos","description":"","potentialAction":[{"@type":"SearchAction","target":{"@type":"EntryPoint","urlTemplate":"https:\/\/www.blogsoestado.com\/danielmatos\/?s={search_term_string}"},"query-input":{"@type":"PropertyValueSpecification","valueRequired":true,"valueName":"search_term_string"}}],"inLanguage":"pt-BR"},{"@type":"Person","@id":"https:\/\/www.blogsoestado.com\/danielmatos\/#\/schema\/person\/9a209d407cd45631f131e1285b661bb0","name":"Daniel Matos","image":{"@type":"ImageObject","inLanguage":"pt-BR","@id":"https:\/\/www.blogsoestado.com\/danielmatos\/#\/schema\/person\/image\/","url":"https:\/\/secure.gravatar.com\/avatar\/2f26c36ee355da19a257f0dfef43952a2588b324ca35d6719e859fe338ac0392?s=96&d=mm&r=g","contentUrl":"https:\/\/secure.gravatar.com\/avatar\/2f26c36ee355da19a257f0dfef43952a2588b324ca35d6719e859fe338ac0392?s=96&d=mm&r=g","caption":"Daniel Matos"},"url":"https:\/\/www.blogsoestado.com\/danielmatos\/author\/danielmatos\/"}]}},"jetpack_featured_media_url":"","_links":{"self":[{"href":"https:\/\/www.blogsoestado.com\/danielmatos\/wp-json\/wp\/v2\/posts\/147685","targetHints":{"allow":["GET"]}}],"collection":[{"href":"https:\/\/www.blogsoestado.com\/danielmatos\/wp-json\/wp\/v2\/posts"}],"about":[{"href":"https:\/\/www.blogsoestado.com\/danielmatos\/wp-json\/wp\/v2\/types\/post"}],"author":[{"embeddable":true,"href":"https:\/\/www.blogsoestado.com\/danielmatos\/wp-json\/wp\/v2\/users\/2"}],"replies":[{"embeddable":true,"href":"https:\/\/www.blogsoestado.com\/danielmatos\/wp-json\/wp\/v2\/comments?post=147685"}],"version-history":[{"count":4,"href":"https:\/\/www.blogsoestado.com\/danielmatos\/wp-json\/wp\/v2\/posts\/147685\/revisions"}],"predecessor-version":[{"id":147691,"href":"https:\/\/www.blogsoestado.com\/danielmatos\/wp-json\/wp\/v2\/posts\/147685\/revisions\/147691"}],"wp:attachment":[{"href":"https:\/\/www.blogsoestado.com\/danielmatos\/wp-json\/wp\/v2\/media?parent=147685"}],"wp:term":[{"taxonomy":"category","embeddable":true,"href":"https:\/\/www.blogsoestado.com\/danielmatos\/wp-json\/wp\/v2\/categories?post=147685"},{"taxonomy":"post_tag","embeddable":true,"href":"https:\/\/www.blogsoestado.com\/danielmatos\/wp-json\/wp\/v2\/tags?post=147685"}],"curies":[{"name":"wp","href":"https:\/\/api.w.org\/{rel}","templated":true}]}}