{"id":147695,"date":"2025-08-26T16:43:20","date_gmt":"2025-08-26T19:43:20","guid":{"rendered":"https:\/\/www.blogsoestado.com\/danielmatos\/?p=147695"},"modified":"2025-08-26T16:43:23","modified_gmt":"2025-08-26T19:43:23","slug":"aneel-autoriza-reajuste-medio-de-1790-nas-contas-de-energia-eletrica-no-maranhao","status":"publish","type":"post","link":"https:\/\/www.blogsoestado.com\/danielmatos\/aneel-autoriza-reajuste-medio-de-1790-nas-contas-de-energia-eletrica-no-maranhao\/","title":{"rendered":"ANEEL autoriza reajuste m\u00e9dio de 17,90% nas contas de energia el\u00e9trica no Maranh\u00e3o"},"content":{"rendered":"\n<figure class=\"wp-block-image aligncenter size-full\"><img fetchpriority=\"high\" decoding=\"async\" width=\"512\" height=\"384\" src=\"https:\/\/www.blogsoestado.com\/danielmatos\/wp-content\/uploads\/sites\/2\/2025\/08\/1003440125.webp\" alt=\"\" class=\"wp-image-147697\" srcset=\"https:\/\/www.blogsoestado.com\/danielmatos\/wp-content\/uploads\/sites\/2\/2025\/08\/1003440125.webp 512w, https:\/\/www.blogsoestado.com\/danielmatos\/wp-content\/uploads\/sites\/2\/2025\/08\/1003440125-300x225.webp 300w\" sizes=\"(max-width: 512px) 100vw, 512px\" \/><figcaption class=\"wp-element-caption\">Tarifa de energia el\u00e9trica foi reajustada em 17,46 para mais de 2,2 milh\u00f5es de consumidores residenciais no Maranh\u00e3o <\/figcaption><\/figure>\n\n\n\n<p>Em reuni\u00e3o p\u00fablica da diretoria colegiada nesta ter\u00e7a-feira (26\/8), a Ag\u00eancia Nacional de Energia El\u00e9trica (ANEEL) aprovou a revis\u00e3o tarif\u00e1ria peri\u00f3dica da Equatorial&nbsp;Maranh\u00e3o. Os \u00edndices ir\u00e3o vigorar a partir da pr\u00f3xima quinta-feira, 28 de agosto. A distribuidora fornece energia el\u00e9trica para aproximadamente 2,2 milh\u00f5es de unidades consumidoras em 217 munic\u00edpios do&nbsp;Maranh\u00e3o.<\/p>\n\n\n\n<p>Abaixo,\u00a0os \u00edndices\u00a0aprovados:<\/p>\n\n\n\n<figure class=\"wp-block-image aligncenter size-large\"><img decoding=\"async\" width=\"817\" height=\"1024\" src=\"https:\/\/www.blogsoestado.com\/danielmatos\/wp-content\/uploads\/sites\/2\/2025\/08\/1003440096-817x1024.png\" alt=\"\" class=\"wp-image-147696\" srcset=\"https:\/\/www.blogsoestado.com\/danielmatos\/wp-content\/uploads\/sites\/2\/2025\/08\/1003440096-817x1024.png 817w, https:\/\/www.blogsoestado.com\/danielmatos\/wp-content\/uploads\/sites\/2\/2025\/08\/1003440096-239x300.png 239w, https:\/\/www.blogsoestado.com\/danielmatos\/wp-content\/uploads\/sites\/2\/2025\/08\/1003440096-768x962.png 768w, https:\/\/www.blogsoestado.com\/danielmatos\/wp-content\/uploads\/sites\/2\/2025\/08\/1003440096.png 1080w\" sizes=\"(max-width: 817px) 100vw, 817px\" \/><\/figure>\n\n\n\n<p>&nbsp;O processo tarif\u00e1rio foi impactado pelos custos com distribui\u00e7\u00e3o, transporte e aquisi\u00e7\u00e3o de energia,&nbsp;remunera\u00e7\u00e3o de investimentos&nbsp;da distribuidora&nbsp;e pagamento de encargos setoriais&nbsp;para subsidiar pol\u00edticas p\u00fablicas. &nbsp;O processo passou por Consulta P\u00fablica (CP 023\/2025), na qual recebeu contribui\u00e7\u00f5es por e-mail de 28 de maio a 11 de julho deste ano.&nbsp; No dia 12 de junho, foi realizada Audi\u00eancia P\u00fablica em S\u00e3o Lu\u00eds, na Reitoria do Instituto Federal de Educa\u00e7\u00e3o do&nbsp;Maranh\u00e3o.&nbsp;<a href=\"https:\/\/antigo.aneel.gov.br\/consultas-publicas\" target=\"_blank\" rel=\"noreferrer noopener\">Informa\u00e7\u00f5es aqui<\/a>.<\/p>\n\n\n\n<p><strong>Revis\u00e3o Tarif\u00e1ria x Reajuste Anual&nbsp;<\/strong><\/p>\n\n\n\n<p>As novas tarifas da Equatorial&nbsp;Maranh\u00e3o&nbsp;s\u00e3o resultantes do processo de Revis\u00e3o Tarif\u00e1ria Peri\u00f3dica (RTP), que acontece a cada cinco anos. &nbsp;Metodologia diferente do reajuste anual das tarifas.&nbsp;Confira a diferen\u00e7a entre os dois processos&nbsp;<a href=\"https:\/\/youtu.be\/W4h1GC0yfQA?feature=shared\" target=\"_blank\" rel=\"noreferrer noopener\">no v\u00eddeo educativo<\/a>.<\/p>\n","protected":false},"excerpt":{"rendered":"<p>Em reuni\u00e3o p\u00fablica da diretoria colegiada nesta ter\u00e7a-feira (26\/8), a Ag\u00eancia Nacional de Energia El\u00e9trica (ANEEL) aprovou a revis\u00e3o tarif\u00e1ria [&hellip;]<\/p>\n","protected":false},"author":2,"featured_media":0,"comment_status":"open","ping_status":"open","sticky":false,"template":"","format":"standard","meta":{"site-sidebar-layout":"default","site-content-layout":"","ast-site-content-layout":"default","site-content-style":"default","site-sidebar-style":"default","ast-global-header-display":"","ast-banner-title-visibility":"","ast-main-header-display":"","ast-hfb-above-header-display":"","ast-hfb-below-header-display":"","ast-hfb-mobile-header-display":"","site-post-title":"","ast-breadcrumbs-content":"","ast-featured-img":"","footer-sml-layout":"","ast-disable-related-posts":"","theme-transparent-header-meta":"","adv-header-id-meta":"","stick-header-meta":"","header-above-stick-meta":"","header-main-stick-meta":"","header-below-stick-meta":"","astra-migrate-meta-layouts":"default","ast-page-background-enabled":"default","ast-page-background-meta":{"desktop":{"background-color":"var(--ast-global-color-5)","background-image":"","background-repeat":"repeat","background-position":"center center","background-size":"auto","background-attachment":"scroll","background-type":"","background-media":"","overlay-type":"","overlay-color":"","overlay-opacity":"","overlay-gradient":""},"tablet":{"background-color":"","background-image":"","background-repeat":"repeat","background-position":"center center","background-size":"auto","background-attachment":"scroll","background-type":"","background-media":"","overlay-type":"","overlay-color":"","overlay-opacity":"","overlay-gradient":""},"mobile":{"background-color":"","background-image":"","background-repeat":"repeat","background-position":"center center","background-size":"auto","background-attachment":"scroll","background-type":"","background-media":"","overlay-type":"","overlay-color":"","overlay-opacity":"","overlay-gradient":""}},"ast-content-background-meta":{"desktop":{"background-color":"var(--ast-global-color-4)","background-image":"","background-repeat":"repeat","background-position":"center center","background-size":"auto","background-attachment":"scroll","background-type":"","background-media":"","overlay-type":"","overlay-color":"","overlay-opacity":"","overlay-gradient":""},"tablet":{"background-color":"var(--ast-global-color-4)","background-image":"","background-repeat":"repeat","background-position":"center center","background-size":"auto","background-attachment":"scroll","background-type":"","background-media":"","overlay-type":"","overlay-color":"","overlay-opacity":"","overlay-gradient":""},"mobile":{"background-color":"var(--ast-global-color-4)","background-image":"","background-repeat":"repeat","background-position":"center center","background-size":"auto","background-attachment":"scroll","background-type":"","background-media":"","overlay-type":"","overlay-color":"","overlay-opacity":"","overlay-gradient":""}},"footnotes":""},"categories":[1],"tags":[],"class_list":["post-147695","post","type-post","status-publish","format-standard","hentry","category-sem-categoria"],"yoast_head":"<!-- This site is optimized with the Yoast SEO plugin v26.6 - https:\/\/yoast.com\/wordpress\/plugins\/seo\/ -->\n<title>ANEEL autoriza reajuste m\u00e9dio de 17,90% nas contas de energia el\u00e9trica no Maranh\u00e3o - Daniel Matos<\/title>\n<meta name=\"robots\" content=\"index, follow, max-snippet:-1, max-image-preview:large, max-video-preview:-1\" \/>\n<link rel=\"canonical\" href=\"https:\/\/www.blogsoestado.com\/danielmatos\/aneel-autoriza-reajuste-medio-de-1790-nas-contas-de-energia-eletrica-no-maranhao\/\" \/>\n<meta property=\"og:locale\" content=\"pt_BR\" \/>\n<meta property=\"og:type\" content=\"article\" \/>\n<meta property=\"og:title\" content=\"ANEEL autoriza reajuste m\u00e9dio de 17,90% nas contas de energia el\u00e9trica no Maranh\u00e3o - Daniel Matos\" \/>\n<meta property=\"og:description\" content=\"Em reuni\u00e3o p\u00fablica da diretoria colegiada nesta ter\u00e7a-feira (26\/8), a Ag\u00eancia Nacional de Energia El\u00e9trica (ANEEL) aprovou a revis\u00e3o tarif\u00e1ria [&hellip;]\" \/>\n<meta property=\"og:url\" content=\"https:\/\/www.blogsoestado.com\/danielmatos\/aneel-autoriza-reajuste-medio-de-1790-nas-contas-de-energia-eletrica-no-maranhao\/\" \/>\n<meta property=\"og:site_name\" content=\"Daniel Matos\" \/>\n<meta property=\"article:published_time\" content=\"2025-08-26T19:43:20+00:00\" \/>\n<meta property=\"article:modified_time\" content=\"2025-08-26T19:43:23+00:00\" \/>\n<meta property=\"og:image\" content=\"https:\/\/www.blogsoestado.com\/danielmatos\/wp-content\/uploads\/sites\/2\/2025\/08\/1003440125.webp\" \/>\n\t<meta property=\"og:image:width\" content=\"512\" \/>\n\t<meta property=\"og:image:height\" content=\"384\" \/>\n\t<meta property=\"og:image:type\" content=\"image\/webp\" \/>\n<meta name=\"author\" content=\"Daniel Matos\" \/>\n<meta name=\"twitter:card\" content=\"summary_large_image\" \/>\n<meta name=\"twitter:label1\" content=\"Escrito por\" \/>\n\t<meta name=\"twitter:data1\" content=\"Daniel Matos\" \/>\n\t<meta name=\"twitter:label2\" content=\"Est. tempo de leitura\" \/>\n\t<meta name=\"twitter:data2\" content=\"2 minutos\" \/>\n<script type=\"application\/ld+json\" class=\"yoast-schema-graph\">{\"@context\":\"https:\/\/schema.org\",\"@graph\":[{\"@type\":\"WebPage\",\"@id\":\"https:\/\/www.blogsoestado.com\/danielmatos\/aneel-autoriza-reajuste-medio-de-1790-nas-contas-de-energia-eletrica-no-maranhao\/\",\"url\":\"https:\/\/www.blogsoestado.com\/danielmatos\/aneel-autoriza-reajuste-medio-de-1790-nas-contas-de-energia-eletrica-no-maranhao\/\",\"name\":\"ANEEL autoriza reajuste m\u00e9dio de 17,90% nas contas de energia el\u00e9trica no Maranh\u00e3o - Daniel Matos\",\"isPartOf\":{\"@id\":\"https:\/\/www.blogsoestado.com\/danielmatos\/#website\"},\"primaryImageOfPage\":{\"@id\":\"https:\/\/www.blogsoestado.com\/danielmatos\/aneel-autoriza-reajuste-medio-de-1790-nas-contas-de-energia-eletrica-no-maranhao\/#primaryimage\"},\"image\":{\"@id\":\"https:\/\/www.blogsoestado.com\/danielmatos\/aneel-autoriza-reajuste-medio-de-1790-nas-contas-de-energia-eletrica-no-maranhao\/#primaryimage\"},\"thumbnailUrl\":\"https:\/\/www.blogsoestado.com\/danielmatos\/wp-content\/uploads\/sites\/2\/2025\/08\/1003440125.webp\",\"datePublished\":\"2025-08-26T19:43:20+00:00\",\"dateModified\":\"2025-08-26T19:43:23+00:00\",\"author\":{\"@id\":\"https:\/\/www.blogsoestado.com\/danielmatos\/#\/schema\/person\/9a209d407cd45631f131e1285b661bb0\"},\"breadcrumb\":{\"@id\":\"https:\/\/www.blogsoestado.com\/danielmatos\/aneel-autoriza-reajuste-medio-de-1790-nas-contas-de-energia-eletrica-no-maranhao\/#breadcrumb\"},\"inLanguage\":\"pt-BR\",\"potentialAction\":[{\"@type\":\"ReadAction\",\"target\":[\"https:\/\/www.blogsoestado.com\/danielmatos\/aneel-autoriza-reajuste-medio-de-1790-nas-contas-de-energia-eletrica-no-maranhao\/\"]}]},{\"@type\":\"ImageObject\",\"inLanguage\":\"pt-BR\",\"@id\":\"https:\/\/www.blogsoestado.com\/danielmatos\/aneel-autoriza-reajuste-medio-de-1790-nas-contas-de-energia-eletrica-no-maranhao\/#primaryimage\",\"url\":\"https:\/\/www.blogsoestado.com\/danielmatos\/wp-content\/uploads\/sites\/2\/2025\/08\/1003440125.webp\",\"contentUrl\":\"https:\/\/www.blogsoestado.com\/danielmatos\/wp-content\/uploads\/sites\/2\/2025\/08\/1003440125.webp\",\"width\":512,\"height\":384},{\"@type\":\"BreadcrumbList\",\"@id\":\"https:\/\/www.blogsoestado.com\/danielmatos\/aneel-autoriza-reajuste-medio-de-1790-nas-contas-de-energia-eletrica-no-maranhao\/#breadcrumb\",\"itemListElement\":[{\"@type\":\"ListItem\",\"position\":1,\"name\":\"In\u00edcio\",\"item\":\"https:\/\/www.blogsoestado.com\/danielmatos\/\"},{\"@type\":\"ListItem\",\"position\":2,\"name\":\"ANEEL autoriza reajuste m\u00e9dio de 17,90% nas contas de energia el\u00e9trica no Maranh\u00e3o\"}]},{\"@type\":\"WebSite\",\"@id\":\"https:\/\/www.blogsoestado.com\/danielmatos\/#website\",\"url\":\"https:\/\/www.blogsoestado.com\/danielmatos\/\",\"name\":\"Daniel Matos\",\"description\":\"\",\"potentialAction\":[{\"@type\":\"SearchAction\",\"target\":{\"@type\":\"EntryPoint\",\"urlTemplate\":\"https:\/\/www.blogsoestado.com\/danielmatos\/?s={search_term_string}\"},\"query-input\":{\"@type\":\"PropertyValueSpecification\",\"valueRequired\":true,\"valueName\":\"search_term_string\"}}],\"inLanguage\":\"pt-BR\"},{\"@type\":\"Person\",\"@id\":\"https:\/\/www.blogsoestado.com\/danielmatos\/#\/schema\/person\/9a209d407cd45631f131e1285b661bb0\",\"name\":\"Daniel Matos\",\"image\":{\"@type\":\"ImageObject\",\"inLanguage\":\"pt-BR\",\"@id\":\"https:\/\/www.blogsoestado.com\/danielmatos\/#\/schema\/person\/image\/\",\"url\":\"https:\/\/secure.gravatar.com\/avatar\/2f26c36ee355da19a257f0dfef43952a2588b324ca35d6719e859fe338ac0392?s=96&d=mm&r=g\",\"contentUrl\":\"https:\/\/secure.gravatar.com\/avatar\/2f26c36ee355da19a257f0dfef43952a2588b324ca35d6719e859fe338ac0392?s=96&d=mm&r=g\",\"caption\":\"Daniel Matos\"},\"url\":\"https:\/\/www.blogsoestado.com\/danielmatos\/author\/danielmatos\/\"}]}<\/script>\n<!-- \/ Yoast SEO plugin. -->","yoast_head_json":{"title":"ANEEL autoriza reajuste m\u00e9dio de 17,90% nas contas de energia el\u00e9trica no Maranh\u00e3o - Daniel Matos","robots":{"index":"index","follow":"follow","max-snippet":"max-snippet:-1","max-image-preview":"max-image-preview:large","max-video-preview":"max-video-preview:-1"},"canonical":"https:\/\/www.blogsoestado.com\/danielmatos\/aneel-autoriza-reajuste-medio-de-1790-nas-contas-de-energia-eletrica-no-maranhao\/","og_locale":"pt_BR","og_type":"article","og_title":"ANEEL autoriza reajuste m\u00e9dio de 17,90% nas contas de energia el\u00e9trica no Maranh\u00e3o - Daniel Matos","og_description":"Em reuni\u00e3o p\u00fablica da diretoria colegiada nesta ter\u00e7a-feira (26\/8), a Ag\u00eancia Nacional de Energia El\u00e9trica (ANEEL) aprovou a revis\u00e3o tarif\u00e1ria [&hellip;]","og_url":"https:\/\/www.blogsoestado.com\/danielmatos\/aneel-autoriza-reajuste-medio-de-1790-nas-contas-de-energia-eletrica-no-maranhao\/","og_site_name":"Daniel Matos","article_published_time":"2025-08-26T19:43:20+00:00","article_modified_time":"2025-08-26T19:43:23+00:00","og_image":[{"width":512,"height":384,"url":"https:\/\/www.blogsoestado.com\/danielmatos\/wp-content\/uploads\/sites\/2\/2025\/08\/1003440125.webp","type":"image\/webp"}],"author":"Daniel Matos","twitter_card":"summary_large_image","twitter_misc":{"Escrito por":"Daniel Matos","Est. tempo de leitura":"2 minutos"},"schema":{"@context":"https:\/\/schema.org","@graph":[{"@type":"WebPage","@id":"https:\/\/www.blogsoestado.com\/danielmatos\/aneel-autoriza-reajuste-medio-de-1790-nas-contas-de-energia-eletrica-no-maranhao\/","url":"https:\/\/www.blogsoestado.com\/danielmatos\/aneel-autoriza-reajuste-medio-de-1790-nas-contas-de-energia-eletrica-no-maranhao\/","name":"ANEEL autoriza reajuste m\u00e9dio de 17,90% nas contas de energia el\u00e9trica no Maranh\u00e3o - Daniel Matos","isPartOf":{"@id":"https:\/\/www.blogsoestado.com\/danielmatos\/#website"},"primaryImageOfPage":{"@id":"https:\/\/www.blogsoestado.com\/danielmatos\/aneel-autoriza-reajuste-medio-de-1790-nas-contas-de-energia-eletrica-no-maranhao\/#primaryimage"},"image":{"@id":"https:\/\/www.blogsoestado.com\/danielmatos\/aneel-autoriza-reajuste-medio-de-1790-nas-contas-de-energia-eletrica-no-maranhao\/#primaryimage"},"thumbnailUrl":"https:\/\/www.blogsoestado.com\/danielmatos\/wp-content\/uploads\/sites\/2\/2025\/08\/1003440125.webp","datePublished":"2025-08-26T19:43:20+00:00","dateModified":"2025-08-26T19:43:23+00:00","author":{"@id":"https:\/\/www.blogsoestado.com\/danielmatos\/#\/schema\/person\/9a209d407cd45631f131e1285b661bb0"},"breadcrumb":{"@id":"https:\/\/www.blogsoestado.com\/danielmatos\/aneel-autoriza-reajuste-medio-de-1790-nas-contas-de-energia-eletrica-no-maranhao\/#breadcrumb"},"inLanguage":"pt-BR","potentialAction":[{"@type":"ReadAction","target":["https:\/\/www.blogsoestado.com\/danielmatos\/aneel-autoriza-reajuste-medio-de-1790-nas-contas-de-energia-eletrica-no-maranhao\/"]}]},{"@type":"ImageObject","inLanguage":"pt-BR","@id":"https:\/\/www.blogsoestado.com\/danielmatos\/aneel-autoriza-reajuste-medio-de-1790-nas-contas-de-energia-eletrica-no-maranhao\/#primaryimage","url":"https:\/\/www.blogsoestado.com\/danielmatos\/wp-content\/uploads\/sites\/2\/2025\/08\/1003440125.webp","contentUrl":"https:\/\/www.blogsoestado.com\/danielmatos\/wp-content\/uploads\/sites\/2\/2025\/08\/1003440125.webp","width":512,"height":384},{"@type":"BreadcrumbList","@id":"https:\/\/www.blogsoestado.com\/danielmatos\/aneel-autoriza-reajuste-medio-de-1790-nas-contas-de-energia-eletrica-no-maranhao\/#breadcrumb","itemListElement":[{"@type":"ListItem","position":1,"name":"In\u00edcio","item":"https:\/\/www.blogsoestado.com\/danielmatos\/"},{"@type":"ListItem","position":2,"name":"ANEEL autoriza reajuste m\u00e9dio de 17,90% nas contas de energia el\u00e9trica no Maranh\u00e3o"}]},{"@type":"WebSite","@id":"https:\/\/www.blogsoestado.com\/danielmatos\/#website","url":"https:\/\/www.blogsoestado.com\/danielmatos\/","name":"Daniel Matos","description":"","potentialAction":[{"@type":"SearchAction","target":{"@type":"EntryPoint","urlTemplate":"https:\/\/www.blogsoestado.com\/danielmatos\/?s={search_term_string}"},"query-input":{"@type":"PropertyValueSpecification","valueRequired":true,"valueName":"search_term_string"}}],"inLanguage":"pt-BR"},{"@type":"Person","@id":"https:\/\/www.blogsoestado.com\/danielmatos\/#\/schema\/person\/9a209d407cd45631f131e1285b661bb0","name":"Daniel Matos","image":{"@type":"ImageObject","inLanguage":"pt-BR","@id":"https:\/\/www.blogsoestado.com\/danielmatos\/#\/schema\/person\/image\/","url":"https:\/\/secure.gravatar.com\/avatar\/2f26c36ee355da19a257f0dfef43952a2588b324ca35d6719e859fe338ac0392?s=96&d=mm&r=g","contentUrl":"https:\/\/secure.gravatar.com\/avatar\/2f26c36ee355da19a257f0dfef43952a2588b324ca35d6719e859fe338ac0392?s=96&d=mm&r=g","caption":"Daniel Matos"},"url":"https:\/\/www.blogsoestado.com\/danielmatos\/author\/danielmatos\/"}]}},"jetpack_featured_media_url":"","_links":{"self":[{"href":"https:\/\/www.blogsoestado.com\/danielmatos\/wp-json\/wp\/v2\/posts\/147695","targetHints":{"allow":["GET"]}}],"collection":[{"href":"https:\/\/www.blogsoestado.com\/danielmatos\/wp-json\/wp\/v2\/posts"}],"about":[{"href":"https:\/\/www.blogsoestado.com\/danielmatos\/wp-json\/wp\/v2\/types\/post"}],"author":[{"embeddable":true,"href":"https:\/\/www.blogsoestado.com\/danielmatos\/wp-json\/wp\/v2\/users\/2"}],"replies":[{"embeddable":true,"href":"https:\/\/www.blogsoestado.com\/danielmatos\/wp-json\/wp\/v2\/comments?post=147695"}],"version-history":[{"count":1,"href":"https:\/\/www.blogsoestado.com\/danielmatos\/wp-json\/wp\/v2\/posts\/147695\/revisions"}],"predecessor-version":[{"id":147698,"href":"https:\/\/www.blogsoestado.com\/danielmatos\/wp-json\/wp\/v2\/posts\/147695\/revisions\/147698"}],"wp:attachment":[{"href":"https:\/\/www.blogsoestado.com\/danielmatos\/wp-json\/wp\/v2\/media?parent=147695"}],"wp:term":[{"taxonomy":"category","embeddable":true,"href":"https:\/\/www.blogsoestado.com\/danielmatos\/wp-json\/wp\/v2\/categories?post=147695"},{"taxonomy":"post_tag","embeddable":true,"href":"https:\/\/www.blogsoestado.com\/danielmatos\/wp-json\/wp\/v2\/tags?post=147695"}],"curies":[{"name":"wp","href":"https:\/\/api.w.org\/{rel}","templated":true}]}}