{"id":147699,"date":"2025-08-26T17:36:21","date_gmt":"2025-08-26T20:36:21","guid":{"rendered":"https:\/\/www.blogsoestado.com\/danielmatos\/?p=147699"},"modified":"2025-08-26T17:36:24","modified_gmt":"2025-08-26T20:36:24","slug":"desembargador-jose-jorge-inicia-projeto-dialogos-com-corregedor-extrajudicial","status":"publish","type":"post","link":"https:\/\/www.blogsoestado.com\/danielmatos\/desembargador-jose-jorge-inicia-projeto-dialogos-com-corregedor-extrajudicial\/","title":{"rendered":"Desembargador Jos\u00e9 Jorge inicia projeto Di\u00e1logos com Corregedor Extrajudicial\u00a0"},"content":{"rendered":"\n<h3 class=\"wp-block-heading\"><mark style=\"color:#cf2e2e\" class=\"has-inline-color\">Projeto da COGEX ser\u00e1 lan\u00e7ado nesta quarta-feira (27\/8), na Comarca de Barreirinhas<\/mark><\/h3>\n\n\n\n<figure class=\"wp-block-image aligncenter size-large\"><img fetchpriority=\"high\" decoding=\"async\" width=\"1024\" height=\"768\" src=\"https:\/\/www.blogsoestado.com\/danielmatos\/wp-content\/uploads\/sites\/2\/2025\/08\/1003440777-1024x768.png\" alt=\"\" class=\"wp-image-147700\" srcset=\"https:\/\/www.blogsoestado.com\/danielmatos\/wp-content\/uploads\/sites\/2\/2025\/08\/1003440777-1024x768.png 1024w, https:\/\/www.blogsoestado.com\/danielmatos\/wp-content\/uploads\/sites\/2\/2025\/08\/1003440777-300x225.png 300w, https:\/\/www.blogsoestado.com\/danielmatos\/wp-content\/uploads\/sites\/2\/2025\/08\/1003440777-768x576.png 768w, https:\/\/www.blogsoestado.com\/danielmatos\/wp-content\/uploads\/sites\/2\/2025\/08\/1003440777.png 1280w\" sizes=\"(max-width: 1024px) 100vw, 1024px\" \/><\/figure>\n\n\n\n<p>A Comarca de Barreirinhas \u00e9 a primeira a receber, nesta&nbsp;<strong>quarta-feira (27\/8)<\/strong>, \u00e0s&nbsp;<strong>15h<\/strong>, o novo projeto da Corregedoria Geral do Foro Extrajudicial do Maranh\u00e3o (COGEX).&nbsp;<strong>Di\u00e1logos com o Corregedor Extrajudicial&nbsp;<\/strong>\u00e9 uma iniciativa da atual gest\u00e3o do \u00f3rg\u00e3o correcional voltada para o fortalecimento da atividade cartor\u00e1ria, constituindo-se em um mecanismo de interlocu\u00e7\u00e3o para o aprimoramento dos servi\u00e7os que s\u00e3o acessados diariamente pela popula\u00e7\u00e3o.<\/p>\n\n\n\n<p>O projeto&nbsp;<strong>Di\u00e1logos com o Corregedor Extrajudicial&nbsp;<\/strong>tem como objetivo fortalecer o v\u00ednculo institucional entre a COGEX e profissionais que atuam na esfera extrajudicial. A proposta \u00e9 apresentar e estabelecer as linhas de atua\u00e7\u00e3o da Corregedoria, promover a orienta\u00e7\u00e3o t\u00e9cnica de profissionais e qualificar a frente de fiscaliza\u00e7\u00e3o realizada pelo \u00f3rg\u00e3o junto aos cart\u00f3rios, especialmente no tocante \u00e0 observ\u00e2ncia das normas que regem a atividade.<\/p>\n\n\n\n<p>Na avalia\u00e7\u00e3o do corregedor-geral do foro extrajudicial, desembargador Jos\u00e9 Jorge Figueiredo dos Anjos, o novo projeto vem para atender a uma proposta j\u00e1 inaugurada pela COGEX no in\u00edcio de sua gest\u00e3o e que, agora, est\u00e1 sendo ampliada. Al\u00e9m do di\u00e1logo permanente com representantes das entidades da categoria, a Corregedoria Extrajudicial abre espa\u00e7o para ouvir a magistratura e profissionais que atuam nos cart\u00f3rios, seja na qualidade de titulares ou de interinos, a fim de fortalecer um modelo de gest\u00e3o participativo.\u00a0<\/p>\n\n\n\n<p>\u201cEstamos inaugurando uma importante iniciativa, que vai possibilitar reunir dire\u00e7\u00e3o e equipe t\u00e9cnica da COGEX, magistratura e delegat\u00e1rios para discutir a atividade extrajudicial, visando encontrar solu\u00e7\u00f5es para os desafios que temos. \u00c9 uma proposta de fortalecimento da atividade cartor\u00e1ria constru\u00edda de forma conjunta, ouvindo quem est\u00e1 na ponta, e temos a certeza de que ser\u00e1 mais um projeto exitoso encampado pela Corregedoria Extrajudicial, que muito j\u00e1 vem fazendo para aprimorar os servi\u00e7os dos cart\u00f3rios para nossa sociedade\u201d, avalia o desembargador.<\/p>\n\n\n\n<p>Participam do Di\u00e1logos com o Corregedor Extrajudicial nos Len\u00e7\u00f3is Maranhenses cartor\u00e1rias e cartor\u00e1rios, bem como ju\u00edzas e ju\u00edzes que atuam em comarcas da regi\u00e3o e que possuem compet\u00eancia de registros p\u00fablicos. Integrantes da magistratura com essa atribui\u00e7\u00e3o t\u00eam a responsabilidade de atuar na fun\u00e7\u00e3o correcional permanente, que consiste em realizar inspe\u00e7\u00f5es, promover o acompanhamento das atividades, receber reclama\u00e7\u00f5es e apurar eventuais desvios.<\/p>\n\n\n\n<p>A iniciativa tamb\u00e9m se pauta na busca do fortalecimento do sistema extrajudicial sob uma perspectiva construtiva, feita a partir da escuta ativa e compreens\u00e3o da realidade e das dificuldades enfrentadas pelas delegat\u00e1rias e delegat\u00e1rios para entrega do servi\u00e7o de qualidade, assim como de ju\u00edzas e ju\u00edzes corregedores no acompanhamento e na fiscaliza\u00e7\u00e3o dos cart\u00f3rios. Ap\u00f3s cada edi\u00e7\u00e3o do projeto, ser\u00e1 elaborado um relat\u00f3rio para subsidiar o trabalho de planejamento e implementa\u00e7\u00e3o de a\u00e7\u00f5es da COGEX.<\/p>\n\n\n\n<p>Al\u00e9m do desembargador Jos\u00e9 Jorge Figueiredo, a COGEX estar\u00e1 representada pelo juiz auxiliar Andr\u00e9 Bog\u00e9a, pela ju\u00edza auxiliar Laysa Paz Mendes e pela equipe t\u00e9cnica de assessoramento. O encontro ser\u00e1 realizado no F\u00f3rum de Justi\u00e7a, localizado no Centro de Barreirinhas.<\/p>\n","protected":false},"excerpt":{"rendered":"<p>Projeto da COGEX ser\u00e1 lan\u00e7ado nesta quarta-feira (27\/8), na Comarca de Barreirinhas A Comarca de Barreirinhas \u00e9 a primeira a [&hellip;]<\/p>\n","protected":false},"author":2,"featured_media":0,"comment_status":"open","ping_status":"open","sticky":false,"template":"","format":"standard","meta":{"site-sidebar-layout":"default","site-content-layout":"","ast-site-content-layout":"default","site-content-style":"default","site-sidebar-style":"default","ast-global-header-display":"","ast-banner-title-visibility":"","ast-main-header-display":"","ast-hfb-above-header-display":"","ast-hfb-below-header-display":"","ast-hfb-mobile-header-display":"","site-post-title":"","ast-breadcrumbs-content":"","ast-featured-img":"","footer-sml-layout":"","ast-disable-related-posts":"","theme-transparent-header-meta":"","adv-header-id-meta":"","stick-header-meta":"","header-above-stick-meta":"","header-main-stick-meta":"","header-below-stick-meta":"","astra-migrate-meta-layouts":"default","ast-page-background-enabled":"default","ast-page-background-meta":{"desktop":{"background-color":"var(--ast-global-color-5)","background-image":"","background-repeat":"repeat","background-position":"center center","background-size":"auto","background-attachment":"scroll","background-type":"","background-media":"","overlay-type":"","overlay-color":"","overlay-opacity":"","overlay-gradient":""},"tablet":{"background-color":"","background-image":"","background-repeat":"repeat","background-position":"center center","background-size":"auto","background-attachment":"scroll","background-type":"","background-media":"","overlay-type":"","overlay-color":"","overlay-opacity":"","overlay-gradient":""},"mobile":{"background-color":"","background-image":"","background-repeat":"repeat","background-position":"center center","background-size":"auto","background-attachment":"scroll","background-type":"","background-media":"","overlay-type":"","overlay-color":"","overlay-opacity":"","overlay-gradient":""}},"ast-content-background-meta":{"desktop":{"background-color":"var(--ast-global-color-4)","background-image":"","background-repeat":"repeat","background-position":"center center","background-size":"auto","background-attachment":"scroll","background-type":"","background-media":"","overlay-type":"","overlay-color":"","overlay-opacity":"","overlay-gradient":""},"tablet":{"background-color":"var(--ast-global-color-4)","background-image":"","background-repeat":"repeat","background-position":"center center","background-size":"auto","background-attachment":"scroll","background-type":"","background-media":"","overlay-type":"","overlay-color":"","overlay-opacity":"","overlay-gradient":""},"mobile":{"background-color":"var(--ast-global-color-4)","background-image":"","background-repeat":"repeat","background-position":"center center","background-size":"auto","background-attachment":"scroll","background-type":"","background-media":"","overlay-type":"","overlay-color":"","overlay-opacity":"","overlay-gradient":""}},"footnotes":""},"categories":[1],"tags":[],"class_list":["post-147699","post","type-post","status-publish","format-standard","hentry","category-sem-categoria"],"yoast_head":"<!-- This site is optimized with the Yoast SEO plugin v26.6 - https:\/\/yoast.com\/wordpress\/plugins\/seo\/ -->\n<title>Desembargador Jos\u00e9 Jorge inicia projeto Di\u00e1logos com Corregedor Extrajudicial\u00a0 - Daniel Matos<\/title>\n<meta name=\"robots\" content=\"index, follow, max-snippet:-1, max-image-preview:large, max-video-preview:-1\" \/>\n<link rel=\"canonical\" href=\"https:\/\/www.blogsoestado.com\/danielmatos\/desembargador-jose-jorge-inicia-projeto-dialogos-com-corregedor-extrajudicial\/\" \/>\n<meta property=\"og:locale\" content=\"pt_BR\" \/>\n<meta property=\"og:type\" content=\"article\" \/>\n<meta property=\"og:title\" content=\"Desembargador Jos\u00e9 Jorge inicia projeto Di\u00e1logos com Corregedor Extrajudicial\u00a0 - Daniel Matos\" \/>\n<meta property=\"og:description\" content=\"Projeto da COGEX ser\u00e1 lan\u00e7ado nesta quarta-feira (27\/8), na Comarca de Barreirinhas A Comarca de Barreirinhas \u00e9 a primeira a [&hellip;]\" \/>\n<meta property=\"og:url\" content=\"https:\/\/www.blogsoestado.com\/danielmatos\/desembargador-jose-jorge-inicia-projeto-dialogos-com-corregedor-extrajudicial\/\" \/>\n<meta property=\"og:site_name\" content=\"Daniel Matos\" \/>\n<meta property=\"article:published_time\" content=\"2025-08-26T20:36:21+00:00\" \/>\n<meta property=\"article:modified_time\" content=\"2025-08-26T20:36:24+00:00\" \/>\n<meta property=\"og:image\" content=\"https:\/\/www.blogsoestado.com\/danielmatos\/wp-content\/uploads\/sites\/2\/2025\/08\/1003440777.png\" \/>\n\t<meta property=\"og:image:width\" content=\"1280\" \/>\n\t<meta property=\"og:image:height\" content=\"960\" \/>\n\t<meta property=\"og:image:type\" content=\"image\/png\" \/>\n<meta name=\"author\" content=\"Daniel Matos\" \/>\n<meta name=\"twitter:card\" content=\"summary_large_image\" \/>\n<meta name=\"twitter:label1\" content=\"Escrito por\" \/>\n\t<meta name=\"twitter:data1\" content=\"Daniel Matos\" \/>\n\t<meta name=\"twitter:label2\" content=\"Est. tempo de leitura\" \/>\n\t<meta name=\"twitter:data2\" content=\"3 minutos\" \/>\n<script type=\"application\/ld+json\" class=\"yoast-schema-graph\">{\"@context\":\"https:\/\/schema.org\",\"@graph\":[{\"@type\":\"WebPage\",\"@id\":\"https:\/\/www.blogsoestado.com\/danielmatos\/desembargador-jose-jorge-inicia-projeto-dialogos-com-corregedor-extrajudicial\/\",\"url\":\"https:\/\/www.blogsoestado.com\/danielmatos\/desembargador-jose-jorge-inicia-projeto-dialogos-com-corregedor-extrajudicial\/\",\"name\":\"Desembargador Jos\u00e9 Jorge inicia projeto Di\u00e1logos com Corregedor Extrajudicial\u00a0 - Daniel Matos\",\"isPartOf\":{\"@id\":\"https:\/\/www.blogsoestado.com\/danielmatos\/#website\"},\"primaryImageOfPage\":{\"@id\":\"https:\/\/www.blogsoestado.com\/danielmatos\/desembargador-jose-jorge-inicia-projeto-dialogos-com-corregedor-extrajudicial\/#primaryimage\"},\"image\":{\"@id\":\"https:\/\/www.blogsoestado.com\/danielmatos\/desembargador-jose-jorge-inicia-projeto-dialogos-com-corregedor-extrajudicial\/#primaryimage\"},\"thumbnailUrl\":\"https:\/\/www.blogsoestado.com\/danielmatos\/wp-content\/uploads\/sites\/2\/2025\/08\/1003440777-1024x768.png\",\"datePublished\":\"2025-08-26T20:36:21+00:00\",\"dateModified\":\"2025-08-26T20:36:24+00:00\",\"author\":{\"@id\":\"https:\/\/www.blogsoestado.com\/danielmatos\/#\/schema\/person\/9a209d407cd45631f131e1285b661bb0\"},\"breadcrumb\":{\"@id\":\"https:\/\/www.blogsoestado.com\/danielmatos\/desembargador-jose-jorge-inicia-projeto-dialogos-com-corregedor-extrajudicial\/#breadcrumb\"},\"inLanguage\":\"pt-BR\",\"potentialAction\":[{\"@type\":\"ReadAction\",\"target\":[\"https:\/\/www.blogsoestado.com\/danielmatos\/desembargador-jose-jorge-inicia-projeto-dialogos-com-corregedor-extrajudicial\/\"]}]},{\"@type\":\"ImageObject\",\"inLanguage\":\"pt-BR\",\"@id\":\"https:\/\/www.blogsoestado.com\/danielmatos\/desembargador-jose-jorge-inicia-projeto-dialogos-com-corregedor-extrajudicial\/#primaryimage\",\"url\":\"https:\/\/www.blogsoestado.com\/danielmatos\/wp-content\/uploads\/sites\/2\/2025\/08\/1003440777.png\",\"contentUrl\":\"https:\/\/www.blogsoestado.com\/danielmatos\/wp-content\/uploads\/sites\/2\/2025\/08\/1003440777.png\",\"width\":1280,\"height\":960},{\"@type\":\"BreadcrumbList\",\"@id\":\"https:\/\/www.blogsoestado.com\/danielmatos\/desembargador-jose-jorge-inicia-projeto-dialogos-com-corregedor-extrajudicial\/#breadcrumb\",\"itemListElement\":[{\"@type\":\"ListItem\",\"position\":1,\"name\":\"In\u00edcio\",\"item\":\"https:\/\/www.blogsoestado.com\/danielmatos\/\"},{\"@type\":\"ListItem\",\"position\":2,\"name\":\"Desembargador Jos\u00e9 Jorge inicia projeto Di\u00e1logos com Corregedor Extrajudicial\u00a0\"}]},{\"@type\":\"WebSite\",\"@id\":\"https:\/\/www.blogsoestado.com\/danielmatos\/#website\",\"url\":\"https:\/\/www.blogsoestado.com\/danielmatos\/\",\"name\":\"Daniel Matos\",\"description\":\"\",\"potentialAction\":[{\"@type\":\"SearchAction\",\"target\":{\"@type\":\"EntryPoint\",\"urlTemplate\":\"https:\/\/www.blogsoestado.com\/danielmatos\/?s={search_term_string}\"},\"query-input\":{\"@type\":\"PropertyValueSpecification\",\"valueRequired\":true,\"valueName\":\"search_term_string\"}}],\"inLanguage\":\"pt-BR\"},{\"@type\":\"Person\",\"@id\":\"https:\/\/www.blogsoestado.com\/danielmatos\/#\/schema\/person\/9a209d407cd45631f131e1285b661bb0\",\"name\":\"Daniel Matos\",\"image\":{\"@type\":\"ImageObject\",\"inLanguage\":\"pt-BR\",\"@id\":\"https:\/\/www.blogsoestado.com\/danielmatos\/#\/schema\/person\/image\/\",\"url\":\"https:\/\/secure.gravatar.com\/avatar\/2f26c36ee355da19a257f0dfef43952a2588b324ca35d6719e859fe338ac0392?s=96&d=mm&r=g\",\"contentUrl\":\"https:\/\/secure.gravatar.com\/avatar\/2f26c36ee355da19a257f0dfef43952a2588b324ca35d6719e859fe338ac0392?s=96&d=mm&r=g\",\"caption\":\"Daniel Matos\"},\"url\":\"https:\/\/www.blogsoestado.com\/danielmatos\/author\/danielmatos\/\"}]}<\/script>\n<!-- \/ Yoast SEO plugin. -->","yoast_head_json":{"title":"Desembargador Jos\u00e9 Jorge inicia projeto Di\u00e1logos com Corregedor Extrajudicial\u00a0 - Daniel Matos","robots":{"index":"index","follow":"follow","max-snippet":"max-snippet:-1","max-image-preview":"max-image-preview:large","max-video-preview":"max-video-preview:-1"},"canonical":"https:\/\/www.blogsoestado.com\/danielmatos\/desembargador-jose-jorge-inicia-projeto-dialogos-com-corregedor-extrajudicial\/","og_locale":"pt_BR","og_type":"article","og_title":"Desembargador Jos\u00e9 Jorge inicia projeto Di\u00e1logos com Corregedor Extrajudicial\u00a0 - Daniel Matos","og_description":"Projeto da COGEX ser\u00e1 lan\u00e7ado nesta quarta-feira (27\/8), na Comarca de Barreirinhas A Comarca de Barreirinhas \u00e9 a primeira a [&hellip;]","og_url":"https:\/\/www.blogsoestado.com\/danielmatos\/desembargador-jose-jorge-inicia-projeto-dialogos-com-corregedor-extrajudicial\/","og_site_name":"Daniel Matos","article_published_time":"2025-08-26T20:36:21+00:00","article_modified_time":"2025-08-26T20:36:24+00:00","og_image":[{"width":1280,"height":960,"url":"https:\/\/www.blogsoestado.com\/danielmatos\/wp-content\/uploads\/sites\/2\/2025\/08\/1003440777.png","type":"image\/png"}],"author":"Daniel Matos","twitter_card":"summary_large_image","twitter_misc":{"Escrito por":"Daniel Matos","Est. tempo de leitura":"3 minutos"},"schema":{"@context":"https:\/\/schema.org","@graph":[{"@type":"WebPage","@id":"https:\/\/www.blogsoestado.com\/danielmatos\/desembargador-jose-jorge-inicia-projeto-dialogos-com-corregedor-extrajudicial\/","url":"https:\/\/www.blogsoestado.com\/danielmatos\/desembargador-jose-jorge-inicia-projeto-dialogos-com-corregedor-extrajudicial\/","name":"Desembargador Jos\u00e9 Jorge inicia projeto Di\u00e1logos com Corregedor Extrajudicial\u00a0 - Daniel Matos","isPartOf":{"@id":"https:\/\/www.blogsoestado.com\/danielmatos\/#website"},"primaryImageOfPage":{"@id":"https:\/\/www.blogsoestado.com\/danielmatos\/desembargador-jose-jorge-inicia-projeto-dialogos-com-corregedor-extrajudicial\/#primaryimage"},"image":{"@id":"https:\/\/www.blogsoestado.com\/danielmatos\/desembargador-jose-jorge-inicia-projeto-dialogos-com-corregedor-extrajudicial\/#primaryimage"},"thumbnailUrl":"https:\/\/www.blogsoestado.com\/danielmatos\/wp-content\/uploads\/sites\/2\/2025\/08\/1003440777-1024x768.png","datePublished":"2025-08-26T20:36:21+00:00","dateModified":"2025-08-26T20:36:24+00:00","author":{"@id":"https:\/\/www.blogsoestado.com\/danielmatos\/#\/schema\/person\/9a209d407cd45631f131e1285b661bb0"},"breadcrumb":{"@id":"https:\/\/www.blogsoestado.com\/danielmatos\/desembargador-jose-jorge-inicia-projeto-dialogos-com-corregedor-extrajudicial\/#breadcrumb"},"inLanguage":"pt-BR","potentialAction":[{"@type":"ReadAction","target":["https:\/\/www.blogsoestado.com\/danielmatos\/desembargador-jose-jorge-inicia-projeto-dialogos-com-corregedor-extrajudicial\/"]}]},{"@type":"ImageObject","inLanguage":"pt-BR","@id":"https:\/\/www.blogsoestado.com\/danielmatos\/desembargador-jose-jorge-inicia-projeto-dialogos-com-corregedor-extrajudicial\/#primaryimage","url":"https:\/\/www.blogsoestado.com\/danielmatos\/wp-content\/uploads\/sites\/2\/2025\/08\/1003440777.png","contentUrl":"https:\/\/www.blogsoestado.com\/danielmatos\/wp-content\/uploads\/sites\/2\/2025\/08\/1003440777.png","width":1280,"height":960},{"@type":"BreadcrumbList","@id":"https:\/\/www.blogsoestado.com\/danielmatos\/desembargador-jose-jorge-inicia-projeto-dialogos-com-corregedor-extrajudicial\/#breadcrumb","itemListElement":[{"@type":"ListItem","position":1,"name":"In\u00edcio","item":"https:\/\/www.blogsoestado.com\/danielmatos\/"},{"@type":"ListItem","position":2,"name":"Desembargador Jos\u00e9 Jorge inicia projeto Di\u00e1logos com Corregedor Extrajudicial\u00a0"}]},{"@type":"WebSite","@id":"https:\/\/www.blogsoestado.com\/danielmatos\/#website","url":"https:\/\/www.blogsoestado.com\/danielmatos\/","name":"Daniel Matos","description":"","potentialAction":[{"@type":"SearchAction","target":{"@type":"EntryPoint","urlTemplate":"https:\/\/www.blogsoestado.com\/danielmatos\/?s={search_term_string}"},"query-input":{"@type":"PropertyValueSpecification","valueRequired":true,"valueName":"search_term_string"}}],"inLanguage":"pt-BR"},{"@type":"Person","@id":"https:\/\/www.blogsoestado.com\/danielmatos\/#\/schema\/person\/9a209d407cd45631f131e1285b661bb0","name":"Daniel Matos","image":{"@type":"ImageObject","inLanguage":"pt-BR","@id":"https:\/\/www.blogsoestado.com\/danielmatos\/#\/schema\/person\/image\/","url":"https:\/\/secure.gravatar.com\/avatar\/2f26c36ee355da19a257f0dfef43952a2588b324ca35d6719e859fe338ac0392?s=96&d=mm&r=g","contentUrl":"https:\/\/secure.gravatar.com\/avatar\/2f26c36ee355da19a257f0dfef43952a2588b324ca35d6719e859fe338ac0392?s=96&d=mm&r=g","caption":"Daniel Matos"},"url":"https:\/\/www.blogsoestado.com\/danielmatos\/author\/danielmatos\/"}]}},"jetpack_featured_media_url":"","_links":{"self":[{"href":"https:\/\/www.blogsoestado.com\/danielmatos\/wp-json\/wp\/v2\/posts\/147699","targetHints":{"allow":["GET"]}}],"collection":[{"href":"https:\/\/www.blogsoestado.com\/danielmatos\/wp-json\/wp\/v2\/posts"}],"about":[{"href":"https:\/\/www.blogsoestado.com\/danielmatos\/wp-json\/wp\/v2\/types\/post"}],"author":[{"embeddable":true,"href":"https:\/\/www.blogsoestado.com\/danielmatos\/wp-json\/wp\/v2\/users\/2"}],"replies":[{"embeddable":true,"href":"https:\/\/www.blogsoestado.com\/danielmatos\/wp-json\/wp\/v2\/comments?post=147699"}],"version-history":[{"count":1,"href":"https:\/\/www.blogsoestado.com\/danielmatos\/wp-json\/wp\/v2\/posts\/147699\/revisions"}],"predecessor-version":[{"id":147701,"href":"https:\/\/www.blogsoestado.com\/danielmatos\/wp-json\/wp\/v2\/posts\/147699\/revisions\/147701"}],"wp:attachment":[{"href":"https:\/\/www.blogsoestado.com\/danielmatos\/wp-json\/wp\/v2\/media?parent=147699"}],"wp:term":[{"taxonomy":"category","embeddable":true,"href":"https:\/\/www.blogsoestado.com\/danielmatos\/wp-json\/wp\/v2\/categories?post=147699"},{"taxonomy":"post_tag","embeddable":true,"href":"https:\/\/www.blogsoestado.com\/danielmatos\/wp-json\/wp\/v2\/tags?post=147699"}],"curies":[{"name":"wp","href":"https:\/\/api.w.org\/{rel}","templated":true}]}}