{"id":147702,"date":"2025-08-26T22:49:03","date_gmt":"2025-08-27T01:49:03","guid":{"rendered":"https:\/\/www.blogsoestado.com\/danielmatos\/?p=147702"},"modified":"2025-08-26T22:49:07","modified_gmt":"2025-08-27T01:49:07","slug":"ricardo-arruda-diz-que-ampliacao-da-agemsul-incomoda-oposicao-por-causa-do-trabalho-que-e-feito-na-regiao-tocantina","status":"publish","type":"post","link":"https:\/\/www.blogsoestado.com\/danielmatos\/ricardo-arruda-diz-que-ampliacao-da-agemsul-incomoda-oposicao-por-causa-do-trabalho-que-e-feito-na-regiao-tocantina\/","title":{"rendered":"Ricardo Arruda diz que amplia\u00e7\u00e3o da Agemsul incomoda oposi\u00e7\u00e3o por causa do trabalho que \u00e9 feito na Regi\u00e3o Tocantina"},"content":{"rendered":"\n<figure class=\"wp-block-image aligncenter size-large\"><img fetchpriority=\"high\" decoding=\"async\" width=\"1024\" height=\"682\" src=\"https:\/\/www.blogsoestado.com\/danielmatos\/wp-content\/uploads\/sites\/2\/2025\/08\/1003444363-1024x682.jpg\" alt=\"\" class=\"wp-image-147703\" srcset=\"https:\/\/www.blogsoestado.com\/danielmatos\/wp-content\/uploads\/sites\/2\/2025\/08\/1003444363-1024x682.jpg 1024w, https:\/\/www.blogsoestado.com\/danielmatos\/wp-content\/uploads\/sites\/2\/2025\/08\/1003444363-300x200.jpg 300w, https:\/\/www.blogsoestado.com\/danielmatos\/wp-content\/uploads\/sites\/2\/2025\/08\/1003444363-768x512.jpg 768w, https:\/\/www.blogsoestado.com\/danielmatos\/wp-content\/uploads\/sites\/2\/2025\/08\/1003444363-1536x1023.jpg 1536w, https:\/\/www.blogsoestado.com\/danielmatos\/wp-content\/uploads\/sites\/2\/2025\/08\/1003444363.jpg 1600w\" sizes=\"(max-width: 1024px) 100vw, 1024px\" \/><figcaption class=\"wp-element-caption\">O deputado estadual Ricardo Arruda destacou que as obras s\u00e3o prioridades apontadas pelos prefeitos dos munic\u00edpios da Regi\u00e3o Tocantina <\/figcaption><\/figure>\n\n\n\n<p>O deputado Ricardo Arruda (MDB), defendeu, na sess\u00e3o desta ter\u00e7a-feira (26), a aprova\u00e7\u00e3o do Projeto de Lei n\u2070 359\/2025, que amplia a atua\u00e7\u00e3o da Ag\u00eancia Executiva Metropolitana do Sudoeste Maranhense (Agemsul) e ressaltou que a medida incomoda a oposi\u00e7\u00e3o porque o \u00f3rg\u00e3o estadual realiza, hoje, o programa de obras mais ambicioso da hist\u00f3ria da Regi\u00e3o Tocantina.<\/p>\n\n\n\n<p>\u201cN\u00f3s precisamos ter uma estrutura compat\u00edvel com essas demandas\u201d, disse, referindo-se \u00e0s mais de 220 obras que est\u00e3o sendo executadas pela Agemsul.<\/p>\n\n\n\n<p>Segundo o parlamentar, essas obras s\u00e3o prioridades apontadas pelos prefeitos dos munic\u00edpios da regi\u00e3o. Em sua fala, ele citou cidades como S\u00e3o Jo\u00e3o do Para\u00edso, S\u00edtio Novo, Campestre do Maranh\u00e3o, Amarante e S\u00edtio Novo.<\/p>\n\n\n\n<p>Ricardo Arruda afirmou, ainda, que a oposi\u00e7\u00e3o busca deturpar a discuss\u00e3o sobre o assunto, tentando tirar o foco do que realmente importa.<\/p>\n\n\n\n<p>\u201cA oposi\u00e7\u00e3o tenta deturpar o verdadeiro debate e a necessidade que o Estado tem de aproximar as suas a\u00e7\u00f5es dos munic\u00edpios, de permitir que os prefeitos tenham acesso mais facilitado \u00e0s inst\u00e2ncias do governo e garantir que as obras sejam executadas com mais qualidade\u201d, destacou.<\/p>\n","protected":false},"excerpt":{"rendered":"<p>O deputado Ricardo Arruda (MDB), defendeu, na sess\u00e3o desta ter\u00e7a-feira (26), a aprova\u00e7\u00e3o do Projeto de Lei n\u2070 359\/2025, que [&hellip;]<\/p>\n","protected":false},"author":2,"featured_media":0,"comment_status":"open","ping_status":"open","sticky":false,"template":"","format":"standard","meta":{"site-sidebar-layout":"default","site-content-layout":"","ast-site-content-layout":"default","site-content-style":"default","site-sidebar-style":"default","ast-global-header-display":"","ast-banner-title-visibility":"","ast-main-header-display":"","ast-hfb-above-header-display":"","ast-hfb-below-header-display":"","ast-hfb-mobile-header-display":"","site-post-title":"","ast-breadcrumbs-content":"","ast-featured-img":"","footer-sml-layout":"","ast-disable-related-posts":"","theme-transparent-header-meta":"","adv-header-id-meta":"","stick-header-meta":"","header-above-stick-meta":"","header-main-stick-meta":"","header-below-stick-meta":"","astra-migrate-meta-layouts":"default","ast-page-background-enabled":"default","ast-page-background-meta":{"desktop":{"background-color":"var(--ast-global-color-5)","background-image":"","background-repeat":"repeat","background-position":"center center","background-size":"auto","background-attachment":"scroll","background-type":"","background-media":"","overlay-type":"","overlay-color":"","overlay-opacity":"","overlay-gradient":""},"tablet":{"background-color":"","background-image":"","background-repeat":"repeat","background-position":"center center","background-size":"auto","background-attachment":"scroll","background-type":"","background-media":"","overlay-type":"","overlay-color":"","overlay-opacity":"","overlay-gradient":""},"mobile":{"background-color":"","background-image":"","background-repeat":"repeat","background-position":"center center","background-size":"auto","background-attachment":"scroll","background-type":"","background-media":"","overlay-type":"","overlay-color":"","overlay-opacity":"","overlay-gradient":""}},"ast-content-background-meta":{"desktop":{"background-color":"var(--ast-global-color-4)","background-image":"","background-repeat":"repeat","background-position":"center center","background-size":"auto","background-attachment":"scroll","background-type":"","background-media":"","overlay-type":"","overlay-color":"","overlay-opacity":"","overlay-gradient":""},"tablet":{"background-color":"var(--ast-global-color-4)","background-image":"","background-repeat":"repeat","background-position":"center center","background-size":"auto","background-attachment":"scroll","background-type":"","background-media":"","overlay-type":"","overlay-color":"","overlay-opacity":"","overlay-gradient":""},"mobile":{"background-color":"var(--ast-global-color-4)","background-image":"","background-repeat":"repeat","background-position":"center center","background-size":"auto","background-attachment":"scroll","background-type":"","background-media":"","overlay-type":"","overlay-color":"","overlay-opacity":"","overlay-gradient":""}},"footnotes":""},"categories":[1],"tags":[],"class_list":["post-147702","post","type-post","status-publish","format-standard","hentry","category-sem-categoria"],"yoast_head":"<!-- This site is optimized with the Yoast SEO plugin v26.6 - https:\/\/yoast.com\/wordpress\/plugins\/seo\/ -->\n<title>Ricardo Arruda diz que amplia\u00e7\u00e3o da Agemsul incomoda oposi\u00e7\u00e3o por causa do trabalho que \u00e9 feito na Regi\u00e3o Tocantina - Daniel Matos<\/title>\n<meta name=\"robots\" content=\"index, follow, max-snippet:-1, max-image-preview:large, max-video-preview:-1\" \/>\n<link rel=\"canonical\" href=\"https:\/\/www.blogsoestado.com\/danielmatos\/ricardo-arruda-diz-que-ampliacao-da-agemsul-incomoda-oposicao-por-causa-do-trabalho-que-e-feito-na-regiao-tocantina\/\" \/>\n<meta property=\"og:locale\" content=\"pt_BR\" \/>\n<meta property=\"og:type\" content=\"article\" \/>\n<meta property=\"og:title\" content=\"Ricardo Arruda diz que amplia\u00e7\u00e3o da Agemsul incomoda oposi\u00e7\u00e3o por causa do trabalho que \u00e9 feito na Regi\u00e3o Tocantina - Daniel Matos\" \/>\n<meta property=\"og:description\" content=\"O deputado Ricardo Arruda (MDB), defendeu, na sess\u00e3o desta ter\u00e7a-feira (26), a aprova\u00e7\u00e3o do Projeto de Lei n\u2070 359\/2025, que [&hellip;]\" \/>\n<meta property=\"og:url\" content=\"https:\/\/www.blogsoestado.com\/danielmatos\/ricardo-arruda-diz-que-ampliacao-da-agemsul-incomoda-oposicao-por-causa-do-trabalho-que-e-feito-na-regiao-tocantina\/\" \/>\n<meta property=\"og:site_name\" content=\"Daniel Matos\" \/>\n<meta property=\"article:published_time\" content=\"2025-08-27T01:49:03+00:00\" \/>\n<meta property=\"article:modified_time\" content=\"2025-08-27T01:49:07+00:00\" \/>\n<meta property=\"og:image\" content=\"https:\/\/www.blogsoestado.com\/danielmatos\/wp-content\/uploads\/sites\/2\/2025\/08\/1003444363.jpg\" \/>\n\t<meta property=\"og:image:width\" content=\"1600\" \/>\n\t<meta property=\"og:image:height\" content=\"1066\" \/>\n\t<meta property=\"og:image:type\" content=\"image\/jpeg\" \/>\n<meta name=\"author\" content=\"Daniel Matos\" \/>\n<meta name=\"twitter:card\" content=\"summary_large_image\" \/>\n<meta name=\"twitter:label1\" content=\"Escrito por\" \/>\n\t<meta name=\"twitter:data1\" content=\"Daniel Matos\" \/>\n\t<meta name=\"twitter:label2\" content=\"Est. tempo de leitura\" \/>\n\t<meta name=\"twitter:data2\" content=\"2 minutos\" \/>\n<script type=\"application\/ld+json\" class=\"yoast-schema-graph\">{\"@context\":\"https:\/\/schema.org\",\"@graph\":[{\"@type\":\"WebPage\",\"@id\":\"https:\/\/www.blogsoestado.com\/danielmatos\/ricardo-arruda-diz-que-ampliacao-da-agemsul-incomoda-oposicao-por-causa-do-trabalho-que-e-feito-na-regiao-tocantina\/\",\"url\":\"https:\/\/www.blogsoestado.com\/danielmatos\/ricardo-arruda-diz-que-ampliacao-da-agemsul-incomoda-oposicao-por-causa-do-trabalho-que-e-feito-na-regiao-tocantina\/\",\"name\":\"Ricardo Arruda diz que amplia\u00e7\u00e3o da Agemsul incomoda oposi\u00e7\u00e3o por causa do trabalho que \u00e9 feito na Regi\u00e3o Tocantina - Daniel Matos\",\"isPartOf\":{\"@id\":\"https:\/\/www.blogsoestado.com\/danielmatos\/#website\"},\"primaryImageOfPage\":{\"@id\":\"https:\/\/www.blogsoestado.com\/danielmatos\/ricardo-arruda-diz-que-ampliacao-da-agemsul-incomoda-oposicao-por-causa-do-trabalho-que-e-feito-na-regiao-tocantina\/#primaryimage\"},\"image\":{\"@id\":\"https:\/\/www.blogsoestado.com\/danielmatos\/ricardo-arruda-diz-que-ampliacao-da-agemsul-incomoda-oposicao-por-causa-do-trabalho-que-e-feito-na-regiao-tocantina\/#primaryimage\"},\"thumbnailUrl\":\"https:\/\/www.blogsoestado.com\/danielmatos\/wp-content\/uploads\/sites\/2\/2025\/08\/1003444363-1024x682.jpg\",\"datePublished\":\"2025-08-27T01:49:03+00:00\",\"dateModified\":\"2025-08-27T01:49:07+00:00\",\"author\":{\"@id\":\"https:\/\/www.blogsoestado.com\/danielmatos\/#\/schema\/person\/9a209d407cd45631f131e1285b661bb0\"},\"breadcrumb\":{\"@id\":\"https:\/\/www.blogsoestado.com\/danielmatos\/ricardo-arruda-diz-que-ampliacao-da-agemsul-incomoda-oposicao-por-causa-do-trabalho-que-e-feito-na-regiao-tocantina\/#breadcrumb\"},\"inLanguage\":\"pt-BR\",\"potentialAction\":[{\"@type\":\"ReadAction\",\"target\":[\"https:\/\/www.blogsoestado.com\/danielmatos\/ricardo-arruda-diz-que-ampliacao-da-agemsul-incomoda-oposicao-por-causa-do-trabalho-que-e-feito-na-regiao-tocantina\/\"]}]},{\"@type\":\"ImageObject\",\"inLanguage\":\"pt-BR\",\"@id\":\"https:\/\/www.blogsoestado.com\/danielmatos\/ricardo-arruda-diz-que-ampliacao-da-agemsul-incomoda-oposicao-por-causa-do-trabalho-que-e-feito-na-regiao-tocantina\/#primaryimage\",\"url\":\"https:\/\/www.blogsoestado.com\/danielmatos\/wp-content\/uploads\/sites\/2\/2025\/08\/1003444363.jpg\",\"contentUrl\":\"https:\/\/www.blogsoestado.com\/danielmatos\/wp-content\/uploads\/sites\/2\/2025\/08\/1003444363.jpg\",\"width\":1600,\"height\":1066},{\"@type\":\"BreadcrumbList\",\"@id\":\"https:\/\/www.blogsoestado.com\/danielmatos\/ricardo-arruda-diz-que-ampliacao-da-agemsul-incomoda-oposicao-por-causa-do-trabalho-que-e-feito-na-regiao-tocantina\/#breadcrumb\",\"itemListElement\":[{\"@type\":\"ListItem\",\"position\":1,\"name\":\"In\u00edcio\",\"item\":\"https:\/\/www.blogsoestado.com\/danielmatos\/\"},{\"@type\":\"ListItem\",\"position\":2,\"name\":\"Ricardo Arruda diz que amplia\u00e7\u00e3o da Agemsul incomoda oposi\u00e7\u00e3o por causa do trabalho que \u00e9 feito na Regi\u00e3o Tocantina\"}]},{\"@type\":\"WebSite\",\"@id\":\"https:\/\/www.blogsoestado.com\/danielmatos\/#website\",\"url\":\"https:\/\/www.blogsoestado.com\/danielmatos\/\",\"name\":\"Daniel Matos\",\"description\":\"\",\"potentialAction\":[{\"@type\":\"SearchAction\",\"target\":{\"@type\":\"EntryPoint\",\"urlTemplate\":\"https:\/\/www.blogsoestado.com\/danielmatos\/?s={search_term_string}\"},\"query-input\":{\"@type\":\"PropertyValueSpecification\",\"valueRequired\":true,\"valueName\":\"search_term_string\"}}],\"inLanguage\":\"pt-BR\"},{\"@type\":\"Person\",\"@id\":\"https:\/\/www.blogsoestado.com\/danielmatos\/#\/schema\/person\/9a209d407cd45631f131e1285b661bb0\",\"name\":\"Daniel Matos\",\"image\":{\"@type\":\"ImageObject\",\"inLanguage\":\"pt-BR\",\"@id\":\"https:\/\/www.blogsoestado.com\/danielmatos\/#\/schema\/person\/image\/\",\"url\":\"https:\/\/secure.gravatar.com\/avatar\/2f26c36ee355da19a257f0dfef43952a2588b324ca35d6719e859fe338ac0392?s=96&d=mm&r=g\",\"contentUrl\":\"https:\/\/secure.gravatar.com\/avatar\/2f26c36ee355da19a257f0dfef43952a2588b324ca35d6719e859fe338ac0392?s=96&d=mm&r=g\",\"caption\":\"Daniel Matos\"},\"url\":\"https:\/\/www.blogsoestado.com\/danielmatos\/author\/danielmatos\/\"}]}<\/script>\n<!-- \/ Yoast SEO plugin. -->","yoast_head_json":{"title":"Ricardo Arruda diz que amplia\u00e7\u00e3o da Agemsul incomoda oposi\u00e7\u00e3o por causa do trabalho que \u00e9 feito na Regi\u00e3o Tocantina - Daniel Matos","robots":{"index":"index","follow":"follow","max-snippet":"max-snippet:-1","max-image-preview":"max-image-preview:large","max-video-preview":"max-video-preview:-1"},"canonical":"https:\/\/www.blogsoestado.com\/danielmatos\/ricardo-arruda-diz-que-ampliacao-da-agemsul-incomoda-oposicao-por-causa-do-trabalho-que-e-feito-na-regiao-tocantina\/","og_locale":"pt_BR","og_type":"article","og_title":"Ricardo Arruda diz que amplia\u00e7\u00e3o da Agemsul incomoda oposi\u00e7\u00e3o por causa do trabalho que \u00e9 feito na Regi\u00e3o Tocantina - Daniel Matos","og_description":"O deputado Ricardo Arruda (MDB), defendeu, na sess\u00e3o desta ter\u00e7a-feira (26), a aprova\u00e7\u00e3o do Projeto de Lei n\u2070 359\/2025, que [&hellip;]","og_url":"https:\/\/www.blogsoestado.com\/danielmatos\/ricardo-arruda-diz-que-ampliacao-da-agemsul-incomoda-oposicao-por-causa-do-trabalho-que-e-feito-na-regiao-tocantina\/","og_site_name":"Daniel Matos","article_published_time":"2025-08-27T01:49:03+00:00","article_modified_time":"2025-08-27T01:49:07+00:00","og_image":[{"width":1600,"height":1066,"url":"https:\/\/www.blogsoestado.com\/danielmatos\/wp-content\/uploads\/sites\/2\/2025\/08\/1003444363.jpg","type":"image\/jpeg"}],"author":"Daniel Matos","twitter_card":"summary_large_image","twitter_misc":{"Escrito por":"Daniel Matos","Est. tempo de leitura":"2 minutos"},"schema":{"@context":"https:\/\/schema.org","@graph":[{"@type":"WebPage","@id":"https:\/\/www.blogsoestado.com\/danielmatos\/ricardo-arruda-diz-que-ampliacao-da-agemsul-incomoda-oposicao-por-causa-do-trabalho-que-e-feito-na-regiao-tocantina\/","url":"https:\/\/www.blogsoestado.com\/danielmatos\/ricardo-arruda-diz-que-ampliacao-da-agemsul-incomoda-oposicao-por-causa-do-trabalho-que-e-feito-na-regiao-tocantina\/","name":"Ricardo Arruda diz que amplia\u00e7\u00e3o da Agemsul incomoda oposi\u00e7\u00e3o por causa do trabalho que \u00e9 feito na Regi\u00e3o Tocantina - Daniel Matos","isPartOf":{"@id":"https:\/\/www.blogsoestado.com\/danielmatos\/#website"},"primaryImageOfPage":{"@id":"https:\/\/www.blogsoestado.com\/danielmatos\/ricardo-arruda-diz-que-ampliacao-da-agemsul-incomoda-oposicao-por-causa-do-trabalho-que-e-feito-na-regiao-tocantina\/#primaryimage"},"image":{"@id":"https:\/\/www.blogsoestado.com\/danielmatos\/ricardo-arruda-diz-que-ampliacao-da-agemsul-incomoda-oposicao-por-causa-do-trabalho-que-e-feito-na-regiao-tocantina\/#primaryimage"},"thumbnailUrl":"https:\/\/www.blogsoestado.com\/danielmatos\/wp-content\/uploads\/sites\/2\/2025\/08\/1003444363-1024x682.jpg","datePublished":"2025-08-27T01:49:03+00:00","dateModified":"2025-08-27T01:49:07+00:00","author":{"@id":"https:\/\/www.blogsoestado.com\/danielmatos\/#\/schema\/person\/9a209d407cd45631f131e1285b661bb0"},"breadcrumb":{"@id":"https:\/\/www.blogsoestado.com\/danielmatos\/ricardo-arruda-diz-que-ampliacao-da-agemsul-incomoda-oposicao-por-causa-do-trabalho-que-e-feito-na-regiao-tocantina\/#breadcrumb"},"inLanguage":"pt-BR","potentialAction":[{"@type":"ReadAction","target":["https:\/\/www.blogsoestado.com\/danielmatos\/ricardo-arruda-diz-que-ampliacao-da-agemsul-incomoda-oposicao-por-causa-do-trabalho-que-e-feito-na-regiao-tocantina\/"]}]},{"@type":"ImageObject","inLanguage":"pt-BR","@id":"https:\/\/www.blogsoestado.com\/danielmatos\/ricardo-arruda-diz-que-ampliacao-da-agemsul-incomoda-oposicao-por-causa-do-trabalho-que-e-feito-na-regiao-tocantina\/#primaryimage","url":"https:\/\/www.blogsoestado.com\/danielmatos\/wp-content\/uploads\/sites\/2\/2025\/08\/1003444363.jpg","contentUrl":"https:\/\/www.blogsoestado.com\/danielmatos\/wp-content\/uploads\/sites\/2\/2025\/08\/1003444363.jpg","width":1600,"height":1066},{"@type":"BreadcrumbList","@id":"https:\/\/www.blogsoestado.com\/danielmatos\/ricardo-arruda-diz-que-ampliacao-da-agemsul-incomoda-oposicao-por-causa-do-trabalho-que-e-feito-na-regiao-tocantina\/#breadcrumb","itemListElement":[{"@type":"ListItem","position":1,"name":"In\u00edcio","item":"https:\/\/www.blogsoestado.com\/danielmatos\/"},{"@type":"ListItem","position":2,"name":"Ricardo Arruda diz que amplia\u00e7\u00e3o da Agemsul incomoda oposi\u00e7\u00e3o por causa do trabalho que \u00e9 feito na Regi\u00e3o Tocantina"}]},{"@type":"WebSite","@id":"https:\/\/www.blogsoestado.com\/danielmatos\/#website","url":"https:\/\/www.blogsoestado.com\/danielmatos\/","name":"Daniel Matos","description":"","potentialAction":[{"@type":"SearchAction","target":{"@type":"EntryPoint","urlTemplate":"https:\/\/www.blogsoestado.com\/danielmatos\/?s={search_term_string}"},"query-input":{"@type":"PropertyValueSpecification","valueRequired":true,"valueName":"search_term_string"}}],"inLanguage":"pt-BR"},{"@type":"Person","@id":"https:\/\/www.blogsoestado.com\/danielmatos\/#\/schema\/person\/9a209d407cd45631f131e1285b661bb0","name":"Daniel Matos","image":{"@type":"ImageObject","inLanguage":"pt-BR","@id":"https:\/\/www.blogsoestado.com\/danielmatos\/#\/schema\/person\/image\/","url":"https:\/\/secure.gravatar.com\/avatar\/2f26c36ee355da19a257f0dfef43952a2588b324ca35d6719e859fe338ac0392?s=96&d=mm&r=g","contentUrl":"https:\/\/secure.gravatar.com\/avatar\/2f26c36ee355da19a257f0dfef43952a2588b324ca35d6719e859fe338ac0392?s=96&d=mm&r=g","caption":"Daniel Matos"},"url":"https:\/\/www.blogsoestado.com\/danielmatos\/author\/danielmatos\/"}]}},"jetpack_featured_media_url":"","_links":{"self":[{"href":"https:\/\/www.blogsoestado.com\/danielmatos\/wp-json\/wp\/v2\/posts\/147702","targetHints":{"allow":["GET"]}}],"collection":[{"href":"https:\/\/www.blogsoestado.com\/danielmatos\/wp-json\/wp\/v2\/posts"}],"about":[{"href":"https:\/\/www.blogsoestado.com\/danielmatos\/wp-json\/wp\/v2\/types\/post"}],"author":[{"embeddable":true,"href":"https:\/\/www.blogsoestado.com\/danielmatos\/wp-json\/wp\/v2\/users\/2"}],"replies":[{"embeddable":true,"href":"https:\/\/www.blogsoestado.com\/danielmatos\/wp-json\/wp\/v2\/comments?post=147702"}],"version-history":[{"count":1,"href":"https:\/\/www.blogsoestado.com\/danielmatos\/wp-json\/wp\/v2\/posts\/147702\/revisions"}],"predecessor-version":[{"id":147704,"href":"https:\/\/www.blogsoestado.com\/danielmatos\/wp-json\/wp\/v2\/posts\/147702\/revisions\/147704"}],"wp:attachment":[{"href":"https:\/\/www.blogsoestado.com\/danielmatos\/wp-json\/wp\/v2\/media?parent=147702"}],"wp:term":[{"taxonomy":"category","embeddable":true,"href":"https:\/\/www.blogsoestado.com\/danielmatos\/wp-json\/wp\/v2\/categories?post=147702"},{"taxonomy":"post_tag","embeddable":true,"href":"https:\/\/www.blogsoestado.com\/danielmatos\/wp-json\/wp\/v2\/tags?post=147702"}],"curies":[{"name":"wp","href":"https:\/\/api.w.org\/{rel}","templated":true}]}}