{"id":147705,"date":"2025-08-26T23:00:42","date_gmt":"2025-08-27T02:00:42","guid":{"rendered":"https:\/\/www.blogsoestado.com\/danielmatos\/?p=147705"},"modified":"2025-08-26T23:00:45","modified_gmt":"2025-08-27T02:00:45","slug":"florencio-neto-rebate-criticas-da-oposicao-ao-programa-to-conectado-do-governo-do-estado","status":"publish","type":"post","link":"https:\/\/www.blogsoestado.com\/danielmatos\/florencio-neto-rebate-criticas-da-oposicao-ao-programa-to-conectado-do-governo-do-estado\/","title":{"rendered":"Flor\u00eancio Neto rebate cr\u00edticas da oposi\u00e7\u00e3o ao programa T\u00f4 Conectado, do Governo do Estado"},"content":{"rendered":"\n<figure class=\"wp-block-image aligncenter size-large\"><img fetchpriority=\"high\" decoding=\"async\" width=\"1024\" height=\"683\" src=\"https:\/\/www.blogsoestado.com\/danielmatos\/wp-content\/uploads\/sites\/2\/2025\/08\/1003444445-1024x683.jpg\" alt=\"\" class=\"wp-image-147706\" srcset=\"https:\/\/www.blogsoestado.com\/danielmatos\/wp-content\/uploads\/sites\/2\/2025\/08\/1003444445-1024x683.jpg 1024w, https:\/\/www.blogsoestado.com\/danielmatos\/wp-content\/uploads\/sites\/2\/2025\/08\/1003444445-300x200.jpg 300w, https:\/\/www.blogsoestado.com\/danielmatos\/wp-content\/uploads\/sites\/2\/2025\/08\/1003444445-768x512.jpg 768w, https:\/\/www.blogsoestado.com\/danielmatos\/wp-content\/uploads\/sites\/2\/2025\/08\/1003444445-1536x1024.jpg 1536w, https:\/\/www.blogsoestado.com\/danielmatos\/wp-content\/uploads\/sites\/2\/2025\/08\/1003444445-2048x1366.jpg 2048w\" sizes=\"(max-width: 1024px) 100vw, 1024px\" \/><figcaption class=\"wp-element-caption\">O deputado estadual Flor\u00eancio Neto ressaltou a lisura de todo o procedimento realizado pelo Governo do Maranh\u00e3o<\/figcaption><\/figure>\n\n\n\n<p>Ao repercutir o sucesso do programa T\u00f4 Conectado e o acerto do governador Carlos Brand\u00e3o (PSB), na sess\u00e3o desta ter\u00e7a-feira (26), na Assembleia Legislativa, o deputado Flor\u00eancio Neto (PSB) fez uma dura cr\u00edtica \u00e0 postura do grupo oposicionista, que tenta a todo custo diminuir o impacto positivo da iniciativa para a educa\u00e7\u00e3o maranhense. Em outro momento, o parlamentar tamb\u00e9m rebateu den\u00fancia de oposicionistas sobre um suposto superfaturamento na compra dos tablets distribu\u00eddos aos estudantes pelo governo.<\/p>\n\n\n\n<p>O parlamentar, entre os pontos rebatidos, afirmou que os equipamentos adquiridos pelo Maranh\u00e3o possuem especifica\u00e7\u00f5es t\u00e9cnicas diferentes das que constam em processo licitat\u00f3rio do Cear\u00e1, que foi citado pela oposi\u00e7\u00e3o.<\/p>\n\n\n\n<p>Flor\u00eancio Neto ressaltou a lisura de todo o procedimento realizado pelo Governo do Maranh\u00e3o. \u201cEsse processo foi transparente, vantajoso e j\u00e1 recebeu pedidos formais de ades\u00e3o dos estados da Bahia e do pr\u00f3prio Cear\u00e1, que iniciou a licita\u00e7\u00e3o em 2022\u201d, assinalou.<\/p>\n\n\n\n<p>Em aparte, a deputada Ana do G\u00e1s (PCdoB) assinalou a diferen\u00e7a t\u00e9cnica entre os modelos que constam nos processos do Maranh\u00e3o e Cear\u00e1. \u201cQuando ele diz que os tablets s\u00e3o \u2018xing ling\u2019, desqualifica o esfor\u00e7o do governo em oferecer tecnologia de qualidade aos alunos\u201d, falou, fazendo refer\u00eancia \u00e0 fala do deputado Rodrigo Lago (PCdoB).<\/p>\n\n\n\n<p>O deputado Ricardo Arruda (MDB) destacou que o fato do Cear\u00e1 e da Bahia terem solicitado ades\u00e3o \u00e0 ata maranhense comprova a lisura e a compatibilidade de pre\u00e7os do produto. \u201cSuspender esse processo \u00e9 tamb\u00e9m questionar a conduta de servidores concursados que o conduziram\u201d, afirmou.<\/p>\n\n\n\n<p>O deputado Neto Evangelista (Uni\u00e3o), por sua vez, classificou as cr\u00edticas como inconsistentes. \u201cDisseram que os tablets eram os mesmos do Cear\u00e1 e mais caros, mas n\u00e3o s\u00e3o. O Cear\u00e1, inclusive, pediu ades\u00e3o \u00e0 ata do Maranh\u00e3o. Lamento a tentativa de atingir a imagem do governador com informa\u00e7\u00f5es que n\u00e3o procedem\u201d, concluiu.<\/p>\n\n\n\n<p><em><strong>Age igual<\/strong><\/em><\/p>\n\n\n\n<p>Em fala antes, Flor\u00eancio Neto ressaltou que a oposi\u00e7\u00e3o age com o T\u00f4 Conectado da mesma maneira que se comportou na \u00e9poca do lan\u00e7amento do programa Maranh\u00e3o Livre da Fome. \u201cEu vi o programa Maranh\u00e3o Livre da Fome ser criticado nesta Assembleia e, aos poucos, come\u00e7a-se a verificar a import\u00e2ncia desse programa, quando explodem v\u00eddeos de todos os recantos desse Maranh\u00e3o de compra de cestas b\u00e1sicas por essas fam\u00edlias que est\u00e3o contempladas. E vejo, hoje, se amontoando cr\u00edticas contra o T\u00f4 Conectado. Mas, a pol\u00edtica educacional \u00e9 pensada a longo prazo\u201d, observou.<\/p>\n\n\n\n<p>O deputado assinalou, ainda, os avan\u00e7os que vir\u00e3o com a realiza\u00e7\u00e3o do programa. \u201cConectar quase 250 mil estudantes \u00e9 dizer a eles que, a partir de agora, os seus sonhos podem ganhar asas e se tornar realidade\u201d, destacou.<\/p>\n","protected":false},"excerpt":{"rendered":"<p>Ao repercutir o sucesso do programa T\u00f4 Conectado e o acerto do governador Carlos Brand\u00e3o (PSB), na sess\u00e3o desta ter\u00e7a-feira [&hellip;]<\/p>\n","protected":false},"author":2,"featured_media":0,"comment_status":"open","ping_status":"open","sticky":false,"template":"","format":"standard","meta":{"site-sidebar-layout":"default","site-content-layout":"","ast-site-content-layout":"default","site-content-style":"default","site-sidebar-style":"default","ast-global-header-display":"","ast-banner-title-visibility":"","ast-main-header-display":"","ast-hfb-above-header-display":"","ast-hfb-below-header-display":"","ast-hfb-mobile-header-display":"","site-post-title":"","ast-breadcrumbs-content":"","ast-featured-img":"","footer-sml-layout":"","ast-disable-related-posts":"","theme-transparent-header-meta":"","adv-header-id-meta":"","stick-header-meta":"","header-above-stick-meta":"","header-main-stick-meta":"","header-below-stick-meta":"","astra-migrate-meta-layouts":"default","ast-page-background-enabled":"default","ast-page-background-meta":{"desktop":{"background-color":"var(--ast-global-color-5)","background-image":"","background-repeat":"repeat","background-position":"center center","background-size":"auto","background-attachment":"scroll","background-type":"","background-media":"","overlay-type":"","overlay-color":"","overlay-opacity":"","overlay-gradient":""},"tablet":{"background-color":"","background-image":"","background-repeat":"repeat","background-position":"center center","background-size":"auto","background-attachment":"scroll","background-type":"","background-media":"","overlay-type":"","overlay-color":"","overlay-opacity":"","overlay-gradient":""},"mobile":{"background-color":"","background-image":"","background-repeat":"repeat","background-position":"center center","background-size":"auto","background-attachment":"scroll","background-type":"","background-media":"","overlay-type":"","overlay-color":"","overlay-opacity":"","overlay-gradient":""}},"ast-content-background-meta":{"desktop":{"background-color":"var(--ast-global-color-4)","background-image":"","background-repeat":"repeat","background-position":"center center","background-size":"auto","background-attachment":"scroll","background-type":"","background-media":"","overlay-type":"","overlay-color":"","overlay-opacity":"","overlay-gradient":""},"tablet":{"background-color":"var(--ast-global-color-4)","background-image":"","background-repeat":"repeat","background-position":"center center","background-size":"auto","background-attachment":"scroll","background-type":"","background-media":"","overlay-type":"","overlay-color":"","overlay-opacity":"","overlay-gradient":""},"mobile":{"background-color":"var(--ast-global-color-4)","background-image":"","background-repeat":"repeat","background-position":"center center","background-size":"auto","background-attachment":"scroll","background-type":"","background-media":"","overlay-type":"","overlay-color":"","overlay-opacity":"","overlay-gradient":""}},"footnotes":""},"categories":[1],"tags":[],"class_list":["post-147705","post","type-post","status-publish","format-standard","hentry","category-sem-categoria"],"yoast_head":"<!-- This site is optimized with the Yoast SEO plugin v26.6 - https:\/\/yoast.com\/wordpress\/plugins\/seo\/ -->\n<title>Flor\u00eancio Neto rebate cr\u00edticas da oposi\u00e7\u00e3o ao programa T\u00f4 Conectado, do Governo do Estado - Daniel Matos<\/title>\n<meta name=\"robots\" content=\"index, follow, max-snippet:-1, max-image-preview:large, max-video-preview:-1\" \/>\n<link rel=\"canonical\" href=\"https:\/\/www.blogsoestado.com\/danielmatos\/florencio-neto-rebate-criticas-da-oposicao-ao-programa-to-conectado-do-governo-do-estado\/\" \/>\n<meta property=\"og:locale\" content=\"pt_BR\" \/>\n<meta property=\"og:type\" content=\"article\" \/>\n<meta property=\"og:title\" content=\"Flor\u00eancio Neto rebate cr\u00edticas da oposi\u00e7\u00e3o ao programa T\u00f4 Conectado, do Governo do Estado - Daniel Matos\" \/>\n<meta property=\"og:description\" content=\"Ao repercutir o sucesso do programa T\u00f4 Conectado e o acerto do governador Carlos Brand\u00e3o (PSB), na sess\u00e3o desta ter\u00e7a-feira [&hellip;]\" \/>\n<meta property=\"og:url\" content=\"https:\/\/www.blogsoestado.com\/danielmatos\/florencio-neto-rebate-criticas-da-oposicao-ao-programa-to-conectado-do-governo-do-estado\/\" \/>\n<meta property=\"og:site_name\" content=\"Daniel Matos\" \/>\n<meta property=\"article:published_time\" content=\"2025-08-27T02:00:42+00:00\" \/>\n<meta property=\"article:modified_time\" content=\"2025-08-27T02:00:45+00:00\" \/>\n<meta property=\"og:image\" content=\"https:\/\/www.blogsoestado.com\/danielmatos\/wp-content\/uploads\/sites\/2\/2025\/08\/1003444445.jpg\" \/>\n\t<meta property=\"og:image:width\" content=\"2560\" \/>\n\t<meta property=\"og:image:height\" content=\"1707\" \/>\n\t<meta property=\"og:image:type\" content=\"image\/jpeg\" \/>\n<meta name=\"author\" content=\"Daniel Matos\" \/>\n<meta name=\"twitter:card\" content=\"summary_large_image\" \/>\n<meta name=\"twitter:label1\" content=\"Escrito por\" \/>\n\t<meta name=\"twitter:data1\" content=\"Daniel Matos\" \/>\n\t<meta name=\"twitter:label2\" content=\"Est. tempo de leitura\" \/>\n\t<meta name=\"twitter:data2\" content=\"3 minutos\" \/>\n<script type=\"application\/ld+json\" class=\"yoast-schema-graph\">{\"@context\":\"https:\/\/schema.org\",\"@graph\":[{\"@type\":\"WebPage\",\"@id\":\"https:\/\/www.blogsoestado.com\/danielmatos\/florencio-neto-rebate-criticas-da-oposicao-ao-programa-to-conectado-do-governo-do-estado\/\",\"url\":\"https:\/\/www.blogsoestado.com\/danielmatos\/florencio-neto-rebate-criticas-da-oposicao-ao-programa-to-conectado-do-governo-do-estado\/\",\"name\":\"Flor\u00eancio Neto rebate cr\u00edticas da oposi\u00e7\u00e3o ao programa T\u00f4 Conectado, do Governo do Estado - Daniel Matos\",\"isPartOf\":{\"@id\":\"https:\/\/www.blogsoestado.com\/danielmatos\/#website\"},\"primaryImageOfPage\":{\"@id\":\"https:\/\/www.blogsoestado.com\/danielmatos\/florencio-neto-rebate-criticas-da-oposicao-ao-programa-to-conectado-do-governo-do-estado\/#primaryimage\"},\"image\":{\"@id\":\"https:\/\/www.blogsoestado.com\/danielmatos\/florencio-neto-rebate-criticas-da-oposicao-ao-programa-to-conectado-do-governo-do-estado\/#primaryimage\"},\"thumbnailUrl\":\"https:\/\/www.blogsoestado.com\/danielmatos\/wp-content\/uploads\/sites\/2\/2025\/08\/1003444445-1024x683.jpg\",\"datePublished\":\"2025-08-27T02:00:42+00:00\",\"dateModified\":\"2025-08-27T02:00:45+00:00\",\"author\":{\"@id\":\"https:\/\/www.blogsoestado.com\/danielmatos\/#\/schema\/person\/9a209d407cd45631f131e1285b661bb0\"},\"breadcrumb\":{\"@id\":\"https:\/\/www.blogsoestado.com\/danielmatos\/florencio-neto-rebate-criticas-da-oposicao-ao-programa-to-conectado-do-governo-do-estado\/#breadcrumb\"},\"inLanguage\":\"pt-BR\",\"potentialAction\":[{\"@type\":\"ReadAction\",\"target\":[\"https:\/\/www.blogsoestado.com\/danielmatos\/florencio-neto-rebate-criticas-da-oposicao-ao-programa-to-conectado-do-governo-do-estado\/\"]}]},{\"@type\":\"ImageObject\",\"inLanguage\":\"pt-BR\",\"@id\":\"https:\/\/www.blogsoestado.com\/danielmatos\/florencio-neto-rebate-criticas-da-oposicao-ao-programa-to-conectado-do-governo-do-estado\/#primaryimage\",\"url\":\"https:\/\/www.blogsoestado.com\/danielmatos\/wp-content\/uploads\/sites\/2\/2025\/08\/1003444445.jpg\",\"contentUrl\":\"https:\/\/www.blogsoestado.com\/danielmatos\/wp-content\/uploads\/sites\/2\/2025\/08\/1003444445.jpg\",\"width\":2560,\"height\":1707},{\"@type\":\"BreadcrumbList\",\"@id\":\"https:\/\/www.blogsoestado.com\/danielmatos\/florencio-neto-rebate-criticas-da-oposicao-ao-programa-to-conectado-do-governo-do-estado\/#breadcrumb\",\"itemListElement\":[{\"@type\":\"ListItem\",\"position\":1,\"name\":\"In\u00edcio\",\"item\":\"https:\/\/www.blogsoestado.com\/danielmatos\/\"},{\"@type\":\"ListItem\",\"position\":2,\"name\":\"Flor\u00eancio Neto rebate cr\u00edticas da oposi\u00e7\u00e3o ao programa T\u00f4 Conectado, do Governo do Estado\"}]},{\"@type\":\"WebSite\",\"@id\":\"https:\/\/www.blogsoestado.com\/danielmatos\/#website\",\"url\":\"https:\/\/www.blogsoestado.com\/danielmatos\/\",\"name\":\"Daniel Matos\",\"description\":\"\",\"potentialAction\":[{\"@type\":\"SearchAction\",\"target\":{\"@type\":\"EntryPoint\",\"urlTemplate\":\"https:\/\/www.blogsoestado.com\/danielmatos\/?s={search_term_string}\"},\"query-input\":{\"@type\":\"PropertyValueSpecification\",\"valueRequired\":true,\"valueName\":\"search_term_string\"}}],\"inLanguage\":\"pt-BR\"},{\"@type\":\"Person\",\"@id\":\"https:\/\/www.blogsoestado.com\/danielmatos\/#\/schema\/person\/9a209d407cd45631f131e1285b661bb0\",\"name\":\"Daniel Matos\",\"image\":{\"@type\":\"ImageObject\",\"inLanguage\":\"pt-BR\",\"@id\":\"https:\/\/www.blogsoestado.com\/danielmatos\/#\/schema\/person\/image\/\",\"url\":\"https:\/\/secure.gravatar.com\/avatar\/2f26c36ee355da19a257f0dfef43952a2588b324ca35d6719e859fe338ac0392?s=96&d=mm&r=g\",\"contentUrl\":\"https:\/\/secure.gravatar.com\/avatar\/2f26c36ee355da19a257f0dfef43952a2588b324ca35d6719e859fe338ac0392?s=96&d=mm&r=g\",\"caption\":\"Daniel Matos\"},\"url\":\"https:\/\/www.blogsoestado.com\/danielmatos\/author\/danielmatos\/\"}]}<\/script>\n<!-- \/ Yoast SEO plugin. -->","yoast_head_json":{"title":"Flor\u00eancio Neto rebate cr\u00edticas da oposi\u00e7\u00e3o ao programa T\u00f4 Conectado, do Governo do Estado - Daniel Matos","robots":{"index":"index","follow":"follow","max-snippet":"max-snippet:-1","max-image-preview":"max-image-preview:large","max-video-preview":"max-video-preview:-1"},"canonical":"https:\/\/www.blogsoestado.com\/danielmatos\/florencio-neto-rebate-criticas-da-oposicao-ao-programa-to-conectado-do-governo-do-estado\/","og_locale":"pt_BR","og_type":"article","og_title":"Flor\u00eancio Neto rebate cr\u00edticas da oposi\u00e7\u00e3o ao programa T\u00f4 Conectado, do Governo do Estado - Daniel Matos","og_description":"Ao repercutir o sucesso do programa T\u00f4 Conectado e o acerto do governador Carlos Brand\u00e3o (PSB), na sess\u00e3o desta ter\u00e7a-feira [&hellip;]","og_url":"https:\/\/www.blogsoestado.com\/danielmatos\/florencio-neto-rebate-criticas-da-oposicao-ao-programa-to-conectado-do-governo-do-estado\/","og_site_name":"Daniel Matos","article_published_time":"2025-08-27T02:00:42+00:00","article_modified_time":"2025-08-27T02:00:45+00:00","og_image":[{"width":2560,"height":1707,"url":"https:\/\/www.blogsoestado.com\/danielmatos\/wp-content\/uploads\/sites\/2\/2025\/08\/1003444445.jpg","type":"image\/jpeg"}],"author":"Daniel Matos","twitter_card":"summary_large_image","twitter_misc":{"Escrito por":"Daniel Matos","Est. tempo de leitura":"3 minutos"},"schema":{"@context":"https:\/\/schema.org","@graph":[{"@type":"WebPage","@id":"https:\/\/www.blogsoestado.com\/danielmatos\/florencio-neto-rebate-criticas-da-oposicao-ao-programa-to-conectado-do-governo-do-estado\/","url":"https:\/\/www.blogsoestado.com\/danielmatos\/florencio-neto-rebate-criticas-da-oposicao-ao-programa-to-conectado-do-governo-do-estado\/","name":"Flor\u00eancio Neto rebate cr\u00edticas da oposi\u00e7\u00e3o ao programa T\u00f4 Conectado, do Governo do Estado - Daniel Matos","isPartOf":{"@id":"https:\/\/www.blogsoestado.com\/danielmatos\/#website"},"primaryImageOfPage":{"@id":"https:\/\/www.blogsoestado.com\/danielmatos\/florencio-neto-rebate-criticas-da-oposicao-ao-programa-to-conectado-do-governo-do-estado\/#primaryimage"},"image":{"@id":"https:\/\/www.blogsoestado.com\/danielmatos\/florencio-neto-rebate-criticas-da-oposicao-ao-programa-to-conectado-do-governo-do-estado\/#primaryimage"},"thumbnailUrl":"https:\/\/www.blogsoestado.com\/danielmatos\/wp-content\/uploads\/sites\/2\/2025\/08\/1003444445-1024x683.jpg","datePublished":"2025-08-27T02:00:42+00:00","dateModified":"2025-08-27T02:00:45+00:00","author":{"@id":"https:\/\/www.blogsoestado.com\/danielmatos\/#\/schema\/person\/9a209d407cd45631f131e1285b661bb0"},"breadcrumb":{"@id":"https:\/\/www.blogsoestado.com\/danielmatos\/florencio-neto-rebate-criticas-da-oposicao-ao-programa-to-conectado-do-governo-do-estado\/#breadcrumb"},"inLanguage":"pt-BR","potentialAction":[{"@type":"ReadAction","target":["https:\/\/www.blogsoestado.com\/danielmatos\/florencio-neto-rebate-criticas-da-oposicao-ao-programa-to-conectado-do-governo-do-estado\/"]}]},{"@type":"ImageObject","inLanguage":"pt-BR","@id":"https:\/\/www.blogsoestado.com\/danielmatos\/florencio-neto-rebate-criticas-da-oposicao-ao-programa-to-conectado-do-governo-do-estado\/#primaryimage","url":"https:\/\/www.blogsoestado.com\/danielmatos\/wp-content\/uploads\/sites\/2\/2025\/08\/1003444445.jpg","contentUrl":"https:\/\/www.blogsoestado.com\/danielmatos\/wp-content\/uploads\/sites\/2\/2025\/08\/1003444445.jpg","width":2560,"height":1707},{"@type":"BreadcrumbList","@id":"https:\/\/www.blogsoestado.com\/danielmatos\/florencio-neto-rebate-criticas-da-oposicao-ao-programa-to-conectado-do-governo-do-estado\/#breadcrumb","itemListElement":[{"@type":"ListItem","position":1,"name":"In\u00edcio","item":"https:\/\/www.blogsoestado.com\/danielmatos\/"},{"@type":"ListItem","position":2,"name":"Flor\u00eancio Neto rebate cr\u00edticas da oposi\u00e7\u00e3o ao programa T\u00f4 Conectado, do Governo do Estado"}]},{"@type":"WebSite","@id":"https:\/\/www.blogsoestado.com\/danielmatos\/#website","url":"https:\/\/www.blogsoestado.com\/danielmatos\/","name":"Daniel Matos","description":"","potentialAction":[{"@type":"SearchAction","target":{"@type":"EntryPoint","urlTemplate":"https:\/\/www.blogsoestado.com\/danielmatos\/?s={search_term_string}"},"query-input":{"@type":"PropertyValueSpecification","valueRequired":true,"valueName":"search_term_string"}}],"inLanguage":"pt-BR"},{"@type":"Person","@id":"https:\/\/www.blogsoestado.com\/danielmatos\/#\/schema\/person\/9a209d407cd45631f131e1285b661bb0","name":"Daniel Matos","image":{"@type":"ImageObject","inLanguage":"pt-BR","@id":"https:\/\/www.blogsoestado.com\/danielmatos\/#\/schema\/person\/image\/","url":"https:\/\/secure.gravatar.com\/avatar\/2f26c36ee355da19a257f0dfef43952a2588b324ca35d6719e859fe338ac0392?s=96&d=mm&r=g","contentUrl":"https:\/\/secure.gravatar.com\/avatar\/2f26c36ee355da19a257f0dfef43952a2588b324ca35d6719e859fe338ac0392?s=96&d=mm&r=g","caption":"Daniel Matos"},"url":"https:\/\/www.blogsoestado.com\/danielmatos\/author\/danielmatos\/"}]}},"jetpack_featured_media_url":"","_links":{"self":[{"href":"https:\/\/www.blogsoestado.com\/danielmatos\/wp-json\/wp\/v2\/posts\/147705","targetHints":{"allow":["GET"]}}],"collection":[{"href":"https:\/\/www.blogsoestado.com\/danielmatos\/wp-json\/wp\/v2\/posts"}],"about":[{"href":"https:\/\/www.blogsoestado.com\/danielmatos\/wp-json\/wp\/v2\/types\/post"}],"author":[{"embeddable":true,"href":"https:\/\/www.blogsoestado.com\/danielmatos\/wp-json\/wp\/v2\/users\/2"}],"replies":[{"embeddable":true,"href":"https:\/\/www.blogsoestado.com\/danielmatos\/wp-json\/wp\/v2\/comments?post=147705"}],"version-history":[{"count":1,"href":"https:\/\/www.blogsoestado.com\/danielmatos\/wp-json\/wp\/v2\/posts\/147705\/revisions"}],"predecessor-version":[{"id":147707,"href":"https:\/\/www.blogsoestado.com\/danielmatos\/wp-json\/wp\/v2\/posts\/147705\/revisions\/147707"}],"wp:attachment":[{"href":"https:\/\/www.blogsoestado.com\/danielmatos\/wp-json\/wp\/v2\/media?parent=147705"}],"wp:term":[{"taxonomy":"category","embeddable":true,"href":"https:\/\/www.blogsoestado.com\/danielmatos\/wp-json\/wp\/v2\/categories?post=147705"},{"taxonomy":"post_tag","embeddable":true,"href":"https:\/\/www.blogsoestado.com\/danielmatos\/wp-json\/wp\/v2\/tags?post=147705"}],"curies":[{"name":"wp","href":"https:\/\/api.w.org\/{rel}","templated":true}]}}